{"id":36473,"date":"2026-01-27T03:28:08","date_gmt":"2026-01-27T02:28:08","guid":{"rendered":"https:\/\/www.ladiagonale.net\/?p=36473"},"modified":"2026-01-27T03:28:09","modified_gmt":"2026-01-27T02:28:09","slug":"des-negociations-pour-noslin","status":"publish","type":"post","link":"https:\/\/www.ladiagonale.net\/index.php\/2026\/01\/27\/des-negociations-pour-noslin\/","title":{"rendered":"Des n\u00e9gociations pour Noslin ?"},"content":{"rendered":"\n<p>La fin du mercato hivernal approche et l\u2019ASM semble s\u2019activer pour trouver un renfort au niveau offensif. Ces derni\u00e8res heures, nombreuses ont \u00e9t\u00e9 les rumeurs concernant un ailier et la derni\u00e8re m\u00e8ne au N\u00e9erlandais Tijjani Noslin, qui \u00e9volue dans le couloir droit de l&rsquo;attaque \u00e0 la Lazio Rome.<\/p>\n\n\n\n<p>Selon <em>Sky Sports Italie<\/em>, les n\u00e9gociations avanceraient bien entre le club de la Principaut\u00e9 et le club laziale pour le joueur de 26 ans, sous contrat dans la Botte jusqu\u2019en 2029. Le m\u00e9dia italien indique que le joueur verrait un transfert \u00e0 l\u2019ASM d\u2019un bon \u0153il.<\/p>\n\n\n\n<p>Noslin a disput\u00e9 16 rencontres toutes comp\u00e9titions confondues cette saison mais seulement trois comme titulaire pour un total de jeu assez faible (431 minutes). Il a aussi inscrit deux buts.<\/p>\n\n\n","protected":false},"excerpt":{"rendered":"<p>La fin du mercato hivernal approche et l\u2019ASM semble s\u2019activer pour trouver un renfort au niveau offensif. Ces derni\u00e8res heures, nombreuses ont \u00e9t\u00e9 les rumeurs concernant un ailier et la derni\u00e8re m\u00e8ne au N\u00e9erlandais Tijjani Noslin, qui \u00e9volue dans le couloir droit de l&rsquo;attaque \u00e0 la Lazio Rome. Selon Sky Sports Italie, les n\u00e9gociations avanceraient [&#8230;]\n","protected":false},"author":2,"featured_media":0,"comment_status":"open","ping_status":"open","sticky":false,"template":"","format":"standard","meta":[],"categories":[6,1086],"tags":[86,111,1185,110],"yoast_head":"<!-- This site is optimized with the Yoast SEO plugin v19.8 - https:\/\/yoast.com\/wordpress\/plugins\/seo\/ -->\n<title>Des n\u00e9gociations pour Noslin ? - La Diagonale<\/title>\n<meta name=\"robots\" content=\"index, follow, max-snippet:-1, max-image-preview:large, max-video-preview:-1\" \/>\n<link rel=\"canonical\" href=\"https:\/\/www.ladiagonale.net\/index.php\/2026\/01\/27\/des-negociations-pour-noslin\/\" \/>\n<meta property=\"og:locale\" content=\"fr_FR\" \/>\n<meta property=\"og:type\" content=\"article\" \/>\n<meta property=\"og:title\" content=\"Des n\u00e9gociations pour Noslin ? - La Diagonale\" \/>\n<meta property=\"og:description\" content=\"La fin du mercato hivernal approche et l\u2019ASM semble s\u2019activer pour trouver un renfort au niveau offensif. Ces derni\u00e8res heures, nombreuses ont \u00e9t\u00e9 les rumeurs concernant un ailier et la derni\u00e8re m\u00e8ne au N\u00e9erlandais Tijjani Noslin, qui \u00e9volue dans le couloir droit de l&rsquo;attaque \u00e0 la Lazio Rome. Selon Sky Sports Italie, les n\u00e9gociations avanceraient [...]\" \/>\n<meta property=\"og:url\" content=\"https:\/\/www.ladiagonale.net\/index.php\/2026\/01\/27\/des-negociations-pour-noslin\/\" \/>\n<meta property=\"og:site_name\" content=\"La Diagonale\" \/>\n<meta property=\"article:published_time\" content=\"2026-01-27T02:28:08+00:00\" \/>\n<meta property=\"article:modified_time\" content=\"2026-01-27T02:28:09+00:00\" \/>\n<meta property=\"og:image\" content=\"https:\/\/www.ladiagonale.net\/wp-content\/uploads\/2026\/01\/Noslin.png\" \/>\n\t<meta property=\"og:image:width\" content=\"1160\" \/>\n\t<meta property=\"og:image:height\" content=\"650\" \/>\n\t<meta property=\"og:image:type\" content=\"image\/png\" \/>\n<meta name=\"author\" content=\"Damien Dellerba\" \/>\n<meta name=\"twitter:card\" content=\"summary_large_image\" \/>\n<meta name=\"twitter:image\" content=\"https:\/\/www.ladiagonale.net\/wp-content\/uploads\/2026\/01\/Noslin.png\" \/>\n<meta name=\"twitter:label1\" content=\"\u00c9crit par\" \/>\n\t<meta name=\"twitter:data1\" content=\"Damien Dellerba\" \/>\n\t<meta name=\"twitter:label2\" content=\"Dur\u00e9e de lecture estim\u00e9e\" \/>\n\t<meta name=\"twitter:data2\" content=\"1 minute\" \/>\n<script type=\"application\/ld+json\" class=\"yoast-schema-graph\">{\"@context\":\"https:\/\/schema.org\",\"@graph\":[{\"@type\":\"WebPage\",\"@id\":\"https:\/\/www.ladiagonale.net\/index.php\/2026\/01\/27\/des-negociations-pour-noslin\/\",\"url\":\"https:\/\/www.ladiagonale.net\/index.php\/2026\/01\/27\/des-negociations-pour-noslin\/\",\"name\":\"Des n\u00e9gociations pour Noslin ? - La Diagonale\",\"isPartOf\":{\"@id\":\"https:\/\/www.ladiagonale.net\/#website\"},\"datePublished\":\"2026-01-27T02:28:08+00:00\",\"dateModified\":\"2026-01-27T02:28:09+00:00\",\"author\":{\"@id\":\"https:\/\/www.ladiagonale.net\/#\/schema\/person\/79ff1e7b0853ed01b2aa26e64ad300bf\"},\"breadcrumb\":{\"@id\":\"https:\/\/www.ladiagonale.net\/index.php\/2026\/01\/27\/des-negociations-pour-noslin\/#breadcrumb\"},\"inLanguage\":\"fr-FR\",\"potentialAction\":[{\"@type\":\"ReadAction\",\"target\":[\"https:\/\/www.ladiagonale.net\/index.php\/2026\/01\/27\/des-negociations-pour-noslin\/\"]}]},{\"@type\":\"BreadcrumbList\",\"@id\":\"https:\/\/www.ladiagonale.net\/index.php\/2026\/01\/27\/des-negociations-pour-noslin\/#breadcrumb\",\"itemListElement\":[{\"@type\":\"ListItem\",\"position\":1,\"name\":\"Accueil\",\"item\":\"https:\/\/www.ladiagonale.net\/\"},{\"@type\":\"ListItem\",\"position\":2,\"name\":\"Des n\u00e9gociations pour Noslin ?\"}]},{\"@type\":\"WebSite\",\"@id\":\"https:\/\/www.ladiagonale.net\/#website\",\"url\":\"https:\/\/www.ladiagonale.net\/\",\"name\":\"La Diagonale\",\"description\":\"Le site des supporters de l&#039;AS Monaco FC\",\"potentialAction\":[{\"@type\":\"SearchAction\",\"target\":{\"@type\":\"EntryPoint\",\"urlTemplate\":\"https:\/\/www.ladiagonale.net\/?s={search_term_string}\"},\"query-input\":\"required name=search_term_string\"}],\"inLanguage\":\"fr-FR\"},{\"@type\":\"Person\",\"@id\":\"https:\/\/www.ladiagonale.net\/#\/schema\/person\/79ff1e7b0853ed01b2aa26e64ad300bf\",\"name\":\"Damien Dellerba\",\"image\":{\"@type\":\"ImageObject\",\"inLanguage\":\"fr-FR\",\"@id\":\"https:\/\/www.ladiagonale.net\/#\/schema\/person\/image\/\",\"url\":\"https:\/\/secure.gravatar.com\/avatar\/c7850e06d3ff63cdbaee88b7fc16e2f0?s=96&d=mm&r=g\",\"contentUrl\":\"https:\/\/secure.gravatar.com\/avatar\/c7850e06d3ff63cdbaee88b7fc16e2f0?s=96&d=mm&r=g\",\"caption\":\"Damien Dellerba\"},\"url\":\"https:\/\/www.ladiagonale.net\/index.php\/author\/damien\/\"}]}<\/script>\n<!-- \/ Yoast SEO plugin. -->","yoast_head_json":{"title":"Des n\u00e9gociations pour Noslin ? - La Diagonale","robots":{"index":"index","follow":"follow","max-snippet":"max-snippet:-1","max-image-preview":"max-image-preview:large","max-video-preview":"max-video-preview:-1"},"canonical":"https:\/\/www.ladiagonale.net\/index.php\/2026\/01\/27\/des-negociations-pour-noslin\/","og_locale":"fr_FR","og_type":"article","og_title":"Des n\u00e9gociations pour Noslin ? - La Diagonale","og_description":"La fin du mercato hivernal approche et l\u2019ASM semble s\u2019activer pour trouver un renfort au niveau offensif. Ces derni\u00e8res heures, nombreuses ont \u00e9t\u00e9 les rumeurs concernant un ailier et la derni\u00e8re m\u00e8ne au N\u00e9erlandais Tijjani Noslin, qui \u00e9volue dans le couloir droit de l&rsquo;attaque \u00e0 la Lazio Rome. Selon Sky Sports Italie, les n\u00e9gociations avanceraient [...]","og_url":"https:\/\/www.ladiagonale.net\/index.php\/2026\/01\/27\/des-negociations-pour-noslin\/","og_site_name":"La Diagonale","article_published_time":"2026-01-27T02:28:08+00:00","article_modified_time":"2026-01-27T02:28:09+00:00","og_image":[{"width":1160,"height":650,"url":"https:\/\/www.ladiagonale.net\/wp-content\/uploads\/2026\/01\/Noslin.png","type":"image\/png"}],"author":"Damien Dellerba","twitter_card":"summary_large_image","twitter_image":"https:\/\/www.ladiagonale.net\/wp-content\/uploads\/2026\/01\/Noslin.png","twitter_misc":{"\u00c9crit par":"Damien Dellerba","Dur\u00e9e de lecture estim\u00e9e":"1 minute"},"schema":{"@context":"https:\/\/schema.org","@graph":[{"@type":"WebPage","@id":"https:\/\/www.ladiagonale.net\/index.php\/2026\/01\/27\/des-negociations-pour-noslin\/","url":"https:\/\/www.ladiagonale.net\/index.php\/2026\/01\/27\/des-negociations-pour-noslin\/","name":"Des n\u00e9gociations pour Noslin ? - La Diagonale","isPartOf":{"@id":"https:\/\/www.ladiagonale.net\/#website"},"datePublished":"2026-01-27T02:28:08+00:00","dateModified":"2026-01-27T02:28:09+00:00","author":{"@id":"https:\/\/www.ladiagonale.net\/#\/schema\/person\/79ff1e7b0853ed01b2aa26e64ad300bf"},"breadcrumb":{"@id":"https:\/\/www.ladiagonale.net\/index.php\/2026\/01\/27\/des-negociations-pour-noslin\/#breadcrumb"},"inLanguage":"fr-FR","potentialAction":[{"@type":"ReadAction","target":["https:\/\/www.ladiagonale.net\/index.php\/2026\/01\/27\/des-negociations-pour-noslin\/"]}]},{"@type":"BreadcrumbList","@id":"https:\/\/www.ladiagonale.net\/index.php\/2026\/01\/27\/des-negociations-pour-noslin\/#breadcrumb","itemListElement":[{"@type":"ListItem","position":1,"name":"Accueil","item":"https:\/\/www.ladiagonale.net\/"},{"@type":"ListItem","position":2,"name":"Des n\u00e9gociations pour Noslin ?"}]},{"@type":"WebSite","@id":"https:\/\/www.ladiagonale.net\/#website","url":"https:\/\/www.ladiagonale.net\/","name":"La Diagonale","description":"Le site des supporters de l&#039;AS Monaco FC","potentialAction":[{"@type":"SearchAction","target":{"@type":"EntryPoint","urlTemplate":"https:\/\/www.ladiagonale.net\/?s={search_term_string}"},"query-input":"required name=search_term_string"}],"inLanguage":"fr-FR"},{"@type":"Person","@id":"https:\/\/www.ladiagonale.net\/#\/schema\/person\/79ff1e7b0853ed01b2aa26e64ad300bf","name":"Damien Dellerba","image":{"@type":"ImageObject","inLanguage":"fr-FR","@id":"https:\/\/www.ladiagonale.net\/#\/schema\/person\/image\/","url":"https:\/\/secure.gravatar.com\/avatar\/c7850e06d3ff63cdbaee88b7fc16e2f0?s=96&d=mm&r=g","contentUrl":"https:\/\/secure.gravatar.com\/avatar\/c7850e06d3ff63cdbaee88b7fc16e2f0?s=96&d=mm&r=g","caption":"Damien Dellerba"},"url":"https:\/\/www.ladiagonale.net\/index.php\/author\/damien\/"}]}},"_links":{"self":[{"href":"https:\/\/www.ladiagonale.net\/index.php\/wp-json\/wp\/v2\/posts\/36473"}],"collection":[{"href":"https:\/\/www.ladiagonale.net\/index.php\/wp-json\/wp\/v2\/posts"}],"about":[{"href":"https:\/\/www.ladiagonale.net\/index.php\/wp-json\/wp\/v2\/types\/post"}],"author":[{"embeddable":true,"href":"https:\/\/www.ladiagonale.net\/index.php\/wp-json\/wp\/v2\/users\/2"}],"replies":[{"embeddable":true,"href":"https:\/\/www.ladiagonale.net\/index.php\/wp-json\/wp\/v2\/comments?post=36473"}],"version-history":[{"count":1,"href":"https:\/\/www.ladiagonale.net\/index.php\/wp-json\/wp\/v2\/posts\/36473\/revisions"}],"predecessor-version":[{"id":36475,"href":"https:\/\/www.ladiagonale.net\/index.php\/wp-json\/wp\/v2\/posts\/36473\/revisions\/36475"}],"wp:attachment":[{"href":"https:\/\/www.ladiagonale.net\/index.php\/wp-json\/wp\/v2\/media?parent=36473"}],"wp:term":[{"taxonomy":"category","embeddable":true,"href":"https:\/\/www.ladiagonale.net\/index.php\/wp-json\/wp\/v2\/categories?post=36473"},{"taxonomy":"post_tag","embeddable":true,"href":"https:\/\/www.ladiagonale.net\/index.php\/wp-json\/wp\/v2\/tags?post=36473"}],"curies":[{"name":"wp","href":"https:\/\/api.w.org\/{rel}","templated":true}]}}