{"id":36479,"date":"2026-01-27T17:57:15","date_gmt":"2026-01-27T16:57:15","guid":{"rendered":"https:\/\/www.ladiagonale.net\/?p=36479"},"modified":"2026-01-27T17:57:15","modified_gmt":"2026-01-27T16:57:15","slug":"kohn-se-dire-quun-point-suffit-nest-pas-le-bon-etat-desprit","status":"publish","type":"post","link":"https:\/\/www.ladiagonale.net\/index.php\/2026\/01\/27\/kohn-se-dire-quun-point-suffit-nest-pas-le-bon-etat-desprit\/","title":{"rendered":"K\u00f6hn : \u00ab&nbsp;Se dire qu\u2019un point suffit n\u2019est pas le bon \u00e9tat d\u2019esprit&nbsp;\u00bb"},"content":{"rendered":"\n<p>L\u2019AS Monaco va jouer sa qualification en barrages de la Ligue des champions ce mercredi contre la Juventus. Une rencontre difficile pour les Mon\u00e9gasques pour qui la victoire n\u2019appara\u00eet pas comme imp\u00e9rative. Mais ce n\u2019est pas dans cet \u00e9tat d\u2019esprit que Philippe K\u00f6hn et ses partenaires vont l\u2019aborder : \u00ab&nbsp;<em>Mon objectif est de remporter chaque match. C\u2019est vrai qu\u2019on peut se dire qu\u2019un point sera suffisant pour passer mais je ne pense pas que ce soit le bon \u00e9tat d\u2019esprit \u00e0 avoir, surtout dans les grands matches, o\u00f9 ce genre d\u2019attitude fonctionne rarement. Nous allons donc d\u00e9buter la rencontre avec l\u2019envie de gagner pour nous qualifier et terminer le plus haut possible dans le classement. On verra \u00e0 la fin o\u00f9 l\u2019on termine.<\/em>&nbsp;\u00bb<\/p>\n\n\n\n<p>Le portier suisse, peu sollicit\u00e9 durant la conf\u00e9rence de presse r\u00e9alise son deuxi\u00e8me int\u00e9rim de la saison. S\u2019il fait face \u00e0 la mauvaise p\u00e9riode, la doublure de Hradecky comprend la n\u00e9cessit\u00e9 de s\u2019imposer davantage : \u00ab&nbsp;<em>Je suis d\u2019accord qu\u2019il est important de sortir de sa zone de confort, surtout dans les p\u00e9riodes difficiles. C\u2019est en tout cas sur quoi je travaille \u00e0 l\u2019entra\u00eenement. En tant que gardien, j\u2019ai la vision sur tout ce qui se passe devant moi, c\u2019est plus facile pour parler. Il faut en tout cas garder la coh\u00e9sion de l&rsquo;\u00e9quipe m\u00eame quand ce n\u2019est pas facile, et c&rsquo;est d\u2019autant plus important dans ce genre de matches. Ce n&rsquo;est donc pas seulement mon r\u00f4le, c&rsquo;est le travail de toute l&rsquo;\u00e9quipe \u00e0 ce sujet. Nous devons mieux communiquer sur le terrain.<\/em>&nbsp;\u00bb<\/p>\n\n\n","protected":false},"excerpt":{"rendered":"<p>L\u2019AS Monaco va jouer sa qualification en barrages de la Ligue des champions ce mercredi contre la Juventus. Une rencontre difficile pour les Mon\u00e9gasques pour qui la victoire n\u2019appara\u00eet pas comme imp\u00e9rative. Mais ce n\u2019est pas dans cet \u00e9tat d\u2019esprit que Philippe K\u00f6hn et ses partenaires vont l\u2019aborder : \u00ab&nbsp;Mon objectif est de remporter chaque [&#8230;]\n","protected":false},"author":2,"featured_media":0,"comment_status":"open","ping_status":"open","sticky":false,"template":"","format":"standard","meta":[],"categories":[6,1001],"tags":[86,287,1186,615],"yoast_head":"<!-- This site is optimized with the Yoast SEO plugin v19.8 - https:\/\/yoast.com\/wordpress\/plugins\/seo\/ -->\n<title>K\u00f6hn : \u00ab&nbsp;Se dire qu\u2019un point suffit n\u2019est pas le bon \u00e9tat d\u2019esprit&nbsp;\u00bb - La Diagonale<\/title>\n<meta name=\"robots\" content=\"index, follow, max-snippet:-1, max-image-preview:large, max-video-preview:-1\" \/>\n<link rel=\"canonical\" href=\"https:\/\/www.ladiagonale.net\/index.php\/2026\/01\/27\/kohn-se-dire-quun-point-suffit-nest-pas-le-bon-etat-desprit\/\" \/>\n<meta property=\"og:locale\" content=\"fr_FR\" \/>\n<meta property=\"og:type\" content=\"article\" \/>\n<meta property=\"og:title\" content=\"K\u00f6hn : \u00ab&nbsp;Se dire qu\u2019un point suffit n\u2019est pas le bon \u00e9tat d\u2019esprit&nbsp;\u00bb - La Diagonale\" \/>\n<meta property=\"og:description\" content=\"L\u2019AS Monaco va jouer sa qualification en barrages de la Ligue des champions ce mercredi contre la Juventus. Une rencontre difficile pour les Mon\u00e9gasques pour qui la victoire n\u2019appara\u00eet pas comme imp\u00e9rative. Mais ce n\u2019est pas dans cet \u00e9tat d\u2019esprit que Philippe K\u00f6hn et ses partenaires vont l\u2019aborder : \u00ab&nbsp;Mon objectif est de remporter chaque [...]\" \/>\n<meta property=\"og:url\" content=\"https:\/\/www.ladiagonale.net\/index.php\/2026\/01\/27\/kohn-se-dire-quun-point-suffit-nest-pas-le-bon-etat-desprit\/\" \/>\n<meta property=\"og:site_name\" content=\"La Diagonale\" \/>\n<meta property=\"article:published_time\" content=\"2026-01-27T16:57:15+00:00\" \/>\n<meta property=\"og:image\" content=\"https:\/\/www.ladiagonale.net\/wp-content\/uploads\/2025\/09\/kohn-strasbourg.png\" \/>\n\t<meta property=\"og:image:width\" content=\"1160\" \/>\n\t<meta property=\"og:image:height\" content=\"650\" \/>\n\t<meta property=\"og:image:type\" content=\"image\/png\" \/>\n<meta name=\"author\" content=\"Damien Dellerba\" \/>\n<meta name=\"twitter:card\" content=\"summary_large_image\" \/>\n<meta name=\"twitter:image\" content=\"https:\/\/www.ladiagonale.net\/wp-content\/uploads\/2025\/09\/kohn-strasbourg.png\" \/>\n<meta name=\"twitter:label1\" content=\"\u00c9crit par\" \/>\n\t<meta name=\"twitter:data1\" content=\"Damien Dellerba\" \/>\n\t<meta name=\"twitter:label2\" content=\"Dur\u00e9e de lecture estim\u00e9e\" \/>\n\t<meta name=\"twitter:data2\" content=\"2 minutes\" \/>\n<script type=\"application\/ld+json\" class=\"yoast-schema-graph\">{\"@context\":\"https:\/\/schema.org\",\"@graph\":[{\"@type\":\"WebPage\",\"@id\":\"https:\/\/www.ladiagonale.net\/index.php\/2026\/01\/27\/kohn-se-dire-quun-point-suffit-nest-pas-le-bon-etat-desprit\/\",\"url\":\"https:\/\/www.ladiagonale.net\/index.php\/2026\/01\/27\/kohn-se-dire-quun-point-suffit-nest-pas-le-bon-etat-desprit\/\",\"name\":\"K\u00f6hn : \u00ab&nbsp;Se dire qu\u2019un point suffit n\u2019est pas le bon \u00e9tat d\u2019esprit&nbsp;\u00bb - La Diagonale\",\"isPartOf\":{\"@id\":\"https:\/\/www.ladiagonale.net\/#website\"},\"datePublished\":\"2026-01-27T16:57:15+00:00\",\"dateModified\":\"2026-01-27T16:57:15+00:00\",\"author\":{\"@id\":\"https:\/\/www.ladiagonale.net\/#\/schema\/person\/79ff1e7b0853ed01b2aa26e64ad300bf\"},\"breadcrumb\":{\"@id\":\"https:\/\/www.ladiagonale.net\/index.php\/2026\/01\/27\/kohn-se-dire-quun-point-suffit-nest-pas-le-bon-etat-desprit\/#breadcrumb\"},\"inLanguage\":\"fr-FR\",\"potentialAction\":[{\"@type\":\"ReadAction\",\"target\":[\"https:\/\/www.ladiagonale.net\/index.php\/2026\/01\/27\/kohn-se-dire-quun-point-suffit-nest-pas-le-bon-etat-desprit\/\"]}]},{\"@type\":\"BreadcrumbList\",\"@id\":\"https:\/\/www.ladiagonale.net\/index.php\/2026\/01\/27\/kohn-se-dire-quun-point-suffit-nest-pas-le-bon-etat-desprit\/#breadcrumb\",\"itemListElement\":[{\"@type\":\"ListItem\",\"position\":1,\"name\":\"Accueil\",\"item\":\"https:\/\/www.ladiagonale.net\/\"},{\"@type\":\"ListItem\",\"position\":2,\"name\":\"K\u00f6hn : \u00ab&nbsp;Se dire qu\u2019un point suffit n\u2019est pas le bon \u00e9tat d\u2019esprit&nbsp;\u00bb\"}]},{\"@type\":\"WebSite\",\"@id\":\"https:\/\/www.ladiagonale.net\/#website\",\"url\":\"https:\/\/www.ladiagonale.net\/\",\"name\":\"La Diagonale\",\"description\":\"Le site des supporters de l&#039;AS Monaco FC\",\"potentialAction\":[{\"@type\":\"SearchAction\",\"target\":{\"@type\":\"EntryPoint\",\"urlTemplate\":\"https:\/\/www.ladiagonale.net\/?s={search_term_string}\"},\"query-input\":\"required name=search_term_string\"}],\"inLanguage\":\"fr-FR\"},{\"@type\":\"Person\",\"@id\":\"https:\/\/www.ladiagonale.net\/#\/schema\/person\/79ff1e7b0853ed01b2aa26e64ad300bf\",\"name\":\"Damien Dellerba\",\"image\":{\"@type\":\"ImageObject\",\"inLanguage\":\"fr-FR\",\"@id\":\"https:\/\/www.ladiagonale.net\/#\/schema\/person\/image\/\",\"url\":\"https:\/\/secure.gravatar.com\/avatar\/c7850e06d3ff63cdbaee88b7fc16e2f0?s=96&d=mm&r=g\",\"contentUrl\":\"https:\/\/secure.gravatar.com\/avatar\/c7850e06d3ff63cdbaee88b7fc16e2f0?s=96&d=mm&r=g\",\"caption\":\"Damien Dellerba\"},\"url\":\"https:\/\/www.ladiagonale.net\/index.php\/author\/damien\/\"}]}<\/script>\n<!-- \/ Yoast SEO plugin. -->","yoast_head_json":{"title":"K\u00f6hn : \u00ab&nbsp;Se dire qu\u2019un point suffit n\u2019est pas le bon \u00e9tat d\u2019esprit&nbsp;\u00bb - La Diagonale","robots":{"index":"index","follow":"follow","max-snippet":"max-snippet:-1","max-image-preview":"max-image-preview:large","max-video-preview":"max-video-preview:-1"},"canonical":"https:\/\/www.ladiagonale.net\/index.php\/2026\/01\/27\/kohn-se-dire-quun-point-suffit-nest-pas-le-bon-etat-desprit\/","og_locale":"fr_FR","og_type":"article","og_title":"K\u00f6hn : \u00ab&nbsp;Se dire qu\u2019un point suffit n\u2019est pas le bon \u00e9tat d\u2019esprit&nbsp;\u00bb - La Diagonale","og_description":"L\u2019AS Monaco va jouer sa qualification en barrages de la Ligue des champions ce mercredi contre la Juventus. Une rencontre difficile pour les Mon\u00e9gasques pour qui la victoire n\u2019appara\u00eet pas comme imp\u00e9rative. Mais ce n\u2019est pas dans cet \u00e9tat d\u2019esprit que Philippe K\u00f6hn et ses partenaires vont l\u2019aborder : \u00ab&nbsp;Mon objectif est de remporter chaque [...]","og_url":"https:\/\/www.ladiagonale.net\/index.php\/2026\/01\/27\/kohn-se-dire-quun-point-suffit-nest-pas-le-bon-etat-desprit\/","og_site_name":"La Diagonale","article_published_time":"2026-01-27T16:57:15+00:00","og_image":[{"width":1160,"height":650,"url":"https:\/\/www.ladiagonale.net\/wp-content\/uploads\/2025\/09\/kohn-strasbourg.png","type":"image\/png"}],"author":"Damien Dellerba","twitter_card":"summary_large_image","twitter_image":"https:\/\/www.ladiagonale.net\/wp-content\/uploads\/2025\/09\/kohn-strasbourg.png","twitter_misc":{"\u00c9crit par":"Damien Dellerba","Dur\u00e9e de lecture estim\u00e9e":"2 minutes"},"schema":{"@context":"https:\/\/schema.org","@graph":[{"@type":"WebPage","@id":"https:\/\/www.ladiagonale.net\/index.php\/2026\/01\/27\/kohn-se-dire-quun-point-suffit-nest-pas-le-bon-etat-desprit\/","url":"https:\/\/www.ladiagonale.net\/index.php\/2026\/01\/27\/kohn-se-dire-quun-point-suffit-nest-pas-le-bon-etat-desprit\/","name":"K\u00f6hn : \u00ab&nbsp;Se dire qu\u2019un point suffit n\u2019est pas le bon \u00e9tat d\u2019esprit&nbsp;\u00bb - La Diagonale","isPartOf":{"@id":"https:\/\/www.ladiagonale.net\/#website"},"datePublished":"2026-01-27T16:57:15+00:00","dateModified":"2026-01-27T16:57:15+00:00","author":{"@id":"https:\/\/www.ladiagonale.net\/#\/schema\/person\/79ff1e7b0853ed01b2aa26e64ad300bf"},"breadcrumb":{"@id":"https:\/\/www.ladiagonale.net\/index.php\/2026\/01\/27\/kohn-se-dire-quun-point-suffit-nest-pas-le-bon-etat-desprit\/#breadcrumb"},"inLanguage":"fr-FR","potentialAction":[{"@type":"ReadAction","target":["https:\/\/www.ladiagonale.net\/index.php\/2026\/01\/27\/kohn-se-dire-quun-point-suffit-nest-pas-le-bon-etat-desprit\/"]}]},{"@type":"BreadcrumbList","@id":"https:\/\/www.ladiagonale.net\/index.php\/2026\/01\/27\/kohn-se-dire-quun-point-suffit-nest-pas-le-bon-etat-desprit\/#breadcrumb","itemListElement":[{"@type":"ListItem","position":1,"name":"Accueil","item":"https:\/\/www.ladiagonale.net\/"},{"@type":"ListItem","position":2,"name":"K\u00f6hn : \u00ab&nbsp;Se dire qu\u2019un point suffit n\u2019est pas le bon \u00e9tat d\u2019esprit&nbsp;\u00bb"}]},{"@type":"WebSite","@id":"https:\/\/www.ladiagonale.net\/#website","url":"https:\/\/www.ladiagonale.net\/","name":"La Diagonale","description":"Le site des supporters de l&#039;AS Monaco FC","potentialAction":[{"@type":"SearchAction","target":{"@type":"EntryPoint","urlTemplate":"https:\/\/www.ladiagonale.net\/?s={search_term_string}"},"query-input":"required name=search_term_string"}],"inLanguage":"fr-FR"},{"@type":"Person","@id":"https:\/\/www.ladiagonale.net\/#\/schema\/person\/79ff1e7b0853ed01b2aa26e64ad300bf","name":"Damien Dellerba","image":{"@type":"ImageObject","inLanguage":"fr-FR","@id":"https:\/\/www.ladiagonale.net\/#\/schema\/person\/image\/","url":"https:\/\/secure.gravatar.com\/avatar\/c7850e06d3ff63cdbaee88b7fc16e2f0?s=96&d=mm&r=g","contentUrl":"https:\/\/secure.gravatar.com\/avatar\/c7850e06d3ff63cdbaee88b7fc16e2f0?s=96&d=mm&r=g","caption":"Damien Dellerba"},"url":"https:\/\/www.ladiagonale.net\/index.php\/author\/damien\/"}]}},"_links":{"self":[{"href":"https:\/\/www.ladiagonale.net\/index.php\/wp-json\/wp\/v2\/posts\/36479"}],"collection":[{"href":"https:\/\/www.ladiagonale.net\/index.php\/wp-json\/wp\/v2\/posts"}],"about":[{"href":"https:\/\/www.ladiagonale.net\/index.php\/wp-json\/wp\/v2\/types\/post"}],"author":[{"embeddable":true,"href":"https:\/\/www.ladiagonale.net\/index.php\/wp-json\/wp\/v2\/users\/2"}],"replies":[{"embeddable":true,"href":"https:\/\/www.ladiagonale.net\/index.php\/wp-json\/wp\/v2\/comments?post=36479"}],"version-history":[{"count":2,"href":"https:\/\/www.ladiagonale.net\/index.php\/wp-json\/wp\/v2\/posts\/36479\/revisions"}],"predecessor-version":[{"id":36481,"href":"https:\/\/www.ladiagonale.net\/index.php\/wp-json\/wp\/v2\/posts\/36479\/revisions\/36481"}],"wp:attachment":[{"href":"https:\/\/www.ladiagonale.net\/index.php\/wp-json\/wp\/v2\/media?parent=36479"}],"wp:term":[{"taxonomy":"category","embeddable":true,"href":"https:\/\/www.ladiagonale.net\/index.php\/wp-json\/wp\/v2\/categories?post=36479"},{"taxonomy":"post_tag","embeddable":true,"href":"https:\/\/www.ladiagonale.net\/index.php\/wp-json\/wp\/v2\/tags?post=36479"}],"curies":[{"name":"wp","href":"https:\/\/api.w.org\/{rel}","templated":true}]}}