{"id":36482,"date":"2026-01-27T23:34:14","date_gmt":"2026-01-27T22:34:14","guid":{"rendered":"https:\/\/www.ladiagonale.net\/?p=36482"},"modified":"2026-01-28T02:46:29","modified_gmt":"2026-01-28T01:46:29","slug":"le-groupe-turinois","status":"publish","type":"post","link":"https:\/\/www.ladiagonale.net\/index.php\/2026\/01\/27\/le-groupe-turinois\/","title":{"rendered":"Le groupe turinois : Thuram de retour \u00e0 Monaco"},"content":{"rendered":"\n<p>22 joueurs de la Juventus ont embarqu\u00e9 pour Monaco ce mardi. Les Mon\u00e9gasques vont retrouver quelques vieilles connaissances \u00e0 commencer par Kh\u00e9phren Thuram, form\u00e9 \u00e0 l\u2019ASM. Deux anciens Lillois sont aussi pr\u00e9sents&nbsp;: Jonathan David et Edon Zhegrova. Il y aura aussi l&rsquo;ex-Lensois Lo\u00efs Openda, qui a \u00e9t\u00e9 annonc\u00e9 comme titulaire par son entra\u00eeneur Luciano Spalletti.<\/p>\n\n\n\n<p>Mais les Turinois ne pourront toutefois pas compter sur leur attaquant vedette, Dusan Vlahovic, bless\u00e9 depuis le mois de d\u00e9cembre aux adducteurs.<\/p>\n\n\n<div class=\"wp-block-image\">\n<figure class=\"aligncenter size-large is-resized\"><img loading=\"lazy\" src=\"https:\/\/www.ladiagonale.net\/wp-content\/uploads\/2026\/01\/G_rO0AlWIAEv5IO-_1_-1024x1024.png\" alt=\"\" class=\"wp-image-36483\" width=\"512\" height=\"512\" srcset=\"https:\/\/www.ladiagonale.net\/wp-content\/uploads\/2026\/01\/G_rO0AlWIAEv5IO-_1_-1024x1024.png 1024w, https:\/\/www.ladiagonale.net\/wp-content\/uploads\/2026\/01\/G_rO0AlWIAEv5IO-_1_-300x300.png 300w, https:\/\/www.ladiagonale.net\/wp-content\/uploads\/2026\/01\/G_rO0AlWIAEv5IO-_1_-150x150.png 150w, https:\/\/www.ladiagonale.net\/wp-content\/uploads\/2026\/01\/G_rO0AlWIAEv5IO-_1_-768x768.png 768w, https:\/\/www.ladiagonale.net\/wp-content\/uploads\/2026\/01\/G_rO0AlWIAEv5IO-_1_-128x128.png 128w, https:\/\/www.ladiagonale.net\/wp-content\/uploads\/2026\/01\/G_rO0AlWIAEv5IO-_1_-32x32.png 32w, https:\/\/www.ladiagonale.net\/wp-content\/uploads\/2026\/01\/G_rO0AlWIAEv5IO-_1_.png 1080w\" sizes=\"(max-width: 512px) 100vw, 512px\" \/><figcaption>Cr\u00e9dit : Juventus<\/figcaption><\/figure><\/div>\n\n\n<p><em>Absents<\/em> <em>: <\/em>Rugani, Vlahovic, Milik (bless\u00e9s)<\/p>\n\n\n","protected":false},"excerpt":{"rendered":"<p>22 joueurs de la Juventus ont embarqu\u00e9 pour Monaco ce mardi. Les Mon\u00e9gasques vont retrouver quelques vieilles connaissances \u00e0 commencer par Kh\u00e9phren Thuram, form\u00e9 \u00e0 l\u2019ASM. Deux anciens Lillois sont aussi pr\u00e9sents&nbsp;: Jonathan David et Edon Zhegrova. Il y aura aussi l&rsquo;ex-Lensois Lo\u00efs Openda, qui a \u00e9t\u00e9 annonc\u00e9 comme titulaire par son entra\u00eeneur Luciano Spalletti. [&#8230;]\n","protected":false},"author":2,"featured_media":0,"comment_status":"open","ping_status":"open","sticky":false,"template":"","format":"standard","meta":[],"categories":[6,1001],"tags":[86,225,287,1186],"yoast_head":"<!-- This site is optimized with the Yoast SEO plugin v19.8 - https:\/\/yoast.com\/wordpress\/plugins\/seo\/ -->\n<title>Le groupe turinois : Thuram de retour \u00e0 Monaco - La Diagonale<\/title>\n<meta name=\"robots\" content=\"index, follow, max-snippet:-1, max-image-preview:large, max-video-preview:-1\" \/>\n<link rel=\"canonical\" href=\"https:\/\/www.ladiagonale.net\/index.php\/2026\/01\/27\/le-groupe-turinois\/\" \/>\n<meta property=\"og:locale\" content=\"fr_FR\" \/>\n<meta property=\"og:type\" content=\"article\" \/>\n<meta property=\"og:title\" content=\"Le groupe turinois : Thuram de retour \u00e0 Monaco - La Diagonale\" \/>\n<meta property=\"og:description\" content=\"22 joueurs de la Juventus ont embarqu\u00e9 pour Monaco ce mardi. Les Mon\u00e9gasques vont retrouver quelques vieilles connaissances \u00e0 commencer par Kh\u00e9phren Thuram, form\u00e9 \u00e0 l\u2019ASM. Deux anciens Lillois sont aussi pr\u00e9sents&nbsp;: Jonathan David et Edon Zhegrova. Il y aura aussi l&rsquo;ex-Lensois Lo\u00efs Openda, qui a \u00e9t\u00e9 annonc\u00e9 comme titulaire par son entra\u00eeneur Luciano Spalletti. [...]\" \/>\n<meta property=\"og:url\" content=\"https:\/\/www.ladiagonale.net\/index.php\/2026\/01\/27\/le-groupe-turinois\/\" \/>\n<meta property=\"og:site_name\" content=\"La Diagonale\" \/>\n<meta property=\"article:published_time\" content=\"2026-01-27T22:34:14+00:00\" \/>\n<meta property=\"article:modified_time\" content=\"2026-01-28T01:46:29+00:00\" \/>\n<meta property=\"og:image\" content=\"https:\/\/www.ladiagonale.net\/wp-content\/uploads\/2026\/01\/licensed-image-1024x683.png\" \/>\n\t<meta property=\"og:image:width\" content=\"1024\" \/>\n\t<meta property=\"og:image:height\" content=\"683\" \/>\n\t<meta property=\"og:image:type\" content=\"image\/png\" \/>\n<meta name=\"author\" content=\"Damien Dellerba\" \/>\n<meta name=\"twitter:card\" content=\"summary_large_image\" \/>\n<meta name=\"twitter:image\" content=\"https:\/\/www.ladiagonale.net\/wp-content\/uploads\/2026\/01\/licensed-image.png\" \/>\n<meta name=\"twitter:label1\" content=\"\u00c9crit par\" \/>\n\t<meta name=\"twitter:data1\" content=\"Damien Dellerba\" \/>\n\t<meta name=\"twitter:label2\" content=\"Dur\u00e9e de lecture estim\u00e9e\" \/>\n\t<meta name=\"twitter:data2\" content=\"1 minute\" \/>\n<script type=\"application\/ld+json\" class=\"yoast-schema-graph\">{\"@context\":\"https:\/\/schema.org\",\"@graph\":[{\"@type\":\"WebPage\",\"@id\":\"https:\/\/www.ladiagonale.net\/index.php\/2026\/01\/27\/le-groupe-turinois\/\",\"url\":\"https:\/\/www.ladiagonale.net\/index.php\/2026\/01\/27\/le-groupe-turinois\/\",\"name\":\"Le groupe turinois : Thuram de retour \u00e0 Monaco - La Diagonale\",\"isPartOf\":{\"@id\":\"https:\/\/www.ladiagonale.net\/#website\"},\"datePublished\":\"2026-01-27T22:34:14+00:00\",\"dateModified\":\"2026-01-28T01:46:29+00:00\",\"author\":{\"@id\":\"https:\/\/www.ladiagonale.net\/#\/schema\/person\/79ff1e7b0853ed01b2aa26e64ad300bf\"},\"breadcrumb\":{\"@id\":\"https:\/\/www.ladiagonale.net\/index.php\/2026\/01\/27\/le-groupe-turinois\/#breadcrumb\"},\"inLanguage\":\"fr-FR\",\"potentialAction\":[{\"@type\":\"ReadAction\",\"target\":[\"https:\/\/www.ladiagonale.net\/index.php\/2026\/01\/27\/le-groupe-turinois\/\"]}]},{\"@type\":\"BreadcrumbList\",\"@id\":\"https:\/\/www.ladiagonale.net\/index.php\/2026\/01\/27\/le-groupe-turinois\/#breadcrumb\",\"itemListElement\":[{\"@type\":\"ListItem\",\"position\":1,\"name\":\"Accueil\",\"item\":\"https:\/\/www.ladiagonale.net\/\"},{\"@type\":\"ListItem\",\"position\":2,\"name\":\"Le groupe turinois : Thuram de retour \u00e0 Monaco\"}]},{\"@type\":\"WebSite\",\"@id\":\"https:\/\/www.ladiagonale.net\/#website\",\"url\":\"https:\/\/www.ladiagonale.net\/\",\"name\":\"La Diagonale\",\"description\":\"Le site des supporters de l&#039;AS Monaco FC\",\"potentialAction\":[{\"@type\":\"SearchAction\",\"target\":{\"@type\":\"EntryPoint\",\"urlTemplate\":\"https:\/\/www.ladiagonale.net\/?s={search_term_string}\"},\"query-input\":\"required name=search_term_string\"}],\"inLanguage\":\"fr-FR\"},{\"@type\":\"Person\",\"@id\":\"https:\/\/www.ladiagonale.net\/#\/schema\/person\/79ff1e7b0853ed01b2aa26e64ad300bf\",\"name\":\"Damien Dellerba\",\"image\":{\"@type\":\"ImageObject\",\"inLanguage\":\"fr-FR\",\"@id\":\"https:\/\/www.ladiagonale.net\/#\/schema\/person\/image\/\",\"url\":\"https:\/\/secure.gravatar.com\/avatar\/c7850e06d3ff63cdbaee88b7fc16e2f0?s=96&d=mm&r=g\",\"contentUrl\":\"https:\/\/secure.gravatar.com\/avatar\/c7850e06d3ff63cdbaee88b7fc16e2f0?s=96&d=mm&r=g\",\"caption\":\"Damien Dellerba\"},\"url\":\"https:\/\/www.ladiagonale.net\/index.php\/author\/damien\/\"}]}<\/script>\n<!-- \/ Yoast SEO plugin. -->","yoast_head_json":{"title":"Le groupe turinois : Thuram de retour \u00e0 Monaco - La Diagonale","robots":{"index":"index","follow":"follow","max-snippet":"max-snippet:-1","max-image-preview":"max-image-preview:large","max-video-preview":"max-video-preview:-1"},"canonical":"https:\/\/www.ladiagonale.net\/index.php\/2026\/01\/27\/le-groupe-turinois\/","og_locale":"fr_FR","og_type":"article","og_title":"Le groupe turinois : Thuram de retour \u00e0 Monaco - La Diagonale","og_description":"22 joueurs de la Juventus ont embarqu\u00e9 pour Monaco ce mardi. Les Mon\u00e9gasques vont retrouver quelques vieilles connaissances \u00e0 commencer par Kh\u00e9phren Thuram, form\u00e9 \u00e0 l\u2019ASM. Deux anciens Lillois sont aussi pr\u00e9sents&nbsp;: Jonathan David et Edon Zhegrova. Il y aura aussi l&rsquo;ex-Lensois Lo\u00efs Openda, qui a \u00e9t\u00e9 annonc\u00e9 comme titulaire par son entra\u00eeneur Luciano Spalletti. [...]","og_url":"https:\/\/www.ladiagonale.net\/index.php\/2026\/01\/27\/le-groupe-turinois\/","og_site_name":"La Diagonale","article_published_time":"2026-01-27T22:34:14+00:00","article_modified_time":"2026-01-28T01:46:29+00:00","og_image":[{"width":1024,"height":683,"url":"https:\/\/www.ladiagonale.net\/wp-content\/uploads\/2026\/01\/licensed-image-1024x683.png","type":"image\/png"}],"author":"Damien Dellerba","twitter_card":"summary_large_image","twitter_image":"https:\/\/www.ladiagonale.net\/wp-content\/uploads\/2026\/01\/licensed-image.png","twitter_misc":{"\u00c9crit par":"Damien Dellerba","Dur\u00e9e de lecture estim\u00e9e":"1 minute"},"schema":{"@context":"https:\/\/schema.org","@graph":[{"@type":"WebPage","@id":"https:\/\/www.ladiagonale.net\/index.php\/2026\/01\/27\/le-groupe-turinois\/","url":"https:\/\/www.ladiagonale.net\/index.php\/2026\/01\/27\/le-groupe-turinois\/","name":"Le groupe turinois : Thuram de retour \u00e0 Monaco - La Diagonale","isPartOf":{"@id":"https:\/\/www.ladiagonale.net\/#website"},"datePublished":"2026-01-27T22:34:14+00:00","dateModified":"2026-01-28T01:46:29+00:00","author":{"@id":"https:\/\/www.ladiagonale.net\/#\/schema\/person\/79ff1e7b0853ed01b2aa26e64ad300bf"},"breadcrumb":{"@id":"https:\/\/www.ladiagonale.net\/index.php\/2026\/01\/27\/le-groupe-turinois\/#breadcrumb"},"inLanguage":"fr-FR","potentialAction":[{"@type":"ReadAction","target":["https:\/\/www.ladiagonale.net\/index.php\/2026\/01\/27\/le-groupe-turinois\/"]}]},{"@type":"BreadcrumbList","@id":"https:\/\/www.ladiagonale.net\/index.php\/2026\/01\/27\/le-groupe-turinois\/#breadcrumb","itemListElement":[{"@type":"ListItem","position":1,"name":"Accueil","item":"https:\/\/www.ladiagonale.net\/"},{"@type":"ListItem","position":2,"name":"Le groupe turinois : Thuram de retour \u00e0 Monaco"}]},{"@type":"WebSite","@id":"https:\/\/www.ladiagonale.net\/#website","url":"https:\/\/www.ladiagonale.net\/","name":"La Diagonale","description":"Le site des supporters de l&#039;AS Monaco FC","potentialAction":[{"@type":"SearchAction","target":{"@type":"EntryPoint","urlTemplate":"https:\/\/www.ladiagonale.net\/?s={search_term_string}"},"query-input":"required name=search_term_string"}],"inLanguage":"fr-FR"},{"@type":"Person","@id":"https:\/\/www.ladiagonale.net\/#\/schema\/person\/79ff1e7b0853ed01b2aa26e64ad300bf","name":"Damien Dellerba","image":{"@type":"ImageObject","inLanguage":"fr-FR","@id":"https:\/\/www.ladiagonale.net\/#\/schema\/person\/image\/","url":"https:\/\/secure.gravatar.com\/avatar\/c7850e06d3ff63cdbaee88b7fc16e2f0?s=96&d=mm&r=g","contentUrl":"https:\/\/secure.gravatar.com\/avatar\/c7850e06d3ff63cdbaee88b7fc16e2f0?s=96&d=mm&r=g","caption":"Damien Dellerba"},"url":"https:\/\/www.ladiagonale.net\/index.php\/author\/damien\/"}]}},"_links":{"self":[{"href":"https:\/\/www.ladiagonale.net\/index.php\/wp-json\/wp\/v2\/posts\/36482"}],"collection":[{"href":"https:\/\/www.ladiagonale.net\/index.php\/wp-json\/wp\/v2\/posts"}],"about":[{"href":"https:\/\/www.ladiagonale.net\/index.php\/wp-json\/wp\/v2\/types\/post"}],"author":[{"embeddable":true,"href":"https:\/\/www.ladiagonale.net\/index.php\/wp-json\/wp\/v2\/users\/2"}],"replies":[{"embeddable":true,"href":"https:\/\/www.ladiagonale.net\/index.php\/wp-json\/wp\/v2\/comments?post=36482"}],"version-history":[{"count":3,"href":"https:\/\/www.ladiagonale.net\/index.php\/wp-json\/wp\/v2\/posts\/36482\/revisions"}],"predecessor-version":[{"id":36489,"href":"https:\/\/www.ladiagonale.net\/index.php\/wp-json\/wp\/v2\/posts\/36482\/revisions\/36489"}],"wp:attachment":[{"href":"https:\/\/www.ladiagonale.net\/index.php\/wp-json\/wp\/v2\/media?parent=36482"}],"wp:term":[{"taxonomy":"category","embeddable":true,"href":"https:\/\/www.ladiagonale.net\/index.php\/wp-json\/wp\/v2\/categories?post=36482"},{"taxonomy":"post_tag","embeddable":true,"href":"https:\/\/www.ladiagonale.net\/index.php\/wp-json\/wp\/v2\/tags?post=36482"}],"curies":[{"name":"wp","href":"https:\/\/api.w.org\/{rel}","templated":true}]}}