{"id":36490,"date":"2026-01-28T13:50:09","date_gmt":"2026-01-28T12:50:09","guid":{"rendered":"https:\/\/www.ladiagonale.net\/?p=36490"},"modified":"2026-01-31T14:01:16","modified_gmt":"2026-01-31T13:01:16","slug":"le-groupe-monegasque-idumbo-convoque","status":"publish","type":"post","link":"https:\/\/www.ladiagonale.net\/index.php\/2026\/01\/28\/le-groupe-monegasque-idumbo-convoque\/","title":{"rendered":"Le groupe mon\u00e9gasque : Idumbo convoqu\u00e9"},"content":{"rendered":"\n\n\n<p>22 joueurs ont \u00e9t\u00e9 convoqu\u00e9s par S\u00e9bastien Pocognoli pour affronter la Juventus Turin ce mercredi (21h). Comme c&rsquo;est devenu une habitude, le groupe mon\u00e9gasque est amput\u00e9 de nombreux joueurs en raison des blessures, ce qui laisse de la place \u00e0 de nombreux jeunes.<\/p>\n\n\n\n<p>Hors groupe au Havre, Stanis Idumbo est convoqu\u00e9 pour cette rencontre. Kr\u00e9pin Diatta et Paris Brunner ne sont pas qualifi\u00e9s pour jouer ce match.<\/p>\n\n\n<div class=\"wp-block-image\">\n<figure class=\"aligncenter size-full is-resized\"><img loading=\"lazy\" src=\"https:\/\/www.ladiagonale.net\/wp-content\/uploads\/2026\/01\/G_v68LZWEAA4ukc.png\" alt=\"\" class=\"wp-image-36491\" width=\"510\" height=\"510\" srcset=\"https:\/\/www.ladiagonale.net\/wp-content\/uploads\/2026\/01\/G_v68LZWEAA4ukc.png 680w, https:\/\/www.ladiagonale.net\/wp-content\/uploads\/2026\/01\/G_v68LZWEAA4ukc-300x300.png 300w, https:\/\/www.ladiagonale.net\/wp-content\/uploads\/2026\/01\/G_v68LZWEAA4ukc-150x150.png 150w, https:\/\/www.ladiagonale.net\/wp-content\/uploads\/2026\/01\/G_v68LZWEAA4ukc-128x128.png 128w, https:\/\/www.ladiagonale.net\/wp-content\/uploads\/2026\/01\/G_v68LZWEAA4ukc-32x32.png 32w\" sizes=\"(max-width: 510px) 100vw, 510px\" \/><figcaption>Cr\u00e9dit : AS Monaco<\/figcaption><\/figure><\/div>\n\n\n<p><em>Absents : <\/em>Hradecky, Dier, Salisu, Pogba, Cabral, Minamino (bless\u00e9s), Mawissa (reprise), Faes, Diatta, Brunner (non inscrits).<\/p>\n","protected":false},"excerpt":{"rendered":"<p>22 joueurs ont \u00e9t\u00e9 convoqu\u00e9s par S\u00e9bastien Pocognoli pour affronter la Juventus Turin ce mercredi (21h). Comme c&rsquo;est devenu une habitude, le groupe mon\u00e9gasque est amput\u00e9 de nombreux joueurs en raison des blessures, ce qui laisse de la place \u00e0 de nombreux jeunes. Hors groupe au Havre, Stanis Idumbo est convoqu\u00e9 pour cette rencontre. Kr\u00e9pin [&#8230;]\n","protected":false},"author":2,"featured_media":0,"comment_status":"open","ping_status":"open","sticky":false,"template":"","format":"standard","meta":[],"categories":[4,6,1001],"tags":[86,225,287,1186],"yoast_head":"<!-- This site is optimized with the Yoast SEO plugin v19.8 - https:\/\/yoast.com\/wordpress\/plugins\/seo\/ -->\n<title>Le groupe mon\u00e9gasque : Idumbo convoqu\u00e9 - La Diagonale<\/title>\n<meta name=\"robots\" content=\"index, follow, max-snippet:-1, max-image-preview:large, max-video-preview:-1\" \/>\n<link rel=\"canonical\" href=\"https:\/\/www.ladiagonale.net\/index.php\/2026\/01\/28\/le-groupe-monegasque-idumbo-convoque\/\" \/>\n<meta property=\"og:locale\" content=\"fr_FR\" \/>\n<meta property=\"og:type\" content=\"article\" \/>\n<meta property=\"og:title\" content=\"Le groupe mon\u00e9gasque : Idumbo convoqu\u00e9 - La Diagonale\" \/>\n<meta property=\"og:description\" content=\"22 joueurs ont \u00e9t\u00e9 convoqu\u00e9s par S\u00e9bastien Pocognoli pour affronter la Juventus Turin ce mercredi (21h). Comme c&rsquo;est devenu une habitude, le groupe mon\u00e9gasque est amput\u00e9 de nombreux joueurs en raison des blessures, ce qui laisse de la place \u00e0 de nombreux jeunes. Hors groupe au Havre, Stanis Idumbo est convoqu\u00e9 pour cette rencontre. Kr\u00e9pin [...]\" \/>\n<meta property=\"og:url\" content=\"https:\/\/www.ladiagonale.net\/index.php\/2026\/01\/28\/le-groupe-monegasque-idumbo-convoque\/\" \/>\n<meta property=\"og:site_name\" content=\"La Diagonale\" \/>\n<meta property=\"article:published_time\" content=\"2026-01-28T12:50:09+00:00\" \/>\n<meta property=\"article:modified_time\" content=\"2026-01-31T13:01:16+00:00\" \/>\n<meta property=\"og:image\" content=\"https:\/\/www.ladiagonale.net\/wp-content\/uploads\/2026\/01\/Idumbo2-2.png\" \/>\n\t<meta property=\"og:image:width\" content=\"1160\" \/>\n\t<meta property=\"og:image:height\" content=\"650\" \/>\n\t<meta property=\"og:image:type\" content=\"image\/png\" \/>\n<meta name=\"author\" content=\"Damien Dellerba\" \/>\n<meta name=\"twitter:card\" content=\"summary_large_image\" \/>\n<meta name=\"twitter:image\" content=\"https:\/\/www.ladiagonale.net\/wp-content\/uploads\/2026\/01\/Idumbo2-2.png\" \/>\n<meta name=\"twitter:label1\" content=\"\u00c9crit par\" \/>\n\t<meta name=\"twitter:data1\" content=\"Damien Dellerba\" \/>\n\t<meta name=\"twitter:label2\" content=\"Dur\u00e9e de lecture estim\u00e9e\" \/>\n\t<meta name=\"twitter:data2\" content=\"1 minute\" \/>\n<script type=\"application\/ld+json\" class=\"yoast-schema-graph\">{\"@context\":\"https:\/\/schema.org\",\"@graph\":[{\"@type\":\"WebPage\",\"@id\":\"https:\/\/www.ladiagonale.net\/index.php\/2026\/01\/28\/le-groupe-monegasque-idumbo-convoque\/\",\"url\":\"https:\/\/www.ladiagonale.net\/index.php\/2026\/01\/28\/le-groupe-monegasque-idumbo-convoque\/\",\"name\":\"Le groupe mon\u00e9gasque : Idumbo convoqu\u00e9 - La Diagonale\",\"isPartOf\":{\"@id\":\"https:\/\/www.ladiagonale.net\/#website\"},\"datePublished\":\"2026-01-28T12:50:09+00:00\",\"dateModified\":\"2026-01-31T13:01:16+00:00\",\"author\":{\"@id\":\"https:\/\/www.ladiagonale.net\/#\/schema\/person\/79ff1e7b0853ed01b2aa26e64ad300bf\"},\"breadcrumb\":{\"@id\":\"https:\/\/www.ladiagonale.net\/index.php\/2026\/01\/28\/le-groupe-monegasque-idumbo-convoque\/#breadcrumb\"},\"inLanguage\":\"fr-FR\",\"potentialAction\":[{\"@type\":\"ReadAction\",\"target\":[\"https:\/\/www.ladiagonale.net\/index.php\/2026\/01\/28\/le-groupe-monegasque-idumbo-convoque\/\"]}]},{\"@type\":\"BreadcrumbList\",\"@id\":\"https:\/\/www.ladiagonale.net\/index.php\/2026\/01\/28\/le-groupe-monegasque-idumbo-convoque\/#breadcrumb\",\"itemListElement\":[{\"@type\":\"ListItem\",\"position\":1,\"name\":\"Accueil\",\"item\":\"https:\/\/www.ladiagonale.net\/\"},{\"@type\":\"ListItem\",\"position\":2,\"name\":\"Le groupe mon\u00e9gasque : Idumbo convoqu\u00e9\"}]},{\"@type\":\"WebSite\",\"@id\":\"https:\/\/www.ladiagonale.net\/#website\",\"url\":\"https:\/\/www.ladiagonale.net\/\",\"name\":\"La Diagonale\",\"description\":\"Le site des supporters de l&#039;AS Monaco FC\",\"potentialAction\":[{\"@type\":\"SearchAction\",\"target\":{\"@type\":\"EntryPoint\",\"urlTemplate\":\"https:\/\/www.ladiagonale.net\/?s={search_term_string}\"},\"query-input\":\"required name=search_term_string\"}],\"inLanguage\":\"fr-FR\"},{\"@type\":\"Person\",\"@id\":\"https:\/\/www.ladiagonale.net\/#\/schema\/person\/79ff1e7b0853ed01b2aa26e64ad300bf\",\"name\":\"Damien Dellerba\",\"image\":{\"@type\":\"ImageObject\",\"inLanguage\":\"fr-FR\",\"@id\":\"https:\/\/www.ladiagonale.net\/#\/schema\/person\/image\/\",\"url\":\"https:\/\/secure.gravatar.com\/avatar\/c7850e06d3ff63cdbaee88b7fc16e2f0?s=96&d=mm&r=g\",\"contentUrl\":\"https:\/\/secure.gravatar.com\/avatar\/c7850e06d3ff63cdbaee88b7fc16e2f0?s=96&d=mm&r=g\",\"caption\":\"Damien Dellerba\"},\"url\":\"https:\/\/www.ladiagonale.net\/index.php\/author\/damien\/\"}]}<\/script>\n<!-- \/ Yoast SEO plugin. -->","yoast_head_json":{"title":"Le groupe mon\u00e9gasque : Idumbo convoqu\u00e9 - La Diagonale","robots":{"index":"index","follow":"follow","max-snippet":"max-snippet:-1","max-image-preview":"max-image-preview:large","max-video-preview":"max-video-preview:-1"},"canonical":"https:\/\/www.ladiagonale.net\/index.php\/2026\/01\/28\/le-groupe-monegasque-idumbo-convoque\/","og_locale":"fr_FR","og_type":"article","og_title":"Le groupe mon\u00e9gasque : Idumbo convoqu\u00e9 - La Diagonale","og_description":"22 joueurs ont \u00e9t\u00e9 convoqu\u00e9s par S\u00e9bastien Pocognoli pour affronter la Juventus Turin ce mercredi (21h). Comme c&rsquo;est devenu une habitude, le groupe mon\u00e9gasque est amput\u00e9 de nombreux joueurs en raison des blessures, ce qui laisse de la place \u00e0 de nombreux jeunes. Hors groupe au Havre, Stanis Idumbo est convoqu\u00e9 pour cette rencontre. Kr\u00e9pin [...]","og_url":"https:\/\/www.ladiagonale.net\/index.php\/2026\/01\/28\/le-groupe-monegasque-idumbo-convoque\/","og_site_name":"La Diagonale","article_published_time":"2026-01-28T12:50:09+00:00","article_modified_time":"2026-01-31T13:01:16+00:00","og_image":[{"width":1160,"height":650,"url":"https:\/\/www.ladiagonale.net\/wp-content\/uploads\/2026\/01\/Idumbo2-2.png","type":"image\/png"}],"author":"Damien Dellerba","twitter_card":"summary_large_image","twitter_image":"https:\/\/www.ladiagonale.net\/wp-content\/uploads\/2026\/01\/Idumbo2-2.png","twitter_misc":{"\u00c9crit par":"Damien Dellerba","Dur\u00e9e de lecture estim\u00e9e":"1 minute"},"schema":{"@context":"https:\/\/schema.org","@graph":[{"@type":"WebPage","@id":"https:\/\/www.ladiagonale.net\/index.php\/2026\/01\/28\/le-groupe-monegasque-idumbo-convoque\/","url":"https:\/\/www.ladiagonale.net\/index.php\/2026\/01\/28\/le-groupe-monegasque-idumbo-convoque\/","name":"Le groupe mon\u00e9gasque : Idumbo convoqu\u00e9 - La Diagonale","isPartOf":{"@id":"https:\/\/www.ladiagonale.net\/#website"},"datePublished":"2026-01-28T12:50:09+00:00","dateModified":"2026-01-31T13:01:16+00:00","author":{"@id":"https:\/\/www.ladiagonale.net\/#\/schema\/person\/79ff1e7b0853ed01b2aa26e64ad300bf"},"breadcrumb":{"@id":"https:\/\/www.ladiagonale.net\/index.php\/2026\/01\/28\/le-groupe-monegasque-idumbo-convoque\/#breadcrumb"},"inLanguage":"fr-FR","potentialAction":[{"@type":"ReadAction","target":["https:\/\/www.ladiagonale.net\/index.php\/2026\/01\/28\/le-groupe-monegasque-idumbo-convoque\/"]}]},{"@type":"BreadcrumbList","@id":"https:\/\/www.ladiagonale.net\/index.php\/2026\/01\/28\/le-groupe-monegasque-idumbo-convoque\/#breadcrumb","itemListElement":[{"@type":"ListItem","position":1,"name":"Accueil","item":"https:\/\/www.ladiagonale.net\/"},{"@type":"ListItem","position":2,"name":"Le groupe mon\u00e9gasque : Idumbo convoqu\u00e9"}]},{"@type":"WebSite","@id":"https:\/\/www.ladiagonale.net\/#website","url":"https:\/\/www.ladiagonale.net\/","name":"La Diagonale","description":"Le site des supporters de l&#039;AS Monaco FC","potentialAction":[{"@type":"SearchAction","target":{"@type":"EntryPoint","urlTemplate":"https:\/\/www.ladiagonale.net\/?s={search_term_string}"},"query-input":"required name=search_term_string"}],"inLanguage":"fr-FR"},{"@type":"Person","@id":"https:\/\/www.ladiagonale.net\/#\/schema\/person\/79ff1e7b0853ed01b2aa26e64ad300bf","name":"Damien Dellerba","image":{"@type":"ImageObject","inLanguage":"fr-FR","@id":"https:\/\/www.ladiagonale.net\/#\/schema\/person\/image\/","url":"https:\/\/secure.gravatar.com\/avatar\/c7850e06d3ff63cdbaee88b7fc16e2f0?s=96&d=mm&r=g","contentUrl":"https:\/\/secure.gravatar.com\/avatar\/c7850e06d3ff63cdbaee88b7fc16e2f0?s=96&d=mm&r=g","caption":"Damien Dellerba"},"url":"https:\/\/www.ladiagonale.net\/index.php\/author\/damien\/"}]}},"_links":{"self":[{"href":"https:\/\/www.ladiagonale.net\/index.php\/wp-json\/wp\/v2\/posts\/36490"}],"collection":[{"href":"https:\/\/www.ladiagonale.net\/index.php\/wp-json\/wp\/v2\/posts"}],"about":[{"href":"https:\/\/www.ladiagonale.net\/index.php\/wp-json\/wp\/v2\/types\/post"}],"author":[{"embeddable":true,"href":"https:\/\/www.ladiagonale.net\/index.php\/wp-json\/wp\/v2\/users\/2"}],"replies":[{"embeddable":true,"href":"https:\/\/www.ladiagonale.net\/index.php\/wp-json\/wp\/v2\/comments?post=36490"}],"version-history":[{"count":2,"href":"https:\/\/www.ladiagonale.net\/index.php\/wp-json\/wp\/v2\/posts\/36490\/revisions"}],"predecessor-version":[{"id":36607,"href":"https:\/\/www.ladiagonale.net\/index.php\/wp-json\/wp\/v2\/posts\/36490\/revisions\/36607"}],"wp:attachment":[{"href":"https:\/\/www.ladiagonale.net\/index.php\/wp-json\/wp\/v2\/media?parent=36490"}],"wp:term":[{"taxonomy":"category","embeddable":true,"href":"https:\/\/www.ladiagonale.net\/index.php\/wp-json\/wp\/v2\/categories?post=36490"},{"taxonomy":"post_tag","embeddable":true,"href":"https:\/\/www.ladiagonale.net\/index.php\/wp-json\/wp\/v2\/tags?post=36490"}],"curies":[{"name":"wp","href":"https:\/\/api.w.org\/{rel}","templated":true}]}}