{"id":36494,"date":"2026-01-28T14:08:03","date_gmt":"2026-01-28T13:08:03","guid":{"rendered":"https:\/\/www.ladiagonale.net\/?p=36494"},"modified":"2026-01-28T14:08:04","modified_gmt":"2026-01-28T13:08:04","slug":"dernieres-etoiles","status":"publish","type":"post","link":"https:\/\/www.ladiagonale.net\/index.php\/2026\/01\/28\/dernieres-etoiles\/","title":{"rendered":"Derni\u00e8res \u00e9toiles ?"},"content":{"rendered":"\n<p><strong>Ce mercredi (21h), l\u2019AS Monaco joue sa qualification pour les barrages de la Ligue des champions face \u00e0 la Juventus. Si les Mon\u00e9gasques ont encore leur destin entre leurs mains, la dynamique n\u00e9gative peut laisser craindre un sc\u00e9nario catastrophe.<\/strong><\/p>\n\n\n\n<p>Six longues ann\u00e9es. C\u2019est le temps qu\u2019il avait fallu \u00e0 l\u2019ASM pour retrouver la Ligue des champions, la comp\u00e9tition europ\u00e9enne ultime, apr\u00e8s plusieurs \u00e9checs entre 2018 et 2024. Au moment de revenir, les Mon\u00e9gasques y avaient trouv\u00e9 une formule totalement diff\u00e9rente de la derni\u00e8re fois, avec une poule unique de 36 \u00e9quipes et huit matches \u00e0 jouer sur la premi\u00e8re phase au lieu d\u2019un groupe de quatre et six matches. On n\u2019esp\u00e8re pas que la prochaine participation des Rouge et Blanc en C1 soit dans un avenir trop lointain pour laisser \u00e0 l\u2019UEFA le temps d\u2019op\u00e9rer une nouvelle r\u00e9volution de son format.<\/p>\n\n\n\n<p>Car, selon toute vraisemblance, ce n\u2019est pas la saison prochaine que le club de la Principaut\u00e9 participera \u00e0 la comp\u00e9tition aux \u00e9toiles. Dixi\u00e8mes en Championnat, les joueurs de S\u00e9bastien Pocognoli accusent 12 longueurs de retard sur Lyon, quatri\u00e8me, qui n\u2019a qu\u2019un ticket pour le troisi\u00e8me tour pr\u00e9liminaire, et remporter cette \u00e9dition de la Coupe aux grandes oreilles est illusoire. Alors, il faudra penser \u00e0 profiter de cette soir\u00e9e europ\u00e9enne, \u00e0 la maison, face \u00e0 la Juventus. M\u00eame si les Mon\u00e9gasques sont virtuellement qualifi\u00e9s pour les barrages (21<sup>e<\/sup> sur 24), le risque que ce soit la derni\u00e8re avant au moins 2027 n\u2019est pas n\u00e9gligeable.<\/p>\n\n\n\n<p>Du c\u00f4t\u00e9 des supporters, on en profitera sans doute un peu diff\u00e9remment, puisqu\u2019une marche de protestation a \u00e9t\u00e9 organis\u00e9e avant la rencontre par plusieurs groupes afin de marquer une rupture totale avec la direction et en particulier son directeur g\u00e9n\u00e9ral Thiago Scuro. Le Br\u00e9silien, mis au banc des accus\u00e9s, va sans doute vivre cette soir\u00e9e avec un peu plus de pression qu\u2019\u00e0 l\u2019accoutum\u00e9e. Une \u00e9limination l\u2019emp\u00eacherait de cocher l\u2019une des cases inscrites sur la liste des objectifs du club, et ce serait sans doute une de trop pour son mandat qui tourne au vinaigre. Mais lui, comme tous les amoureux de la Diagonale, auront probablement envie de croire que ce ne sera pas la derni\u00e8re.<\/p>\n\n\n\n<p>La s\u00e9rie noire travers\u00e9e par l\u2019ASM, pas franchement endigu\u00e9e par le nul au Havre (0-0), qui avait pourtant presque l\u2019air d\u2019\u00eatre un bon r\u00e9sultat, n\u2019encourage pas \u00e0 \u00eatre optimiste avant cette ultime lev\u00e9e de la phase de ligue. Pourtant, les Mon\u00e9gasques sont virtuellement qualifi\u00e9s pour ces barrages et il n\u2019est pas dit qu\u2019une d\u00e9faite les condamne car les adversaires derri\u00e8re eux devront aussi batailler et parfois face \u00e0 des oppositions tr\u00e8s relev\u00e9es. En attendant, il y a un dernier rendez-vous \u00e0 bien n\u00e9gocier face \u00e0 une Juve d\u00e9j\u00e0 qualifi\u00e9e et retrouv\u00e9e depuis quelques semaines et qui vient de corriger Naples en Championnat. Mais en esp\u00e9rant que la confrontation ne ravive pas les mauvais souvenirs de l\u2019ancien temps. Quand Monaco \u00e9tait fringant sur la sc\u00e8ne europ\u00e9enne comme celle nationale et affichait un peu plus d&rsquo;ambitions sportives.<\/p>\n\n\n","protected":false},"excerpt":{"rendered":"<p>Ce mercredi (21h), l\u2019AS Monaco joue sa qualification pour les barrages de la Ligue des champions face \u00e0 la Juventus. Si les Mon\u00e9gasques ont encore leur destin entre leurs mains, la dynamique n\u00e9gative peut laisser craindre un sc\u00e9nario catastrophe. Six longues ann\u00e9es. C\u2019est le temps qu\u2019il avait fallu \u00e0 l\u2019ASM pour retrouver la Ligue des [&#8230;]\n","protected":false},"author":2,"featured_media":36495,"comment_status":"open","ping_status":"open","sticky":false,"template":"","format":"standard","meta":[],"categories":[5,6,1001],"tags":[86,287,1186],"yoast_head":"<!-- This site is optimized with the Yoast SEO plugin v19.8 - https:\/\/yoast.com\/wordpress\/plugins\/seo\/ -->\n<title>Derni\u00e8res \u00e9toiles ? - La Diagonale<\/title>\n<meta name=\"robots\" content=\"index, follow, max-snippet:-1, max-image-preview:large, max-video-preview:-1\" \/>\n<link rel=\"canonical\" href=\"https:\/\/www.ladiagonale.net\/index.php\/2026\/01\/28\/dernieres-etoiles\/\" \/>\n<meta property=\"og:locale\" content=\"fr_FR\" \/>\n<meta property=\"og:type\" content=\"article\" \/>\n<meta property=\"og:title\" content=\"Derni\u00e8res \u00e9toiles ? - La Diagonale\" \/>\n<meta property=\"og:description\" content=\"Ce mercredi (21h), l\u2019AS Monaco joue sa qualification pour les barrages de la Ligue des champions face \u00e0 la Juventus. Si les Mon\u00e9gasques ont encore leur destin entre leurs mains, la dynamique n\u00e9gative peut laisser craindre un sc\u00e9nario catastrophe. Six longues ann\u00e9es. C\u2019est le temps qu\u2019il avait fallu \u00e0 l\u2019ASM pour retrouver la Ligue des [...]\" \/>\n<meta property=\"og:url\" content=\"https:\/\/www.ladiagonale.net\/index.php\/2026\/01\/28\/dernieres-etoiles\/\" \/>\n<meta property=\"og:site_name\" content=\"La Diagonale\" \/>\n<meta property=\"article:published_time\" content=\"2026-01-28T13:08:03+00:00\" \/>\n<meta property=\"article:modified_time\" content=\"2026-01-28T13:08:04+00:00\" \/>\n<meta property=\"og:image\" content=\"https:\/\/www.ladiagonale.net\/wp-content\/uploads\/2026\/01\/LDC2.png\" \/>\n\t<meta property=\"og:image:width\" content=\"1160\" \/>\n\t<meta property=\"og:image:height\" content=\"650\" \/>\n\t<meta property=\"og:image:type\" content=\"image\/png\" \/>\n<meta name=\"author\" content=\"Damien Dellerba\" \/>\n<meta name=\"twitter:card\" content=\"summary_large_image\" \/>\n<meta name=\"twitter:image\" content=\"https:\/\/www.ladiagonale.net\/wp-content\/uploads\/2026\/01\/LDC2.png\" \/>\n<meta name=\"twitter:label1\" content=\"\u00c9crit par\" \/>\n\t<meta name=\"twitter:data1\" content=\"Damien Dellerba\" \/>\n\t<meta name=\"twitter:label2\" content=\"Dur\u00e9e de lecture estim\u00e9e\" \/>\n\t<meta name=\"twitter:data2\" content=\"3 minutes\" \/>\n<script type=\"application\/ld+json\" class=\"yoast-schema-graph\">{\"@context\":\"https:\/\/schema.org\",\"@graph\":[{\"@type\":\"WebPage\",\"@id\":\"https:\/\/www.ladiagonale.net\/index.php\/2026\/01\/28\/dernieres-etoiles\/\",\"url\":\"https:\/\/www.ladiagonale.net\/index.php\/2026\/01\/28\/dernieres-etoiles\/\",\"name\":\"Derni\u00e8res \u00e9toiles ? - La Diagonale\",\"isPartOf\":{\"@id\":\"https:\/\/www.ladiagonale.net\/#website\"},\"datePublished\":\"2026-01-28T13:08:03+00:00\",\"dateModified\":\"2026-01-28T13:08:04+00:00\",\"author\":{\"@id\":\"https:\/\/www.ladiagonale.net\/#\/schema\/person\/79ff1e7b0853ed01b2aa26e64ad300bf\"},\"breadcrumb\":{\"@id\":\"https:\/\/www.ladiagonale.net\/index.php\/2026\/01\/28\/dernieres-etoiles\/#breadcrumb\"},\"inLanguage\":\"fr-FR\",\"potentialAction\":[{\"@type\":\"ReadAction\",\"target\":[\"https:\/\/www.ladiagonale.net\/index.php\/2026\/01\/28\/dernieres-etoiles\/\"]}]},{\"@type\":\"BreadcrumbList\",\"@id\":\"https:\/\/www.ladiagonale.net\/index.php\/2026\/01\/28\/dernieres-etoiles\/#breadcrumb\",\"itemListElement\":[{\"@type\":\"ListItem\",\"position\":1,\"name\":\"Accueil\",\"item\":\"https:\/\/www.ladiagonale.net\/\"},{\"@type\":\"ListItem\",\"position\":2,\"name\":\"Derni\u00e8res \u00e9toiles ?\"}]},{\"@type\":\"WebSite\",\"@id\":\"https:\/\/www.ladiagonale.net\/#website\",\"url\":\"https:\/\/www.ladiagonale.net\/\",\"name\":\"La Diagonale\",\"description\":\"Le site des supporters de l&#039;AS Monaco FC\",\"potentialAction\":[{\"@type\":\"SearchAction\",\"target\":{\"@type\":\"EntryPoint\",\"urlTemplate\":\"https:\/\/www.ladiagonale.net\/?s={search_term_string}\"},\"query-input\":\"required name=search_term_string\"}],\"inLanguage\":\"fr-FR\"},{\"@type\":\"Person\",\"@id\":\"https:\/\/www.ladiagonale.net\/#\/schema\/person\/79ff1e7b0853ed01b2aa26e64ad300bf\",\"name\":\"Damien Dellerba\",\"image\":{\"@type\":\"ImageObject\",\"inLanguage\":\"fr-FR\",\"@id\":\"https:\/\/www.ladiagonale.net\/#\/schema\/person\/image\/\",\"url\":\"https:\/\/secure.gravatar.com\/avatar\/c7850e06d3ff63cdbaee88b7fc16e2f0?s=96&d=mm&r=g\",\"contentUrl\":\"https:\/\/secure.gravatar.com\/avatar\/c7850e06d3ff63cdbaee88b7fc16e2f0?s=96&d=mm&r=g\",\"caption\":\"Damien Dellerba\"},\"url\":\"https:\/\/www.ladiagonale.net\/index.php\/author\/damien\/\"}]}<\/script>\n<!-- \/ Yoast SEO plugin. -->","yoast_head_json":{"title":"Derni\u00e8res \u00e9toiles ? - La Diagonale","robots":{"index":"index","follow":"follow","max-snippet":"max-snippet:-1","max-image-preview":"max-image-preview:large","max-video-preview":"max-video-preview:-1"},"canonical":"https:\/\/www.ladiagonale.net\/index.php\/2026\/01\/28\/dernieres-etoiles\/","og_locale":"fr_FR","og_type":"article","og_title":"Derni\u00e8res \u00e9toiles ? - La Diagonale","og_description":"Ce mercredi (21h), l\u2019AS Monaco joue sa qualification pour les barrages de la Ligue des champions face \u00e0 la Juventus. Si les Mon\u00e9gasques ont encore leur destin entre leurs mains, la dynamique n\u00e9gative peut laisser craindre un sc\u00e9nario catastrophe. Six longues ann\u00e9es. C\u2019est le temps qu\u2019il avait fallu \u00e0 l\u2019ASM pour retrouver la Ligue des [...]","og_url":"https:\/\/www.ladiagonale.net\/index.php\/2026\/01\/28\/dernieres-etoiles\/","og_site_name":"La Diagonale","article_published_time":"2026-01-28T13:08:03+00:00","article_modified_time":"2026-01-28T13:08:04+00:00","og_image":[{"width":1160,"height":650,"url":"https:\/\/www.ladiagonale.net\/wp-content\/uploads\/2026\/01\/LDC2.png","type":"image\/png"}],"author":"Damien Dellerba","twitter_card":"summary_large_image","twitter_image":"https:\/\/www.ladiagonale.net\/wp-content\/uploads\/2026\/01\/LDC2.png","twitter_misc":{"\u00c9crit par":"Damien Dellerba","Dur\u00e9e de lecture estim\u00e9e":"3 minutes"},"schema":{"@context":"https:\/\/schema.org","@graph":[{"@type":"WebPage","@id":"https:\/\/www.ladiagonale.net\/index.php\/2026\/01\/28\/dernieres-etoiles\/","url":"https:\/\/www.ladiagonale.net\/index.php\/2026\/01\/28\/dernieres-etoiles\/","name":"Derni\u00e8res \u00e9toiles ? - La Diagonale","isPartOf":{"@id":"https:\/\/www.ladiagonale.net\/#website"},"datePublished":"2026-01-28T13:08:03+00:00","dateModified":"2026-01-28T13:08:04+00:00","author":{"@id":"https:\/\/www.ladiagonale.net\/#\/schema\/person\/79ff1e7b0853ed01b2aa26e64ad300bf"},"breadcrumb":{"@id":"https:\/\/www.ladiagonale.net\/index.php\/2026\/01\/28\/dernieres-etoiles\/#breadcrumb"},"inLanguage":"fr-FR","potentialAction":[{"@type":"ReadAction","target":["https:\/\/www.ladiagonale.net\/index.php\/2026\/01\/28\/dernieres-etoiles\/"]}]},{"@type":"BreadcrumbList","@id":"https:\/\/www.ladiagonale.net\/index.php\/2026\/01\/28\/dernieres-etoiles\/#breadcrumb","itemListElement":[{"@type":"ListItem","position":1,"name":"Accueil","item":"https:\/\/www.ladiagonale.net\/"},{"@type":"ListItem","position":2,"name":"Derni\u00e8res \u00e9toiles ?"}]},{"@type":"WebSite","@id":"https:\/\/www.ladiagonale.net\/#website","url":"https:\/\/www.ladiagonale.net\/","name":"La Diagonale","description":"Le site des supporters de l&#039;AS Monaco FC","potentialAction":[{"@type":"SearchAction","target":{"@type":"EntryPoint","urlTemplate":"https:\/\/www.ladiagonale.net\/?s={search_term_string}"},"query-input":"required name=search_term_string"}],"inLanguage":"fr-FR"},{"@type":"Person","@id":"https:\/\/www.ladiagonale.net\/#\/schema\/person\/79ff1e7b0853ed01b2aa26e64ad300bf","name":"Damien Dellerba","image":{"@type":"ImageObject","inLanguage":"fr-FR","@id":"https:\/\/www.ladiagonale.net\/#\/schema\/person\/image\/","url":"https:\/\/secure.gravatar.com\/avatar\/c7850e06d3ff63cdbaee88b7fc16e2f0?s=96&d=mm&r=g","contentUrl":"https:\/\/secure.gravatar.com\/avatar\/c7850e06d3ff63cdbaee88b7fc16e2f0?s=96&d=mm&r=g","caption":"Damien Dellerba"},"url":"https:\/\/www.ladiagonale.net\/index.php\/author\/damien\/"}]}},"_links":{"self":[{"href":"https:\/\/www.ladiagonale.net\/index.php\/wp-json\/wp\/v2\/posts\/36494"}],"collection":[{"href":"https:\/\/www.ladiagonale.net\/index.php\/wp-json\/wp\/v2\/posts"}],"about":[{"href":"https:\/\/www.ladiagonale.net\/index.php\/wp-json\/wp\/v2\/types\/post"}],"author":[{"embeddable":true,"href":"https:\/\/www.ladiagonale.net\/index.php\/wp-json\/wp\/v2\/users\/2"}],"replies":[{"embeddable":true,"href":"https:\/\/www.ladiagonale.net\/index.php\/wp-json\/wp\/v2\/comments?post=36494"}],"version-history":[{"count":1,"href":"https:\/\/www.ladiagonale.net\/index.php\/wp-json\/wp\/v2\/posts\/36494\/revisions"}],"predecessor-version":[{"id":36496,"href":"https:\/\/www.ladiagonale.net\/index.php\/wp-json\/wp\/v2\/posts\/36494\/revisions\/36496"}],"wp:featuredmedia":[{"embeddable":true,"href":"https:\/\/www.ladiagonale.net\/index.php\/wp-json\/wp\/v2\/media\/36495"}],"wp:attachment":[{"href":"https:\/\/www.ladiagonale.net\/index.php\/wp-json\/wp\/v2\/media?parent=36494"}],"wp:term":[{"taxonomy":"category","embeddable":true,"href":"https:\/\/www.ladiagonale.net\/index.php\/wp-json\/wp\/v2\/categories?post=36494"},{"taxonomy":"post_tag","embeddable":true,"href":"https:\/\/www.ladiagonale.net\/index.php\/wp-json\/wp\/v2\/tags?post=36494"}],"curies":[{"name":"wp","href":"https:\/\/api.w.org\/{rel}","templated":true}]}}