{"id":36509,"date":"2026-01-29T14:13:13","date_gmt":"2026-01-29T13:13:13","guid":{"rendered":"https:\/\/www.ladiagonale.net\/?p=36509"},"modified":"2026-01-29T14:13:15","modified_gmt":"2026-01-29T13:13:15","slug":"les-notes-zakaria-enfin-patron","status":"publish","type":"post","link":"https:\/\/www.ladiagonale.net\/index.php\/2026\/01\/29\/les-notes-zakaria-enfin-patron\/","title":{"rendered":"Les notes : Zakaria enfin patron"},"content":{"rendered":"\n\n\n<p><strong>Auteur d&rsquo;une saison jusqu&rsquo;ici d\u00e9cevante, Denis Zakaria a enfin livr\u00e9 une prestation conforme \u00e0 son statut. Mais pas au poste o\u00f9 on l&rsquo;attendait.<\/strong><\/p>\n\n\n\n<h4 class=\"wp-block-heading has-white-color has-text-color has-background\" style=\"background-color:#155a00\">TOPS<\/h4>\n\n\n\n<div class=\"wp-block-media-text alignwide is-stacked-on-mobile\" style=\"grid-template-columns:35% auto\"><figure class=\"wp-block-media-text__media\"><img loading=\"lazy\" width=\"400\" height=\"400\" src=\"https:\/\/www.ladiagonale.net\/wp-content\/uploads\/2026\/01\/Zakaria8.png\" alt=\"\" class=\"wp-image-36515 size-full\" srcset=\"https:\/\/www.ladiagonale.net\/wp-content\/uploads\/2026\/01\/Zakaria8.png 400w, https:\/\/www.ladiagonale.net\/wp-content\/uploads\/2026\/01\/Zakaria8-300x300.png 300w, https:\/\/www.ladiagonale.net\/wp-content\/uploads\/2026\/01\/Zakaria8-150x150.png 150w, https:\/\/www.ladiagonale.net\/wp-content\/uploads\/2026\/01\/Zakaria8-128x128.png 128w, https:\/\/www.ladiagonale.net\/wp-content\/uploads\/2026\/01\/Zakaria8-32x32.png 32w\" sizes=\"(max-width: 400px) 100vw, 400px\" \/><\/figure><div class=\"wp-block-media-text__content\">\n<p style=\"font-size:16px\"><strong>Denis Zakaria<\/strong><\/p>\n\n\n\n<p style=\"font-size:15px\">Comme l\u2019a reconnu son entra\u00eeneur, le Suisse a r\u00e9alis\u00e9 son meilleur match de la saison, mais \u00e0 un poste o\u00f9 on ne l\u2019attendait pas, m\u00eame s\u2019il avait d\u00e9j\u00e0 \u00e9t\u00e9 tr\u00e8s bon sous H\u00fctter. Align\u00e9 dans une d\u00e9fense \u00e0 trois, Zakaria a \u00e9t\u00e9 de tous les combats et s\u2019est arrach\u00e9 sur tous les duels (8\/10 remport\u00e9s) comme on ne l\u2019a jamais vu faire cette saison. Intelligent dans le placement et dans la prise de d\u00e9cision, il a parfaitement command\u00e9 ses hommes. Une d\u00e9termination qui a port\u00e9 l\u2019\u00e9quipe.<\/p>\n<\/div><\/div>\n\n\n\n<div style=\"height:40px\" aria-hidden=\"true\" class=\"wp-block-spacer\"><\/div>\n\n\n\n<div class=\"wp-block-media-text alignwide is-stacked-on-mobile\" style=\"grid-template-columns:35% auto\"><figure class=\"wp-block-media-text__media\"><img loading=\"lazy\" width=\"400\" height=\"400\" src=\"https:\/\/www.ladiagonale.net\/wp-content\/uploads\/2026\/01\/Vanderson7.png\" alt=\"\" class=\"wp-image-36511 size-full\" srcset=\"https:\/\/www.ladiagonale.net\/wp-content\/uploads\/2026\/01\/Vanderson7.png 400w, https:\/\/www.ladiagonale.net\/wp-content\/uploads\/2026\/01\/Vanderson7-300x300.png 300w, https:\/\/www.ladiagonale.net\/wp-content\/uploads\/2026\/01\/Vanderson7-150x150.png 150w, https:\/\/www.ladiagonale.net\/wp-content\/uploads\/2026\/01\/Vanderson7-128x128.png 128w, https:\/\/www.ladiagonale.net\/wp-content\/uploads\/2026\/01\/Vanderson7-32x32.png 32w\" sizes=\"(max-width: 400px) 100vw, 400px\" \/><\/figure><div class=\"wp-block-media-text__content\">\n<p style=\"font-size:16px\"><strong>Vanderson<\/strong><\/p>\n\n\n\n<p style=\"font-size:15px\">Le Br\u00e9silien avait des jambes et il a arpent\u00e9 son couloir avec une certaine intensit\u00e9. Si les occasions de l\u2019ASM dans cette rencontre se sont compt\u00e9es sur les doigts d\u2019une main, trois sont pour lui, et par deux fois, il a contraint Perin \u00e0 s&#8217;employer. <\/p>\n<\/div><\/div>\n\n\n\n<div style=\"height:40px\" aria-hidden=\"true\" class=\"wp-block-spacer\"><\/div>\n\n\n\n<div class=\"wp-block-media-text alignwide is-stacked-on-mobile\" style=\"grid-template-columns:35% auto\"><figure class=\"wp-block-media-text__media\"><img loading=\"lazy\" width=\"400\" height=\"400\" src=\"https:\/\/www.ladiagonale.net\/wp-content\/uploads\/2026\/01\/Kehrer7.png\" alt=\"\" class=\"wp-image-36512 size-full\" srcset=\"https:\/\/www.ladiagonale.net\/wp-content\/uploads\/2026\/01\/Kehrer7.png 400w, https:\/\/www.ladiagonale.net\/wp-content\/uploads\/2026\/01\/Kehrer7-300x300.png 300w, https:\/\/www.ladiagonale.net\/wp-content\/uploads\/2026\/01\/Kehrer7-150x150.png 150w, https:\/\/www.ladiagonale.net\/wp-content\/uploads\/2026\/01\/Kehrer7-128x128.png 128w, https:\/\/www.ladiagonale.net\/wp-content\/uploads\/2026\/01\/Kehrer7-32x32.png 32w\" sizes=\"(max-width: 400px) 100vw, 400px\" \/><\/figure><div class=\"wp-block-media-text__content\">\n<p style=\"font-size:16px\"><strong>Thilo Kehrer<\/strong><\/p>\n\n\n\n<p style=\"font-size:15px\">De l\u2019agressivit\u00e9 dans le bon sens du terme, il a d\u00e9fendu en avan\u00e7ant et n\u2019a jamais h\u00e9sit\u00e9 \u00e0 se jeter dans les guiboles adverses pour effectuer quelques tacles rageurs. Du bon Kehrer.<\/p>\n<\/div><\/div>\n\n\n\n<div style=\"height:40px\" aria-hidden=\"true\" class=\"wp-block-spacer\"><\/div>\n\n\n\n<div class=\"wp-block-media-text alignwide is-stacked-on-mobile\" style=\"grid-template-columns:35% auto\"><figure class=\"wp-block-media-text__media\"><img loading=\"lazy\" width=\"400\" height=\"400\" src=\"https:\/\/www.ladiagonale.net\/wp-content\/uploads\/2026\/01\/Caio6.png\" alt=\"\" class=\"wp-image-36510 size-full\" srcset=\"https:\/\/www.ladiagonale.net\/wp-content\/uploads\/2026\/01\/Caio6.png 400w, https:\/\/www.ladiagonale.net\/wp-content\/uploads\/2026\/01\/Caio6-300x300.png 300w, https:\/\/www.ladiagonale.net\/wp-content\/uploads\/2026\/01\/Caio6-150x150.png 150w, https:\/\/www.ladiagonale.net\/wp-content\/uploads\/2026\/01\/Caio6-128x128.png 128w, https:\/\/www.ladiagonale.net\/wp-content\/uploads\/2026\/01\/Caio6-32x32.png 32w\" sizes=\"(max-width: 400px) 100vw, 400px\" \/><\/figure><div class=\"wp-block-media-text__content\">\n<p style=\"font-size:16px\"><strong>Caio Henrique<\/strong><\/p>\n\n\n\n<p style=\"font-size:15px\">Comme Vanderson \u00e0 droite, il a \u00e9t\u00e9 \u00e9nergique dans son couloir et sa d\u00e9bauche a fait plaisir \u00e0 voir. Il a apport\u00e9 le surnombre dans le camp adverse m\u00eame si son entente technique avec Golovin a aussi souffert des approximations du Russe. D\u00e9fensivement, il n&rsquo;a quasiment jamais \u00e9t\u00e9 pris en d\u00e9faut.<\/p>\n<\/div><\/div>\n\n\n\n<div style=\"height:40px\" aria-hidden=\"true\" class=\"wp-block-spacer\"><\/div>\n\n\n\n<h4 class=\"wp-block-heading has-white-color has-text-color has-background\" style=\"background-color:#c00501\">FLOPS<\/h4>\n\n\n\n<div class=\"wp-block-media-text alignwide is-stacked-on-mobile\" style=\"grid-template-columns:35% auto\"><figure class=\"wp-block-media-text__media\"><img loading=\"lazy\" width=\"400\" height=\"400\" src=\"https:\/\/www.ladiagonale.net\/wp-content\/uploads\/2025\/12\/Akliouche4.png\" alt=\"\" class=\"wp-image-35706 size-full\" srcset=\"https:\/\/www.ladiagonale.net\/wp-content\/uploads\/2025\/12\/Akliouche4.png 400w, https:\/\/www.ladiagonale.net\/wp-content\/uploads\/2025\/12\/Akliouche4-300x300.png 300w, https:\/\/www.ladiagonale.net\/wp-content\/uploads\/2025\/12\/Akliouche4-150x150.png 150w, https:\/\/www.ladiagonale.net\/wp-content\/uploads\/2025\/12\/Akliouche4-128x128.png 128w, https:\/\/www.ladiagonale.net\/wp-content\/uploads\/2025\/12\/Akliouche4-32x32.png 32w\" sizes=\"(max-width: 400px) 100vw, 400px\" \/><\/figure><div class=\"wp-block-media-text__content\">\n<p style=\"font-size:16px\"><strong>Maghnes Akliouche<\/strong><\/p>\n\n\n\n<p style=\"font-size:15px\">Il a \u00e9t\u00e9 la d\u00e9ception de la soir\u00e9e, avec notamment en point d\u2019orgue cet \u00e9norme rat\u00e9 du droit au moment d\u2019intercepter une relance manqu\u00e9e de Mattias Perin \u00e0 la premi\u00e8re minute de jeu. Il a certes fait beaucoup d\u2019efforts d\u00e9fensifs mais il n\u2019a eu que trop peu d\u2019influence dans le jeu de l\u2019\u00e9quipe et fait beaucoup de mauvais choix.<\/p>\n<\/div><\/div>\n\n\n\n<div style=\"height:40px\" aria-hidden=\"true\" class=\"wp-block-spacer\"><\/div>\n\n\n\n<h4 class=\"wp-block-heading has-white-color has-text-color has-background\" style=\"background-color:#303030\">Les autres notes<\/h4>\n\n\n\n<p><strong>Philipp K\u00f6hn : 5\/10<\/strong><\/p>\n\n\n\n<p>Aucun tir cadr\u00e9 pour la Juventus, le Suisse a donc \u00e9t\u00e9 tranquille dans sa soir\u00e9e, \u00e0 peine inqui\u00e9t\u00e9 par les frappes adverses, notamment celle d\u2019Openda (40<sup>e<\/sup>), qui ne passe pas trop loin du cadre. En fin de match, il boxe mal un ballon a\u00e9rien et se met tout seul en difficult\u00e9. Pas tr\u00e8s adroit dans le jeu au pied.<\/p>\n\n\n\n<p><strong>Jordan Teze : 6\/10<\/strong><\/p>\n\n\n\n<p>Il a fait le \u00ab\u00a0job\u00a0\u00bb \u00e0 un poste o\u00f9 il n\u2019a pas l\u2019habitude d\u2019\u00e9voluer et dans une charni\u00e8re \u00e0 trois exp\u00e9rimentale. Il s&rsquo;en est bien tir\u00e9 m\u00eame si la Juventus n&rsquo;\u00e9tait pas particuli\u00e8rement offensive. Mais cela lui a justement permis de sortir de son r\u00f4le et de pouvoir mettre en avant son intelligence de jeu et son sens de l&rsquo;anticipation. Il a cependant connu pas mal de d\u00e9chet balle au pied.<\/p>\n\n\n\n<p><strong>Mamadou Coulibaly : 5\/10<\/strong><\/p>\n\n\n\n<p>Le milieu form\u00e9 \u00e0 l&rsquo;ASM avait de l&rsquo;envie \u00e0 revendre et cette d\u00e9termination lui a permis d&rsquo;apporter de l&rsquo;intensit\u00e9 et de l&rsquo;impact au milieu. Il a remport\u00e9 six de ses dix duels et aurait pu \u00eatre mieux pay\u00e9 en obtenant un p\u00e9nalty pour une faute de Cabal en seconde p\u00e9riode. Mais il a aussi eu du d\u00e9chet et pas mal d&rsquo;approximations qui ont ruin\u00e9 plusieurs transitions.<\/p>\n\n\n\n<p><strong>Lamine Camara : 6\/10<\/strong><\/p>\n\n\n\n<p>Le S\u00e9n\u00e9galais a \u00e9t\u00e9 l&rsquo;un des joueurs les plus actifs, avec le plus de ballons touch\u00e9s (96), de duels disput\u00e9s (14) de fautes obtenues (5) et d&rsquo;interceptions r\u00e9alis\u00e9es (3). Il n&rsquo;a certes pas tout bien fait, car il est celui qui a le plus perdu de ballons (17), mais il a r\u00e9alis\u00e9 un match s\u00e9rieux et au niveau. <\/p>\n\n\n\n<p><strong>Aleksandr Golovin : 5\/10<\/strong><\/p>\n\n\n\n<p>Le Russe a \u00e9t\u00e9 franchement peu inspir\u00e9 sur le plan offensif et a aussi cumul\u00e9 les mauvaises transmissions et autres approximations dans les trente derniers m\u00e8tres. Mais on peut au moins lui reconna\u00eetre son abattage, en particulier pour r\u00e9cup\u00e9rer 9 ballons, record du match. Il a fini, comme souvent, sur les rotules.<\/p>\n\n\n\n<p><strong>Folarin Balogun : 6\/10<\/strong><\/p>\n\n\n\n<p>L&rsquo;attaquant am\u00e9ricain avait de l&rsquo;\u00e9nergie \u00e0 revendre et s&rsquo;est d\u00e9men\u00e9 face \u00e0 une arri\u00e8re-garde muscl\u00e9e. Il a marqu\u00e9 un but, refus\u00e9 pour une l\u00e9g\u00e8re poussette sur Kalulu, qui joue bien le coup. Il a \u00e9t\u00e9 pr\u00e9cieux dans le jeu dos au but et a fait les efforts jusqu&rsquo;\u00e0 la derni\u00e8re minute, comme lorsqu&rsquo;il d\u00e9borde en pleine surface et centre en retrait. <\/p>\n\n\n\n<p><strong>S\u00e9bastien Pocognoli : 7\/10<\/strong><\/p>\n\n\n\n<p>Le Belge avait d\u00e9cid\u00e9 de proposer quelque chose de diff\u00e9rent avec une d\u00e9fense \u00e0 trois et Denis Zakaria dans celle-ci. Ce plan a parfaitement fonctionn\u00e9 et l&rsquo;ensemble a \u00e9t\u00e9 coh\u00e9rent. Certes, il a manqu\u00e9 quelques occasions mais son ASM n&rsquo;a jamais \u00e9t\u00e9 en difficult\u00e9 et c&rsquo;est une bonne chose.<\/p>\n\n\n<div class=\"wp-block-image\">\n<figure class=\"aligncenter size-large is-resized\"><img loading=\"lazy\" src=\"https:\/\/www.ladiagonale.net\/wp-content\/uploads\/2026\/01\/terrainjuve-819x1024.png\" alt=\"\" class=\"wp-image-36514\" width=\"614\" height=\"768\" srcset=\"https:\/\/www.ladiagonale.net\/wp-content\/uploads\/2026\/01\/terrainjuve-819x1024.png 819w, https:\/\/www.ladiagonale.net\/wp-content\/uploads\/2026\/01\/terrainjuve-240x300.png 240w, https:\/\/www.ladiagonale.net\/wp-content\/uploads\/2026\/01\/terrainjuve-768x960.png 768w, https:\/\/www.ladiagonale.net\/wp-content\/uploads\/2026\/01\/terrainjuve-1229x1536.png 1229w, https:\/\/www.ladiagonale.net\/wp-content\/uploads\/2026\/01\/terrainjuve-102x128.png 102w, https:\/\/www.ladiagonale.net\/wp-content\/uploads\/2026\/01\/terrainjuve-26x32.png 26w, https:\/\/www.ladiagonale.net\/wp-content\/uploads\/2026\/01\/terrainjuve.png 1242w\" sizes=\"(max-width: 614px) 100vw, 614px\" \/><figcaption>Moyenne : 5,9\/10<\/figcaption><\/figure><\/div>","protected":false},"excerpt":{"rendered":"<p>Auteur d&rsquo;une saison jusqu&rsquo;ici d\u00e9cevante, Denis Zakaria a enfin livr\u00e9 une prestation conforme \u00e0 son statut. Mais pas au poste o\u00f9 on l&rsquo;attendait. TOPS Denis Zakaria Comme l\u2019a reconnu son entra\u00eeneur, le Suisse a r\u00e9alis\u00e9 son meilleur match de la saison, mais \u00e0 un poste o\u00f9 on ne l\u2019attendait pas, m\u00eame s\u2019il avait d\u00e9j\u00e0 \u00e9t\u00e9 [&#8230;]\n","protected":false},"author":2,"featured_media":36516,"comment_status":"open","ping_status":"open","sticky":false,"template":"","format":"standard","meta":[],"categories":[5,6,1001],"tags":[86,631,287,1186,248],"yoast_head":"<!-- This site is optimized with the Yoast SEO plugin v19.8 - https:\/\/yoast.com\/wordpress\/plugins\/seo\/ -->\n<title>Les notes : Zakaria enfin patron - La Diagonale<\/title>\n<meta name=\"robots\" content=\"index, follow, max-snippet:-1, max-image-preview:large, max-video-preview:-1\" \/>\n<link rel=\"canonical\" href=\"https:\/\/www.ladiagonale.net\/index.php\/2026\/01\/29\/les-notes-zakaria-enfin-patron\/\" \/>\n<meta property=\"og:locale\" content=\"fr_FR\" \/>\n<meta property=\"og:type\" content=\"article\" \/>\n<meta property=\"og:title\" content=\"Les notes : Zakaria enfin patron - La Diagonale\" \/>\n<meta property=\"og:description\" content=\"Auteur d&rsquo;une saison jusqu&rsquo;ici d\u00e9cevante, Denis Zakaria a enfin livr\u00e9 une prestation conforme \u00e0 son statut. Mais pas au poste o\u00f9 on l&rsquo;attendait. TOPS Denis Zakaria Comme l\u2019a reconnu son entra\u00eeneur, le Suisse a r\u00e9alis\u00e9 son meilleur match de la saison, mais \u00e0 un poste o\u00f9 on ne l\u2019attendait pas, m\u00eame s\u2019il avait d\u00e9j\u00e0 \u00e9t\u00e9 [...]\" \/>\n<meta property=\"og:url\" content=\"https:\/\/www.ladiagonale.net\/index.php\/2026\/01\/29\/les-notes-zakaria-enfin-patron\/\" \/>\n<meta property=\"og:site_name\" content=\"La Diagonale\" \/>\n<meta property=\"article:published_time\" content=\"2026-01-29T13:13:13+00:00\" \/>\n<meta property=\"article:modified_time\" content=\"2026-01-29T13:13:15+00:00\" \/>\n<meta property=\"og:image\" content=\"https:\/\/www.ladiagonale.net\/wp-content\/uploads\/2026\/01\/ZakariaJuve.png\" \/>\n\t<meta property=\"og:image:width\" content=\"1160\" \/>\n\t<meta property=\"og:image:height\" content=\"650\" \/>\n\t<meta property=\"og:image:type\" content=\"image\/png\" \/>\n<meta name=\"author\" content=\"Damien Dellerba\" \/>\n<meta name=\"twitter:card\" content=\"summary_large_image\" \/>\n<meta name=\"twitter:image\" content=\"https:\/\/www.ladiagonale.net\/wp-content\/uploads\/2026\/01\/ZakariaJuve.png\" \/>\n<meta name=\"twitter:label1\" content=\"\u00c9crit par\" \/>\n\t<meta name=\"twitter:data1\" content=\"Damien Dellerba\" \/>\n\t<meta name=\"twitter:label2\" content=\"Dur\u00e9e de lecture estim\u00e9e\" \/>\n\t<meta name=\"twitter:data2\" content=\"6 minutes\" \/>\n<script type=\"application\/ld+json\" class=\"yoast-schema-graph\">{\"@context\":\"https:\/\/schema.org\",\"@graph\":[{\"@type\":\"WebPage\",\"@id\":\"https:\/\/www.ladiagonale.net\/index.php\/2026\/01\/29\/les-notes-zakaria-enfin-patron\/\",\"url\":\"https:\/\/www.ladiagonale.net\/index.php\/2026\/01\/29\/les-notes-zakaria-enfin-patron\/\",\"name\":\"Les notes : Zakaria enfin patron - La Diagonale\",\"isPartOf\":{\"@id\":\"https:\/\/www.ladiagonale.net\/#website\"},\"datePublished\":\"2026-01-29T13:13:13+00:00\",\"dateModified\":\"2026-01-29T13:13:15+00:00\",\"author\":{\"@id\":\"https:\/\/www.ladiagonale.net\/#\/schema\/person\/79ff1e7b0853ed01b2aa26e64ad300bf\"},\"breadcrumb\":{\"@id\":\"https:\/\/www.ladiagonale.net\/index.php\/2026\/01\/29\/les-notes-zakaria-enfin-patron\/#breadcrumb\"},\"inLanguage\":\"fr-FR\",\"potentialAction\":[{\"@type\":\"ReadAction\",\"target\":[\"https:\/\/www.ladiagonale.net\/index.php\/2026\/01\/29\/les-notes-zakaria-enfin-patron\/\"]}]},{\"@type\":\"BreadcrumbList\",\"@id\":\"https:\/\/www.ladiagonale.net\/index.php\/2026\/01\/29\/les-notes-zakaria-enfin-patron\/#breadcrumb\",\"itemListElement\":[{\"@type\":\"ListItem\",\"position\":1,\"name\":\"Accueil\",\"item\":\"https:\/\/www.ladiagonale.net\/\"},{\"@type\":\"ListItem\",\"position\":2,\"name\":\"Les notes : Zakaria enfin patron\"}]},{\"@type\":\"WebSite\",\"@id\":\"https:\/\/www.ladiagonale.net\/#website\",\"url\":\"https:\/\/www.ladiagonale.net\/\",\"name\":\"La Diagonale\",\"description\":\"Le site des supporters de l&#039;AS Monaco FC\",\"potentialAction\":[{\"@type\":\"SearchAction\",\"target\":{\"@type\":\"EntryPoint\",\"urlTemplate\":\"https:\/\/www.ladiagonale.net\/?s={search_term_string}\"},\"query-input\":\"required name=search_term_string\"}],\"inLanguage\":\"fr-FR\"},{\"@type\":\"Person\",\"@id\":\"https:\/\/www.ladiagonale.net\/#\/schema\/person\/79ff1e7b0853ed01b2aa26e64ad300bf\",\"name\":\"Damien Dellerba\",\"image\":{\"@type\":\"ImageObject\",\"inLanguage\":\"fr-FR\",\"@id\":\"https:\/\/www.ladiagonale.net\/#\/schema\/person\/image\/\",\"url\":\"https:\/\/secure.gravatar.com\/avatar\/c7850e06d3ff63cdbaee88b7fc16e2f0?s=96&d=mm&r=g\",\"contentUrl\":\"https:\/\/secure.gravatar.com\/avatar\/c7850e06d3ff63cdbaee88b7fc16e2f0?s=96&d=mm&r=g\",\"caption\":\"Damien Dellerba\"},\"url\":\"https:\/\/www.ladiagonale.net\/index.php\/author\/damien\/\"}]}<\/script>\n<!-- \/ Yoast SEO plugin. -->","yoast_head_json":{"title":"Les notes : Zakaria enfin patron - La Diagonale","robots":{"index":"index","follow":"follow","max-snippet":"max-snippet:-1","max-image-preview":"max-image-preview:large","max-video-preview":"max-video-preview:-1"},"canonical":"https:\/\/www.ladiagonale.net\/index.php\/2026\/01\/29\/les-notes-zakaria-enfin-patron\/","og_locale":"fr_FR","og_type":"article","og_title":"Les notes : Zakaria enfin patron - La Diagonale","og_description":"Auteur d&rsquo;une saison jusqu&rsquo;ici d\u00e9cevante, Denis Zakaria a enfin livr\u00e9 une prestation conforme \u00e0 son statut. Mais pas au poste o\u00f9 on l&rsquo;attendait. TOPS Denis Zakaria Comme l\u2019a reconnu son entra\u00eeneur, le Suisse a r\u00e9alis\u00e9 son meilleur match de la saison, mais \u00e0 un poste o\u00f9 on ne l\u2019attendait pas, m\u00eame s\u2019il avait d\u00e9j\u00e0 \u00e9t\u00e9 [...]","og_url":"https:\/\/www.ladiagonale.net\/index.php\/2026\/01\/29\/les-notes-zakaria-enfin-patron\/","og_site_name":"La Diagonale","article_published_time":"2026-01-29T13:13:13+00:00","article_modified_time":"2026-01-29T13:13:15+00:00","og_image":[{"width":1160,"height":650,"url":"https:\/\/www.ladiagonale.net\/wp-content\/uploads\/2026\/01\/ZakariaJuve.png","type":"image\/png"}],"author":"Damien Dellerba","twitter_card":"summary_large_image","twitter_image":"https:\/\/www.ladiagonale.net\/wp-content\/uploads\/2026\/01\/ZakariaJuve.png","twitter_misc":{"\u00c9crit par":"Damien Dellerba","Dur\u00e9e de lecture estim\u00e9e":"6 minutes"},"schema":{"@context":"https:\/\/schema.org","@graph":[{"@type":"WebPage","@id":"https:\/\/www.ladiagonale.net\/index.php\/2026\/01\/29\/les-notes-zakaria-enfin-patron\/","url":"https:\/\/www.ladiagonale.net\/index.php\/2026\/01\/29\/les-notes-zakaria-enfin-patron\/","name":"Les notes : Zakaria enfin patron - La Diagonale","isPartOf":{"@id":"https:\/\/www.ladiagonale.net\/#website"},"datePublished":"2026-01-29T13:13:13+00:00","dateModified":"2026-01-29T13:13:15+00:00","author":{"@id":"https:\/\/www.ladiagonale.net\/#\/schema\/person\/79ff1e7b0853ed01b2aa26e64ad300bf"},"breadcrumb":{"@id":"https:\/\/www.ladiagonale.net\/index.php\/2026\/01\/29\/les-notes-zakaria-enfin-patron\/#breadcrumb"},"inLanguage":"fr-FR","potentialAction":[{"@type":"ReadAction","target":["https:\/\/www.ladiagonale.net\/index.php\/2026\/01\/29\/les-notes-zakaria-enfin-patron\/"]}]},{"@type":"BreadcrumbList","@id":"https:\/\/www.ladiagonale.net\/index.php\/2026\/01\/29\/les-notes-zakaria-enfin-patron\/#breadcrumb","itemListElement":[{"@type":"ListItem","position":1,"name":"Accueil","item":"https:\/\/www.ladiagonale.net\/"},{"@type":"ListItem","position":2,"name":"Les notes : Zakaria enfin patron"}]},{"@type":"WebSite","@id":"https:\/\/www.ladiagonale.net\/#website","url":"https:\/\/www.ladiagonale.net\/","name":"La Diagonale","description":"Le site des supporters de l&#039;AS Monaco FC","potentialAction":[{"@type":"SearchAction","target":{"@type":"EntryPoint","urlTemplate":"https:\/\/www.ladiagonale.net\/?s={search_term_string}"},"query-input":"required name=search_term_string"}],"inLanguage":"fr-FR"},{"@type":"Person","@id":"https:\/\/www.ladiagonale.net\/#\/schema\/person\/79ff1e7b0853ed01b2aa26e64ad300bf","name":"Damien Dellerba","image":{"@type":"ImageObject","inLanguage":"fr-FR","@id":"https:\/\/www.ladiagonale.net\/#\/schema\/person\/image\/","url":"https:\/\/secure.gravatar.com\/avatar\/c7850e06d3ff63cdbaee88b7fc16e2f0?s=96&d=mm&r=g","contentUrl":"https:\/\/secure.gravatar.com\/avatar\/c7850e06d3ff63cdbaee88b7fc16e2f0?s=96&d=mm&r=g","caption":"Damien Dellerba"},"url":"https:\/\/www.ladiagonale.net\/index.php\/author\/damien\/"}]}},"_links":{"self":[{"href":"https:\/\/www.ladiagonale.net\/index.php\/wp-json\/wp\/v2\/posts\/36509"}],"collection":[{"href":"https:\/\/www.ladiagonale.net\/index.php\/wp-json\/wp\/v2\/posts"}],"about":[{"href":"https:\/\/www.ladiagonale.net\/index.php\/wp-json\/wp\/v2\/types\/post"}],"author":[{"embeddable":true,"href":"https:\/\/www.ladiagonale.net\/index.php\/wp-json\/wp\/v2\/users\/2"}],"replies":[{"embeddable":true,"href":"https:\/\/www.ladiagonale.net\/index.php\/wp-json\/wp\/v2\/comments?post=36509"}],"version-history":[{"count":1,"href":"https:\/\/www.ladiagonale.net\/index.php\/wp-json\/wp\/v2\/posts\/36509\/revisions"}],"predecessor-version":[{"id":36517,"href":"https:\/\/www.ladiagonale.net\/index.php\/wp-json\/wp\/v2\/posts\/36509\/revisions\/36517"}],"wp:featuredmedia":[{"embeddable":true,"href":"https:\/\/www.ladiagonale.net\/index.php\/wp-json\/wp\/v2\/media\/36516"}],"wp:attachment":[{"href":"https:\/\/www.ladiagonale.net\/index.php\/wp-json\/wp\/v2\/media?parent=36509"}],"wp:term":[{"taxonomy":"category","embeddable":true,"href":"https:\/\/www.ladiagonale.net\/index.php\/wp-json\/wp\/v2\/categories?post=36509"},{"taxonomy":"post_tag","embeddable":true,"href":"https:\/\/www.ladiagonale.net\/index.php\/wp-json\/wp\/v2\/tags?post=36509"}],"curies":[{"name":"wp","href":"https:\/\/api.w.org\/{rel}","templated":true}]}}