{"id":36520,"date":"2026-01-29T16:05:10","date_gmt":"2026-01-29T15:05:10","guid":{"rendered":"https:\/\/www.ladiagonale.net\/?p=36520"},"modified":"2026-01-29T16:05:11","modified_gmt":"2026-01-29T15:05:11","slug":"ilenikhena-serait-piste-par-lille","status":"publish","type":"post","link":"https:\/\/www.ladiagonale.net\/index.php\/2026\/01\/29\/ilenikhena-serait-piste-par-lille\/","title":{"rendered":"Ilenikhena serait pist\u00e9 par Lille"},"content":{"rendered":"\n<p>L\u2019AS Monaco <a href=\"https:\/\/www.ladiagonale.net\/index.php\/2026\/01\/14\/scuro-monaco-doit-vendre-pour-eviter-les-sanctions\/\" target=\"_blank\" rel=\"noreferrer noopener\">a besoin d\u2019une grosse vente<\/a> d\u2019ici l\u2019\u00e9t\u00e9 pour \u00eatre dans les clous du fair-play financier \u00e9dict\u00e9 par l\u2019UEFA, m\u00eame si la qualification pour les barrages de la Ligue des champions va sans doute faire du bien \u00e0 la tr\u00e9sorerie du club de la Principaut\u00e9. Reste que les grosses valeurs marchandes ne sont pas si nombreuses dans l\u2019effectif. George Ilenikhena en est une et l\u2019attaquant nig\u00e9rian int\u00e9resserait Lille, selon les informations de <em>RMC Sport<\/em>. L\u2019ASM demanderait 25 millions d\u2019euros pour le laisser partir, une somme qui refroidirait les ardeurs des dirigeants nordistes.<\/p>\n\n\n\n<p>Depuis cet \u00e9t\u00e9, et une offre de 27 millions d\u2019euros de Stuttgart que Monaco avait refus\u00e9e, l\u2019ancien Ami\u00e9nois a souvent fait l&rsquo;objet de rumeurs. Au d\u00e9but de l\u2019hiver, Francfort s&rsquo;\u00e9tait positionn\u00e9 mais le club allemand s\u2019\u00e9tait finalement tourn\u00e9 vers Arnaud Kalimuendo. Il faut dire qu\u2019Ilenikhena n\u2019a pas beaucoup de temps de jeu depuis son arriv\u00e9e en Principaut\u00e9, o\u00f9 il est sous contrat jusqu\u2019en 2029. Cette saison, il a jou\u00e9 19 rencontres mais seulement trois comme titulaire et cumul\u00e9 424 minutes de jeu. Il en a profit\u00e9 pour inscrire quatre buts, dont deux contre Orl\u00e9ans en Coupe de France.<\/p>\n\n\n","protected":false},"excerpt":{"rendered":"<p>L\u2019AS Monaco a besoin d\u2019une grosse vente d\u2019ici l\u2019\u00e9t\u00e9 pour \u00eatre dans les clous du fair-play financier \u00e9dict\u00e9 par l\u2019UEFA, m\u00eame si la qualification pour les barrages de la Ligue des champions va sans doute faire du bien \u00e0 la tr\u00e9sorerie du club de la Principaut\u00e9. Reste que les grosses valeurs marchandes ne sont pas [&#8230;]\n","protected":false},"author":2,"featured_media":0,"comment_status":"open","ping_status":"open","sticky":false,"template":"","format":"standard","meta":[],"categories":[6,1086],"tags":[86,890,111,110],"yoast_head":"<!-- This site is optimized with the Yoast SEO plugin v19.8 - https:\/\/yoast.com\/wordpress\/plugins\/seo\/ -->\n<title>Ilenikhena serait pist\u00e9 par Lille - La Diagonale<\/title>\n<meta name=\"robots\" content=\"index, follow, max-snippet:-1, max-image-preview:large, max-video-preview:-1\" \/>\n<link rel=\"canonical\" href=\"https:\/\/www.ladiagonale.net\/index.php\/2026\/01\/29\/ilenikhena-serait-piste-par-lille\/\" \/>\n<meta property=\"og:locale\" content=\"fr_FR\" \/>\n<meta property=\"og:type\" content=\"article\" \/>\n<meta property=\"og:title\" content=\"Ilenikhena serait pist\u00e9 par Lille - La Diagonale\" \/>\n<meta property=\"og:description\" content=\"L\u2019AS Monaco a besoin d\u2019une grosse vente d\u2019ici l\u2019\u00e9t\u00e9 pour \u00eatre dans les clous du fair-play financier \u00e9dict\u00e9 par l\u2019UEFA, m\u00eame si la qualification pour les barrages de la Ligue des champions va sans doute faire du bien \u00e0 la tr\u00e9sorerie du club de la Principaut\u00e9. Reste que les grosses valeurs marchandes ne sont pas [...]\" \/>\n<meta property=\"og:url\" content=\"https:\/\/www.ladiagonale.net\/index.php\/2026\/01\/29\/ilenikhena-serait-piste-par-lille\/\" \/>\n<meta property=\"og:site_name\" content=\"La Diagonale\" \/>\n<meta property=\"article:published_time\" content=\"2026-01-29T15:05:10+00:00\" \/>\n<meta property=\"article:modified_time\" content=\"2026-01-29T15:05:11+00:00\" \/>\n<meta property=\"og:image\" content=\"https:\/\/www.ladiagonale.net\/wp-content\/uploads\/2025\/12\/ilenikhena2.png\" \/>\n\t<meta property=\"og:image:width\" content=\"1160\" \/>\n\t<meta property=\"og:image:height\" content=\"650\" \/>\n\t<meta property=\"og:image:type\" content=\"image\/png\" \/>\n<meta name=\"author\" content=\"Damien Dellerba\" \/>\n<meta name=\"twitter:card\" content=\"summary_large_image\" \/>\n<meta name=\"twitter:image\" content=\"https:\/\/www.ladiagonale.net\/wp-content\/uploads\/2025\/12\/ilenikhena2.png\" \/>\n<meta name=\"twitter:label1\" content=\"\u00c9crit par\" \/>\n\t<meta name=\"twitter:data1\" content=\"Damien Dellerba\" \/>\n\t<meta name=\"twitter:label2\" content=\"Dur\u00e9e de lecture estim\u00e9e\" \/>\n\t<meta name=\"twitter:data2\" content=\"1 minute\" \/>\n<script type=\"application\/ld+json\" class=\"yoast-schema-graph\">{\"@context\":\"https:\/\/schema.org\",\"@graph\":[{\"@type\":\"WebPage\",\"@id\":\"https:\/\/www.ladiagonale.net\/index.php\/2026\/01\/29\/ilenikhena-serait-piste-par-lille\/\",\"url\":\"https:\/\/www.ladiagonale.net\/index.php\/2026\/01\/29\/ilenikhena-serait-piste-par-lille\/\",\"name\":\"Ilenikhena serait pist\u00e9 par Lille - La Diagonale\",\"isPartOf\":{\"@id\":\"https:\/\/www.ladiagonale.net\/#website\"},\"datePublished\":\"2026-01-29T15:05:10+00:00\",\"dateModified\":\"2026-01-29T15:05:11+00:00\",\"author\":{\"@id\":\"https:\/\/www.ladiagonale.net\/#\/schema\/person\/79ff1e7b0853ed01b2aa26e64ad300bf\"},\"breadcrumb\":{\"@id\":\"https:\/\/www.ladiagonale.net\/index.php\/2026\/01\/29\/ilenikhena-serait-piste-par-lille\/#breadcrumb\"},\"inLanguage\":\"fr-FR\",\"potentialAction\":[{\"@type\":\"ReadAction\",\"target\":[\"https:\/\/www.ladiagonale.net\/index.php\/2026\/01\/29\/ilenikhena-serait-piste-par-lille\/\"]}]},{\"@type\":\"BreadcrumbList\",\"@id\":\"https:\/\/www.ladiagonale.net\/index.php\/2026\/01\/29\/ilenikhena-serait-piste-par-lille\/#breadcrumb\",\"itemListElement\":[{\"@type\":\"ListItem\",\"position\":1,\"name\":\"Accueil\",\"item\":\"https:\/\/www.ladiagonale.net\/\"},{\"@type\":\"ListItem\",\"position\":2,\"name\":\"Ilenikhena serait pist\u00e9 par Lille\"}]},{\"@type\":\"WebSite\",\"@id\":\"https:\/\/www.ladiagonale.net\/#website\",\"url\":\"https:\/\/www.ladiagonale.net\/\",\"name\":\"La Diagonale\",\"description\":\"Le site des supporters de l&#039;AS Monaco FC\",\"potentialAction\":[{\"@type\":\"SearchAction\",\"target\":{\"@type\":\"EntryPoint\",\"urlTemplate\":\"https:\/\/www.ladiagonale.net\/?s={search_term_string}\"},\"query-input\":\"required name=search_term_string\"}],\"inLanguage\":\"fr-FR\"},{\"@type\":\"Person\",\"@id\":\"https:\/\/www.ladiagonale.net\/#\/schema\/person\/79ff1e7b0853ed01b2aa26e64ad300bf\",\"name\":\"Damien Dellerba\",\"image\":{\"@type\":\"ImageObject\",\"inLanguage\":\"fr-FR\",\"@id\":\"https:\/\/www.ladiagonale.net\/#\/schema\/person\/image\/\",\"url\":\"https:\/\/secure.gravatar.com\/avatar\/c7850e06d3ff63cdbaee88b7fc16e2f0?s=96&d=mm&r=g\",\"contentUrl\":\"https:\/\/secure.gravatar.com\/avatar\/c7850e06d3ff63cdbaee88b7fc16e2f0?s=96&d=mm&r=g\",\"caption\":\"Damien Dellerba\"},\"url\":\"https:\/\/www.ladiagonale.net\/index.php\/author\/damien\/\"}]}<\/script>\n<!-- \/ Yoast SEO plugin. -->","yoast_head_json":{"title":"Ilenikhena serait pist\u00e9 par Lille - La Diagonale","robots":{"index":"index","follow":"follow","max-snippet":"max-snippet:-1","max-image-preview":"max-image-preview:large","max-video-preview":"max-video-preview:-1"},"canonical":"https:\/\/www.ladiagonale.net\/index.php\/2026\/01\/29\/ilenikhena-serait-piste-par-lille\/","og_locale":"fr_FR","og_type":"article","og_title":"Ilenikhena serait pist\u00e9 par Lille - La Diagonale","og_description":"L\u2019AS Monaco a besoin d\u2019une grosse vente d\u2019ici l\u2019\u00e9t\u00e9 pour \u00eatre dans les clous du fair-play financier \u00e9dict\u00e9 par l\u2019UEFA, m\u00eame si la qualification pour les barrages de la Ligue des champions va sans doute faire du bien \u00e0 la tr\u00e9sorerie du club de la Principaut\u00e9. Reste que les grosses valeurs marchandes ne sont pas [...]","og_url":"https:\/\/www.ladiagonale.net\/index.php\/2026\/01\/29\/ilenikhena-serait-piste-par-lille\/","og_site_name":"La Diagonale","article_published_time":"2026-01-29T15:05:10+00:00","article_modified_time":"2026-01-29T15:05:11+00:00","og_image":[{"width":1160,"height":650,"url":"https:\/\/www.ladiagonale.net\/wp-content\/uploads\/2025\/12\/ilenikhena2.png","type":"image\/png"}],"author":"Damien Dellerba","twitter_card":"summary_large_image","twitter_image":"https:\/\/www.ladiagonale.net\/wp-content\/uploads\/2025\/12\/ilenikhena2.png","twitter_misc":{"\u00c9crit par":"Damien Dellerba","Dur\u00e9e de lecture estim\u00e9e":"1 minute"},"schema":{"@context":"https:\/\/schema.org","@graph":[{"@type":"WebPage","@id":"https:\/\/www.ladiagonale.net\/index.php\/2026\/01\/29\/ilenikhena-serait-piste-par-lille\/","url":"https:\/\/www.ladiagonale.net\/index.php\/2026\/01\/29\/ilenikhena-serait-piste-par-lille\/","name":"Ilenikhena serait pist\u00e9 par Lille - La Diagonale","isPartOf":{"@id":"https:\/\/www.ladiagonale.net\/#website"},"datePublished":"2026-01-29T15:05:10+00:00","dateModified":"2026-01-29T15:05:11+00:00","author":{"@id":"https:\/\/www.ladiagonale.net\/#\/schema\/person\/79ff1e7b0853ed01b2aa26e64ad300bf"},"breadcrumb":{"@id":"https:\/\/www.ladiagonale.net\/index.php\/2026\/01\/29\/ilenikhena-serait-piste-par-lille\/#breadcrumb"},"inLanguage":"fr-FR","potentialAction":[{"@type":"ReadAction","target":["https:\/\/www.ladiagonale.net\/index.php\/2026\/01\/29\/ilenikhena-serait-piste-par-lille\/"]}]},{"@type":"BreadcrumbList","@id":"https:\/\/www.ladiagonale.net\/index.php\/2026\/01\/29\/ilenikhena-serait-piste-par-lille\/#breadcrumb","itemListElement":[{"@type":"ListItem","position":1,"name":"Accueil","item":"https:\/\/www.ladiagonale.net\/"},{"@type":"ListItem","position":2,"name":"Ilenikhena serait pist\u00e9 par Lille"}]},{"@type":"WebSite","@id":"https:\/\/www.ladiagonale.net\/#website","url":"https:\/\/www.ladiagonale.net\/","name":"La Diagonale","description":"Le site des supporters de l&#039;AS Monaco FC","potentialAction":[{"@type":"SearchAction","target":{"@type":"EntryPoint","urlTemplate":"https:\/\/www.ladiagonale.net\/?s={search_term_string}"},"query-input":"required name=search_term_string"}],"inLanguage":"fr-FR"},{"@type":"Person","@id":"https:\/\/www.ladiagonale.net\/#\/schema\/person\/79ff1e7b0853ed01b2aa26e64ad300bf","name":"Damien Dellerba","image":{"@type":"ImageObject","inLanguage":"fr-FR","@id":"https:\/\/www.ladiagonale.net\/#\/schema\/person\/image\/","url":"https:\/\/secure.gravatar.com\/avatar\/c7850e06d3ff63cdbaee88b7fc16e2f0?s=96&d=mm&r=g","contentUrl":"https:\/\/secure.gravatar.com\/avatar\/c7850e06d3ff63cdbaee88b7fc16e2f0?s=96&d=mm&r=g","caption":"Damien Dellerba"},"url":"https:\/\/www.ladiagonale.net\/index.php\/author\/damien\/"}]}},"_links":{"self":[{"href":"https:\/\/www.ladiagonale.net\/index.php\/wp-json\/wp\/v2\/posts\/36520"}],"collection":[{"href":"https:\/\/www.ladiagonale.net\/index.php\/wp-json\/wp\/v2\/posts"}],"about":[{"href":"https:\/\/www.ladiagonale.net\/index.php\/wp-json\/wp\/v2\/types\/post"}],"author":[{"embeddable":true,"href":"https:\/\/www.ladiagonale.net\/index.php\/wp-json\/wp\/v2\/users\/2"}],"replies":[{"embeddable":true,"href":"https:\/\/www.ladiagonale.net\/index.php\/wp-json\/wp\/v2\/comments?post=36520"}],"version-history":[{"count":1,"href":"https:\/\/www.ladiagonale.net\/index.php\/wp-json\/wp\/v2\/posts\/36520\/revisions"}],"predecessor-version":[{"id":36521,"href":"https:\/\/www.ladiagonale.net\/index.php\/wp-json\/wp\/v2\/posts\/36520\/revisions\/36521"}],"wp:attachment":[{"href":"https:\/\/www.ladiagonale.net\/index.php\/wp-json\/wp\/v2\/media?parent=36520"}],"wp:term":[{"taxonomy":"category","embeddable":true,"href":"https:\/\/www.ladiagonale.net\/index.php\/wp-json\/wp\/v2\/categories?post=36520"},{"taxonomy":"post_tag","embeddable":true,"href":"https:\/\/www.ladiagonale.net\/index.php\/wp-json\/wp\/v2\/tags?post=36520"}],"curies":[{"name":"wp","href":"https:\/\/api.w.org\/{rel}","templated":true}]}}