{"id":36522,"date":"2026-01-29T16:19:02","date_gmt":"2026-01-29T15:19:02","guid":{"rendered":"https:\/\/www.ladiagonale.net\/?p=36522"},"modified":"2026-01-29T16:19:03","modified_gmt":"2026-01-29T15:19:03","slug":"monaco-discuterait-toujours-pour-noslin","status":"publish","type":"post","link":"https:\/\/www.ladiagonale.net\/index.php\/2026\/01\/29\/monaco-discuterait-toujours-pour-noslin\/","title":{"rendered":"Monaco discuterait toujours pour Noslin"},"content":{"rendered":"\n\n\n<p>Si l&rsquo;AS Monaco avait bien l&rsquo;intention de faire revenir Eliesse Ben Seghir en pr\u00eat cet hiver, la blessure de l&rsquo;international marocain, victime d&rsquo;une entorse d&rsquo;une cheville et indisponible pour plusieurs semaines, a \u00e9teint la piste. Plusieurs rumeurs concernant des ailiers ont \u00e9t\u00e9 r\u00e9v\u00e9l\u00e9es ces derniers jours mais celle qui tiendrait la corde concernerait Tijjani Noslin. <em>Sky Sports Italie<\/em> <a href=\"https:\/\/www.ladiagonale.net\/index.php\/2026\/01\/27\/des-negociations-pour-noslin\/\">avait r\u00e9v\u00e9l\u00e9 l&rsquo;information<\/a> et <em>L&rsquo;\u00c9quipe<\/em> a confirm\u00e9 ce jeudi que les n\u00e9gociations \u00e9taient toujours en cours pour faire venir le N\u00e9erlandais de 26 ans en pr\u00eat avec option d&rsquo;achat. <\/p>\n\n\n\n<p>Le joueur de la Lazio serait favorable \u00e0 une arriv\u00e9e sur le Rocher dans le but de se relancer. Cette saison, il a jou\u00e9 16 rencontres toutes comp\u00e9titions confondues pour deux buts inscrits mais il n&rsquo;a cumul\u00e9 que 431 minutes de jeu et il a notamment \u00e9t\u00e9 victime de l&rsquo;arriv\u00e9e sur le banc de Maurizio Sarri durant l&rsquo;\u00e9t\u00e9, qui ne l&rsquo;a titularis\u00e9 qu&rsquo;\u00e0 trois reprises. Il est sous contrat avec le club romain jusqu&rsquo;en 2029. <\/p>\n","protected":false},"excerpt":{"rendered":"<p>Si l&rsquo;AS Monaco avait bien l&rsquo;intention de faire revenir Eliesse Ben Seghir en pr\u00eat cet hiver, la blessure de l&rsquo;international marocain, victime d&rsquo;une entorse d&rsquo;une cheville et indisponible pour plusieurs semaines, a \u00e9teint la piste. Plusieurs rumeurs concernant des ailiers ont \u00e9t\u00e9 r\u00e9v\u00e9l\u00e9es ces derniers jours mais celle qui tiendrait la corde concernerait Tijjani Noslin. [&#8230;]\n","protected":false},"author":2,"featured_media":0,"comment_status":"open","ping_status":"open","sticky":false,"template":"","format":"standard","meta":[],"categories":[6,1086],"tags":[86,111,1185,110],"yoast_head":"<!-- This site is optimized with the Yoast SEO plugin v19.8 - https:\/\/yoast.com\/wordpress\/plugins\/seo\/ -->\n<title>Monaco discuterait toujours pour Noslin - La Diagonale<\/title>\n<meta name=\"robots\" content=\"index, follow, max-snippet:-1, max-image-preview:large, max-video-preview:-1\" \/>\n<link rel=\"canonical\" href=\"https:\/\/www.ladiagonale.net\/index.php\/2026\/01\/29\/monaco-discuterait-toujours-pour-noslin\/\" \/>\n<meta property=\"og:locale\" content=\"fr_FR\" \/>\n<meta property=\"og:type\" content=\"article\" \/>\n<meta property=\"og:title\" content=\"Monaco discuterait toujours pour Noslin - La Diagonale\" \/>\n<meta property=\"og:description\" content=\"Si l&rsquo;AS Monaco avait bien l&rsquo;intention de faire revenir Eliesse Ben Seghir en pr\u00eat cet hiver, la blessure de l&rsquo;international marocain, victime d&rsquo;une entorse d&rsquo;une cheville et indisponible pour plusieurs semaines, a \u00e9teint la piste. Plusieurs rumeurs concernant des ailiers ont \u00e9t\u00e9 r\u00e9v\u00e9l\u00e9es ces derniers jours mais celle qui tiendrait la corde concernerait Tijjani Noslin. [...]\" \/>\n<meta property=\"og:url\" content=\"https:\/\/www.ladiagonale.net\/index.php\/2026\/01\/29\/monaco-discuterait-toujours-pour-noslin\/\" \/>\n<meta property=\"og:site_name\" content=\"La Diagonale\" \/>\n<meta property=\"article:published_time\" content=\"2026-01-29T15:19:02+00:00\" \/>\n<meta property=\"article:modified_time\" content=\"2026-01-29T15:19:03+00:00\" \/>\n<meta property=\"og:image\" content=\"https:\/\/www.ladiagonale.net\/wp-content\/uploads\/2026\/01\/Noslin.png\" \/>\n\t<meta property=\"og:image:width\" content=\"1160\" \/>\n\t<meta property=\"og:image:height\" content=\"650\" \/>\n\t<meta property=\"og:image:type\" content=\"image\/png\" \/>\n<meta name=\"author\" content=\"Damien Dellerba\" \/>\n<meta name=\"twitter:card\" content=\"summary_large_image\" \/>\n<meta name=\"twitter:image\" content=\"https:\/\/www.ladiagonale.net\/wp-content\/uploads\/2026\/01\/Noslin.png\" \/>\n<meta name=\"twitter:label1\" content=\"\u00c9crit par\" \/>\n\t<meta name=\"twitter:data1\" content=\"Damien Dellerba\" \/>\n\t<meta name=\"twitter:label2\" content=\"Dur\u00e9e de lecture estim\u00e9e\" \/>\n\t<meta name=\"twitter:data2\" content=\"1 minute\" \/>\n<script type=\"application\/ld+json\" class=\"yoast-schema-graph\">{\"@context\":\"https:\/\/schema.org\",\"@graph\":[{\"@type\":\"WebPage\",\"@id\":\"https:\/\/www.ladiagonale.net\/index.php\/2026\/01\/29\/monaco-discuterait-toujours-pour-noslin\/\",\"url\":\"https:\/\/www.ladiagonale.net\/index.php\/2026\/01\/29\/monaco-discuterait-toujours-pour-noslin\/\",\"name\":\"Monaco discuterait toujours pour Noslin - La Diagonale\",\"isPartOf\":{\"@id\":\"https:\/\/www.ladiagonale.net\/#website\"},\"datePublished\":\"2026-01-29T15:19:02+00:00\",\"dateModified\":\"2026-01-29T15:19:03+00:00\",\"author\":{\"@id\":\"https:\/\/www.ladiagonale.net\/#\/schema\/person\/79ff1e7b0853ed01b2aa26e64ad300bf\"},\"breadcrumb\":{\"@id\":\"https:\/\/www.ladiagonale.net\/index.php\/2026\/01\/29\/monaco-discuterait-toujours-pour-noslin\/#breadcrumb\"},\"inLanguage\":\"fr-FR\",\"potentialAction\":[{\"@type\":\"ReadAction\",\"target\":[\"https:\/\/www.ladiagonale.net\/index.php\/2026\/01\/29\/monaco-discuterait-toujours-pour-noslin\/\"]}]},{\"@type\":\"BreadcrumbList\",\"@id\":\"https:\/\/www.ladiagonale.net\/index.php\/2026\/01\/29\/monaco-discuterait-toujours-pour-noslin\/#breadcrumb\",\"itemListElement\":[{\"@type\":\"ListItem\",\"position\":1,\"name\":\"Accueil\",\"item\":\"https:\/\/www.ladiagonale.net\/\"},{\"@type\":\"ListItem\",\"position\":2,\"name\":\"Monaco discuterait toujours pour Noslin\"}]},{\"@type\":\"WebSite\",\"@id\":\"https:\/\/www.ladiagonale.net\/#website\",\"url\":\"https:\/\/www.ladiagonale.net\/\",\"name\":\"La Diagonale\",\"description\":\"Le site des supporters de l&#039;AS Monaco FC\",\"potentialAction\":[{\"@type\":\"SearchAction\",\"target\":{\"@type\":\"EntryPoint\",\"urlTemplate\":\"https:\/\/www.ladiagonale.net\/?s={search_term_string}\"},\"query-input\":\"required name=search_term_string\"}],\"inLanguage\":\"fr-FR\"},{\"@type\":\"Person\",\"@id\":\"https:\/\/www.ladiagonale.net\/#\/schema\/person\/79ff1e7b0853ed01b2aa26e64ad300bf\",\"name\":\"Damien Dellerba\",\"image\":{\"@type\":\"ImageObject\",\"inLanguage\":\"fr-FR\",\"@id\":\"https:\/\/www.ladiagonale.net\/#\/schema\/person\/image\/\",\"url\":\"https:\/\/secure.gravatar.com\/avatar\/c7850e06d3ff63cdbaee88b7fc16e2f0?s=96&d=mm&r=g\",\"contentUrl\":\"https:\/\/secure.gravatar.com\/avatar\/c7850e06d3ff63cdbaee88b7fc16e2f0?s=96&d=mm&r=g\",\"caption\":\"Damien Dellerba\"},\"url\":\"https:\/\/www.ladiagonale.net\/index.php\/author\/damien\/\"}]}<\/script>\n<!-- \/ Yoast SEO plugin. -->","yoast_head_json":{"title":"Monaco discuterait toujours pour Noslin - La Diagonale","robots":{"index":"index","follow":"follow","max-snippet":"max-snippet:-1","max-image-preview":"max-image-preview:large","max-video-preview":"max-video-preview:-1"},"canonical":"https:\/\/www.ladiagonale.net\/index.php\/2026\/01\/29\/monaco-discuterait-toujours-pour-noslin\/","og_locale":"fr_FR","og_type":"article","og_title":"Monaco discuterait toujours pour Noslin - La Diagonale","og_description":"Si l&rsquo;AS Monaco avait bien l&rsquo;intention de faire revenir Eliesse Ben Seghir en pr\u00eat cet hiver, la blessure de l&rsquo;international marocain, victime d&rsquo;une entorse d&rsquo;une cheville et indisponible pour plusieurs semaines, a \u00e9teint la piste. Plusieurs rumeurs concernant des ailiers ont \u00e9t\u00e9 r\u00e9v\u00e9l\u00e9es ces derniers jours mais celle qui tiendrait la corde concernerait Tijjani Noslin. [...]","og_url":"https:\/\/www.ladiagonale.net\/index.php\/2026\/01\/29\/monaco-discuterait-toujours-pour-noslin\/","og_site_name":"La Diagonale","article_published_time":"2026-01-29T15:19:02+00:00","article_modified_time":"2026-01-29T15:19:03+00:00","og_image":[{"width":1160,"height":650,"url":"https:\/\/www.ladiagonale.net\/wp-content\/uploads\/2026\/01\/Noslin.png","type":"image\/png"}],"author":"Damien Dellerba","twitter_card":"summary_large_image","twitter_image":"https:\/\/www.ladiagonale.net\/wp-content\/uploads\/2026\/01\/Noslin.png","twitter_misc":{"\u00c9crit par":"Damien Dellerba","Dur\u00e9e de lecture estim\u00e9e":"1 minute"},"schema":{"@context":"https:\/\/schema.org","@graph":[{"@type":"WebPage","@id":"https:\/\/www.ladiagonale.net\/index.php\/2026\/01\/29\/monaco-discuterait-toujours-pour-noslin\/","url":"https:\/\/www.ladiagonale.net\/index.php\/2026\/01\/29\/monaco-discuterait-toujours-pour-noslin\/","name":"Monaco discuterait toujours pour Noslin - La Diagonale","isPartOf":{"@id":"https:\/\/www.ladiagonale.net\/#website"},"datePublished":"2026-01-29T15:19:02+00:00","dateModified":"2026-01-29T15:19:03+00:00","author":{"@id":"https:\/\/www.ladiagonale.net\/#\/schema\/person\/79ff1e7b0853ed01b2aa26e64ad300bf"},"breadcrumb":{"@id":"https:\/\/www.ladiagonale.net\/index.php\/2026\/01\/29\/monaco-discuterait-toujours-pour-noslin\/#breadcrumb"},"inLanguage":"fr-FR","potentialAction":[{"@type":"ReadAction","target":["https:\/\/www.ladiagonale.net\/index.php\/2026\/01\/29\/monaco-discuterait-toujours-pour-noslin\/"]}]},{"@type":"BreadcrumbList","@id":"https:\/\/www.ladiagonale.net\/index.php\/2026\/01\/29\/monaco-discuterait-toujours-pour-noslin\/#breadcrumb","itemListElement":[{"@type":"ListItem","position":1,"name":"Accueil","item":"https:\/\/www.ladiagonale.net\/"},{"@type":"ListItem","position":2,"name":"Monaco discuterait toujours pour Noslin"}]},{"@type":"WebSite","@id":"https:\/\/www.ladiagonale.net\/#website","url":"https:\/\/www.ladiagonale.net\/","name":"La Diagonale","description":"Le site des supporters de l&#039;AS Monaco FC","potentialAction":[{"@type":"SearchAction","target":{"@type":"EntryPoint","urlTemplate":"https:\/\/www.ladiagonale.net\/?s={search_term_string}"},"query-input":"required name=search_term_string"}],"inLanguage":"fr-FR"},{"@type":"Person","@id":"https:\/\/www.ladiagonale.net\/#\/schema\/person\/79ff1e7b0853ed01b2aa26e64ad300bf","name":"Damien Dellerba","image":{"@type":"ImageObject","inLanguage":"fr-FR","@id":"https:\/\/www.ladiagonale.net\/#\/schema\/person\/image\/","url":"https:\/\/secure.gravatar.com\/avatar\/c7850e06d3ff63cdbaee88b7fc16e2f0?s=96&d=mm&r=g","contentUrl":"https:\/\/secure.gravatar.com\/avatar\/c7850e06d3ff63cdbaee88b7fc16e2f0?s=96&d=mm&r=g","caption":"Damien Dellerba"},"url":"https:\/\/www.ladiagonale.net\/index.php\/author\/damien\/"}]}},"_links":{"self":[{"href":"https:\/\/www.ladiagonale.net\/index.php\/wp-json\/wp\/v2\/posts\/36522"}],"collection":[{"href":"https:\/\/www.ladiagonale.net\/index.php\/wp-json\/wp\/v2\/posts"}],"about":[{"href":"https:\/\/www.ladiagonale.net\/index.php\/wp-json\/wp\/v2\/types\/post"}],"author":[{"embeddable":true,"href":"https:\/\/www.ladiagonale.net\/index.php\/wp-json\/wp\/v2\/users\/2"}],"replies":[{"embeddable":true,"href":"https:\/\/www.ladiagonale.net\/index.php\/wp-json\/wp\/v2\/comments?post=36522"}],"version-history":[{"count":1,"href":"https:\/\/www.ladiagonale.net\/index.php\/wp-json\/wp\/v2\/posts\/36522\/revisions"}],"predecessor-version":[{"id":36523,"href":"https:\/\/www.ladiagonale.net\/index.php\/wp-json\/wp\/v2\/posts\/36522\/revisions\/36523"}],"wp:attachment":[{"href":"https:\/\/www.ladiagonale.net\/index.php\/wp-json\/wp\/v2\/media?parent=36522"}],"wp:term":[{"taxonomy":"category","embeddable":true,"href":"https:\/\/www.ladiagonale.net\/index.php\/wp-json\/wp\/v2\/categories?post=36522"},{"taxonomy":"post_tag","embeddable":true,"href":"https:\/\/www.ladiagonale.net\/index.php\/wp-json\/wp\/v2\/tags?post=36522"}],"curies":[{"name":"wp","href":"https:\/\/api.w.org\/{rel}","templated":true}]}}