{"id":36532,"date":"2026-01-30T10:16:55","date_gmt":"2026-01-30T09:16:55","guid":{"rendered":"https:\/\/www.ladiagonale.net\/?p=36532"},"modified":"2026-01-30T10:16:55","modified_gmt":"2026-01-30T09:16:55","slug":"embolo-jai-aime-jouer-a-monaco","status":"publish","type":"post","link":"https:\/\/www.ladiagonale.net\/index.php\/2026\/01\/30\/embolo-jai-aime-jouer-a-monaco\/","title":{"rendered":"Embolo : \u00ab&nbsp;J&rsquo;ai aim\u00e9 jouer \u00e0 Monaco&nbsp;\u00bb"},"content":{"rendered":"\n\n\n<p>La rencontre de samedi (21h05) entre l\u2019AS Monaco et le Stade Rennais marquera le retour de Breel Embolo en Principaut\u00e9. Un moment qui sera forc\u00e9ment sp\u00e9cial pour l\u2019attaquant suisse, apr\u00e8s trois saisons pass\u00e9es sur le Rocher : \u00ab&nbsp;<em>Je suis content d\u2019y retourner. C\u2019est un club avec lequel j\u2019ai v\u00e9cu de bons moments, une grosse blessure aussi. J\u2019ai \u00e9norm\u00e9ment de respect pour l&rsquo;ASM, les personnes qui y travaillent, le staff, les joueurs. C\u2019\u00e9tait de tr\u00e8s bons moments dans ma carri\u00e8re, j\u2019ai aim\u00e9 jouer l\u00e0-bas.<\/em> \u00bb<\/p>\n\n\n\n<p>Personnalit\u00e9 appreci\u00e9e du vestiaire mon\u00e9gasque, Embolo a gard\u00e9 des contacts avec ses anciens co\u00e9quipiers, en notamment Denis Zakaria, qui est aussi son compatriote, et Mika Biereth : \u00ab&nbsp;<em>Nous nous parlons tout le temps. Je regarde l\u2019ASM, ils regardent nos matchs, on s\u2019\u00e9change des conseils. Nous ne serons ni amis ni co\u00e9quipiers pendant 90 minutes. Je ne souhaite que le bonheur et la r\u00e9ussite \u00e0 cette \u00e9quipe sauf quand ils jouent contre nous. J\u2019aurais toujours du respect pour ces joueurs et ce staff.<\/em>&nbsp;\u00bb<\/p>\n\n\n\n<p>M\u00eame si Monaco est en difficult\u00e9 et traverse une phase difficile, l\u2019attaquant rennais conna\u00eet trop bien la qualit\u00e9 de ses anciens partenaires pour ne pas s\u2019en m\u00e9fier : \u00ab&nbsp;<em>C\u2019est une tr\u00e8s belle \u00e9quipe avec beaucoup d\u2019individualit\u00e9s de qualit\u00e9 et, entre les r\u00e9sultats et les bless\u00e9s, ils n\u2019ont pas eu de chance. Face \u00e0 la Juventus, ils ont montr\u00e9 que c\u2019est un collectif de haut niveau. J\u2019ai \u00e9t\u00e9 longtemps de l\u2019autre c\u00f4t\u00e9, je ne sais pas avec quel syst\u00e8me ils vont jouer, ni dans quel \u00e9tat d\u2019esprit, mais ils voudront se montrer et nous d\u00e9montrer qu\u2019ils peuvent jouer le haut du tableau.<\/em>&nbsp;\u00bb<\/p>\n","protected":false},"excerpt":{"rendered":"<p>La rencontre de samedi (21h05) entre l\u2019AS Monaco et le Stade Rennais marquera le retour de Breel Embolo en Principaut\u00e9. Un moment qui sera forc\u00e9ment sp\u00e9cial pour l\u2019attaquant suisse, apr\u00e8s trois saisons pass\u00e9es sur le Rocher : \u00ab&nbsp;Je suis content d\u2019y retourner. C\u2019est un club avec lequel j\u2019ai v\u00e9cu de bons moments, une grosse blessure [&#8230;]\n","protected":false},"author":2,"featured_media":0,"comment_status":"open","ping_status":"open","sticky":false,"template":"","format":"standard","meta":[],"categories":[6,1000],"tags":[255,86,161,94,222],"yoast_head":"<!-- This site is optimized with the Yoast SEO plugin v19.8 - https:\/\/yoast.com\/wordpress\/plugins\/seo\/ -->\n<title>Embolo : \u00ab&nbsp;J&#039;ai aim\u00e9 jouer \u00e0 Monaco&nbsp;\u00bb - La Diagonale<\/title>\n<meta name=\"robots\" content=\"index, follow, max-snippet:-1, max-image-preview:large, max-video-preview:-1\" \/>\n<link rel=\"canonical\" href=\"https:\/\/www.ladiagonale.net\/index.php\/2026\/01\/30\/embolo-jai-aime-jouer-a-monaco\/\" \/>\n<meta property=\"og:locale\" content=\"fr_FR\" \/>\n<meta property=\"og:type\" content=\"article\" \/>\n<meta property=\"og:title\" content=\"Embolo : \u00ab&nbsp;J&#039;ai aim\u00e9 jouer \u00e0 Monaco&nbsp;\u00bb - La Diagonale\" \/>\n<meta property=\"og:description\" content=\"La rencontre de samedi (21h05) entre l\u2019AS Monaco et le Stade Rennais marquera le retour de Breel Embolo en Principaut\u00e9. Un moment qui sera forc\u00e9ment sp\u00e9cial pour l\u2019attaquant suisse, apr\u00e8s trois saisons pass\u00e9es sur le Rocher : \u00ab&nbsp;Je suis content d\u2019y retourner. C\u2019est un club avec lequel j\u2019ai v\u00e9cu de bons moments, une grosse blessure [...]\" \/>\n<meta property=\"og:url\" content=\"https:\/\/www.ladiagonale.net\/index.php\/2026\/01\/30\/embolo-jai-aime-jouer-a-monaco\/\" \/>\n<meta property=\"og:site_name\" content=\"La Diagonale\" \/>\n<meta property=\"article:published_time\" content=\"2026-01-30T09:16:55+00:00\" \/>\n<meta property=\"og:image\" content=\"https:\/\/www.ladiagonale.net\/wp-content\/uploads\/2026\/01\/Embolo-rennes.png\" \/>\n\t<meta property=\"og:image:width\" content=\"1160\" \/>\n\t<meta property=\"og:image:height\" content=\"650\" \/>\n\t<meta property=\"og:image:type\" content=\"image\/png\" \/>\n<meta name=\"author\" content=\"Damien Dellerba\" \/>\n<meta name=\"twitter:card\" content=\"summary_large_image\" \/>\n<meta name=\"twitter:image\" content=\"https:\/\/www.ladiagonale.net\/wp-content\/uploads\/2026\/01\/Embolo-rennes.png\" \/>\n<meta name=\"twitter:label1\" content=\"\u00c9crit par\" \/>\n\t<meta name=\"twitter:data1\" content=\"Damien Dellerba\" \/>\n\t<meta name=\"twitter:label2\" content=\"Dur\u00e9e de lecture estim\u00e9e\" \/>\n\t<meta name=\"twitter:data2\" content=\"1 minute\" \/>\n<script type=\"application\/ld+json\" class=\"yoast-schema-graph\">{\"@context\":\"https:\/\/schema.org\",\"@graph\":[{\"@type\":\"WebPage\",\"@id\":\"https:\/\/www.ladiagonale.net\/index.php\/2026\/01\/30\/embolo-jai-aime-jouer-a-monaco\/\",\"url\":\"https:\/\/www.ladiagonale.net\/index.php\/2026\/01\/30\/embolo-jai-aime-jouer-a-monaco\/\",\"name\":\"Embolo : \u00ab&nbsp;J'ai aim\u00e9 jouer \u00e0 Monaco&nbsp;\u00bb - La Diagonale\",\"isPartOf\":{\"@id\":\"https:\/\/www.ladiagonale.net\/#website\"},\"datePublished\":\"2026-01-30T09:16:55+00:00\",\"dateModified\":\"2026-01-30T09:16:55+00:00\",\"author\":{\"@id\":\"https:\/\/www.ladiagonale.net\/#\/schema\/person\/79ff1e7b0853ed01b2aa26e64ad300bf\"},\"breadcrumb\":{\"@id\":\"https:\/\/www.ladiagonale.net\/index.php\/2026\/01\/30\/embolo-jai-aime-jouer-a-monaco\/#breadcrumb\"},\"inLanguage\":\"fr-FR\",\"potentialAction\":[{\"@type\":\"ReadAction\",\"target\":[\"https:\/\/www.ladiagonale.net\/index.php\/2026\/01\/30\/embolo-jai-aime-jouer-a-monaco\/\"]}]},{\"@type\":\"BreadcrumbList\",\"@id\":\"https:\/\/www.ladiagonale.net\/index.php\/2026\/01\/30\/embolo-jai-aime-jouer-a-monaco\/#breadcrumb\",\"itemListElement\":[{\"@type\":\"ListItem\",\"position\":1,\"name\":\"Accueil\",\"item\":\"https:\/\/www.ladiagonale.net\/\"},{\"@type\":\"ListItem\",\"position\":2,\"name\":\"Embolo : \u00ab&nbsp;J&rsquo;ai aim\u00e9 jouer \u00e0 Monaco&nbsp;\u00bb\"}]},{\"@type\":\"WebSite\",\"@id\":\"https:\/\/www.ladiagonale.net\/#website\",\"url\":\"https:\/\/www.ladiagonale.net\/\",\"name\":\"La Diagonale\",\"description\":\"Le site des supporters de l&#039;AS Monaco FC\",\"potentialAction\":[{\"@type\":\"SearchAction\",\"target\":{\"@type\":\"EntryPoint\",\"urlTemplate\":\"https:\/\/www.ladiagonale.net\/?s={search_term_string}\"},\"query-input\":\"required name=search_term_string\"}],\"inLanguage\":\"fr-FR\"},{\"@type\":\"Person\",\"@id\":\"https:\/\/www.ladiagonale.net\/#\/schema\/person\/79ff1e7b0853ed01b2aa26e64ad300bf\",\"name\":\"Damien Dellerba\",\"image\":{\"@type\":\"ImageObject\",\"inLanguage\":\"fr-FR\",\"@id\":\"https:\/\/www.ladiagonale.net\/#\/schema\/person\/image\/\",\"url\":\"https:\/\/secure.gravatar.com\/avatar\/c7850e06d3ff63cdbaee88b7fc16e2f0?s=96&d=mm&r=g\",\"contentUrl\":\"https:\/\/secure.gravatar.com\/avatar\/c7850e06d3ff63cdbaee88b7fc16e2f0?s=96&d=mm&r=g\",\"caption\":\"Damien Dellerba\"},\"url\":\"https:\/\/www.ladiagonale.net\/index.php\/author\/damien\/\"}]}<\/script>\n<!-- \/ Yoast SEO plugin. -->","yoast_head_json":{"title":"Embolo : \u00ab&nbsp;J'ai aim\u00e9 jouer \u00e0 Monaco&nbsp;\u00bb - La Diagonale","robots":{"index":"index","follow":"follow","max-snippet":"max-snippet:-1","max-image-preview":"max-image-preview:large","max-video-preview":"max-video-preview:-1"},"canonical":"https:\/\/www.ladiagonale.net\/index.php\/2026\/01\/30\/embolo-jai-aime-jouer-a-monaco\/","og_locale":"fr_FR","og_type":"article","og_title":"Embolo : \u00ab&nbsp;J'ai aim\u00e9 jouer \u00e0 Monaco&nbsp;\u00bb - La Diagonale","og_description":"La rencontre de samedi (21h05) entre l\u2019AS Monaco et le Stade Rennais marquera le retour de Breel Embolo en Principaut\u00e9. Un moment qui sera forc\u00e9ment sp\u00e9cial pour l\u2019attaquant suisse, apr\u00e8s trois saisons pass\u00e9es sur le Rocher : \u00ab&nbsp;Je suis content d\u2019y retourner. C\u2019est un club avec lequel j\u2019ai v\u00e9cu de bons moments, une grosse blessure [...]","og_url":"https:\/\/www.ladiagonale.net\/index.php\/2026\/01\/30\/embolo-jai-aime-jouer-a-monaco\/","og_site_name":"La Diagonale","article_published_time":"2026-01-30T09:16:55+00:00","og_image":[{"width":1160,"height":650,"url":"https:\/\/www.ladiagonale.net\/wp-content\/uploads\/2026\/01\/Embolo-rennes.png","type":"image\/png"}],"author":"Damien Dellerba","twitter_card":"summary_large_image","twitter_image":"https:\/\/www.ladiagonale.net\/wp-content\/uploads\/2026\/01\/Embolo-rennes.png","twitter_misc":{"\u00c9crit par":"Damien Dellerba","Dur\u00e9e de lecture estim\u00e9e":"1 minute"},"schema":{"@context":"https:\/\/schema.org","@graph":[{"@type":"WebPage","@id":"https:\/\/www.ladiagonale.net\/index.php\/2026\/01\/30\/embolo-jai-aime-jouer-a-monaco\/","url":"https:\/\/www.ladiagonale.net\/index.php\/2026\/01\/30\/embolo-jai-aime-jouer-a-monaco\/","name":"Embolo : \u00ab&nbsp;J'ai aim\u00e9 jouer \u00e0 Monaco&nbsp;\u00bb - La Diagonale","isPartOf":{"@id":"https:\/\/www.ladiagonale.net\/#website"},"datePublished":"2026-01-30T09:16:55+00:00","dateModified":"2026-01-30T09:16:55+00:00","author":{"@id":"https:\/\/www.ladiagonale.net\/#\/schema\/person\/79ff1e7b0853ed01b2aa26e64ad300bf"},"breadcrumb":{"@id":"https:\/\/www.ladiagonale.net\/index.php\/2026\/01\/30\/embolo-jai-aime-jouer-a-monaco\/#breadcrumb"},"inLanguage":"fr-FR","potentialAction":[{"@type":"ReadAction","target":["https:\/\/www.ladiagonale.net\/index.php\/2026\/01\/30\/embolo-jai-aime-jouer-a-monaco\/"]}]},{"@type":"BreadcrumbList","@id":"https:\/\/www.ladiagonale.net\/index.php\/2026\/01\/30\/embolo-jai-aime-jouer-a-monaco\/#breadcrumb","itemListElement":[{"@type":"ListItem","position":1,"name":"Accueil","item":"https:\/\/www.ladiagonale.net\/"},{"@type":"ListItem","position":2,"name":"Embolo : \u00ab&nbsp;J&rsquo;ai aim\u00e9 jouer \u00e0 Monaco&nbsp;\u00bb"}]},{"@type":"WebSite","@id":"https:\/\/www.ladiagonale.net\/#website","url":"https:\/\/www.ladiagonale.net\/","name":"La Diagonale","description":"Le site des supporters de l&#039;AS Monaco FC","potentialAction":[{"@type":"SearchAction","target":{"@type":"EntryPoint","urlTemplate":"https:\/\/www.ladiagonale.net\/?s={search_term_string}"},"query-input":"required name=search_term_string"}],"inLanguage":"fr-FR"},{"@type":"Person","@id":"https:\/\/www.ladiagonale.net\/#\/schema\/person\/79ff1e7b0853ed01b2aa26e64ad300bf","name":"Damien Dellerba","image":{"@type":"ImageObject","inLanguage":"fr-FR","@id":"https:\/\/www.ladiagonale.net\/#\/schema\/person\/image\/","url":"https:\/\/secure.gravatar.com\/avatar\/c7850e06d3ff63cdbaee88b7fc16e2f0?s=96&d=mm&r=g","contentUrl":"https:\/\/secure.gravatar.com\/avatar\/c7850e06d3ff63cdbaee88b7fc16e2f0?s=96&d=mm&r=g","caption":"Damien Dellerba"},"url":"https:\/\/www.ladiagonale.net\/index.php\/author\/damien\/"}]}},"_links":{"self":[{"href":"https:\/\/www.ladiagonale.net\/index.php\/wp-json\/wp\/v2\/posts\/36532"}],"collection":[{"href":"https:\/\/www.ladiagonale.net\/index.php\/wp-json\/wp\/v2\/posts"}],"about":[{"href":"https:\/\/www.ladiagonale.net\/index.php\/wp-json\/wp\/v2\/types\/post"}],"author":[{"embeddable":true,"href":"https:\/\/www.ladiagonale.net\/index.php\/wp-json\/wp\/v2\/users\/2"}],"replies":[{"embeddable":true,"href":"https:\/\/www.ladiagonale.net\/index.php\/wp-json\/wp\/v2\/comments?post=36532"}],"version-history":[{"count":3,"href":"https:\/\/www.ladiagonale.net\/index.php\/wp-json\/wp\/v2\/posts\/36532\/revisions"}],"predecessor-version":[{"id":36552,"href":"https:\/\/www.ladiagonale.net\/index.php\/wp-json\/wp\/v2\/posts\/36532\/revisions\/36552"}],"wp:attachment":[{"href":"https:\/\/www.ladiagonale.net\/index.php\/wp-json\/wp\/v2\/media?parent=36532"}],"wp:term":[{"taxonomy":"category","embeddable":true,"href":"https:\/\/www.ladiagonale.net\/index.php\/wp-json\/wp\/v2\/categories?post=36532"},{"taxonomy":"post_tag","embeddable":true,"href":"https:\/\/www.ladiagonale.net\/index.php\/wp-json\/wp\/v2\/tags?post=36532"}],"curies":[{"name":"wp","href":"https:\/\/api.w.org\/{rel}","templated":true}]}}