{"id":36534,"date":"2026-01-30T09:41:40","date_gmt":"2026-01-30T08:41:40","guid":{"rendered":"https:\/\/www.ladiagonale.net\/?p=36534"},"modified":"2026-01-30T09:41:41","modified_gmt":"2026-01-30T08:41:41","slug":"pogba-repond-aux-rumeurs-dune-resiliation-de-contrat","status":"publish","type":"post","link":"https:\/\/www.ladiagonale.net\/index.php\/2026\/01\/30\/pogba-repond-aux-rumeurs-dune-resiliation-de-contrat\/","title":{"rendered":"Pogba r\u00e9pond aux rumeurs d&rsquo;une r\u00e9siliation de contrat"},"content":{"rendered":"\n\n\n<p>S\u2019il n&rsquo;a quasiment pas \u00e9t\u00e9 sur le terrain, Paul Pogba demeure l\u2019une des attractions de l\u2019AS Monaco cette saison. Mais la situation du milieu de terrain de 32 ans demeure complexe et son avenir sur le Rocher semble s&rsquo;inscrire en pointill\u00e9. Le directeur sportif de l&rsquo;ASM, Thiago Scuro, avait admis que le programme sur-mesure concoct\u00e9 pour lui \u00ab\u00a0<em>ne fonctionnait pas comme esp\u00e9r\u00e9<\/em>\u00a0\u00bb et qu&rsquo;en cas d&rsquo;\u00e9chec, <a href=\"https:\/\/www.ladiagonale.net\/index.php\/2026\/01\/14\/scuro-sur-pogba-ca-ne-fonctionne-pas-comme-on-laurait-espere\/\" target=\"_blank\" rel=\"noreferrer noopener\">les deux parties discuteraient<\/a> pour d\u00e9cider ou non de continuer l&rsquo;aventure.<\/p>\n\n\n\n<p>Du c\u00f4t\u00e9 de l&rsquo;Italie, o\u00f9 Pogba a laiss\u00e9 de bons souvenirs sous le maillot de la Juventus, les rumeurs propag\u00e9es par <em>La Gazzetta dello Sport<\/em> \u00e9taient bien plus affirmatives et indiquaient que le club de la Principaut\u00e9 r\u00e9fl\u00e9chissait tr\u00e8s s\u00e9rieusement \u00e0 r\u00e9silier le contrat du champion du monde 2018. Sur <em>Instagram<\/em>, le joueur s&rsquo;est fendu d&rsquo;un simple \u00ab\u00a0<em>Ah bon ?<\/em> \ud83e\udd28\u00a0\u00bb, comme pour d\u00e9mentir ce bruit de couloir.<\/p>\n\n\n<div class=\"wp-block-image\">\n<figure class=\"aligncenter size-full is-resized\"><img loading=\"lazy\" src=\"https:\/\/www.ladiagonale.net\/wp-content\/uploads\/2026\/01\/Capture-de\u0301cran-2026-01-30-a\u0300-02.56.45.png\" alt=\"\" class=\"wp-image-36535\" width=\"490\" height=\"339\" srcset=\"https:\/\/www.ladiagonale.net\/wp-content\/uploads\/2026\/01\/Capture-de\u0301cran-2026-01-30-a\u0300-02.56.45.png 653w, https:\/\/www.ladiagonale.net\/wp-content\/uploads\/2026\/01\/Capture-de\u0301cran-2026-01-30-a\u0300-02.56.45-300x208.png 300w, https:\/\/www.ladiagonale.net\/wp-content\/uploads\/2026\/01\/Capture-de\u0301cran-2026-01-30-a\u0300-02.56.45-128x89.png 128w, https:\/\/www.ladiagonale.net\/wp-content\/uploads\/2026\/01\/Capture-de\u0301cran-2026-01-30-a\u0300-02.56.45-32x22.png 32w\" sizes=\"(max-width: 490px) 100vw, 490px\" \/><\/figure><\/div>\n\n\n<p>Il n&rsquo;en reste pas moins que l&rsquo;aventure Paul Pogba \u00e0 Monaco est en train de virer au flop. En trois apparitions, il n&rsquo;a cumul\u00e9 que 30 minutes de jeu et a d\u00e9j\u00e0 connu plusieurs blessures. Il est actuellement touch\u00e9 \u00e0 un mollet depuis la mi-d\u00e9cembre, et S\u00e9bastien Pocognoli avait confi\u00e9, il y a quelques jours, qu&rsquo;il \u00ab\u00a0<em>travaillait dur pour essayer de revenir avec le groupe \u00e0 l\u2019entra\u00eenement<\/em>\u00a0\u00bb.<\/p>\n","protected":false},"excerpt":{"rendered":"<p>S\u2019il n&rsquo;a quasiment pas \u00e9t\u00e9 sur le terrain, Paul Pogba demeure l\u2019une des attractions de l\u2019AS Monaco cette saison. Mais la situation du milieu de terrain de 32 ans demeure complexe et son avenir sur le Rocher semble s&rsquo;inscrire en pointill\u00e9. Le directeur sportif de l&rsquo;ASM, Thiago Scuro, avait admis que le programme sur-mesure concoct\u00e9 [&#8230;]\n","protected":false},"author":2,"featured_media":0,"comment_status":"open","ping_status":"open","sticky":false,"template":"","format":"standard","meta":[],"categories":[6],"tags":[86,1057],"yoast_head":"<!-- This site is optimized with the Yoast SEO plugin v19.8 - https:\/\/yoast.com\/wordpress\/plugins\/seo\/ -->\n<title>Pogba r\u00e9pond aux rumeurs d&#039;une r\u00e9siliation de contrat - La Diagonale<\/title>\n<meta name=\"robots\" content=\"index, follow, max-snippet:-1, max-image-preview:large, max-video-preview:-1\" \/>\n<link rel=\"canonical\" href=\"https:\/\/www.ladiagonale.net\/index.php\/2026\/01\/30\/pogba-repond-aux-rumeurs-dune-resiliation-de-contrat\/\" \/>\n<meta property=\"og:locale\" content=\"fr_FR\" \/>\n<meta property=\"og:type\" content=\"article\" \/>\n<meta property=\"og:title\" content=\"Pogba r\u00e9pond aux rumeurs d&#039;une r\u00e9siliation de contrat - La Diagonale\" \/>\n<meta property=\"og:description\" content=\"S\u2019il n&rsquo;a quasiment pas \u00e9t\u00e9 sur le terrain, Paul Pogba demeure l\u2019une des attractions de l\u2019AS Monaco cette saison. Mais la situation du milieu de terrain de 32 ans demeure complexe et son avenir sur le Rocher semble s&rsquo;inscrire en pointill\u00e9. Le directeur sportif de l&rsquo;ASM, Thiago Scuro, avait admis que le programme sur-mesure concoct\u00e9 [...]\" \/>\n<meta property=\"og:url\" content=\"https:\/\/www.ladiagonale.net\/index.php\/2026\/01\/30\/pogba-repond-aux-rumeurs-dune-resiliation-de-contrat\/\" \/>\n<meta property=\"og:site_name\" content=\"La Diagonale\" \/>\n<meta property=\"article:published_time\" content=\"2026-01-30T08:41:40+00:00\" \/>\n<meta property=\"article:modified_time\" content=\"2026-01-30T08:41:41+00:00\" \/>\n<meta property=\"og:image\" content=\"https:\/\/www.ladiagonale.net\/wp-content\/uploads\/2025\/07\/pogba-gosse.png\" \/>\n\t<meta property=\"og:image:width\" content=\"1160\" \/>\n\t<meta property=\"og:image:height\" content=\"650\" \/>\n\t<meta property=\"og:image:type\" content=\"image\/png\" \/>\n<meta name=\"author\" content=\"Damien Dellerba\" \/>\n<meta name=\"twitter:card\" content=\"summary_large_image\" \/>\n<meta name=\"twitter:image\" content=\"https:\/\/www.ladiagonale.net\/wp-content\/uploads\/2025\/07\/pogba-gosse.png\" \/>\n<meta name=\"twitter:label1\" content=\"\u00c9crit par\" \/>\n\t<meta name=\"twitter:data1\" content=\"Damien Dellerba\" \/>\n\t<meta name=\"twitter:label2\" content=\"Dur\u00e9e de lecture estim\u00e9e\" \/>\n\t<meta name=\"twitter:data2\" content=\"2 minutes\" \/>\n<script type=\"application\/ld+json\" class=\"yoast-schema-graph\">{\"@context\":\"https:\/\/schema.org\",\"@graph\":[{\"@type\":\"WebPage\",\"@id\":\"https:\/\/www.ladiagonale.net\/index.php\/2026\/01\/30\/pogba-repond-aux-rumeurs-dune-resiliation-de-contrat\/\",\"url\":\"https:\/\/www.ladiagonale.net\/index.php\/2026\/01\/30\/pogba-repond-aux-rumeurs-dune-resiliation-de-contrat\/\",\"name\":\"Pogba r\u00e9pond aux rumeurs d'une r\u00e9siliation de contrat - La Diagonale\",\"isPartOf\":{\"@id\":\"https:\/\/www.ladiagonale.net\/#website\"},\"datePublished\":\"2026-01-30T08:41:40+00:00\",\"dateModified\":\"2026-01-30T08:41:41+00:00\",\"author\":{\"@id\":\"https:\/\/www.ladiagonale.net\/#\/schema\/person\/79ff1e7b0853ed01b2aa26e64ad300bf\"},\"breadcrumb\":{\"@id\":\"https:\/\/www.ladiagonale.net\/index.php\/2026\/01\/30\/pogba-repond-aux-rumeurs-dune-resiliation-de-contrat\/#breadcrumb\"},\"inLanguage\":\"fr-FR\",\"potentialAction\":[{\"@type\":\"ReadAction\",\"target\":[\"https:\/\/www.ladiagonale.net\/index.php\/2026\/01\/30\/pogba-repond-aux-rumeurs-dune-resiliation-de-contrat\/\"]}]},{\"@type\":\"BreadcrumbList\",\"@id\":\"https:\/\/www.ladiagonale.net\/index.php\/2026\/01\/30\/pogba-repond-aux-rumeurs-dune-resiliation-de-contrat\/#breadcrumb\",\"itemListElement\":[{\"@type\":\"ListItem\",\"position\":1,\"name\":\"Accueil\",\"item\":\"https:\/\/www.ladiagonale.net\/\"},{\"@type\":\"ListItem\",\"position\":2,\"name\":\"Pogba r\u00e9pond aux rumeurs d&rsquo;une r\u00e9siliation de contrat\"}]},{\"@type\":\"WebSite\",\"@id\":\"https:\/\/www.ladiagonale.net\/#website\",\"url\":\"https:\/\/www.ladiagonale.net\/\",\"name\":\"La Diagonale\",\"description\":\"Le site des supporters de l&#039;AS Monaco FC\",\"potentialAction\":[{\"@type\":\"SearchAction\",\"target\":{\"@type\":\"EntryPoint\",\"urlTemplate\":\"https:\/\/www.ladiagonale.net\/?s={search_term_string}\"},\"query-input\":\"required name=search_term_string\"}],\"inLanguage\":\"fr-FR\"},{\"@type\":\"Person\",\"@id\":\"https:\/\/www.ladiagonale.net\/#\/schema\/person\/79ff1e7b0853ed01b2aa26e64ad300bf\",\"name\":\"Damien Dellerba\",\"image\":{\"@type\":\"ImageObject\",\"inLanguage\":\"fr-FR\",\"@id\":\"https:\/\/www.ladiagonale.net\/#\/schema\/person\/image\/\",\"url\":\"https:\/\/secure.gravatar.com\/avatar\/c7850e06d3ff63cdbaee88b7fc16e2f0?s=96&d=mm&r=g\",\"contentUrl\":\"https:\/\/secure.gravatar.com\/avatar\/c7850e06d3ff63cdbaee88b7fc16e2f0?s=96&d=mm&r=g\",\"caption\":\"Damien Dellerba\"},\"url\":\"https:\/\/www.ladiagonale.net\/index.php\/author\/damien\/\"}]}<\/script>\n<!-- \/ Yoast SEO plugin. -->","yoast_head_json":{"title":"Pogba r\u00e9pond aux rumeurs d'une r\u00e9siliation de contrat - La Diagonale","robots":{"index":"index","follow":"follow","max-snippet":"max-snippet:-1","max-image-preview":"max-image-preview:large","max-video-preview":"max-video-preview:-1"},"canonical":"https:\/\/www.ladiagonale.net\/index.php\/2026\/01\/30\/pogba-repond-aux-rumeurs-dune-resiliation-de-contrat\/","og_locale":"fr_FR","og_type":"article","og_title":"Pogba r\u00e9pond aux rumeurs d'une r\u00e9siliation de contrat - La Diagonale","og_description":"S\u2019il n&rsquo;a quasiment pas \u00e9t\u00e9 sur le terrain, Paul Pogba demeure l\u2019une des attractions de l\u2019AS Monaco cette saison. Mais la situation du milieu de terrain de 32 ans demeure complexe et son avenir sur le Rocher semble s&rsquo;inscrire en pointill\u00e9. Le directeur sportif de l&rsquo;ASM, Thiago Scuro, avait admis que le programme sur-mesure concoct\u00e9 [...]","og_url":"https:\/\/www.ladiagonale.net\/index.php\/2026\/01\/30\/pogba-repond-aux-rumeurs-dune-resiliation-de-contrat\/","og_site_name":"La Diagonale","article_published_time":"2026-01-30T08:41:40+00:00","article_modified_time":"2026-01-30T08:41:41+00:00","og_image":[{"width":1160,"height":650,"url":"https:\/\/www.ladiagonale.net\/wp-content\/uploads\/2025\/07\/pogba-gosse.png","type":"image\/png"}],"author":"Damien Dellerba","twitter_card":"summary_large_image","twitter_image":"https:\/\/www.ladiagonale.net\/wp-content\/uploads\/2025\/07\/pogba-gosse.png","twitter_misc":{"\u00c9crit par":"Damien Dellerba","Dur\u00e9e de lecture estim\u00e9e":"2 minutes"},"schema":{"@context":"https:\/\/schema.org","@graph":[{"@type":"WebPage","@id":"https:\/\/www.ladiagonale.net\/index.php\/2026\/01\/30\/pogba-repond-aux-rumeurs-dune-resiliation-de-contrat\/","url":"https:\/\/www.ladiagonale.net\/index.php\/2026\/01\/30\/pogba-repond-aux-rumeurs-dune-resiliation-de-contrat\/","name":"Pogba r\u00e9pond aux rumeurs d'une r\u00e9siliation de contrat - La Diagonale","isPartOf":{"@id":"https:\/\/www.ladiagonale.net\/#website"},"datePublished":"2026-01-30T08:41:40+00:00","dateModified":"2026-01-30T08:41:41+00:00","author":{"@id":"https:\/\/www.ladiagonale.net\/#\/schema\/person\/79ff1e7b0853ed01b2aa26e64ad300bf"},"breadcrumb":{"@id":"https:\/\/www.ladiagonale.net\/index.php\/2026\/01\/30\/pogba-repond-aux-rumeurs-dune-resiliation-de-contrat\/#breadcrumb"},"inLanguage":"fr-FR","potentialAction":[{"@type":"ReadAction","target":["https:\/\/www.ladiagonale.net\/index.php\/2026\/01\/30\/pogba-repond-aux-rumeurs-dune-resiliation-de-contrat\/"]}]},{"@type":"BreadcrumbList","@id":"https:\/\/www.ladiagonale.net\/index.php\/2026\/01\/30\/pogba-repond-aux-rumeurs-dune-resiliation-de-contrat\/#breadcrumb","itemListElement":[{"@type":"ListItem","position":1,"name":"Accueil","item":"https:\/\/www.ladiagonale.net\/"},{"@type":"ListItem","position":2,"name":"Pogba r\u00e9pond aux rumeurs d&rsquo;une r\u00e9siliation de contrat"}]},{"@type":"WebSite","@id":"https:\/\/www.ladiagonale.net\/#website","url":"https:\/\/www.ladiagonale.net\/","name":"La Diagonale","description":"Le site des supporters de l&#039;AS Monaco FC","potentialAction":[{"@type":"SearchAction","target":{"@type":"EntryPoint","urlTemplate":"https:\/\/www.ladiagonale.net\/?s={search_term_string}"},"query-input":"required name=search_term_string"}],"inLanguage":"fr-FR"},{"@type":"Person","@id":"https:\/\/www.ladiagonale.net\/#\/schema\/person\/79ff1e7b0853ed01b2aa26e64ad300bf","name":"Damien Dellerba","image":{"@type":"ImageObject","inLanguage":"fr-FR","@id":"https:\/\/www.ladiagonale.net\/#\/schema\/person\/image\/","url":"https:\/\/secure.gravatar.com\/avatar\/c7850e06d3ff63cdbaee88b7fc16e2f0?s=96&d=mm&r=g","contentUrl":"https:\/\/secure.gravatar.com\/avatar\/c7850e06d3ff63cdbaee88b7fc16e2f0?s=96&d=mm&r=g","caption":"Damien Dellerba"},"url":"https:\/\/www.ladiagonale.net\/index.php\/author\/damien\/"}]}},"_links":{"self":[{"href":"https:\/\/www.ladiagonale.net\/index.php\/wp-json\/wp\/v2\/posts\/36534"}],"collection":[{"href":"https:\/\/www.ladiagonale.net\/index.php\/wp-json\/wp\/v2\/posts"}],"about":[{"href":"https:\/\/www.ladiagonale.net\/index.php\/wp-json\/wp\/v2\/types\/post"}],"author":[{"embeddable":true,"href":"https:\/\/www.ladiagonale.net\/index.php\/wp-json\/wp\/v2\/users\/2"}],"replies":[{"embeddable":true,"href":"https:\/\/www.ladiagonale.net\/index.php\/wp-json\/wp\/v2\/comments?post=36534"}],"version-history":[{"count":3,"href":"https:\/\/www.ladiagonale.net\/index.php\/wp-json\/wp\/v2\/posts\/36534\/revisions"}],"predecessor-version":[{"id":36549,"href":"https:\/\/www.ladiagonale.net\/index.php\/wp-json\/wp\/v2\/posts\/36534\/revisions\/36549"}],"wp:attachment":[{"href":"https:\/\/www.ladiagonale.net\/index.php\/wp-json\/wp\/v2\/media?parent=36534"}],"wp:term":[{"taxonomy":"category","embeddable":true,"href":"https:\/\/www.ladiagonale.net\/index.php\/wp-json\/wp\/v2\/categories?post=36534"},{"taxonomy":"post_tag","embeddable":true,"href":"https:\/\/www.ladiagonale.net\/index.php\/wp-json\/wp\/v2\/tags?post=36534"}],"curies":[{"name":"wp","href":"https:\/\/api.w.org\/{rel}","templated":true}]}}