{"id":36544,"date":"2026-01-30T12:24:56","date_gmt":"2026-01-30T11:24:56","guid":{"rendered":"https:\/\/www.ladiagonale.net\/?p=36544"},"modified":"2026-01-30T12:24:56","modified_gmt":"2026-01-30T11:24:56","slug":"monaco-herite-du-psg-en-barrages-de-la-ligue-des-champions","status":"publish","type":"post","link":"https:\/\/www.ladiagonale.net\/index.php\/2026\/01\/30\/monaco-herite-du-psg-en-barrages-de-la-ligue-des-champions\/","title":{"rendered":"Monaco h\u00e9rite du PSG en barrages de la Ligue des champions"},"content":{"rendered":"\n\n\n<p>Ce sera donc un \u00ab&nbsp;<em>derby fran\u00e7ais<\/em>&nbsp;\u00bb, comme l\u2019avait qualifi\u00e9 S\u00e9bastien Pocognoli \u00e0 l\u2019issue du match face \u00e0 la Juventus, mercredi soir. Le tirage au sort des barrages de la Ligue des champions a donn\u00e9 comme prochain adversaire de l\u2019AS Monaco le Paris Saint-Germain, champion d\u2019Europe en titre et 11<sup>e<\/sup> de la phase de ligue avec un bilan de 14 points, quatre victoires, deux nuls et deux d\u00e9faites. <\/p>\n\n\n\n<p>La programmation des deux manches n\u2019est pas encore d\u00e9termin\u00e9e, mais n\u2019\u00e9tant pas t\u00eate de s\u00e9rie, l\u2019ASM sait d\u00e9j\u00e0 qu\u2019elle recevra \u00e0 l&rsquo;aller, le 17 ou le 18 f\u00e9vrier. Le retour aura lieu au Parc des Princes, le 24 ou le 25.<\/p>\n\n\n\n<p>Les Mon\u00e9gasques ne sont pas favoris, mais ils peuvent nourrir quelques espoirs par rapport \u00e0 leur derni\u00e8re confrontation face aux Parisiens qui avait tourn\u00e9 \u00e0 leur avantage <em>(1-0, le 29 novembre)<\/em>. Si l\u2019ASM venait \u00e0 passer ce tour, elle affronterait Barcelone ou Chelsea en huiti\u00e8mes de finale. Mais cela ne sera d\u00e9termin\u00e9 qu\u2019\u00e0 l\u2019occasion du tirage au sort du 27 f\u00e9vrier.<\/p>\n","protected":false},"excerpt":{"rendered":"<p>Ce sera donc un \u00ab&nbsp;derby fran\u00e7ais&nbsp;\u00bb, comme l\u2019avait qualifi\u00e9 S\u00e9bastien Pocognoli \u00e0 l\u2019issue du match face \u00e0 la Juventus, mercredi soir. Le tirage au sort des barrages de la Ligue des champions a donn\u00e9 comme prochain adversaire de l\u2019AS Monaco le Paris Saint-Germain, champion d\u2019Europe en titre et 11e de la phase de ligue avec [&#8230;]\n","protected":false},"author":2,"featured_media":0,"comment_status":"open","ping_status":"open","sticky":false,"template":"","format":"standard","meta":[],"categories":[4,6,1001],"tags":[86,285,287,786,720,293],"yoast_head":"<!-- This site is optimized with the Yoast SEO plugin v19.8 - https:\/\/yoast.com\/wordpress\/plugins\/seo\/ -->\n<title>Monaco h\u00e9rite du PSG en barrages de la Ligue des champions - La Diagonale<\/title>\n<meta name=\"robots\" content=\"index, follow, max-snippet:-1, max-image-preview:large, max-video-preview:-1\" \/>\n<link rel=\"canonical\" href=\"https:\/\/www.ladiagonale.net\/index.php\/2026\/01\/30\/monaco-herite-du-psg-en-barrages-de-la-ligue-des-champions\/\" \/>\n<meta property=\"og:locale\" content=\"fr_FR\" \/>\n<meta property=\"og:type\" content=\"article\" \/>\n<meta property=\"og:title\" content=\"Monaco h\u00e9rite du PSG en barrages de la Ligue des champions - La Diagonale\" \/>\n<meta property=\"og:description\" content=\"Ce sera donc un \u00ab&nbsp;derby fran\u00e7ais&nbsp;\u00bb, comme l\u2019avait qualifi\u00e9 S\u00e9bastien Pocognoli \u00e0 l\u2019issue du match face \u00e0 la Juventus, mercredi soir. Le tirage au sort des barrages de la Ligue des champions a donn\u00e9 comme prochain adversaire de l\u2019AS Monaco le Paris Saint-Germain, champion d\u2019Europe en titre et 11e de la phase de ligue avec [...]\" \/>\n<meta property=\"og:url\" content=\"https:\/\/www.ladiagonale.net\/index.php\/2026\/01\/30\/monaco-herite-du-psg-en-barrages-de-la-ligue-des-champions\/\" \/>\n<meta property=\"og:site_name\" content=\"La Diagonale\" \/>\n<meta property=\"article:published_time\" content=\"2026-01-30T11:24:56+00:00\" \/>\n<meta property=\"og:image\" content=\"https:\/\/www.ladiagonale.net\/wp-content\/uploads\/2025\/01\/tirage-ldc.png\" \/>\n\t<meta property=\"og:image:width\" content=\"1160\" \/>\n\t<meta property=\"og:image:height\" content=\"650\" \/>\n\t<meta property=\"og:image:type\" content=\"image\/png\" \/>\n<meta name=\"author\" content=\"Damien Dellerba\" \/>\n<meta name=\"twitter:card\" content=\"summary_large_image\" \/>\n<meta name=\"twitter:image\" content=\"https:\/\/www.ladiagonale.net\/wp-content\/uploads\/2025\/01\/tirage-ldc.png\" \/>\n<meta name=\"twitter:label1\" content=\"\u00c9crit par\" \/>\n\t<meta name=\"twitter:data1\" content=\"Damien Dellerba\" \/>\n<script type=\"application\/ld+json\" class=\"yoast-schema-graph\">{\"@context\":\"https:\/\/schema.org\",\"@graph\":[{\"@type\":\"WebPage\",\"@id\":\"https:\/\/www.ladiagonale.net\/index.php\/2026\/01\/30\/monaco-herite-du-psg-en-barrages-de-la-ligue-des-champions\/\",\"url\":\"https:\/\/www.ladiagonale.net\/index.php\/2026\/01\/30\/monaco-herite-du-psg-en-barrages-de-la-ligue-des-champions\/\",\"name\":\"Monaco h\u00e9rite du PSG en barrages de la Ligue des champions - La Diagonale\",\"isPartOf\":{\"@id\":\"https:\/\/www.ladiagonale.net\/#website\"},\"datePublished\":\"2026-01-30T11:24:56+00:00\",\"dateModified\":\"2026-01-30T11:24:56+00:00\",\"author\":{\"@id\":\"https:\/\/www.ladiagonale.net\/#\/schema\/person\/79ff1e7b0853ed01b2aa26e64ad300bf\"},\"breadcrumb\":{\"@id\":\"https:\/\/www.ladiagonale.net\/index.php\/2026\/01\/30\/monaco-herite-du-psg-en-barrages-de-la-ligue-des-champions\/#breadcrumb\"},\"inLanguage\":\"fr-FR\",\"potentialAction\":[{\"@type\":\"ReadAction\",\"target\":[\"https:\/\/www.ladiagonale.net\/index.php\/2026\/01\/30\/monaco-herite-du-psg-en-barrages-de-la-ligue-des-champions\/\"]}]},{\"@type\":\"BreadcrumbList\",\"@id\":\"https:\/\/www.ladiagonale.net\/index.php\/2026\/01\/30\/monaco-herite-du-psg-en-barrages-de-la-ligue-des-champions\/#breadcrumb\",\"itemListElement\":[{\"@type\":\"ListItem\",\"position\":1,\"name\":\"Accueil\",\"item\":\"https:\/\/www.ladiagonale.net\/\"},{\"@type\":\"ListItem\",\"position\":2,\"name\":\"Monaco h\u00e9rite du PSG en barrages de la Ligue des champions\"}]},{\"@type\":\"WebSite\",\"@id\":\"https:\/\/www.ladiagonale.net\/#website\",\"url\":\"https:\/\/www.ladiagonale.net\/\",\"name\":\"La Diagonale\",\"description\":\"Le site des supporters de l&#039;AS Monaco FC\",\"potentialAction\":[{\"@type\":\"SearchAction\",\"target\":{\"@type\":\"EntryPoint\",\"urlTemplate\":\"https:\/\/www.ladiagonale.net\/?s={search_term_string}\"},\"query-input\":\"required name=search_term_string\"}],\"inLanguage\":\"fr-FR\"},{\"@type\":\"Person\",\"@id\":\"https:\/\/www.ladiagonale.net\/#\/schema\/person\/79ff1e7b0853ed01b2aa26e64ad300bf\",\"name\":\"Damien Dellerba\",\"image\":{\"@type\":\"ImageObject\",\"inLanguage\":\"fr-FR\",\"@id\":\"https:\/\/www.ladiagonale.net\/#\/schema\/person\/image\/\",\"url\":\"https:\/\/secure.gravatar.com\/avatar\/c7850e06d3ff63cdbaee88b7fc16e2f0?s=96&d=mm&r=g\",\"contentUrl\":\"https:\/\/secure.gravatar.com\/avatar\/c7850e06d3ff63cdbaee88b7fc16e2f0?s=96&d=mm&r=g\",\"caption\":\"Damien Dellerba\"},\"url\":\"https:\/\/www.ladiagonale.net\/index.php\/author\/damien\/\"}]}<\/script>\n<!-- \/ Yoast SEO plugin. -->","yoast_head_json":{"title":"Monaco h\u00e9rite du PSG en barrages de la Ligue des champions - La Diagonale","robots":{"index":"index","follow":"follow","max-snippet":"max-snippet:-1","max-image-preview":"max-image-preview:large","max-video-preview":"max-video-preview:-1"},"canonical":"https:\/\/www.ladiagonale.net\/index.php\/2026\/01\/30\/monaco-herite-du-psg-en-barrages-de-la-ligue-des-champions\/","og_locale":"fr_FR","og_type":"article","og_title":"Monaco h\u00e9rite du PSG en barrages de la Ligue des champions - La Diagonale","og_description":"Ce sera donc un \u00ab&nbsp;derby fran\u00e7ais&nbsp;\u00bb, comme l\u2019avait qualifi\u00e9 S\u00e9bastien Pocognoli \u00e0 l\u2019issue du match face \u00e0 la Juventus, mercredi soir. Le tirage au sort des barrages de la Ligue des champions a donn\u00e9 comme prochain adversaire de l\u2019AS Monaco le Paris Saint-Germain, champion d\u2019Europe en titre et 11e de la phase de ligue avec [...]","og_url":"https:\/\/www.ladiagonale.net\/index.php\/2026\/01\/30\/monaco-herite-du-psg-en-barrages-de-la-ligue-des-champions\/","og_site_name":"La Diagonale","article_published_time":"2026-01-30T11:24:56+00:00","og_image":[{"width":1160,"height":650,"url":"https:\/\/www.ladiagonale.net\/wp-content\/uploads\/2025\/01\/tirage-ldc.png","type":"image\/png"}],"author":"Damien Dellerba","twitter_card":"summary_large_image","twitter_image":"https:\/\/www.ladiagonale.net\/wp-content\/uploads\/2025\/01\/tirage-ldc.png","twitter_misc":{"\u00c9crit par":"Damien Dellerba"},"schema":{"@context":"https:\/\/schema.org","@graph":[{"@type":"WebPage","@id":"https:\/\/www.ladiagonale.net\/index.php\/2026\/01\/30\/monaco-herite-du-psg-en-barrages-de-la-ligue-des-champions\/","url":"https:\/\/www.ladiagonale.net\/index.php\/2026\/01\/30\/monaco-herite-du-psg-en-barrages-de-la-ligue-des-champions\/","name":"Monaco h\u00e9rite du PSG en barrages de la Ligue des champions - La Diagonale","isPartOf":{"@id":"https:\/\/www.ladiagonale.net\/#website"},"datePublished":"2026-01-30T11:24:56+00:00","dateModified":"2026-01-30T11:24:56+00:00","author":{"@id":"https:\/\/www.ladiagonale.net\/#\/schema\/person\/79ff1e7b0853ed01b2aa26e64ad300bf"},"breadcrumb":{"@id":"https:\/\/www.ladiagonale.net\/index.php\/2026\/01\/30\/monaco-herite-du-psg-en-barrages-de-la-ligue-des-champions\/#breadcrumb"},"inLanguage":"fr-FR","potentialAction":[{"@type":"ReadAction","target":["https:\/\/www.ladiagonale.net\/index.php\/2026\/01\/30\/monaco-herite-du-psg-en-barrages-de-la-ligue-des-champions\/"]}]},{"@type":"BreadcrumbList","@id":"https:\/\/www.ladiagonale.net\/index.php\/2026\/01\/30\/monaco-herite-du-psg-en-barrages-de-la-ligue-des-champions\/#breadcrumb","itemListElement":[{"@type":"ListItem","position":1,"name":"Accueil","item":"https:\/\/www.ladiagonale.net\/"},{"@type":"ListItem","position":2,"name":"Monaco h\u00e9rite du PSG en barrages de la Ligue des champions"}]},{"@type":"WebSite","@id":"https:\/\/www.ladiagonale.net\/#website","url":"https:\/\/www.ladiagonale.net\/","name":"La Diagonale","description":"Le site des supporters de l&#039;AS Monaco FC","potentialAction":[{"@type":"SearchAction","target":{"@type":"EntryPoint","urlTemplate":"https:\/\/www.ladiagonale.net\/?s={search_term_string}"},"query-input":"required name=search_term_string"}],"inLanguage":"fr-FR"},{"@type":"Person","@id":"https:\/\/www.ladiagonale.net\/#\/schema\/person\/79ff1e7b0853ed01b2aa26e64ad300bf","name":"Damien Dellerba","image":{"@type":"ImageObject","inLanguage":"fr-FR","@id":"https:\/\/www.ladiagonale.net\/#\/schema\/person\/image\/","url":"https:\/\/secure.gravatar.com\/avatar\/c7850e06d3ff63cdbaee88b7fc16e2f0?s=96&d=mm&r=g","contentUrl":"https:\/\/secure.gravatar.com\/avatar\/c7850e06d3ff63cdbaee88b7fc16e2f0?s=96&d=mm&r=g","caption":"Damien Dellerba"},"url":"https:\/\/www.ladiagonale.net\/index.php\/author\/damien\/"}]}},"_links":{"self":[{"href":"https:\/\/www.ladiagonale.net\/index.php\/wp-json\/wp\/v2\/posts\/36544"}],"collection":[{"href":"https:\/\/www.ladiagonale.net\/index.php\/wp-json\/wp\/v2\/posts"}],"about":[{"href":"https:\/\/www.ladiagonale.net\/index.php\/wp-json\/wp\/v2\/types\/post"}],"author":[{"embeddable":true,"href":"https:\/\/www.ladiagonale.net\/index.php\/wp-json\/wp\/v2\/users\/2"}],"replies":[{"embeddable":true,"href":"https:\/\/www.ladiagonale.net\/index.php\/wp-json\/wp\/v2\/comments?post=36544"}],"version-history":[{"count":2,"href":"https:\/\/www.ladiagonale.net\/index.php\/wp-json\/wp\/v2\/posts\/36544\/revisions"}],"predecessor-version":[{"id":36548,"href":"https:\/\/www.ladiagonale.net\/index.php\/wp-json\/wp\/v2\/posts\/36544\/revisions\/36548"}],"wp:attachment":[{"href":"https:\/\/www.ladiagonale.net\/index.php\/wp-json\/wp\/v2\/media?parent=36544"}],"wp:term":[{"taxonomy":"category","embeddable":true,"href":"https:\/\/www.ladiagonale.net\/index.php\/wp-json\/wp\/v2\/categories?post=36544"},{"taxonomy":"post_tag","embeddable":true,"href":"https:\/\/www.ladiagonale.net\/index.php\/wp-json\/wp\/v2\/tags?post=36544"}],"curies":[{"name":"wp","href":"https:\/\/api.w.org\/{rel}","templated":true}]}}