{"id":36555,"date":"2026-01-30T23:42:32","date_gmt":"2026-01-30T22:42:32","guid":{"rendered":"https:\/\/www.ladiagonale.net\/?p=36555"},"modified":"2026-01-30T23:42:33","modified_gmt":"2026-01-30T22:42:33","slug":"les-dates-des-barrages-contre-le-psg-fixees","status":"publish","type":"post","link":"https:\/\/www.ladiagonale.net\/index.php\/2026\/01\/30\/les-dates-des-barrages-contre-le-psg-fixees\/","title":{"rendered":"Les dates des barrages contre le PSG fix\u00e9es"},"content":{"rendered":"\n<p>L\u2019UEFA n\u2019a pris que quelques heures apr\u00e8s le tirage au sort pour officialiser la programmation des barrages. L\u2019AS Monaco recevra le Paris Saint-Germain pour la manche aller le mardi 17 f\u00e9vrier. La rencontre a \u00e9t\u00e9 programm\u00e9e \u00e0 21 heures.<\/p>\n\n\n\n<p>Le match retour aura lieu quant \u00e0 lui huit jours plus tard, du fait de l\u2019inversion des dates d\u2019une semaine \u00e0 l\u2019autre, et sera donc jou\u00e9 au Parc des Princes le mercredi 25 f\u00e9vrier, toujours \u00e0 21 heures.<\/p>\n\n\n\n<p>\u00c0 noter que les deux \u00e9quipes se retrouveront peu de temps apr\u00e8s cette double confrontation, cette fois en Ligue 1, puisque la manche retour, comptant pour la 25<sup>e<\/sup> journ\u00e9e de Championnat, est pr\u00e9vue pour le week-end du 8 mars.<\/p>\n\n\n","protected":false},"excerpt":{"rendered":"<p>L\u2019UEFA n\u2019a pris que quelques heures apr\u00e8s le tirage au sort pour officialiser la programmation des barrages. L\u2019AS Monaco recevra le Paris Saint-Germain pour la manche aller le mardi 17 f\u00e9vrier. La rencontre a \u00e9t\u00e9 programm\u00e9e \u00e0 21 heures. Le match retour aura lieu quant \u00e0 lui huit jours plus tard, du fait de l\u2019inversion [&#8230;]\n","protected":false},"author":2,"featured_media":0,"comment_status":"open","ping_status":"open","sticky":false,"template":"","format":"standard","meta":[],"categories":[6,1001],"tags":[86,285,287,786,720,172],"yoast_head":"<!-- This site is optimized with the Yoast SEO plugin v19.8 - https:\/\/yoast.com\/wordpress\/plugins\/seo\/ -->\n<title>Les dates des barrages contre le PSG fix\u00e9es - La Diagonale<\/title>\n<meta name=\"robots\" content=\"index, follow, max-snippet:-1, max-image-preview:large, max-video-preview:-1\" \/>\n<link rel=\"canonical\" href=\"https:\/\/www.ladiagonale.net\/index.php\/2026\/01\/30\/les-dates-des-barrages-contre-le-psg-fixees\/\" \/>\n<meta property=\"og:locale\" content=\"fr_FR\" \/>\n<meta property=\"og:type\" content=\"article\" \/>\n<meta property=\"og:title\" content=\"Les dates des barrages contre le PSG fix\u00e9es - La Diagonale\" \/>\n<meta property=\"og:description\" content=\"L\u2019UEFA n\u2019a pris que quelques heures apr\u00e8s le tirage au sort pour officialiser la programmation des barrages. L\u2019AS Monaco recevra le Paris Saint-Germain pour la manche aller le mardi 17 f\u00e9vrier. La rencontre a \u00e9t\u00e9 programm\u00e9e \u00e0 21 heures. Le match retour aura lieu quant \u00e0 lui huit jours plus tard, du fait de l\u2019inversion [...]\" \/>\n<meta property=\"og:url\" content=\"https:\/\/www.ladiagonale.net\/index.php\/2026\/01\/30\/les-dates-des-barrages-contre-le-psg-fixees\/\" \/>\n<meta property=\"og:site_name\" content=\"La Diagonale\" \/>\n<meta property=\"article:published_time\" content=\"2026-01-30T22:42:32+00:00\" \/>\n<meta property=\"article:modified_time\" content=\"2026-01-30T22:42:33+00:00\" \/>\n<meta property=\"og:image\" content=\"https:\/\/www.ladiagonale.net\/wp-content\/uploads\/2025\/12\/golovin-PSG.png\" \/>\n\t<meta property=\"og:image:width\" content=\"1160\" \/>\n\t<meta property=\"og:image:height\" content=\"650\" \/>\n\t<meta property=\"og:image:type\" content=\"image\/png\" \/>\n<meta name=\"author\" content=\"Damien Dellerba\" \/>\n<meta name=\"twitter:card\" content=\"summary_large_image\" \/>\n<meta name=\"twitter:image\" content=\"https:\/\/www.ladiagonale.net\/wp-content\/uploads\/2025\/12\/golovin-PSG.png\" \/>\n<meta name=\"twitter:label1\" content=\"\u00c9crit par\" \/>\n\t<meta name=\"twitter:data1\" content=\"Damien Dellerba\" \/>\n\t<meta name=\"twitter:label2\" content=\"Dur\u00e9e de lecture estim\u00e9e\" \/>\n\t<meta name=\"twitter:data2\" content=\"1 minute\" \/>\n<script type=\"application\/ld+json\" class=\"yoast-schema-graph\">{\"@context\":\"https:\/\/schema.org\",\"@graph\":[{\"@type\":\"WebPage\",\"@id\":\"https:\/\/www.ladiagonale.net\/index.php\/2026\/01\/30\/les-dates-des-barrages-contre-le-psg-fixees\/\",\"url\":\"https:\/\/www.ladiagonale.net\/index.php\/2026\/01\/30\/les-dates-des-barrages-contre-le-psg-fixees\/\",\"name\":\"Les dates des barrages contre le PSG fix\u00e9es - La Diagonale\",\"isPartOf\":{\"@id\":\"https:\/\/www.ladiagonale.net\/#website\"},\"datePublished\":\"2026-01-30T22:42:32+00:00\",\"dateModified\":\"2026-01-30T22:42:33+00:00\",\"author\":{\"@id\":\"https:\/\/www.ladiagonale.net\/#\/schema\/person\/79ff1e7b0853ed01b2aa26e64ad300bf\"},\"breadcrumb\":{\"@id\":\"https:\/\/www.ladiagonale.net\/index.php\/2026\/01\/30\/les-dates-des-barrages-contre-le-psg-fixees\/#breadcrumb\"},\"inLanguage\":\"fr-FR\",\"potentialAction\":[{\"@type\":\"ReadAction\",\"target\":[\"https:\/\/www.ladiagonale.net\/index.php\/2026\/01\/30\/les-dates-des-barrages-contre-le-psg-fixees\/\"]}]},{\"@type\":\"BreadcrumbList\",\"@id\":\"https:\/\/www.ladiagonale.net\/index.php\/2026\/01\/30\/les-dates-des-barrages-contre-le-psg-fixees\/#breadcrumb\",\"itemListElement\":[{\"@type\":\"ListItem\",\"position\":1,\"name\":\"Accueil\",\"item\":\"https:\/\/www.ladiagonale.net\/\"},{\"@type\":\"ListItem\",\"position\":2,\"name\":\"Les dates des barrages contre le PSG fix\u00e9es\"}]},{\"@type\":\"WebSite\",\"@id\":\"https:\/\/www.ladiagonale.net\/#website\",\"url\":\"https:\/\/www.ladiagonale.net\/\",\"name\":\"La Diagonale\",\"description\":\"Le site des supporters de l&#039;AS Monaco FC\",\"potentialAction\":[{\"@type\":\"SearchAction\",\"target\":{\"@type\":\"EntryPoint\",\"urlTemplate\":\"https:\/\/www.ladiagonale.net\/?s={search_term_string}\"},\"query-input\":\"required name=search_term_string\"}],\"inLanguage\":\"fr-FR\"},{\"@type\":\"Person\",\"@id\":\"https:\/\/www.ladiagonale.net\/#\/schema\/person\/79ff1e7b0853ed01b2aa26e64ad300bf\",\"name\":\"Damien Dellerba\",\"image\":{\"@type\":\"ImageObject\",\"inLanguage\":\"fr-FR\",\"@id\":\"https:\/\/www.ladiagonale.net\/#\/schema\/person\/image\/\",\"url\":\"https:\/\/secure.gravatar.com\/avatar\/c7850e06d3ff63cdbaee88b7fc16e2f0?s=96&d=mm&r=g\",\"contentUrl\":\"https:\/\/secure.gravatar.com\/avatar\/c7850e06d3ff63cdbaee88b7fc16e2f0?s=96&d=mm&r=g\",\"caption\":\"Damien Dellerba\"},\"url\":\"https:\/\/www.ladiagonale.net\/index.php\/author\/damien\/\"}]}<\/script>\n<!-- \/ Yoast SEO plugin. -->","yoast_head_json":{"title":"Les dates des barrages contre le PSG fix\u00e9es - La Diagonale","robots":{"index":"index","follow":"follow","max-snippet":"max-snippet:-1","max-image-preview":"max-image-preview:large","max-video-preview":"max-video-preview:-1"},"canonical":"https:\/\/www.ladiagonale.net\/index.php\/2026\/01\/30\/les-dates-des-barrages-contre-le-psg-fixees\/","og_locale":"fr_FR","og_type":"article","og_title":"Les dates des barrages contre le PSG fix\u00e9es - La Diagonale","og_description":"L\u2019UEFA n\u2019a pris que quelques heures apr\u00e8s le tirage au sort pour officialiser la programmation des barrages. L\u2019AS Monaco recevra le Paris Saint-Germain pour la manche aller le mardi 17 f\u00e9vrier. La rencontre a \u00e9t\u00e9 programm\u00e9e \u00e0 21 heures. Le match retour aura lieu quant \u00e0 lui huit jours plus tard, du fait de l\u2019inversion [...]","og_url":"https:\/\/www.ladiagonale.net\/index.php\/2026\/01\/30\/les-dates-des-barrages-contre-le-psg-fixees\/","og_site_name":"La Diagonale","article_published_time":"2026-01-30T22:42:32+00:00","article_modified_time":"2026-01-30T22:42:33+00:00","og_image":[{"width":1160,"height":650,"url":"https:\/\/www.ladiagonale.net\/wp-content\/uploads\/2025\/12\/golovin-PSG.png","type":"image\/png"}],"author":"Damien Dellerba","twitter_card":"summary_large_image","twitter_image":"https:\/\/www.ladiagonale.net\/wp-content\/uploads\/2025\/12\/golovin-PSG.png","twitter_misc":{"\u00c9crit par":"Damien Dellerba","Dur\u00e9e de lecture estim\u00e9e":"1 minute"},"schema":{"@context":"https:\/\/schema.org","@graph":[{"@type":"WebPage","@id":"https:\/\/www.ladiagonale.net\/index.php\/2026\/01\/30\/les-dates-des-barrages-contre-le-psg-fixees\/","url":"https:\/\/www.ladiagonale.net\/index.php\/2026\/01\/30\/les-dates-des-barrages-contre-le-psg-fixees\/","name":"Les dates des barrages contre le PSG fix\u00e9es - La Diagonale","isPartOf":{"@id":"https:\/\/www.ladiagonale.net\/#website"},"datePublished":"2026-01-30T22:42:32+00:00","dateModified":"2026-01-30T22:42:33+00:00","author":{"@id":"https:\/\/www.ladiagonale.net\/#\/schema\/person\/79ff1e7b0853ed01b2aa26e64ad300bf"},"breadcrumb":{"@id":"https:\/\/www.ladiagonale.net\/index.php\/2026\/01\/30\/les-dates-des-barrages-contre-le-psg-fixees\/#breadcrumb"},"inLanguage":"fr-FR","potentialAction":[{"@type":"ReadAction","target":["https:\/\/www.ladiagonale.net\/index.php\/2026\/01\/30\/les-dates-des-barrages-contre-le-psg-fixees\/"]}]},{"@type":"BreadcrumbList","@id":"https:\/\/www.ladiagonale.net\/index.php\/2026\/01\/30\/les-dates-des-barrages-contre-le-psg-fixees\/#breadcrumb","itemListElement":[{"@type":"ListItem","position":1,"name":"Accueil","item":"https:\/\/www.ladiagonale.net\/"},{"@type":"ListItem","position":2,"name":"Les dates des barrages contre le PSG fix\u00e9es"}]},{"@type":"WebSite","@id":"https:\/\/www.ladiagonale.net\/#website","url":"https:\/\/www.ladiagonale.net\/","name":"La Diagonale","description":"Le site des supporters de l&#039;AS Monaco FC","potentialAction":[{"@type":"SearchAction","target":{"@type":"EntryPoint","urlTemplate":"https:\/\/www.ladiagonale.net\/?s={search_term_string}"},"query-input":"required name=search_term_string"}],"inLanguage":"fr-FR"},{"@type":"Person","@id":"https:\/\/www.ladiagonale.net\/#\/schema\/person\/79ff1e7b0853ed01b2aa26e64ad300bf","name":"Damien Dellerba","image":{"@type":"ImageObject","inLanguage":"fr-FR","@id":"https:\/\/www.ladiagonale.net\/#\/schema\/person\/image\/","url":"https:\/\/secure.gravatar.com\/avatar\/c7850e06d3ff63cdbaee88b7fc16e2f0?s=96&d=mm&r=g","contentUrl":"https:\/\/secure.gravatar.com\/avatar\/c7850e06d3ff63cdbaee88b7fc16e2f0?s=96&d=mm&r=g","caption":"Damien Dellerba"},"url":"https:\/\/www.ladiagonale.net\/index.php\/author\/damien\/"}]}},"_links":{"self":[{"href":"https:\/\/www.ladiagonale.net\/index.php\/wp-json\/wp\/v2\/posts\/36555"}],"collection":[{"href":"https:\/\/www.ladiagonale.net\/index.php\/wp-json\/wp\/v2\/posts"}],"about":[{"href":"https:\/\/www.ladiagonale.net\/index.php\/wp-json\/wp\/v2\/types\/post"}],"author":[{"embeddable":true,"href":"https:\/\/www.ladiagonale.net\/index.php\/wp-json\/wp\/v2\/users\/2"}],"replies":[{"embeddable":true,"href":"https:\/\/www.ladiagonale.net\/index.php\/wp-json\/wp\/v2\/comments?post=36555"}],"version-history":[{"count":1,"href":"https:\/\/www.ladiagonale.net\/index.php\/wp-json\/wp\/v2\/posts\/36555\/revisions"}],"predecessor-version":[{"id":36556,"href":"https:\/\/www.ladiagonale.net\/index.php\/wp-json\/wp\/v2\/posts\/36555\/revisions\/36556"}],"wp:attachment":[{"href":"https:\/\/www.ladiagonale.net\/index.php\/wp-json\/wp\/v2\/media?parent=36555"}],"wp:term":[{"taxonomy":"category","embeddable":true,"href":"https:\/\/www.ladiagonale.net\/index.php\/wp-json\/wp\/v2\/categories?post=36555"},{"taxonomy":"post_tag","embeddable":true,"href":"https:\/\/www.ladiagonale.net\/index.php\/wp-json\/wp\/v2\/tags?post=36555"}],"curies":[{"name":"wp","href":"https:\/\/api.w.org\/{rel}","templated":true}]}}