{"id":36557,"date":"2026-01-30T23:46:33","date_gmt":"2026-01-30T22:46:33","guid":{"rendered":"https:\/\/www.ladiagonale.net\/?p=36557"},"modified":"2026-01-31T13:20:49","modified_gmt":"2026-01-31T12:20:49","slug":"pocognoli-est-tres-heureux-de-tomber-sur-le-psg-en-ligue-des-champions","status":"publish","type":"post","link":"https:\/\/www.ladiagonale.net\/index.php\/2026\/01\/30\/pocognoli-est-tres-heureux-de-tomber-sur-le-psg-en-ligue-des-champions\/","title":{"rendered":"Pocognoli est \u00ab&nbsp;tr\u00e8s heureux&nbsp;\u00bb de tomber sur le PSG en Ligue des champions"},"content":{"rendered":"\n<p>Si Thiago Scuro <a href=\"https:\/\/www.ladiagonale.net\/index.php\/2026\/01\/30\/scuro-pas-le-meilleur-tirage-pour-le-football-francais\/\" target=\"_blank\" rel=\"noreferrer noopener\">a regrett\u00e9 de tomber sur le Paris Saint-Germain<\/a> en barrages de la Ligue des champions, ce n\u2019\u00e9tait pas le cas de l\u2019entra\u00eeneur de l\u2019AS Monaco, S\u00e9bastien Pocognoli. En conf\u00e9rence de presse, le technicien belge a r\u00e9agi avec un certain enthousiasme : \u00ab&nbsp;<em>Du point de vue du spectateur neutre, cela peut engendrer de la d\u00e9ception de voir deux clubs fran\u00e7ais s\u2019affronter. Mais de mon c\u00f4t\u00e9 je suis tr\u00e8s heureux de rencontrer le PSG.&nbsp;(\u2026) On conna\u00eet \u00e9videmment le niveau de cette \u00e9quipe, d\u2019autant que nous les avons d\u00e9j\u00e0 jou\u00e9s en Ligue 1. Donc je me r\u00e9jouis d\u2019\u00eatre \u00e0 cette date. On sait que c\u2019est une confrontation aller-retour, donc tout est jouable.<\/em>&nbsp;\u00bb<\/p>\n\n\n\n<p>Pocognoli s\u2019attend \u00e0 un gros d\u00e9fi mais il peut s\u2019appuyer sur une prestation exemplaire de son \u00e9quipe face \u00e0 ce m\u00eame adversaire, qui s\u2019\u00e9tait sold\u00e9 par une courte victoire <em>(1-0, le 29 novembre)<\/em> : \u00ab\u00a0<em>On va jouer une \u00e9quipe de tr\u00e8s haut niveau qui conna\u00eet bien la comp\u00e9tition. Nous avions d\u00e9j\u00e0 fait un tr\u00e8s bon match contre eux \u00e0 domicile en championnat. Il faudra donc encore \u00e9lever notre niveau de jeu. On sait qu\u2019on fait de bonnes prestations contre de grosses \u00e9quipes, que ce soit en championnat ou en Europe, donc je n\u2019ai pas d\u2019inqui\u00e9tude sur le fait qu\u2019on sera pr\u00e9sents pour ces deux matchs et qu\u2019on aura le plus d\u2019ambition possible.<\/em>\u00a0\u00bb<\/p>\n\n\n\n<p>C\u00f4t\u00e9 joueur, Mamadou Coulibaly a admis \u00e0 demi-mot que lui et l&rsquo;\u00e9quipe auraient pr\u00e9f\u00e9r\u00e9 un autre tirage : \u00ab\u00a0<em>Le fait d\u2019affronter une \u00e9quipe fran\u00e7aise, ce n\u2019est pas ce qu\u2019on attendait le plus. On aurait peut-\u00eatre aim\u00e9 Newcastle. Mais on n\u2019est pas d\u00e9\u00e7u parce que \u00e7a reste quand m\u00eame un match de Ligue des Champions. On va se pr\u00e9parer pour affronter le Paris Saint-Germain et faire le maximum. Sur le papier, \u00e7a risque d\u2019\u00eatre eux les favoris apr\u00e8s, au sein du club, on sait qu\u2019on a tout pour gagner. On va continuer \u00e0 travailler et pr\u00e9parer ce match-l\u00e0 comme il faut.<\/em>\u00a0\u00bb<\/p>\n\n\n","protected":false},"excerpt":{"rendered":"<p>Si Thiago Scuro a regrett\u00e9 de tomber sur le Paris Saint-Germain en barrages de la Ligue des champions, ce n\u2019\u00e9tait pas le cas de l\u2019entra\u00eeneur de l\u2019AS Monaco, S\u00e9bastien Pocognoli. En conf\u00e9rence de presse, le technicien belge a r\u00e9agi avec un certain enthousiasme : \u00ab&nbsp;Du point de vue du spectateur neutre, cela peut engendrer de [&#8230;]\n","protected":false},"author":2,"featured_media":0,"comment_status":"open","ping_status":"open","sticky":false,"template":"","format":"standard","meta":[],"categories":[6,1001],"tags":[86,285,287,786,720,1140],"yoast_head":"<!-- This site is optimized with the Yoast SEO plugin v19.8 - https:\/\/yoast.com\/wordpress\/plugins\/seo\/ -->\n<title>Pocognoli est \u00ab&nbsp;tr\u00e8s heureux&nbsp;\u00bb de tomber sur le PSG en Ligue des champions - La Diagonale<\/title>\n<meta name=\"robots\" content=\"index, follow, max-snippet:-1, max-image-preview:large, max-video-preview:-1\" \/>\n<link rel=\"canonical\" href=\"https:\/\/www.ladiagonale.net\/index.php\/2026\/01\/30\/pocognoli-est-tres-heureux-de-tomber-sur-le-psg-en-ligue-des-champions\/\" \/>\n<meta property=\"og:locale\" content=\"fr_FR\" \/>\n<meta property=\"og:type\" content=\"article\" \/>\n<meta property=\"og:title\" content=\"Pocognoli est \u00ab&nbsp;tr\u00e8s heureux&nbsp;\u00bb de tomber sur le PSG en Ligue des champions - La Diagonale\" \/>\n<meta property=\"og:description\" content=\"Si Thiago Scuro a regrett\u00e9 de tomber sur le Paris Saint-Germain en barrages de la Ligue des champions, ce n\u2019\u00e9tait pas le cas de l\u2019entra\u00eeneur de l\u2019AS Monaco, S\u00e9bastien Pocognoli. En conf\u00e9rence de presse, le technicien belge a r\u00e9agi avec un certain enthousiasme : \u00ab&nbsp;Du point de vue du spectateur neutre, cela peut engendrer de [...]\" \/>\n<meta property=\"og:url\" content=\"https:\/\/www.ladiagonale.net\/index.php\/2026\/01\/30\/pocognoli-est-tres-heureux-de-tomber-sur-le-psg-en-ligue-des-champions\/\" \/>\n<meta property=\"og:site_name\" content=\"La Diagonale\" \/>\n<meta property=\"article:published_time\" content=\"2026-01-30T22:46:33+00:00\" \/>\n<meta property=\"article:modified_time\" content=\"2026-01-31T12:20:49+00:00\" \/>\n<meta property=\"og:image\" content=\"https:\/\/www.ladiagonale.net\/wp-content\/uploads\/2026\/01\/Poco-conf-madrid.png\" \/>\n\t<meta property=\"og:image:width\" content=\"1160\" \/>\n\t<meta property=\"og:image:height\" content=\"650\" \/>\n\t<meta property=\"og:image:type\" content=\"image\/png\" \/>\n<meta name=\"author\" content=\"Damien Dellerba\" \/>\n<meta name=\"twitter:card\" content=\"summary_large_image\" \/>\n<meta name=\"twitter:image\" content=\"https:\/\/www.ladiagonale.net\/wp-content\/uploads\/2026\/01\/Poco-conf-madrid.png\" \/>\n<meta name=\"twitter:label1\" content=\"\u00c9crit par\" \/>\n\t<meta name=\"twitter:data1\" content=\"Damien Dellerba\" \/>\n\t<meta name=\"twitter:label2\" content=\"Dur\u00e9e de lecture estim\u00e9e\" \/>\n\t<meta name=\"twitter:data2\" content=\"2 minutes\" \/>\n<script type=\"application\/ld+json\" class=\"yoast-schema-graph\">{\"@context\":\"https:\/\/schema.org\",\"@graph\":[{\"@type\":\"WebPage\",\"@id\":\"https:\/\/www.ladiagonale.net\/index.php\/2026\/01\/30\/pocognoli-est-tres-heureux-de-tomber-sur-le-psg-en-ligue-des-champions\/\",\"url\":\"https:\/\/www.ladiagonale.net\/index.php\/2026\/01\/30\/pocognoli-est-tres-heureux-de-tomber-sur-le-psg-en-ligue-des-champions\/\",\"name\":\"Pocognoli est \u00ab&nbsp;tr\u00e8s heureux&nbsp;\u00bb de tomber sur le PSG en Ligue des champions - La Diagonale\",\"isPartOf\":{\"@id\":\"https:\/\/www.ladiagonale.net\/#website\"},\"datePublished\":\"2026-01-30T22:46:33+00:00\",\"dateModified\":\"2026-01-31T12:20:49+00:00\",\"author\":{\"@id\":\"https:\/\/www.ladiagonale.net\/#\/schema\/person\/79ff1e7b0853ed01b2aa26e64ad300bf\"},\"breadcrumb\":{\"@id\":\"https:\/\/www.ladiagonale.net\/index.php\/2026\/01\/30\/pocognoli-est-tres-heureux-de-tomber-sur-le-psg-en-ligue-des-champions\/#breadcrumb\"},\"inLanguage\":\"fr-FR\",\"potentialAction\":[{\"@type\":\"ReadAction\",\"target\":[\"https:\/\/www.ladiagonale.net\/index.php\/2026\/01\/30\/pocognoli-est-tres-heureux-de-tomber-sur-le-psg-en-ligue-des-champions\/\"]}]},{\"@type\":\"BreadcrumbList\",\"@id\":\"https:\/\/www.ladiagonale.net\/index.php\/2026\/01\/30\/pocognoli-est-tres-heureux-de-tomber-sur-le-psg-en-ligue-des-champions\/#breadcrumb\",\"itemListElement\":[{\"@type\":\"ListItem\",\"position\":1,\"name\":\"Accueil\",\"item\":\"https:\/\/www.ladiagonale.net\/\"},{\"@type\":\"ListItem\",\"position\":2,\"name\":\"Pocognoli est \u00ab&nbsp;tr\u00e8s heureux&nbsp;\u00bb de tomber sur le PSG en Ligue des champions\"}]},{\"@type\":\"WebSite\",\"@id\":\"https:\/\/www.ladiagonale.net\/#website\",\"url\":\"https:\/\/www.ladiagonale.net\/\",\"name\":\"La Diagonale\",\"description\":\"Le site des supporters de l&#039;AS Monaco FC\",\"potentialAction\":[{\"@type\":\"SearchAction\",\"target\":{\"@type\":\"EntryPoint\",\"urlTemplate\":\"https:\/\/www.ladiagonale.net\/?s={search_term_string}\"},\"query-input\":\"required name=search_term_string\"}],\"inLanguage\":\"fr-FR\"},{\"@type\":\"Person\",\"@id\":\"https:\/\/www.ladiagonale.net\/#\/schema\/person\/79ff1e7b0853ed01b2aa26e64ad300bf\",\"name\":\"Damien Dellerba\",\"image\":{\"@type\":\"ImageObject\",\"inLanguage\":\"fr-FR\",\"@id\":\"https:\/\/www.ladiagonale.net\/#\/schema\/person\/image\/\",\"url\":\"https:\/\/secure.gravatar.com\/avatar\/c7850e06d3ff63cdbaee88b7fc16e2f0?s=96&d=mm&r=g\",\"contentUrl\":\"https:\/\/secure.gravatar.com\/avatar\/c7850e06d3ff63cdbaee88b7fc16e2f0?s=96&d=mm&r=g\",\"caption\":\"Damien Dellerba\"},\"url\":\"https:\/\/www.ladiagonale.net\/index.php\/author\/damien\/\"}]}<\/script>\n<!-- \/ Yoast SEO plugin. -->","yoast_head_json":{"title":"Pocognoli est \u00ab&nbsp;tr\u00e8s heureux&nbsp;\u00bb de tomber sur le PSG en Ligue des champions - La Diagonale","robots":{"index":"index","follow":"follow","max-snippet":"max-snippet:-1","max-image-preview":"max-image-preview:large","max-video-preview":"max-video-preview:-1"},"canonical":"https:\/\/www.ladiagonale.net\/index.php\/2026\/01\/30\/pocognoli-est-tres-heureux-de-tomber-sur-le-psg-en-ligue-des-champions\/","og_locale":"fr_FR","og_type":"article","og_title":"Pocognoli est \u00ab&nbsp;tr\u00e8s heureux&nbsp;\u00bb de tomber sur le PSG en Ligue des champions - La Diagonale","og_description":"Si Thiago Scuro a regrett\u00e9 de tomber sur le Paris Saint-Germain en barrages de la Ligue des champions, ce n\u2019\u00e9tait pas le cas de l\u2019entra\u00eeneur de l\u2019AS Monaco, S\u00e9bastien Pocognoli. En conf\u00e9rence de presse, le technicien belge a r\u00e9agi avec un certain enthousiasme : \u00ab&nbsp;Du point de vue du spectateur neutre, cela peut engendrer de [...]","og_url":"https:\/\/www.ladiagonale.net\/index.php\/2026\/01\/30\/pocognoli-est-tres-heureux-de-tomber-sur-le-psg-en-ligue-des-champions\/","og_site_name":"La Diagonale","article_published_time":"2026-01-30T22:46:33+00:00","article_modified_time":"2026-01-31T12:20:49+00:00","og_image":[{"width":1160,"height":650,"url":"https:\/\/www.ladiagonale.net\/wp-content\/uploads\/2026\/01\/Poco-conf-madrid.png","type":"image\/png"}],"author":"Damien Dellerba","twitter_card":"summary_large_image","twitter_image":"https:\/\/www.ladiagonale.net\/wp-content\/uploads\/2026\/01\/Poco-conf-madrid.png","twitter_misc":{"\u00c9crit par":"Damien Dellerba","Dur\u00e9e de lecture estim\u00e9e":"2 minutes"},"schema":{"@context":"https:\/\/schema.org","@graph":[{"@type":"WebPage","@id":"https:\/\/www.ladiagonale.net\/index.php\/2026\/01\/30\/pocognoli-est-tres-heureux-de-tomber-sur-le-psg-en-ligue-des-champions\/","url":"https:\/\/www.ladiagonale.net\/index.php\/2026\/01\/30\/pocognoli-est-tres-heureux-de-tomber-sur-le-psg-en-ligue-des-champions\/","name":"Pocognoli est \u00ab&nbsp;tr\u00e8s heureux&nbsp;\u00bb de tomber sur le PSG en Ligue des champions - La Diagonale","isPartOf":{"@id":"https:\/\/www.ladiagonale.net\/#website"},"datePublished":"2026-01-30T22:46:33+00:00","dateModified":"2026-01-31T12:20:49+00:00","author":{"@id":"https:\/\/www.ladiagonale.net\/#\/schema\/person\/79ff1e7b0853ed01b2aa26e64ad300bf"},"breadcrumb":{"@id":"https:\/\/www.ladiagonale.net\/index.php\/2026\/01\/30\/pocognoli-est-tres-heureux-de-tomber-sur-le-psg-en-ligue-des-champions\/#breadcrumb"},"inLanguage":"fr-FR","potentialAction":[{"@type":"ReadAction","target":["https:\/\/www.ladiagonale.net\/index.php\/2026\/01\/30\/pocognoli-est-tres-heureux-de-tomber-sur-le-psg-en-ligue-des-champions\/"]}]},{"@type":"BreadcrumbList","@id":"https:\/\/www.ladiagonale.net\/index.php\/2026\/01\/30\/pocognoli-est-tres-heureux-de-tomber-sur-le-psg-en-ligue-des-champions\/#breadcrumb","itemListElement":[{"@type":"ListItem","position":1,"name":"Accueil","item":"https:\/\/www.ladiagonale.net\/"},{"@type":"ListItem","position":2,"name":"Pocognoli est \u00ab&nbsp;tr\u00e8s heureux&nbsp;\u00bb de tomber sur le PSG en Ligue des champions"}]},{"@type":"WebSite","@id":"https:\/\/www.ladiagonale.net\/#website","url":"https:\/\/www.ladiagonale.net\/","name":"La Diagonale","description":"Le site des supporters de l&#039;AS Monaco FC","potentialAction":[{"@type":"SearchAction","target":{"@type":"EntryPoint","urlTemplate":"https:\/\/www.ladiagonale.net\/?s={search_term_string}"},"query-input":"required name=search_term_string"}],"inLanguage":"fr-FR"},{"@type":"Person","@id":"https:\/\/www.ladiagonale.net\/#\/schema\/person\/79ff1e7b0853ed01b2aa26e64ad300bf","name":"Damien Dellerba","image":{"@type":"ImageObject","inLanguage":"fr-FR","@id":"https:\/\/www.ladiagonale.net\/#\/schema\/person\/image\/","url":"https:\/\/secure.gravatar.com\/avatar\/c7850e06d3ff63cdbaee88b7fc16e2f0?s=96&d=mm&r=g","contentUrl":"https:\/\/secure.gravatar.com\/avatar\/c7850e06d3ff63cdbaee88b7fc16e2f0?s=96&d=mm&r=g","caption":"Damien Dellerba"},"url":"https:\/\/www.ladiagonale.net\/index.php\/author\/damien\/"}]}},"_links":{"self":[{"href":"https:\/\/www.ladiagonale.net\/index.php\/wp-json\/wp\/v2\/posts\/36557"}],"collection":[{"href":"https:\/\/www.ladiagonale.net\/index.php\/wp-json\/wp\/v2\/posts"}],"about":[{"href":"https:\/\/www.ladiagonale.net\/index.php\/wp-json\/wp\/v2\/types\/post"}],"author":[{"embeddable":true,"href":"https:\/\/www.ladiagonale.net\/index.php\/wp-json\/wp\/v2\/users\/2"}],"replies":[{"embeddable":true,"href":"https:\/\/www.ladiagonale.net\/index.php\/wp-json\/wp\/v2\/comments?post=36557"}],"version-history":[{"count":2,"href":"https:\/\/www.ladiagonale.net\/index.php\/wp-json\/wp\/v2\/posts\/36557\/revisions"}],"predecessor-version":[{"id":36601,"href":"https:\/\/www.ladiagonale.net\/index.php\/wp-json\/wp\/v2\/posts\/36557\/revisions\/36601"}],"wp:attachment":[{"href":"https:\/\/www.ladiagonale.net\/index.php\/wp-json\/wp\/v2\/media?parent=36557"}],"wp:term":[{"taxonomy":"category","embeddable":true,"href":"https:\/\/www.ladiagonale.net\/index.php\/wp-json\/wp\/v2\/categories?post=36557"},{"taxonomy":"post_tag","embeddable":true,"href":"https:\/\/www.ladiagonale.net\/index.php\/wp-json\/wp\/v2\/tags?post=36557"}],"curies":[{"name":"wp","href":"https:\/\/api.w.org\/{rel}","templated":true}]}}