{"id":36559,"date":"2026-01-30T23:59:50","date_gmt":"2026-01-30T22:59:50","guid":{"rendered":"https:\/\/www.ladiagonale.net\/?p=36559"},"modified":"2026-01-31T00:00:40","modified_gmt":"2026-01-30T23:00:40","slug":"les-22e-23e-et-24e-journees-de-ligue-1-devoilees","status":"publish","type":"post","link":"https:\/\/www.ladiagonale.net\/index.php\/2026\/01\/30\/les-22e-23e-et-24e-journees-de-ligue-1-devoilees\/","title":{"rendered":"Les 22e, 23e et 24e journ\u00e9es de Ligue 1 d\u00e9voil\u00e9es"},"content":{"rendered":"\n\n\n<p>Tous les clubs fran\u00e7ais engag\u00e9s en Coupe d&rsquo;Europe connaissent les dates de leurs prochaines \u00e9ch\u00e9ances, en particulier l&rsquo;AS Monaco. <a href=\"https:\/\/www.ladiagonale.net\/index.php\/2026\/01\/30\/les-dates-des-barrages-contre-le-psg-fixees\/\" target=\"_blank\" rel=\"noreferrer noopener\">La programmation des barrages<\/a> de la Ligue des champions, qui verront le club de la Principaut\u00e9 affronter le PSG les 17 et 25 f\u00e9vrier, a notamment permis \u00e0 la LFP de pouvoir avancer sur sa programmation de la Ligue 1. Dans la foul\u00e9e des annonces faites par l&rsquo;UEFA, trois journ\u00e9es de Championnat ont \u00e9t\u00e9 d\u00e9termin\u00e9es.<\/p>\n\n\n\n<p>Pour la 22<sup>e<\/sup> journ\u00e9e de Ligue 1, qui pr\u00e9c\u00e9dera le barrage aller contre Paris, l&rsquo;ASM sera oppos\u00e9e \u00e0 Nantes, qu&rsquo;elle recevra au stade Louis-II. Le match se jouera le vendredi 13 f\u00e9vrier, \u00e0 21 heures. L&rsquo;\u00e9quit\u00e9 avec le PSG a \u00e9t\u00e9 respect\u00e9e puisque le champion d&rsquo;Europe jouera contre Rennes deux heures plus t\u00f4t. Idem pour la rencontre de la 23<sup>e<\/sup> journ\u00e9e, plac\u00e9e entre les manches aller-retour, qui verra les deux \u00e9quipes jouer le samedi 21. Monaco ira \u00e0 Lens et jouera \u00e0 17 heures quand Paris recevra Metz \u00e0 21h05.<\/p>\n\n\n\n<p>Enfin, la 24<sup>e<\/sup> journ\u00e9e a elle aussi \u00e9t\u00e9 annonc\u00e9e. Monaco recevra Angers le samedi 28 f\u00e9vrier, \u00e0 19 heures.<\/p>\n","protected":false},"excerpt":{"rendered":"<p>Tous les clubs fran\u00e7ais engag\u00e9s en Coupe d&rsquo;Europe connaissent les dates de leurs prochaines \u00e9ch\u00e9ances, en particulier l&rsquo;AS Monaco. La programmation des barrages de la Ligue des champions, qui verront le club de la Principaut\u00e9 affronter le PSG les 17 et 25 f\u00e9vrier, a notamment permis \u00e0 la LFP de pouvoir avancer sur sa programmation [&#8230;]\n","protected":false},"author":2,"featured_media":0,"comment_status":"open","ping_status":"open","sticky":false,"template":"","format":"standard","meta":[],"categories":[6,1000],"tags":[86,499,94,171,158,172],"yoast_head":"<!-- This site is optimized with the Yoast SEO plugin v19.8 - https:\/\/yoast.com\/wordpress\/plugins\/seo\/ -->\n<title>Les 22e, 23e et 24e journ\u00e9es de Ligue 1 d\u00e9voil\u00e9es - La Diagonale<\/title>\n<meta name=\"robots\" content=\"index, follow, max-snippet:-1, max-image-preview:large, max-video-preview:-1\" \/>\n<link rel=\"canonical\" href=\"https:\/\/www.ladiagonale.net\/index.php\/2026\/01\/30\/les-22e-23e-et-24e-journees-de-ligue-1-devoilees\/\" \/>\n<meta property=\"og:locale\" content=\"fr_FR\" \/>\n<meta property=\"og:type\" content=\"article\" \/>\n<meta property=\"og:title\" content=\"Les 22e, 23e et 24e journ\u00e9es de Ligue 1 d\u00e9voil\u00e9es - La Diagonale\" \/>\n<meta property=\"og:description\" content=\"Tous les clubs fran\u00e7ais engag\u00e9s en Coupe d&rsquo;Europe connaissent les dates de leurs prochaines \u00e9ch\u00e9ances, en particulier l&rsquo;AS Monaco. La programmation des barrages de la Ligue des champions, qui verront le club de la Principaut\u00e9 affronter le PSG les 17 et 25 f\u00e9vrier, a notamment permis \u00e0 la LFP de pouvoir avancer sur sa programmation [...]\" \/>\n<meta property=\"og:url\" content=\"https:\/\/www.ladiagonale.net\/index.php\/2026\/01\/30\/les-22e-23e-et-24e-journees-de-ligue-1-devoilees\/\" \/>\n<meta property=\"og:site_name\" content=\"La Diagonale\" \/>\n<meta property=\"article:published_time\" content=\"2026-01-30T22:59:50+00:00\" \/>\n<meta property=\"article:modified_time\" content=\"2026-01-30T23:00:40+00:00\" \/>\n<meta property=\"og:image\" content=\"https:\/\/www.ladiagonale.net\/wp-content\/uploads\/2024\/09\/prog.png\" \/>\n\t<meta property=\"og:image:width\" content=\"1160\" \/>\n\t<meta property=\"og:image:height\" content=\"650\" \/>\n\t<meta property=\"og:image:type\" content=\"image\/png\" \/>\n<meta name=\"author\" content=\"Damien Dellerba\" \/>\n<meta name=\"twitter:card\" content=\"summary_large_image\" \/>\n<meta name=\"twitter:image\" content=\"https:\/\/www.ladiagonale.net\/wp-content\/uploads\/2024\/09\/prog.png\" \/>\n<meta name=\"twitter:label1\" content=\"\u00c9crit par\" \/>\n\t<meta name=\"twitter:data1\" content=\"Damien Dellerba\" \/>\n\t<meta name=\"twitter:label2\" content=\"Dur\u00e9e de lecture estim\u00e9e\" \/>\n\t<meta name=\"twitter:data2\" content=\"1 minute\" \/>\n<script type=\"application\/ld+json\" class=\"yoast-schema-graph\">{\"@context\":\"https:\/\/schema.org\",\"@graph\":[{\"@type\":\"WebPage\",\"@id\":\"https:\/\/www.ladiagonale.net\/index.php\/2026\/01\/30\/les-22e-23e-et-24e-journees-de-ligue-1-devoilees\/\",\"url\":\"https:\/\/www.ladiagonale.net\/index.php\/2026\/01\/30\/les-22e-23e-et-24e-journees-de-ligue-1-devoilees\/\",\"name\":\"Les 22e, 23e et 24e journ\u00e9es de Ligue 1 d\u00e9voil\u00e9es - La Diagonale\",\"isPartOf\":{\"@id\":\"https:\/\/www.ladiagonale.net\/#website\"},\"datePublished\":\"2026-01-30T22:59:50+00:00\",\"dateModified\":\"2026-01-30T23:00:40+00:00\",\"author\":{\"@id\":\"https:\/\/www.ladiagonale.net\/#\/schema\/person\/79ff1e7b0853ed01b2aa26e64ad300bf\"},\"breadcrumb\":{\"@id\":\"https:\/\/www.ladiagonale.net\/index.php\/2026\/01\/30\/les-22e-23e-et-24e-journees-de-ligue-1-devoilees\/#breadcrumb\"},\"inLanguage\":\"fr-FR\",\"potentialAction\":[{\"@type\":\"ReadAction\",\"target\":[\"https:\/\/www.ladiagonale.net\/index.php\/2026\/01\/30\/les-22e-23e-et-24e-journees-de-ligue-1-devoilees\/\"]}]},{\"@type\":\"BreadcrumbList\",\"@id\":\"https:\/\/www.ladiagonale.net\/index.php\/2026\/01\/30\/les-22e-23e-et-24e-journees-de-ligue-1-devoilees\/#breadcrumb\",\"itemListElement\":[{\"@type\":\"ListItem\",\"position\":1,\"name\":\"Accueil\",\"item\":\"https:\/\/www.ladiagonale.net\/\"},{\"@type\":\"ListItem\",\"position\":2,\"name\":\"Les 22e, 23e et 24e journ\u00e9es de Ligue 1 d\u00e9voil\u00e9es\"}]},{\"@type\":\"WebSite\",\"@id\":\"https:\/\/www.ladiagonale.net\/#website\",\"url\":\"https:\/\/www.ladiagonale.net\/\",\"name\":\"La Diagonale\",\"description\":\"Le site des supporters de l&#039;AS Monaco FC\",\"potentialAction\":[{\"@type\":\"SearchAction\",\"target\":{\"@type\":\"EntryPoint\",\"urlTemplate\":\"https:\/\/www.ladiagonale.net\/?s={search_term_string}\"},\"query-input\":\"required name=search_term_string\"}],\"inLanguage\":\"fr-FR\"},{\"@type\":\"Person\",\"@id\":\"https:\/\/www.ladiagonale.net\/#\/schema\/person\/79ff1e7b0853ed01b2aa26e64ad300bf\",\"name\":\"Damien Dellerba\",\"image\":{\"@type\":\"ImageObject\",\"inLanguage\":\"fr-FR\",\"@id\":\"https:\/\/www.ladiagonale.net\/#\/schema\/person\/image\/\",\"url\":\"https:\/\/secure.gravatar.com\/avatar\/c7850e06d3ff63cdbaee88b7fc16e2f0?s=96&d=mm&r=g\",\"contentUrl\":\"https:\/\/secure.gravatar.com\/avatar\/c7850e06d3ff63cdbaee88b7fc16e2f0?s=96&d=mm&r=g\",\"caption\":\"Damien Dellerba\"},\"url\":\"https:\/\/www.ladiagonale.net\/index.php\/author\/damien\/\"}]}<\/script>\n<!-- \/ Yoast SEO plugin. -->","yoast_head_json":{"title":"Les 22e, 23e et 24e journ\u00e9es de Ligue 1 d\u00e9voil\u00e9es - La Diagonale","robots":{"index":"index","follow":"follow","max-snippet":"max-snippet:-1","max-image-preview":"max-image-preview:large","max-video-preview":"max-video-preview:-1"},"canonical":"https:\/\/www.ladiagonale.net\/index.php\/2026\/01\/30\/les-22e-23e-et-24e-journees-de-ligue-1-devoilees\/","og_locale":"fr_FR","og_type":"article","og_title":"Les 22e, 23e et 24e journ\u00e9es de Ligue 1 d\u00e9voil\u00e9es - La Diagonale","og_description":"Tous les clubs fran\u00e7ais engag\u00e9s en Coupe d&rsquo;Europe connaissent les dates de leurs prochaines \u00e9ch\u00e9ances, en particulier l&rsquo;AS Monaco. La programmation des barrages de la Ligue des champions, qui verront le club de la Principaut\u00e9 affronter le PSG les 17 et 25 f\u00e9vrier, a notamment permis \u00e0 la LFP de pouvoir avancer sur sa programmation [...]","og_url":"https:\/\/www.ladiagonale.net\/index.php\/2026\/01\/30\/les-22e-23e-et-24e-journees-de-ligue-1-devoilees\/","og_site_name":"La Diagonale","article_published_time":"2026-01-30T22:59:50+00:00","article_modified_time":"2026-01-30T23:00:40+00:00","og_image":[{"width":1160,"height":650,"url":"https:\/\/www.ladiagonale.net\/wp-content\/uploads\/2024\/09\/prog.png","type":"image\/png"}],"author":"Damien Dellerba","twitter_card":"summary_large_image","twitter_image":"https:\/\/www.ladiagonale.net\/wp-content\/uploads\/2024\/09\/prog.png","twitter_misc":{"\u00c9crit par":"Damien Dellerba","Dur\u00e9e de lecture estim\u00e9e":"1 minute"},"schema":{"@context":"https:\/\/schema.org","@graph":[{"@type":"WebPage","@id":"https:\/\/www.ladiagonale.net\/index.php\/2026\/01\/30\/les-22e-23e-et-24e-journees-de-ligue-1-devoilees\/","url":"https:\/\/www.ladiagonale.net\/index.php\/2026\/01\/30\/les-22e-23e-et-24e-journees-de-ligue-1-devoilees\/","name":"Les 22e, 23e et 24e journ\u00e9es de Ligue 1 d\u00e9voil\u00e9es - La Diagonale","isPartOf":{"@id":"https:\/\/www.ladiagonale.net\/#website"},"datePublished":"2026-01-30T22:59:50+00:00","dateModified":"2026-01-30T23:00:40+00:00","author":{"@id":"https:\/\/www.ladiagonale.net\/#\/schema\/person\/79ff1e7b0853ed01b2aa26e64ad300bf"},"breadcrumb":{"@id":"https:\/\/www.ladiagonale.net\/index.php\/2026\/01\/30\/les-22e-23e-et-24e-journees-de-ligue-1-devoilees\/#breadcrumb"},"inLanguage":"fr-FR","potentialAction":[{"@type":"ReadAction","target":["https:\/\/www.ladiagonale.net\/index.php\/2026\/01\/30\/les-22e-23e-et-24e-journees-de-ligue-1-devoilees\/"]}]},{"@type":"BreadcrumbList","@id":"https:\/\/www.ladiagonale.net\/index.php\/2026\/01\/30\/les-22e-23e-et-24e-journees-de-ligue-1-devoilees\/#breadcrumb","itemListElement":[{"@type":"ListItem","position":1,"name":"Accueil","item":"https:\/\/www.ladiagonale.net\/"},{"@type":"ListItem","position":2,"name":"Les 22e, 23e et 24e journ\u00e9es de Ligue 1 d\u00e9voil\u00e9es"}]},{"@type":"WebSite","@id":"https:\/\/www.ladiagonale.net\/#website","url":"https:\/\/www.ladiagonale.net\/","name":"La Diagonale","description":"Le site des supporters de l&#039;AS Monaco FC","potentialAction":[{"@type":"SearchAction","target":{"@type":"EntryPoint","urlTemplate":"https:\/\/www.ladiagonale.net\/?s={search_term_string}"},"query-input":"required name=search_term_string"}],"inLanguage":"fr-FR"},{"@type":"Person","@id":"https:\/\/www.ladiagonale.net\/#\/schema\/person\/79ff1e7b0853ed01b2aa26e64ad300bf","name":"Damien Dellerba","image":{"@type":"ImageObject","inLanguage":"fr-FR","@id":"https:\/\/www.ladiagonale.net\/#\/schema\/person\/image\/","url":"https:\/\/secure.gravatar.com\/avatar\/c7850e06d3ff63cdbaee88b7fc16e2f0?s=96&d=mm&r=g","contentUrl":"https:\/\/secure.gravatar.com\/avatar\/c7850e06d3ff63cdbaee88b7fc16e2f0?s=96&d=mm&r=g","caption":"Damien Dellerba"},"url":"https:\/\/www.ladiagonale.net\/index.php\/author\/damien\/"}]}},"_links":{"self":[{"href":"https:\/\/www.ladiagonale.net\/index.php\/wp-json\/wp\/v2\/posts\/36559"}],"collection":[{"href":"https:\/\/www.ladiagonale.net\/index.php\/wp-json\/wp\/v2\/posts"}],"about":[{"href":"https:\/\/www.ladiagonale.net\/index.php\/wp-json\/wp\/v2\/types\/post"}],"author":[{"embeddable":true,"href":"https:\/\/www.ladiagonale.net\/index.php\/wp-json\/wp\/v2\/users\/2"}],"replies":[{"embeddable":true,"href":"https:\/\/www.ladiagonale.net\/index.php\/wp-json\/wp\/v2\/comments?post=36559"}],"version-history":[{"count":2,"href":"https:\/\/www.ladiagonale.net\/index.php\/wp-json\/wp\/v2\/posts\/36559\/revisions"}],"predecessor-version":[{"id":36562,"href":"https:\/\/www.ladiagonale.net\/index.php\/wp-json\/wp\/v2\/posts\/36559\/revisions\/36562"}],"wp:attachment":[{"href":"https:\/\/www.ladiagonale.net\/index.php\/wp-json\/wp\/v2\/media?parent=36559"}],"wp:term":[{"taxonomy":"category","embeddable":true,"href":"https:\/\/www.ladiagonale.net\/index.php\/wp-json\/wp\/v2\/categories?post=36559"},{"taxonomy":"post_tag","embeddable":true,"href":"https:\/\/www.ladiagonale.net\/index.php\/wp-json\/wp\/v2\/tags?post=36559"}],"curies":[{"name":"wp","href":"https:\/\/api.w.org\/{rel}","templated":true}]}}