{"id":36564,"date":"2026-01-31T01:02:23","date_gmt":"2026-01-31T00:02:23","guid":{"rendered":"https:\/\/www.ladiagonale.net\/?p=36564"},"modified":"2026-01-31T02:22:57","modified_gmt":"2026-01-31T01:22:57","slug":"diatta-postule-pour-une-place-dans-le-groupe-contre-rennes","status":"publish","type":"post","link":"https:\/\/www.ladiagonale.net\/index.php\/2026\/01\/31\/diatta-postule-pour-une-place-dans-le-groupe-contre-rennes\/","title":{"rendered":"Diatta postule pour une place dans le groupe contre Rennes"},"content":{"rendered":"\n\n\n<figure class=\"wp-block-audio\"><audio controls src=\"https:\/\/www.ladiagonale.net\/wp-content\/uploads\/2026\/01\/ttsreader_malade-jus.mp3\"><\/audio><\/figure>\n\n\n\n<p>Malade juste avant la finale de la Coupe d\u2019Afrique des nations, Kr\u00e9pin Diatta avait suscit\u00e9 quelque inqui\u00e9tude du c\u00f4t\u00e9 du Rocher. Le tout nouveau champion d\u2019Afrique avait en effet <a href=\"https:\/\/www.ladiagonale.net\/index.php\/2026\/01\/19\/des-nouvelles-rassurantes-de-diatta\/\" target=\"_blank\" rel=\"noreferrer noopener\">pass\u00e9 une nuit \u00e0 l\u2019h\u00f4pital<\/a> et l\u2019origine de sa maladie \u00e9tait alors tr\u00e8s incertaine, et si plusieurs sources \u00e9voquaient une intoxication alimentaire, d&rsquo;autres rumeurs viraient au complotisme \u00e0 l\u2019encontre du pays h\u00f4te, le Maroc.<\/p>\n\n\n\n<p>Mais cet \u00e9pisode est d\u00e9sormais rel\u00e9gu\u00e9 au rang des mauvais souvenirs puisque Diatta va pouvoir effectuer son retour avec le groupe \u00e0 l\u2019occasion de la rencontre face \u00e0 Rennes, ce samedi : \u00ab&nbsp;<em>Kr\u00e9pin est bien de retour. Il s\u2019est entra\u00een\u00e9 normalement ces derniers jours<\/em>&nbsp;\u00bb,&nbsp;a expliqu\u00e9 S\u00e9bastien Pocognoli devant la presse, vendredi.<\/p>\n\n\n\n<p>Ce ne sera pas le cas de Christian Mawissa. Si le d\u00e9fenseur central a pu reprendre l\u2019entra\u00eenement avec le groupe, il n\u2019est pas encore en mesure de faire l\u2019int\u00e9gralit\u00e9 des s\u00e9ances : \u00ab&nbsp;<em>Pour Christian (Mawissa), c\u2019est encore un peu t\u00f4t car il n\u2019a pas encore r\u00e9int\u00e9gr\u00e9 totalement les s\u00e9ances avec le groupe, il est encore en partiel, donc c\u2019est une question de temps avant de le revoir<\/em>&nbsp;\u00bb, a pr\u00e9cis\u00e9 l\u2019entra\u00eeneur mon\u00e9gasque.<\/p>\n\n\n\n<p>Pour <a href=\"https:\/\/www.ladiagonale.net\/index.php\/2026\/01\/30\/embolo-jai-aime-jouer-a-monaco\/\" target=\"_blank\" rel=\"noreferrer noopener\">la r\u00e9ception de Breel Embolo<\/a> et ses co\u00e9quipiers rennais, Monaco ne pourra pas compter sur Wout Faes, Eric Dier, Paul Pogba et Pape Cabral. \u00ab<em>&nbsp;Ils sont en processus de retour<\/em>, selon l\u2019aveu du technicien belge. <em>On esp\u00e8re les avoir le plus rapidement possible pour \u00e9toffer le groupe et faire jouer la concurrence.&nbsp;<\/em>\u00bb<\/p>\n","protected":false},"excerpt":{"rendered":"<p>Malade juste avant la finale de la Coupe d\u2019Afrique des nations, Kr\u00e9pin Diatta avait suscit\u00e9 quelque inqui\u00e9tude du c\u00f4t\u00e9 du Rocher. Le tout nouveau champion d\u2019Afrique avait en effet pass\u00e9 une nuit \u00e0 l\u2019h\u00f4pital et l\u2019origine de sa maladie \u00e9tait alors tr\u00e8s incertaine, et si plusieurs sources \u00e9voquaient une intoxication alimentaire, d&rsquo;autres rumeurs viraient au [&#8230;]\n","protected":false},"author":2,"featured_media":0,"comment_status":"open","ping_status":"open","sticky":false,"template":"","format":"standard","meta":[],"categories":[6,1000],"tags":[86,196,163,94,222],"yoast_head":"<!-- This site is optimized with the Yoast SEO plugin v19.8 - https:\/\/yoast.com\/wordpress\/plugins\/seo\/ -->\n<title>Diatta postule pour une place dans le groupe contre Rennes - La Diagonale<\/title>\n<meta name=\"robots\" content=\"index, follow, max-snippet:-1, max-image-preview:large, max-video-preview:-1\" \/>\n<link rel=\"canonical\" href=\"https:\/\/www.ladiagonale.net\/index.php\/2026\/01\/31\/diatta-postule-pour-une-place-dans-le-groupe-contre-rennes\/\" \/>\n<meta property=\"og:locale\" content=\"fr_FR\" \/>\n<meta property=\"og:type\" content=\"article\" \/>\n<meta property=\"og:title\" content=\"Diatta postule pour une place dans le groupe contre Rennes - La Diagonale\" \/>\n<meta property=\"og:description\" content=\"Malade juste avant la finale de la Coupe d\u2019Afrique des nations, Kr\u00e9pin Diatta avait suscit\u00e9 quelque inqui\u00e9tude du c\u00f4t\u00e9 du Rocher. Le tout nouveau champion d\u2019Afrique avait en effet pass\u00e9 une nuit \u00e0 l\u2019h\u00f4pital et l\u2019origine de sa maladie \u00e9tait alors tr\u00e8s incertaine, et si plusieurs sources \u00e9voquaient une intoxication alimentaire, d&rsquo;autres rumeurs viraient au [...]\" \/>\n<meta property=\"og:url\" content=\"https:\/\/www.ladiagonale.net\/index.php\/2026\/01\/31\/diatta-postule-pour-une-place-dans-le-groupe-contre-rennes\/\" \/>\n<meta property=\"og:site_name\" content=\"La Diagonale\" \/>\n<meta property=\"article:published_time\" content=\"2026-01-31T00:02:23+00:00\" \/>\n<meta property=\"article:modified_time\" content=\"2026-01-31T01:22:57+00:00\" \/>\n<meta property=\"og:image\" content=\"https:\/\/www.ladiagonale.net\/wp-content\/uploads\/2025\/10\/Diatta.png\" \/>\n\t<meta property=\"og:image:width\" content=\"1160\" \/>\n\t<meta property=\"og:image:height\" content=\"650\" \/>\n\t<meta property=\"og:image:type\" content=\"image\/png\" \/>\n<meta name=\"author\" content=\"Damien Dellerba\" \/>\n<meta name=\"twitter:card\" content=\"summary_large_image\" \/>\n<meta name=\"twitter:image\" content=\"https:\/\/www.ladiagonale.net\/wp-content\/uploads\/2025\/10\/Diatta.png\" \/>\n<meta name=\"twitter:label1\" content=\"\u00c9crit par\" \/>\n\t<meta name=\"twitter:data1\" content=\"Damien Dellerba\" \/>\n\t<meta name=\"twitter:label2\" content=\"Dur\u00e9e de lecture estim\u00e9e\" \/>\n\t<meta name=\"twitter:data2\" content=\"2 minutes\" \/>\n<script type=\"application\/ld+json\" class=\"yoast-schema-graph\">{\"@context\":\"https:\/\/schema.org\",\"@graph\":[{\"@type\":\"WebPage\",\"@id\":\"https:\/\/www.ladiagonale.net\/index.php\/2026\/01\/31\/diatta-postule-pour-une-place-dans-le-groupe-contre-rennes\/\",\"url\":\"https:\/\/www.ladiagonale.net\/index.php\/2026\/01\/31\/diatta-postule-pour-une-place-dans-le-groupe-contre-rennes\/\",\"name\":\"Diatta postule pour une place dans le groupe contre Rennes - La Diagonale\",\"isPartOf\":{\"@id\":\"https:\/\/www.ladiagonale.net\/#website\"},\"datePublished\":\"2026-01-31T00:02:23+00:00\",\"dateModified\":\"2026-01-31T01:22:57+00:00\",\"author\":{\"@id\":\"https:\/\/www.ladiagonale.net\/#\/schema\/person\/79ff1e7b0853ed01b2aa26e64ad300bf\"},\"breadcrumb\":{\"@id\":\"https:\/\/www.ladiagonale.net\/index.php\/2026\/01\/31\/diatta-postule-pour-une-place-dans-le-groupe-contre-rennes\/#breadcrumb\"},\"inLanguage\":\"fr-FR\",\"potentialAction\":[{\"@type\":\"ReadAction\",\"target\":[\"https:\/\/www.ladiagonale.net\/index.php\/2026\/01\/31\/diatta-postule-pour-une-place-dans-le-groupe-contre-rennes\/\"]}]},{\"@type\":\"BreadcrumbList\",\"@id\":\"https:\/\/www.ladiagonale.net\/index.php\/2026\/01\/31\/diatta-postule-pour-une-place-dans-le-groupe-contre-rennes\/#breadcrumb\",\"itemListElement\":[{\"@type\":\"ListItem\",\"position\":1,\"name\":\"Accueil\",\"item\":\"https:\/\/www.ladiagonale.net\/\"},{\"@type\":\"ListItem\",\"position\":2,\"name\":\"Diatta postule pour une place dans le groupe contre Rennes\"}]},{\"@type\":\"WebSite\",\"@id\":\"https:\/\/www.ladiagonale.net\/#website\",\"url\":\"https:\/\/www.ladiagonale.net\/\",\"name\":\"La Diagonale\",\"description\":\"Le site des supporters de l&#039;AS Monaco FC\",\"potentialAction\":[{\"@type\":\"SearchAction\",\"target\":{\"@type\":\"EntryPoint\",\"urlTemplate\":\"https:\/\/www.ladiagonale.net\/?s={search_term_string}\"},\"query-input\":\"required name=search_term_string\"}],\"inLanguage\":\"fr-FR\"},{\"@type\":\"Person\",\"@id\":\"https:\/\/www.ladiagonale.net\/#\/schema\/person\/79ff1e7b0853ed01b2aa26e64ad300bf\",\"name\":\"Damien Dellerba\",\"image\":{\"@type\":\"ImageObject\",\"inLanguage\":\"fr-FR\",\"@id\":\"https:\/\/www.ladiagonale.net\/#\/schema\/person\/image\/\",\"url\":\"https:\/\/secure.gravatar.com\/avatar\/c7850e06d3ff63cdbaee88b7fc16e2f0?s=96&d=mm&r=g\",\"contentUrl\":\"https:\/\/secure.gravatar.com\/avatar\/c7850e06d3ff63cdbaee88b7fc16e2f0?s=96&d=mm&r=g\",\"caption\":\"Damien Dellerba\"},\"url\":\"https:\/\/www.ladiagonale.net\/index.php\/author\/damien\/\"}]}<\/script>\n<!-- \/ Yoast SEO plugin. -->","yoast_head_json":{"title":"Diatta postule pour une place dans le groupe contre Rennes - La Diagonale","robots":{"index":"index","follow":"follow","max-snippet":"max-snippet:-1","max-image-preview":"max-image-preview:large","max-video-preview":"max-video-preview:-1"},"canonical":"https:\/\/www.ladiagonale.net\/index.php\/2026\/01\/31\/diatta-postule-pour-une-place-dans-le-groupe-contre-rennes\/","og_locale":"fr_FR","og_type":"article","og_title":"Diatta postule pour une place dans le groupe contre Rennes - La Diagonale","og_description":"Malade juste avant la finale de la Coupe d\u2019Afrique des nations, Kr\u00e9pin Diatta avait suscit\u00e9 quelque inqui\u00e9tude du c\u00f4t\u00e9 du Rocher. Le tout nouveau champion d\u2019Afrique avait en effet pass\u00e9 une nuit \u00e0 l\u2019h\u00f4pital et l\u2019origine de sa maladie \u00e9tait alors tr\u00e8s incertaine, et si plusieurs sources \u00e9voquaient une intoxication alimentaire, d&rsquo;autres rumeurs viraient au [...]","og_url":"https:\/\/www.ladiagonale.net\/index.php\/2026\/01\/31\/diatta-postule-pour-une-place-dans-le-groupe-contre-rennes\/","og_site_name":"La Diagonale","article_published_time":"2026-01-31T00:02:23+00:00","article_modified_time":"2026-01-31T01:22:57+00:00","og_image":[{"width":1160,"height":650,"url":"https:\/\/www.ladiagonale.net\/wp-content\/uploads\/2025\/10\/Diatta.png","type":"image\/png"}],"author":"Damien Dellerba","twitter_card":"summary_large_image","twitter_image":"https:\/\/www.ladiagonale.net\/wp-content\/uploads\/2025\/10\/Diatta.png","twitter_misc":{"\u00c9crit par":"Damien Dellerba","Dur\u00e9e de lecture estim\u00e9e":"2 minutes"},"schema":{"@context":"https:\/\/schema.org","@graph":[{"@type":"WebPage","@id":"https:\/\/www.ladiagonale.net\/index.php\/2026\/01\/31\/diatta-postule-pour-une-place-dans-le-groupe-contre-rennes\/","url":"https:\/\/www.ladiagonale.net\/index.php\/2026\/01\/31\/diatta-postule-pour-une-place-dans-le-groupe-contre-rennes\/","name":"Diatta postule pour une place dans le groupe contre Rennes - La Diagonale","isPartOf":{"@id":"https:\/\/www.ladiagonale.net\/#website"},"datePublished":"2026-01-31T00:02:23+00:00","dateModified":"2026-01-31T01:22:57+00:00","author":{"@id":"https:\/\/www.ladiagonale.net\/#\/schema\/person\/79ff1e7b0853ed01b2aa26e64ad300bf"},"breadcrumb":{"@id":"https:\/\/www.ladiagonale.net\/index.php\/2026\/01\/31\/diatta-postule-pour-une-place-dans-le-groupe-contre-rennes\/#breadcrumb"},"inLanguage":"fr-FR","potentialAction":[{"@type":"ReadAction","target":["https:\/\/www.ladiagonale.net\/index.php\/2026\/01\/31\/diatta-postule-pour-une-place-dans-le-groupe-contre-rennes\/"]}]},{"@type":"BreadcrumbList","@id":"https:\/\/www.ladiagonale.net\/index.php\/2026\/01\/31\/diatta-postule-pour-une-place-dans-le-groupe-contre-rennes\/#breadcrumb","itemListElement":[{"@type":"ListItem","position":1,"name":"Accueil","item":"https:\/\/www.ladiagonale.net\/"},{"@type":"ListItem","position":2,"name":"Diatta postule pour une place dans le groupe contre Rennes"}]},{"@type":"WebSite","@id":"https:\/\/www.ladiagonale.net\/#website","url":"https:\/\/www.ladiagonale.net\/","name":"La Diagonale","description":"Le site des supporters de l&#039;AS Monaco FC","potentialAction":[{"@type":"SearchAction","target":{"@type":"EntryPoint","urlTemplate":"https:\/\/www.ladiagonale.net\/?s={search_term_string}"},"query-input":"required name=search_term_string"}],"inLanguage":"fr-FR"},{"@type":"Person","@id":"https:\/\/www.ladiagonale.net\/#\/schema\/person\/79ff1e7b0853ed01b2aa26e64ad300bf","name":"Damien Dellerba","image":{"@type":"ImageObject","inLanguage":"fr-FR","@id":"https:\/\/www.ladiagonale.net\/#\/schema\/person\/image\/","url":"https:\/\/secure.gravatar.com\/avatar\/c7850e06d3ff63cdbaee88b7fc16e2f0?s=96&d=mm&r=g","contentUrl":"https:\/\/secure.gravatar.com\/avatar\/c7850e06d3ff63cdbaee88b7fc16e2f0?s=96&d=mm&r=g","caption":"Damien Dellerba"},"url":"https:\/\/www.ladiagonale.net\/index.php\/author\/damien\/"}]}},"_links":{"self":[{"href":"https:\/\/www.ladiagonale.net\/index.php\/wp-json\/wp\/v2\/posts\/36564"}],"collection":[{"href":"https:\/\/www.ladiagonale.net\/index.php\/wp-json\/wp\/v2\/posts"}],"about":[{"href":"https:\/\/www.ladiagonale.net\/index.php\/wp-json\/wp\/v2\/types\/post"}],"author":[{"embeddable":true,"href":"https:\/\/www.ladiagonale.net\/index.php\/wp-json\/wp\/v2\/users\/2"}],"replies":[{"embeddable":true,"href":"https:\/\/www.ladiagonale.net\/index.php\/wp-json\/wp\/v2\/comments?post=36564"}],"version-history":[{"count":5,"href":"https:\/\/www.ladiagonale.net\/index.php\/wp-json\/wp\/v2\/posts\/36564\/revisions"}],"predecessor-version":[{"id":36589,"href":"https:\/\/www.ladiagonale.net\/index.php\/wp-json\/wp\/v2\/posts\/36564\/revisions\/36589"}],"wp:attachment":[{"href":"https:\/\/www.ladiagonale.net\/index.php\/wp-json\/wp\/v2\/media?parent=36564"}],"wp:term":[{"taxonomy":"category","embeddable":true,"href":"https:\/\/www.ladiagonale.net\/index.php\/wp-json\/wp\/v2\/categories?post=36564"},{"taxonomy":"post_tag","embeddable":true,"href":"https:\/\/www.ladiagonale.net\/index.php\/wp-json\/wp\/v2\/tags?post=36564"}],"curies":[{"name":"wp","href":"https:\/\/api.w.org\/{rel}","templated":true}]}}