{"id":36590,"date":"2026-01-31T02:55:01","date_gmt":"2026-01-31T01:55:01","guid":{"rendered":"https:\/\/www.ladiagonale.net\/?p=36590"},"modified":"2026-01-31T03:00:45","modified_gmt":"2026-01-31T02:00:45","slug":"plus-de-responsabilites-pour-avina-en-interne","status":"publish","type":"post","link":"https:\/\/www.ladiagonale.net\/index.php\/2026\/01\/31\/plus-de-responsabilites-pour-avina-en-interne\/","title":{"rendered":"Plus de responsabilit\u00e9s pour Avina en interne ?"},"content":{"rendered":"\n\n\n<p>C\u2019est peu de dire que les derni\u00e8res semaines travers\u00e9es par l\u2019AS Monaco ont \u00e9t\u00e9 difficiles. Mauvais r\u00e9sultats, jeu ennuyeux, recrues pas au niveau et blessures r\u00e9currentes, tous ces \u00e9l\u00e9ments ternissent la saison mon\u00e9gasque. Ils ont fortement d\u00e9plu, aussi bien du c\u00f4t\u00e9 du pr\u00e9sident Dmitry Rybolovlev que du c\u00f4t\u00e9 des supporters, qui r\u00e9clament avec insistance le d\u00e9part de Thiago Scuro.<\/p>\n\n\n\n<p>Car c\u2019est bien le directeur g\u00e9n\u00e9ral qui semble en faire les frais, malgr\u00e9 un renouvellement de contrat l\u2019\u00e9t\u00e9 dernier. Si le Br\u00e9silien <a href=\"https:\/\/www.ladiagonale.net\/index.php\/2026\/01\/14\/pourquoi-devraient-ils-etre-contents-scuro-comprend-la-grogne-des-supporters\/\" target=\"_blank\" rel=\"noreferrer noopener\">n\u2019a pas l\u2019intention de lutter<\/a> face \u00e0 la grogne des diff\u00e9rents groupes de supporters, il semble avoir perdu la main en interne. Il y a une dizaine de jours, <em>Nice-Matin<\/em> avait indiqu\u00e9 que Scuro n\u2019\u00e9tait pas menac\u00e9 apr\u00e8s la d\u00e9faite contre Lorient (1-3), mais la d\u00e9b\u00e2cle subie \u00e0 Madrid (1-6) a peut-\u00eatre contribu\u00e9 \u00e0 faire \u00e9voluer certaines choses.<\/p>\n\n\n\n<p>D\u2019apr\u00e8s <em>L\u2019\u00c9quipe<\/em>, la difficult\u00e9 \u00e0 remplacer Adi H\u00fctter apr\u00e8s son limogeage n\u2019aurait pas \u00e9t\u00e9 tr\u00e8s bien vue, d\u2019autant que les r\u00e9sultats obtenus par S\u00e9bastien Pocognoli depuis son arriv\u00e9e en octobre sont insuffisants. Ainsi, le Directeur technique Carlos Avina aurait vu certaines de ses pr\u00e9rogatives \u00e9largies sur le domaine sportif. Le quotidien \u00e9met l&rsquo;hypoth\u00e8se d&rsquo;une prise de pouvoir du Mexicain de 35 ans, avan\u00e7ant que ce dernier est d\u00e9sormais celui \u00e0 qui on doit \u00ab\u00a0<em>rendre compte<\/em>\u00a0\u00bb.<\/p>\n\n\n\n<p>Contact\u00e9, le club de la Principaut\u00e9 a ni\u00e9 une r\u00e9organisation dans son organigramme, mais une simple refonte de certains ses protocoles en interne : \u00ab\u00a0<em>Il n&rsquo;y a pas de promotion ou de changement de titre, pas de nouvelles responsabilit\u00e9s mais une simple r\u00e9organisation de la gestion de la routine quotidienne au sein des d\u00e9partements performance, m\u00e9dical et team management, comme convenu lors d&rsquo;une r\u00e9union interne avec ces d\u00e9partements<\/em>.\u00a0\u00bb Qui semble donc laisser davantage de pouvoir \u00e0 Avina.<\/p>\n","protected":false},"excerpt":{"rendered":"<p>C\u2019est peu de dire que les derni\u00e8res semaines travers\u00e9es par l\u2019AS Monaco ont \u00e9t\u00e9 difficiles. Mauvais r\u00e9sultats, jeu ennuyeux, recrues pas au niveau et blessures r\u00e9currentes, tous ces \u00e9l\u00e9ments ternissent la saison mon\u00e9gasque. Ils ont fortement d\u00e9plu, aussi bien du c\u00f4t\u00e9 du pr\u00e9sident Dmitry Rybolovlev que du c\u00f4t\u00e9 des supporters, qui r\u00e9clament avec insistance le [&#8230;]\n","protected":false},"author":2,"featured_media":0,"comment_status":"open","ping_status":"open","sticky":false,"template":"","format":"standard","meta":[],"categories":[6],"tags":[86,474,773,479],"yoast_head":"<!-- This site is optimized with the Yoast SEO plugin v19.8 - https:\/\/yoast.com\/wordpress\/plugins\/seo\/ -->\n<title>Plus de responsabilit\u00e9s pour Avina en interne ? - La Diagonale<\/title>\n<meta name=\"robots\" content=\"index, follow, max-snippet:-1, max-image-preview:large, max-video-preview:-1\" \/>\n<link rel=\"canonical\" href=\"https:\/\/www.ladiagonale.net\/index.php\/2026\/01\/31\/plus-de-responsabilites-pour-avina-en-interne\/\" \/>\n<meta property=\"og:locale\" content=\"fr_FR\" \/>\n<meta property=\"og:type\" content=\"article\" \/>\n<meta property=\"og:title\" content=\"Plus de responsabilit\u00e9s pour Avina en interne ? - La Diagonale\" \/>\n<meta property=\"og:description\" content=\"C\u2019est peu de dire que les derni\u00e8res semaines travers\u00e9es par l\u2019AS Monaco ont \u00e9t\u00e9 difficiles. Mauvais r\u00e9sultats, jeu ennuyeux, recrues pas au niveau et blessures r\u00e9currentes, tous ces \u00e9l\u00e9ments ternissent la saison mon\u00e9gasque. Ils ont fortement d\u00e9plu, aussi bien du c\u00f4t\u00e9 du pr\u00e9sident Dmitry Rybolovlev que du c\u00f4t\u00e9 des supporters, qui r\u00e9clament avec insistance le [...]\" \/>\n<meta property=\"og:url\" content=\"https:\/\/www.ladiagonale.net\/index.php\/2026\/01\/31\/plus-de-responsabilites-pour-avina-en-interne\/\" \/>\n<meta property=\"og:site_name\" content=\"La Diagonale\" \/>\n<meta property=\"article:published_time\" content=\"2026-01-31T01:55:01+00:00\" \/>\n<meta property=\"article:modified_time\" content=\"2026-01-31T02:00:45+00:00\" \/>\n<meta property=\"og:image\" content=\"https:\/\/www.ladiagonale.net\/wp-content\/uploads\/2026\/01\/Avina-Scuro.png\" \/>\n\t<meta property=\"og:image:width\" content=\"1160\" \/>\n\t<meta property=\"og:image:height\" content=\"650\" \/>\n\t<meta property=\"og:image:type\" content=\"image\/png\" \/>\n<meta name=\"author\" content=\"Damien Dellerba\" \/>\n<meta name=\"twitter:card\" content=\"summary_large_image\" \/>\n<meta name=\"twitter:image\" content=\"https:\/\/www.ladiagonale.net\/wp-content\/uploads\/2026\/01\/Avina-Scuro.png\" \/>\n<meta name=\"twitter:label1\" content=\"\u00c9crit par\" \/>\n\t<meta name=\"twitter:data1\" content=\"Damien Dellerba\" \/>\n\t<meta name=\"twitter:label2\" content=\"Dur\u00e9e de lecture estim\u00e9e\" \/>\n\t<meta name=\"twitter:data2\" content=\"2 minutes\" \/>\n<script type=\"application\/ld+json\" class=\"yoast-schema-graph\">{\"@context\":\"https:\/\/schema.org\",\"@graph\":[{\"@type\":\"WebPage\",\"@id\":\"https:\/\/www.ladiagonale.net\/index.php\/2026\/01\/31\/plus-de-responsabilites-pour-avina-en-interne\/\",\"url\":\"https:\/\/www.ladiagonale.net\/index.php\/2026\/01\/31\/plus-de-responsabilites-pour-avina-en-interne\/\",\"name\":\"Plus de responsabilit\u00e9s pour Avina en interne ? - La Diagonale\",\"isPartOf\":{\"@id\":\"https:\/\/www.ladiagonale.net\/#website\"},\"datePublished\":\"2026-01-31T01:55:01+00:00\",\"dateModified\":\"2026-01-31T02:00:45+00:00\",\"author\":{\"@id\":\"https:\/\/www.ladiagonale.net\/#\/schema\/person\/79ff1e7b0853ed01b2aa26e64ad300bf\"},\"breadcrumb\":{\"@id\":\"https:\/\/www.ladiagonale.net\/index.php\/2026\/01\/31\/plus-de-responsabilites-pour-avina-en-interne\/#breadcrumb\"},\"inLanguage\":\"fr-FR\",\"potentialAction\":[{\"@type\":\"ReadAction\",\"target\":[\"https:\/\/www.ladiagonale.net\/index.php\/2026\/01\/31\/plus-de-responsabilites-pour-avina-en-interne\/\"]}]},{\"@type\":\"BreadcrumbList\",\"@id\":\"https:\/\/www.ladiagonale.net\/index.php\/2026\/01\/31\/plus-de-responsabilites-pour-avina-en-interne\/#breadcrumb\",\"itemListElement\":[{\"@type\":\"ListItem\",\"position\":1,\"name\":\"Accueil\",\"item\":\"https:\/\/www.ladiagonale.net\/\"},{\"@type\":\"ListItem\",\"position\":2,\"name\":\"Plus de responsabilit\u00e9s pour Avina en interne ?\"}]},{\"@type\":\"WebSite\",\"@id\":\"https:\/\/www.ladiagonale.net\/#website\",\"url\":\"https:\/\/www.ladiagonale.net\/\",\"name\":\"La Diagonale\",\"description\":\"Le site des supporters de l&#039;AS Monaco FC\",\"potentialAction\":[{\"@type\":\"SearchAction\",\"target\":{\"@type\":\"EntryPoint\",\"urlTemplate\":\"https:\/\/www.ladiagonale.net\/?s={search_term_string}\"},\"query-input\":\"required name=search_term_string\"}],\"inLanguage\":\"fr-FR\"},{\"@type\":\"Person\",\"@id\":\"https:\/\/www.ladiagonale.net\/#\/schema\/person\/79ff1e7b0853ed01b2aa26e64ad300bf\",\"name\":\"Damien Dellerba\",\"image\":{\"@type\":\"ImageObject\",\"inLanguage\":\"fr-FR\",\"@id\":\"https:\/\/www.ladiagonale.net\/#\/schema\/person\/image\/\",\"url\":\"https:\/\/secure.gravatar.com\/avatar\/c7850e06d3ff63cdbaee88b7fc16e2f0?s=96&d=mm&r=g\",\"contentUrl\":\"https:\/\/secure.gravatar.com\/avatar\/c7850e06d3ff63cdbaee88b7fc16e2f0?s=96&d=mm&r=g\",\"caption\":\"Damien Dellerba\"},\"url\":\"https:\/\/www.ladiagonale.net\/index.php\/author\/damien\/\"}]}<\/script>\n<!-- \/ Yoast SEO plugin. -->","yoast_head_json":{"title":"Plus de responsabilit\u00e9s pour Avina en interne ? - La Diagonale","robots":{"index":"index","follow":"follow","max-snippet":"max-snippet:-1","max-image-preview":"max-image-preview:large","max-video-preview":"max-video-preview:-1"},"canonical":"https:\/\/www.ladiagonale.net\/index.php\/2026\/01\/31\/plus-de-responsabilites-pour-avina-en-interne\/","og_locale":"fr_FR","og_type":"article","og_title":"Plus de responsabilit\u00e9s pour Avina en interne ? - La Diagonale","og_description":"C\u2019est peu de dire que les derni\u00e8res semaines travers\u00e9es par l\u2019AS Monaco ont \u00e9t\u00e9 difficiles. Mauvais r\u00e9sultats, jeu ennuyeux, recrues pas au niveau et blessures r\u00e9currentes, tous ces \u00e9l\u00e9ments ternissent la saison mon\u00e9gasque. Ils ont fortement d\u00e9plu, aussi bien du c\u00f4t\u00e9 du pr\u00e9sident Dmitry Rybolovlev que du c\u00f4t\u00e9 des supporters, qui r\u00e9clament avec insistance le [...]","og_url":"https:\/\/www.ladiagonale.net\/index.php\/2026\/01\/31\/plus-de-responsabilites-pour-avina-en-interne\/","og_site_name":"La Diagonale","article_published_time":"2026-01-31T01:55:01+00:00","article_modified_time":"2026-01-31T02:00:45+00:00","og_image":[{"width":1160,"height":650,"url":"https:\/\/www.ladiagonale.net\/wp-content\/uploads\/2026\/01\/Avina-Scuro.png","type":"image\/png"}],"author":"Damien Dellerba","twitter_card":"summary_large_image","twitter_image":"https:\/\/www.ladiagonale.net\/wp-content\/uploads\/2026\/01\/Avina-Scuro.png","twitter_misc":{"\u00c9crit par":"Damien Dellerba","Dur\u00e9e de lecture estim\u00e9e":"2 minutes"},"schema":{"@context":"https:\/\/schema.org","@graph":[{"@type":"WebPage","@id":"https:\/\/www.ladiagonale.net\/index.php\/2026\/01\/31\/plus-de-responsabilites-pour-avina-en-interne\/","url":"https:\/\/www.ladiagonale.net\/index.php\/2026\/01\/31\/plus-de-responsabilites-pour-avina-en-interne\/","name":"Plus de responsabilit\u00e9s pour Avina en interne ? - La Diagonale","isPartOf":{"@id":"https:\/\/www.ladiagonale.net\/#website"},"datePublished":"2026-01-31T01:55:01+00:00","dateModified":"2026-01-31T02:00:45+00:00","author":{"@id":"https:\/\/www.ladiagonale.net\/#\/schema\/person\/79ff1e7b0853ed01b2aa26e64ad300bf"},"breadcrumb":{"@id":"https:\/\/www.ladiagonale.net\/index.php\/2026\/01\/31\/plus-de-responsabilites-pour-avina-en-interne\/#breadcrumb"},"inLanguage":"fr-FR","potentialAction":[{"@type":"ReadAction","target":["https:\/\/www.ladiagonale.net\/index.php\/2026\/01\/31\/plus-de-responsabilites-pour-avina-en-interne\/"]}]},{"@type":"BreadcrumbList","@id":"https:\/\/www.ladiagonale.net\/index.php\/2026\/01\/31\/plus-de-responsabilites-pour-avina-en-interne\/#breadcrumb","itemListElement":[{"@type":"ListItem","position":1,"name":"Accueil","item":"https:\/\/www.ladiagonale.net\/"},{"@type":"ListItem","position":2,"name":"Plus de responsabilit\u00e9s pour Avina en interne ?"}]},{"@type":"WebSite","@id":"https:\/\/www.ladiagonale.net\/#website","url":"https:\/\/www.ladiagonale.net\/","name":"La Diagonale","description":"Le site des supporters de l&#039;AS Monaco FC","potentialAction":[{"@type":"SearchAction","target":{"@type":"EntryPoint","urlTemplate":"https:\/\/www.ladiagonale.net\/?s={search_term_string}"},"query-input":"required name=search_term_string"}],"inLanguage":"fr-FR"},{"@type":"Person","@id":"https:\/\/www.ladiagonale.net\/#\/schema\/person\/79ff1e7b0853ed01b2aa26e64ad300bf","name":"Damien Dellerba","image":{"@type":"ImageObject","inLanguage":"fr-FR","@id":"https:\/\/www.ladiagonale.net\/#\/schema\/person\/image\/","url":"https:\/\/secure.gravatar.com\/avatar\/c7850e06d3ff63cdbaee88b7fc16e2f0?s=96&d=mm&r=g","contentUrl":"https:\/\/secure.gravatar.com\/avatar\/c7850e06d3ff63cdbaee88b7fc16e2f0?s=96&d=mm&r=g","caption":"Damien Dellerba"},"url":"https:\/\/www.ladiagonale.net\/index.php\/author\/damien\/"}]}},"_links":{"self":[{"href":"https:\/\/www.ladiagonale.net\/index.php\/wp-json\/wp\/v2\/posts\/36590"}],"collection":[{"href":"https:\/\/www.ladiagonale.net\/index.php\/wp-json\/wp\/v2\/posts"}],"about":[{"href":"https:\/\/www.ladiagonale.net\/index.php\/wp-json\/wp\/v2\/types\/post"}],"author":[{"embeddable":true,"href":"https:\/\/www.ladiagonale.net\/index.php\/wp-json\/wp\/v2\/users\/2"}],"replies":[{"embeddable":true,"href":"https:\/\/www.ladiagonale.net\/index.php\/wp-json\/wp\/v2\/comments?post=36590"}],"version-history":[{"count":5,"href":"https:\/\/www.ladiagonale.net\/index.php\/wp-json\/wp\/v2\/posts\/36590\/revisions"}],"predecessor-version":[{"id":36596,"href":"https:\/\/www.ladiagonale.net\/index.php\/wp-json\/wp\/v2\/posts\/36590\/revisions\/36596"}],"wp:attachment":[{"href":"https:\/\/www.ladiagonale.net\/index.php\/wp-json\/wp\/v2\/media?parent=36590"}],"wp:term":[{"taxonomy":"category","embeddable":true,"href":"https:\/\/www.ladiagonale.net\/index.php\/wp-json\/wp\/v2\/categories?post=36590"},{"taxonomy":"post_tag","embeddable":true,"href":"https:\/\/www.ladiagonale.net\/index.php\/wp-json\/wp\/v2\/tags?post=36590"}],"curies":[{"name":"wp","href":"https:\/\/api.w.org\/{rel}","templated":true}]}}