{"id":36597,"date":"2026-01-31T13:11:44","date_gmt":"2026-01-31T12:11:44","guid":{"rendered":"https:\/\/www.ladiagonale.net\/?p=36597"},"modified":"2026-01-31T13:11:47","modified_gmt":"2026-01-31T12:11:47","slug":"le-groupe-rennais-sans-le-capitaine-rongier","status":"publish","type":"post","link":"https:\/\/www.ladiagonale.net\/index.php\/2026\/01\/31\/le-groupe-rennais-sans-le-capitaine-rongier\/","title":{"rendered":"Le groupe rennais : sans le capitaine Rongier"},"content":{"rendered":"\n\n\n<p>L\u2019AS Monaco re\u00e7oit Rennes ce samedi. Pour se rendre en Principaut\u00e9, l\u2019entra\u00eeneur breton Habib Beye a convoqu\u00e9 un groupe de 21 joueurs. Mais un cadre manque \u00e0 l\u2019appel puisque le capitaine Valentin Rongier est bless\u00e9. C\u2019est \u00e9galement le cas de Seko Fofana, qui est aussi en instance de d\u00e9part, tout comme Kader Me\u00eft\u00e9.<\/p>\n\n\n\n<p>Buteur lors du match aller, Breel Embolo va effectuer son retour au stade Louis-II. La recrue rennaise de cet hiver, Sebastian Szymanski est dans le groupe mais il ne devrait pas d\u00e9buter la rencontre.<\/p>\n\n\n<div class=\"wp-block-image\">\n<figure class=\"aligncenter size-large is-resized\"><img loading=\"lazy\" src=\"https:\/\/www.ladiagonale.net\/wp-content\/uploads\/2026\/01\/G__A3ohWYAAy8h9-819x1024.jpg\" alt=\"\" class=\"wp-image-36598\" width=\"614\" height=\"768\" srcset=\"https:\/\/www.ladiagonale.net\/wp-content\/uploads\/2026\/01\/G__A3ohWYAAy8h9-819x1024.jpg 819w, https:\/\/www.ladiagonale.net\/wp-content\/uploads\/2026\/01\/G__A3ohWYAAy8h9-240x300.jpg 240w, https:\/\/www.ladiagonale.net\/wp-content\/uploads\/2026\/01\/G__A3ohWYAAy8h9-768x960.jpg 768w, https:\/\/www.ladiagonale.net\/wp-content\/uploads\/2026\/01\/G__A3ohWYAAy8h9-102x128.jpg 102w, https:\/\/www.ladiagonale.net\/wp-content\/uploads\/2026\/01\/G__A3ohWYAAy8h9-26x32.jpg 26w, https:\/\/www.ladiagonale.net\/wp-content\/uploads\/2026\/01\/G__A3ohWYAAy8h9.jpg 1080w\" sizes=\"(max-width: 614px) 100vw, 614px\" \/><figcaption>Cr\u00e9dit : Stade Rennais<\/figcaption><\/figure><\/div>\n\n\n<p><em>Absents :<\/em> Rongier, Fofana (bless\u00e9s), Me\u00eft\u00e9 (instance de d\u00e9part)<\/p>\n","protected":false},"excerpt":{"rendered":"<p>L\u2019AS Monaco re\u00e7oit Rennes ce samedi. Pour se rendre en Principaut\u00e9, l\u2019entra\u00eeneur breton Habib Beye a convoqu\u00e9 un groupe de 21 joueurs. Mais un cadre manque \u00e0 l\u2019appel puisque le capitaine Valentin Rongier est bless\u00e9. C\u2019est \u00e9galement le cas de Seko Fofana, qui est aussi en instance de d\u00e9part, tout comme Kader Me\u00eft\u00e9. Buteur lors [&#8230;]\n","protected":false},"author":2,"featured_media":0,"comment_status":"open","ping_status":"open","sticky":false,"template":"","format":"standard","meta":[],"categories":[6,1000],"tags":[86,225,94,222],"yoast_head":"<!-- This site is optimized with the Yoast SEO plugin v19.8 - https:\/\/yoast.com\/wordpress\/plugins\/seo\/ -->\n<title>Le groupe rennais : sans le capitaine Rongier - La Diagonale<\/title>\n<meta name=\"robots\" content=\"index, follow, max-snippet:-1, max-image-preview:large, max-video-preview:-1\" \/>\n<link rel=\"canonical\" href=\"https:\/\/www.ladiagonale.net\/index.php\/2026\/01\/31\/le-groupe-rennais-sans-le-capitaine-rongier\/\" \/>\n<meta property=\"og:locale\" content=\"fr_FR\" \/>\n<meta property=\"og:type\" content=\"article\" \/>\n<meta property=\"og:title\" content=\"Le groupe rennais : sans le capitaine Rongier - La Diagonale\" \/>\n<meta property=\"og:description\" content=\"L\u2019AS Monaco re\u00e7oit Rennes ce samedi. Pour se rendre en Principaut\u00e9, l\u2019entra\u00eeneur breton Habib Beye a convoqu\u00e9 un groupe de 21 joueurs. Mais un cadre manque \u00e0 l\u2019appel puisque le capitaine Valentin Rongier est bless\u00e9. C\u2019est \u00e9galement le cas de Seko Fofana, qui est aussi en instance de d\u00e9part, tout comme Kader Me\u00eft\u00e9. Buteur lors [...]\" \/>\n<meta property=\"og:url\" content=\"https:\/\/www.ladiagonale.net\/index.php\/2026\/01\/31\/le-groupe-rennais-sans-le-capitaine-rongier\/\" \/>\n<meta property=\"og:site_name\" content=\"La Diagonale\" \/>\n<meta property=\"article:published_time\" content=\"2026-01-31T12:11:44+00:00\" \/>\n<meta property=\"article:modified_time\" content=\"2026-01-31T12:11:47+00:00\" \/>\n<meta property=\"og:image\" content=\"https:\/\/www.ladiagonale.net\/wp-content\/uploads\/2026\/01\/Rongier.png\" \/>\n\t<meta property=\"og:image:width\" content=\"1160\" \/>\n\t<meta property=\"og:image:height\" content=\"650\" \/>\n\t<meta property=\"og:image:type\" content=\"image\/png\" \/>\n<meta name=\"author\" content=\"Damien Dellerba\" \/>\n<meta name=\"twitter:card\" content=\"summary_large_image\" \/>\n<meta name=\"twitter:image\" content=\"https:\/\/www.ladiagonale.net\/wp-content\/uploads\/2026\/01\/Rongier.png\" \/>\n<meta name=\"twitter:label1\" content=\"\u00c9crit par\" \/>\n\t<meta name=\"twitter:data1\" content=\"Damien Dellerba\" \/>\n\t<meta name=\"twitter:label2\" content=\"Dur\u00e9e de lecture estim\u00e9e\" \/>\n\t<meta name=\"twitter:data2\" content=\"1 minute\" \/>\n<script type=\"application\/ld+json\" class=\"yoast-schema-graph\">{\"@context\":\"https:\/\/schema.org\",\"@graph\":[{\"@type\":\"WebPage\",\"@id\":\"https:\/\/www.ladiagonale.net\/index.php\/2026\/01\/31\/le-groupe-rennais-sans-le-capitaine-rongier\/\",\"url\":\"https:\/\/www.ladiagonale.net\/index.php\/2026\/01\/31\/le-groupe-rennais-sans-le-capitaine-rongier\/\",\"name\":\"Le groupe rennais : sans le capitaine Rongier - La Diagonale\",\"isPartOf\":{\"@id\":\"https:\/\/www.ladiagonale.net\/#website\"},\"datePublished\":\"2026-01-31T12:11:44+00:00\",\"dateModified\":\"2026-01-31T12:11:47+00:00\",\"author\":{\"@id\":\"https:\/\/www.ladiagonale.net\/#\/schema\/person\/79ff1e7b0853ed01b2aa26e64ad300bf\"},\"breadcrumb\":{\"@id\":\"https:\/\/www.ladiagonale.net\/index.php\/2026\/01\/31\/le-groupe-rennais-sans-le-capitaine-rongier\/#breadcrumb\"},\"inLanguage\":\"fr-FR\",\"potentialAction\":[{\"@type\":\"ReadAction\",\"target\":[\"https:\/\/www.ladiagonale.net\/index.php\/2026\/01\/31\/le-groupe-rennais-sans-le-capitaine-rongier\/\"]}]},{\"@type\":\"BreadcrumbList\",\"@id\":\"https:\/\/www.ladiagonale.net\/index.php\/2026\/01\/31\/le-groupe-rennais-sans-le-capitaine-rongier\/#breadcrumb\",\"itemListElement\":[{\"@type\":\"ListItem\",\"position\":1,\"name\":\"Accueil\",\"item\":\"https:\/\/www.ladiagonale.net\/\"},{\"@type\":\"ListItem\",\"position\":2,\"name\":\"Le groupe rennais : sans le capitaine Rongier\"}]},{\"@type\":\"WebSite\",\"@id\":\"https:\/\/www.ladiagonale.net\/#website\",\"url\":\"https:\/\/www.ladiagonale.net\/\",\"name\":\"La Diagonale\",\"description\":\"Le site des supporters de l&#039;AS Monaco FC\",\"potentialAction\":[{\"@type\":\"SearchAction\",\"target\":{\"@type\":\"EntryPoint\",\"urlTemplate\":\"https:\/\/www.ladiagonale.net\/?s={search_term_string}\"},\"query-input\":\"required name=search_term_string\"}],\"inLanguage\":\"fr-FR\"},{\"@type\":\"Person\",\"@id\":\"https:\/\/www.ladiagonale.net\/#\/schema\/person\/79ff1e7b0853ed01b2aa26e64ad300bf\",\"name\":\"Damien Dellerba\",\"image\":{\"@type\":\"ImageObject\",\"inLanguage\":\"fr-FR\",\"@id\":\"https:\/\/www.ladiagonale.net\/#\/schema\/person\/image\/\",\"url\":\"https:\/\/secure.gravatar.com\/avatar\/c7850e06d3ff63cdbaee88b7fc16e2f0?s=96&d=mm&r=g\",\"contentUrl\":\"https:\/\/secure.gravatar.com\/avatar\/c7850e06d3ff63cdbaee88b7fc16e2f0?s=96&d=mm&r=g\",\"caption\":\"Damien Dellerba\"},\"url\":\"https:\/\/www.ladiagonale.net\/index.php\/author\/damien\/\"}]}<\/script>\n<!-- \/ Yoast SEO plugin. -->","yoast_head_json":{"title":"Le groupe rennais : sans le capitaine Rongier - La Diagonale","robots":{"index":"index","follow":"follow","max-snippet":"max-snippet:-1","max-image-preview":"max-image-preview:large","max-video-preview":"max-video-preview:-1"},"canonical":"https:\/\/www.ladiagonale.net\/index.php\/2026\/01\/31\/le-groupe-rennais-sans-le-capitaine-rongier\/","og_locale":"fr_FR","og_type":"article","og_title":"Le groupe rennais : sans le capitaine Rongier - La Diagonale","og_description":"L\u2019AS Monaco re\u00e7oit Rennes ce samedi. Pour se rendre en Principaut\u00e9, l\u2019entra\u00eeneur breton Habib Beye a convoqu\u00e9 un groupe de 21 joueurs. Mais un cadre manque \u00e0 l\u2019appel puisque le capitaine Valentin Rongier est bless\u00e9. C\u2019est \u00e9galement le cas de Seko Fofana, qui est aussi en instance de d\u00e9part, tout comme Kader Me\u00eft\u00e9. Buteur lors [...]","og_url":"https:\/\/www.ladiagonale.net\/index.php\/2026\/01\/31\/le-groupe-rennais-sans-le-capitaine-rongier\/","og_site_name":"La Diagonale","article_published_time":"2026-01-31T12:11:44+00:00","article_modified_time":"2026-01-31T12:11:47+00:00","og_image":[{"width":1160,"height":650,"url":"https:\/\/www.ladiagonale.net\/wp-content\/uploads\/2026\/01\/Rongier.png","type":"image\/png"}],"author":"Damien Dellerba","twitter_card":"summary_large_image","twitter_image":"https:\/\/www.ladiagonale.net\/wp-content\/uploads\/2026\/01\/Rongier.png","twitter_misc":{"\u00c9crit par":"Damien Dellerba","Dur\u00e9e de lecture estim\u00e9e":"1 minute"},"schema":{"@context":"https:\/\/schema.org","@graph":[{"@type":"WebPage","@id":"https:\/\/www.ladiagonale.net\/index.php\/2026\/01\/31\/le-groupe-rennais-sans-le-capitaine-rongier\/","url":"https:\/\/www.ladiagonale.net\/index.php\/2026\/01\/31\/le-groupe-rennais-sans-le-capitaine-rongier\/","name":"Le groupe rennais : sans le capitaine Rongier - La Diagonale","isPartOf":{"@id":"https:\/\/www.ladiagonale.net\/#website"},"datePublished":"2026-01-31T12:11:44+00:00","dateModified":"2026-01-31T12:11:47+00:00","author":{"@id":"https:\/\/www.ladiagonale.net\/#\/schema\/person\/79ff1e7b0853ed01b2aa26e64ad300bf"},"breadcrumb":{"@id":"https:\/\/www.ladiagonale.net\/index.php\/2026\/01\/31\/le-groupe-rennais-sans-le-capitaine-rongier\/#breadcrumb"},"inLanguage":"fr-FR","potentialAction":[{"@type":"ReadAction","target":["https:\/\/www.ladiagonale.net\/index.php\/2026\/01\/31\/le-groupe-rennais-sans-le-capitaine-rongier\/"]}]},{"@type":"BreadcrumbList","@id":"https:\/\/www.ladiagonale.net\/index.php\/2026\/01\/31\/le-groupe-rennais-sans-le-capitaine-rongier\/#breadcrumb","itemListElement":[{"@type":"ListItem","position":1,"name":"Accueil","item":"https:\/\/www.ladiagonale.net\/"},{"@type":"ListItem","position":2,"name":"Le groupe rennais : sans le capitaine Rongier"}]},{"@type":"WebSite","@id":"https:\/\/www.ladiagonale.net\/#website","url":"https:\/\/www.ladiagonale.net\/","name":"La Diagonale","description":"Le site des supporters de l&#039;AS Monaco FC","potentialAction":[{"@type":"SearchAction","target":{"@type":"EntryPoint","urlTemplate":"https:\/\/www.ladiagonale.net\/?s={search_term_string}"},"query-input":"required name=search_term_string"}],"inLanguage":"fr-FR"},{"@type":"Person","@id":"https:\/\/www.ladiagonale.net\/#\/schema\/person\/79ff1e7b0853ed01b2aa26e64ad300bf","name":"Damien Dellerba","image":{"@type":"ImageObject","inLanguage":"fr-FR","@id":"https:\/\/www.ladiagonale.net\/#\/schema\/person\/image\/","url":"https:\/\/secure.gravatar.com\/avatar\/c7850e06d3ff63cdbaee88b7fc16e2f0?s=96&d=mm&r=g","contentUrl":"https:\/\/secure.gravatar.com\/avatar\/c7850e06d3ff63cdbaee88b7fc16e2f0?s=96&d=mm&r=g","caption":"Damien Dellerba"},"url":"https:\/\/www.ladiagonale.net\/index.php\/author\/damien\/"}]}},"_links":{"self":[{"href":"https:\/\/www.ladiagonale.net\/index.php\/wp-json\/wp\/v2\/posts\/36597"}],"collection":[{"href":"https:\/\/www.ladiagonale.net\/index.php\/wp-json\/wp\/v2\/posts"}],"about":[{"href":"https:\/\/www.ladiagonale.net\/index.php\/wp-json\/wp\/v2\/types\/post"}],"author":[{"embeddable":true,"href":"https:\/\/www.ladiagonale.net\/index.php\/wp-json\/wp\/v2\/users\/2"}],"replies":[{"embeddable":true,"href":"https:\/\/www.ladiagonale.net\/index.php\/wp-json\/wp\/v2\/comments?post=36597"}],"version-history":[{"count":1,"href":"https:\/\/www.ladiagonale.net\/index.php\/wp-json\/wp\/v2\/posts\/36597\/revisions"}],"predecessor-version":[{"id":36600,"href":"https:\/\/www.ladiagonale.net\/index.php\/wp-json\/wp\/v2\/posts\/36597\/revisions\/36600"}],"wp:attachment":[{"href":"https:\/\/www.ladiagonale.net\/index.php\/wp-json\/wp\/v2\/media?parent=36597"}],"wp:term":[{"taxonomy":"category","embeddable":true,"href":"https:\/\/www.ladiagonale.net\/index.php\/wp-json\/wp\/v2\/categories?post=36597"},{"taxonomy":"post_tag","embeddable":true,"href":"https:\/\/www.ladiagonale.net\/index.php\/wp-json\/wp\/v2\/tags?post=36597"}],"curies":[{"name":"wp","href":"https:\/\/api.w.org\/{rel}","templated":true}]}}