{"id":36605,"date":"2026-01-31T14:05:41","date_gmt":"2026-01-31T13:05:41","guid":{"rendered":"https:\/\/www.ladiagonale.net\/?p=36605"},"modified":"2026-01-31T15:11:02","modified_gmt":"2026-01-31T14:11:02","slug":"le-groupe-monegasque-diatta-est-bien-la","status":"publish","type":"post","link":"https:\/\/www.ladiagonale.net\/index.php\/2026\/01\/31\/le-groupe-monegasque-diatta-est-bien-la\/","title":{"rendered":"Le groupe mon\u00e9gasque : Diatta est bien l\u00e0"},"content":{"rendered":"\n\n\n<p>Pour affronter Rennes ce samedi, S\u00e9bastien Pocognoli va pouvoir compter sur ses deux champions d&rsquo;Afrique. Si Lamine Camara avait pu revenir imm\u00e9diatement, ce n&rsquo;\u00e9tait pas le cas de Kr\u00e9pin Diatta, malade juste avant la finale. Mais le S\u00e9n\u00e9galais de 26 ans est gu\u00e9ri et peut d\u00e9sormais r\u00e9int\u00e9grer le groupe mon\u00e9gasque.<\/p>\n\n\n\n<p>Sept joueurs sont bless\u00e9s <em>(voir ci-dessous)<\/em> tandis que Christian Mawissa est encore trop juste pour pouvoir pr\u00e9tendre \u00e0 une place. Lucas Michal et Paris Brunner ne sont pas retenus par Pocognoli. <\/p>\n\n\n<div class=\"wp-block-image\">\n<figure class=\"aligncenter size-full\"><img loading=\"lazy\" width=\"680\" height=\"680\" src=\"https:\/\/www.ladiagonale.net\/wp-content\/uploads\/2026\/01\/G__c9EvXsAAoIb1.png\" alt=\"\" class=\"wp-image-36606\" srcset=\"https:\/\/www.ladiagonale.net\/wp-content\/uploads\/2026\/01\/G__c9EvXsAAoIb1.png 680w, https:\/\/www.ladiagonale.net\/wp-content\/uploads\/2026\/01\/G__c9EvXsAAoIb1-300x300.png 300w, https:\/\/www.ladiagonale.net\/wp-content\/uploads\/2026\/01\/G__c9EvXsAAoIb1-150x150.png 150w, https:\/\/www.ladiagonale.net\/wp-content\/uploads\/2026\/01\/G__c9EvXsAAoIb1-128x128.png 128w, https:\/\/www.ladiagonale.net\/wp-content\/uploads\/2026\/01\/G__c9EvXsAAoIb1-32x32.png 32w\" sizes=\"(max-width: 680px) 100vw, 680px\" \/><figcaption>Cr\u00e9dit : AS Monaco<\/figcaption><\/figure><\/div>\n\n\n<p><em>Absents : <\/em>Hradecky, Dier, Faes, Salisu, Pogba, Cabral, Minamino (bless\u00e9s), Mawissa (reprise), Michal, Brunner (choix).<\/p>\n","protected":false},"excerpt":{"rendered":"<p>Pour affronter Rennes ce samedi, S\u00e9bastien Pocognoli va pouvoir compter sur ses deux champions d&rsquo;Afrique. Si Lamine Camara avait pu revenir imm\u00e9diatement, ce n&rsquo;\u00e9tait pas le cas de Kr\u00e9pin Diatta, malade juste avant la finale. Mais le S\u00e9n\u00e9galais de 26 ans est gu\u00e9ri et peut d\u00e9sormais r\u00e9int\u00e9grer le groupe mon\u00e9gasque. Sept joueurs sont bless\u00e9s (voir [&#8230;]\n","protected":false},"author":2,"featured_media":0,"comment_status":"open","ping_status":"open","sticky":false,"template":"","format":"standard","meta":[],"categories":[4,6,1000],"tags":[86,225,94,222],"yoast_head":"<!-- This site is optimized with the Yoast SEO plugin v19.8 - https:\/\/yoast.com\/wordpress\/plugins\/seo\/ -->\n<title>Le groupe mon\u00e9gasque : Diatta est bien l\u00e0 - La Diagonale<\/title>\n<meta name=\"robots\" content=\"index, follow, max-snippet:-1, max-image-preview:large, max-video-preview:-1\" \/>\n<link rel=\"canonical\" href=\"https:\/\/www.ladiagonale.net\/index.php\/2026\/01\/31\/le-groupe-monegasque-diatta-est-bien-la\/\" \/>\n<meta property=\"og:locale\" content=\"fr_FR\" \/>\n<meta property=\"og:type\" content=\"article\" \/>\n<meta property=\"og:title\" content=\"Le groupe mon\u00e9gasque : Diatta est bien l\u00e0 - La Diagonale\" \/>\n<meta property=\"og:description\" content=\"Pour affronter Rennes ce samedi, S\u00e9bastien Pocognoli va pouvoir compter sur ses deux champions d&rsquo;Afrique. Si Lamine Camara avait pu revenir imm\u00e9diatement, ce n&rsquo;\u00e9tait pas le cas de Kr\u00e9pin Diatta, malade juste avant la finale. Mais le S\u00e9n\u00e9galais de 26 ans est gu\u00e9ri et peut d\u00e9sormais r\u00e9int\u00e9grer le groupe mon\u00e9gasque. Sept joueurs sont bless\u00e9s (voir [...]\" \/>\n<meta property=\"og:url\" content=\"https:\/\/www.ladiagonale.net\/index.php\/2026\/01\/31\/le-groupe-monegasque-diatta-est-bien-la\/\" \/>\n<meta property=\"og:site_name\" content=\"La Diagonale\" \/>\n<meta property=\"article:published_time\" content=\"2026-01-31T13:05:41+00:00\" \/>\n<meta property=\"article:modified_time\" content=\"2026-01-31T14:11:02+00:00\" \/>\n<meta property=\"og:image\" content=\"https:\/\/www.ladiagonale.net\/wp-content\/uploads\/2025\/10\/Diatta.png\" \/>\n\t<meta property=\"og:image:width\" content=\"1160\" \/>\n\t<meta property=\"og:image:height\" content=\"650\" \/>\n\t<meta property=\"og:image:type\" content=\"image\/png\" \/>\n<meta name=\"author\" content=\"Damien Dellerba\" \/>\n<meta name=\"twitter:card\" content=\"summary_large_image\" \/>\n<meta name=\"twitter:image\" content=\"https:\/\/www.ladiagonale.net\/wp-content\/uploads\/2025\/10\/Diatta.png\" \/>\n<meta name=\"twitter:label1\" content=\"\u00c9crit par\" \/>\n\t<meta name=\"twitter:data1\" content=\"Damien Dellerba\" \/>\n\t<meta name=\"twitter:label2\" content=\"Dur\u00e9e de lecture estim\u00e9e\" \/>\n\t<meta name=\"twitter:data2\" content=\"1 minute\" \/>\n<script type=\"application\/ld+json\" class=\"yoast-schema-graph\">{\"@context\":\"https:\/\/schema.org\",\"@graph\":[{\"@type\":\"WebPage\",\"@id\":\"https:\/\/www.ladiagonale.net\/index.php\/2026\/01\/31\/le-groupe-monegasque-diatta-est-bien-la\/\",\"url\":\"https:\/\/www.ladiagonale.net\/index.php\/2026\/01\/31\/le-groupe-monegasque-diatta-est-bien-la\/\",\"name\":\"Le groupe mon\u00e9gasque : Diatta est bien l\u00e0 - La Diagonale\",\"isPartOf\":{\"@id\":\"https:\/\/www.ladiagonale.net\/#website\"},\"datePublished\":\"2026-01-31T13:05:41+00:00\",\"dateModified\":\"2026-01-31T14:11:02+00:00\",\"author\":{\"@id\":\"https:\/\/www.ladiagonale.net\/#\/schema\/person\/79ff1e7b0853ed01b2aa26e64ad300bf\"},\"breadcrumb\":{\"@id\":\"https:\/\/www.ladiagonale.net\/index.php\/2026\/01\/31\/le-groupe-monegasque-diatta-est-bien-la\/#breadcrumb\"},\"inLanguage\":\"fr-FR\",\"potentialAction\":[{\"@type\":\"ReadAction\",\"target\":[\"https:\/\/www.ladiagonale.net\/index.php\/2026\/01\/31\/le-groupe-monegasque-diatta-est-bien-la\/\"]}]},{\"@type\":\"BreadcrumbList\",\"@id\":\"https:\/\/www.ladiagonale.net\/index.php\/2026\/01\/31\/le-groupe-monegasque-diatta-est-bien-la\/#breadcrumb\",\"itemListElement\":[{\"@type\":\"ListItem\",\"position\":1,\"name\":\"Accueil\",\"item\":\"https:\/\/www.ladiagonale.net\/\"},{\"@type\":\"ListItem\",\"position\":2,\"name\":\"Le groupe mon\u00e9gasque : Diatta est bien l\u00e0\"}]},{\"@type\":\"WebSite\",\"@id\":\"https:\/\/www.ladiagonale.net\/#website\",\"url\":\"https:\/\/www.ladiagonale.net\/\",\"name\":\"La Diagonale\",\"description\":\"Le site des supporters de l&#039;AS Monaco FC\",\"potentialAction\":[{\"@type\":\"SearchAction\",\"target\":{\"@type\":\"EntryPoint\",\"urlTemplate\":\"https:\/\/www.ladiagonale.net\/?s={search_term_string}\"},\"query-input\":\"required name=search_term_string\"}],\"inLanguage\":\"fr-FR\"},{\"@type\":\"Person\",\"@id\":\"https:\/\/www.ladiagonale.net\/#\/schema\/person\/79ff1e7b0853ed01b2aa26e64ad300bf\",\"name\":\"Damien Dellerba\",\"image\":{\"@type\":\"ImageObject\",\"inLanguage\":\"fr-FR\",\"@id\":\"https:\/\/www.ladiagonale.net\/#\/schema\/person\/image\/\",\"url\":\"https:\/\/secure.gravatar.com\/avatar\/c7850e06d3ff63cdbaee88b7fc16e2f0?s=96&d=mm&r=g\",\"contentUrl\":\"https:\/\/secure.gravatar.com\/avatar\/c7850e06d3ff63cdbaee88b7fc16e2f0?s=96&d=mm&r=g\",\"caption\":\"Damien Dellerba\"},\"url\":\"https:\/\/www.ladiagonale.net\/index.php\/author\/damien\/\"}]}<\/script>\n<!-- \/ Yoast SEO plugin. -->","yoast_head_json":{"title":"Le groupe mon\u00e9gasque : Diatta est bien l\u00e0 - La Diagonale","robots":{"index":"index","follow":"follow","max-snippet":"max-snippet:-1","max-image-preview":"max-image-preview:large","max-video-preview":"max-video-preview:-1"},"canonical":"https:\/\/www.ladiagonale.net\/index.php\/2026\/01\/31\/le-groupe-monegasque-diatta-est-bien-la\/","og_locale":"fr_FR","og_type":"article","og_title":"Le groupe mon\u00e9gasque : Diatta est bien l\u00e0 - La Diagonale","og_description":"Pour affronter Rennes ce samedi, S\u00e9bastien Pocognoli va pouvoir compter sur ses deux champions d&rsquo;Afrique. Si Lamine Camara avait pu revenir imm\u00e9diatement, ce n&rsquo;\u00e9tait pas le cas de Kr\u00e9pin Diatta, malade juste avant la finale. Mais le S\u00e9n\u00e9galais de 26 ans est gu\u00e9ri et peut d\u00e9sormais r\u00e9int\u00e9grer le groupe mon\u00e9gasque. Sept joueurs sont bless\u00e9s (voir [...]","og_url":"https:\/\/www.ladiagonale.net\/index.php\/2026\/01\/31\/le-groupe-monegasque-diatta-est-bien-la\/","og_site_name":"La Diagonale","article_published_time":"2026-01-31T13:05:41+00:00","article_modified_time":"2026-01-31T14:11:02+00:00","og_image":[{"width":1160,"height":650,"url":"https:\/\/www.ladiagonale.net\/wp-content\/uploads\/2025\/10\/Diatta.png","type":"image\/png"}],"author":"Damien Dellerba","twitter_card":"summary_large_image","twitter_image":"https:\/\/www.ladiagonale.net\/wp-content\/uploads\/2025\/10\/Diatta.png","twitter_misc":{"\u00c9crit par":"Damien Dellerba","Dur\u00e9e de lecture estim\u00e9e":"1 minute"},"schema":{"@context":"https:\/\/schema.org","@graph":[{"@type":"WebPage","@id":"https:\/\/www.ladiagonale.net\/index.php\/2026\/01\/31\/le-groupe-monegasque-diatta-est-bien-la\/","url":"https:\/\/www.ladiagonale.net\/index.php\/2026\/01\/31\/le-groupe-monegasque-diatta-est-bien-la\/","name":"Le groupe mon\u00e9gasque : Diatta est bien l\u00e0 - La Diagonale","isPartOf":{"@id":"https:\/\/www.ladiagonale.net\/#website"},"datePublished":"2026-01-31T13:05:41+00:00","dateModified":"2026-01-31T14:11:02+00:00","author":{"@id":"https:\/\/www.ladiagonale.net\/#\/schema\/person\/79ff1e7b0853ed01b2aa26e64ad300bf"},"breadcrumb":{"@id":"https:\/\/www.ladiagonale.net\/index.php\/2026\/01\/31\/le-groupe-monegasque-diatta-est-bien-la\/#breadcrumb"},"inLanguage":"fr-FR","potentialAction":[{"@type":"ReadAction","target":["https:\/\/www.ladiagonale.net\/index.php\/2026\/01\/31\/le-groupe-monegasque-diatta-est-bien-la\/"]}]},{"@type":"BreadcrumbList","@id":"https:\/\/www.ladiagonale.net\/index.php\/2026\/01\/31\/le-groupe-monegasque-diatta-est-bien-la\/#breadcrumb","itemListElement":[{"@type":"ListItem","position":1,"name":"Accueil","item":"https:\/\/www.ladiagonale.net\/"},{"@type":"ListItem","position":2,"name":"Le groupe mon\u00e9gasque : Diatta est bien l\u00e0"}]},{"@type":"WebSite","@id":"https:\/\/www.ladiagonale.net\/#website","url":"https:\/\/www.ladiagonale.net\/","name":"La Diagonale","description":"Le site des supporters de l&#039;AS Monaco FC","potentialAction":[{"@type":"SearchAction","target":{"@type":"EntryPoint","urlTemplate":"https:\/\/www.ladiagonale.net\/?s={search_term_string}"},"query-input":"required name=search_term_string"}],"inLanguage":"fr-FR"},{"@type":"Person","@id":"https:\/\/www.ladiagonale.net\/#\/schema\/person\/79ff1e7b0853ed01b2aa26e64ad300bf","name":"Damien Dellerba","image":{"@type":"ImageObject","inLanguage":"fr-FR","@id":"https:\/\/www.ladiagonale.net\/#\/schema\/person\/image\/","url":"https:\/\/secure.gravatar.com\/avatar\/c7850e06d3ff63cdbaee88b7fc16e2f0?s=96&d=mm&r=g","contentUrl":"https:\/\/secure.gravatar.com\/avatar\/c7850e06d3ff63cdbaee88b7fc16e2f0?s=96&d=mm&r=g","caption":"Damien Dellerba"},"url":"https:\/\/www.ladiagonale.net\/index.php\/author\/damien\/"}]}},"_links":{"self":[{"href":"https:\/\/www.ladiagonale.net\/index.php\/wp-json\/wp\/v2\/posts\/36605"}],"collection":[{"href":"https:\/\/www.ladiagonale.net\/index.php\/wp-json\/wp\/v2\/posts"}],"about":[{"href":"https:\/\/www.ladiagonale.net\/index.php\/wp-json\/wp\/v2\/types\/post"}],"author":[{"embeddable":true,"href":"https:\/\/www.ladiagonale.net\/index.php\/wp-json\/wp\/v2\/users\/2"}],"replies":[{"embeddable":true,"href":"https:\/\/www.ladiagonale.net\/index.php\/wp-json\/wp\/v2\/comments?post=36605"}],"version-history":[{"count":2,"href":"https:\/\/www.ladiagonale.net\/index.php\/wp-json\/wp\/v2\/posts\/36605\/revisions"}],"predecessor-version":[{"id":36623,"href":"https:\/\/www.ladiagonale.net\/index.php\/wp-json\/wp\/v2\/posts\/36605\/revisions\/36623"}],"wp:attachment":[{"href":"https:\/\/www.ladiagonale.net\/index.php\/wp-json\/wp\/v2\/media?parent=36605"}],"wp:term":[{"taxonomy":"category","embeddable":true,"href":"https:\/\/www.ladiagonale.net\/index.php\/wp-json\/wp\/v2\/categories?post=36605"},{"taxonomy":"post_tag","embeddable":true,"href":"https:\/\/www.ladiagonale.net\/index.php\/wp-json\/wp\/v2\/tags?post=36605"}],"curies":[{"name":"wp","href":"https:\/\/api.w.org\/{rel}","templated":true}]}}