{"id":36635,"date":"2026-01-31T20:10:17","date_gmt":"2026-01-31T19:10:17","guid":{"rendered":"https:\/\/www.ladiagonale.net\/?p=36635"},"modified":"2026-01-31T20:10:18","modified_gmt":"2026-01-31T19:10:18","slug":"les-compositions-diatta-et-fati-titulaires","status":"publish","type":"post","link":"https:\/\/www.ladiagonale.net\/index.php\/2026\/01\/31\/les-compositions-diatta-et-fati-titulaires\/","title":{"rendered":"Les compositions : Diatta et Fati titulaires"},"content":{"rendered":"\n\n\n<p>Vanderson et Maghnes Akliouche vont pouvoir souffler contre Rennes. Au poste de piston droit, c\u2019est Kr\u00e9pin Diatta qui a \u00e9t\u00e9 choisi par S\u00e9bastien Pocognoli, tandis qu\u2019Ansu Fati d\u00e9butera la rencontre aux avant-postes.<\/p>\n\n\n\n<p>L\u2019entra\u00eeneur de l\u2019AS Monaco poursuit sur son syst\u00e8me en 3-4-3, avec Denis Zakaria au c\u0153ur de la charni\u00e8re aux c\u00f4t\u00e9s de Jordan Teze et de Thilo Kehrer.<\/p>\n\n\n\n<p><strong>AS Monaco (3-4-3) :<\/strong> K\u00f6hn &#8211; Teze, Zakaria (cap.), Kehrer &#8211; Diatta, Coulibaly, Camara, Ouattara &#8211; Fati, Balogun, Golovin.<\/p>\n\n\n\n<p><em>Rempla\u00e7ants : <\/em>Lienard (g.), Vanderson, Nibomb\u00e9, C. Henrique, Bamba, Akliouche, Idumbo, Biereth, Ilenikhena.<\/p>\n\n\n\n<p><strong>Stade Rennais (5-3-2) :<\/strong> Samba (cap.) &#8211; Frankowski, A\u00eft Boudlal, Jacquet, Brassier, Al-Tamari &#8211; Camara, Ciss\u00e9, Merlin &#8211; Embolo, Lepaul.<\/p>\n\n\n\n<p><em>Rempla\u00e7ants : <\/em>Silistrie (g.), Seidu, Rouault, Nagida, Kamara, Blas, Szymanski, Quinonez, Mukiele.<\/p>\n","protected":false},"excerpt":{"rendered":"<p>Vanderson et Maghnes Akliouche vont pouvoir souffler contre Rennes. Au poste de piston droit, c\u2019est Kr\u00e9pin Diatta qui a \u00e9t\u00e9 choisi par S\u00e9bastien Pocognoli, tandis qu\u2019Ansu Fati d\u00e9butera la rencontre aux avant-postes. L\u2019entra\u00eeneur de l\u2019AS Monaco poursuit sur son syst\u00e8me en 3-4-3, avec Denis Zakaria au c\u0153ur de la charni\u00e8re aux c\u00f4t\u00e9s de Jordan Teze [&#8230;]\n","protected":false},"author":2,"featured_media":0,"comment_status":"open","ping_status":"open","sticky":false,"template":"","format":"standard","meta":[],"categories":[4,6,1000],"tags":[86,213,94,222],"yoast_head":"<!-- This site is optimized with the Yoast SEO plugin v19.8 - https:\/\/yoast.com\/wordpress\/plugins\/seo\/ -->\n<title>Les compositions : Diatta et Fati titulaires - La Diagonale<\/title>\n<meta name=\"robots\" content=\"index, follow, max-snippet:-1, max-image-preview:large, max-video-preview:-1\" \/>\n<link rel=\"canonical\" href=\"https:\/\/www.ladiagonale.net\/index.php\/2026\/01\/31\/les-compositions-diatta-et-fati-titulaires\/\" \/>\n<meta property=\"og:locale\" content=\"fr_FR\" \/>\n<meta property=\"og:type\" content=\"article\" \/>\n<meta property=\"og:title\" content=\"Les compositions : Diatta et Fati titulaires - La Diagonale\" \/>\n<meta property=\"og:description\" content=\"Vanderson et Maghnes Akliouche vont pouvoir souffler contre Rennes. Au poste de piston droit, c\u2019est Kr\u00e9pin Diatta qui a \u00e9t\u00e9 choisi par S\u00e9bastien Pocognoli, tandis qu\u2019Ansu Fati d\u00e9butera la rencontre aux avant-postes. L\u2019entra\u00eeneur de l\u2019AS Monaco poursuit sur son syst\u00e8me en 3-4-3, avec Denis Zakaria au c\u0153ur de la charni\u00e8re aux c\u00f4t\u00e9s de Jordan Teze [...]\" \/>\n<meta property=\"og:url\" content=\"https:\/\/www.ladiagonale.net\/index.php\/2026\/01\/31\/les-compositions-diatta-et-fati-titulaires\/\" \/>\n<meta property=\"og:site_name\" content=\"La Diagonale\" \/>\n<meta property=\"article:published_time\" content=\"2026-01-31T19:10:17+00:00\" \/>\n<meta property=\"article:modified_time\" content=\"2026-01-31T19:10:18+00:00\" \/>\n<meta property=\"og:image\" content=\"https:\/\/www.ladiagonale.net\/wp-content\/uploads\/2025\/10\/Fati-nice-1.png\" \/>\n\t<meta property=\"og:image:width\" content=\"1160\" \/>\n\t<meta property=\"og:image:height\" content=\"650\" \/>\n\t<meta property=\"og:image:type\" content=\"image\/png\" \/>\n<meta name=\"author\" content=\"Damien Dellerba\" \/>\n<meta name=\"twitter:card\" content=\"summary_large_image\" \/>\n<meta name=\"twitter:image\" content=\"https:\/\/www.ladiagonale.net\/wp-content\/uploads\/2025\/10\/Fati-nice-1.png\" \/>\n<meta name=\"twitter:label1\" content=\"\u00c9crit par\" \/>\n\t<meta name=\"twitter:data1\" content=\"Damien Dellerba\" \/>\n\t<meta name=\"twitter:label2\" content=\"Dur\u00e9e de lecture estim\u00e9e\" \/>\n\t<meta name=\"twitter:data2\" content=\"1 minute\" \/>\n<script type=\"application\/ld+json\" class=\"yoast-schema-graph\">{\"@context\":\"https:\/\/schema.org\",\"@graph\":[{\"@type\":\"WebPage\",\"@id\":\"https:\/\/www.ladiagonale.net\/index.php\/2026\/01\/31\/les-compositions-diatta-et-fati-titulaires\/\",\"url\":\"https:\/\/www.ladiagonale.net\/index.php\/2026\/01\/31\/les-compositions-diatta-et-fati-titulaires\/\",\"name\":\"Les compositions : Diatta et Fati titulaires - La Diagonale\",\"isPartOf\":{\"@id\":\"https:\/\/www.ladiagonale.net\/#website\"},\"datePublished\":\"2026-01-31T19:10:17+00:00\",\"dateModified\":\"2026-01-31T19:10:18+00:00\",\"author\":{\"@id\":\"https:\/\/www.ladiagonale.net\/#\/schema\/person\/79ff1e7b0853ed01b2aa26e64ad300bf\"},\"breadcrumb\":{\"@id\":\"https:\/\/www.ladiagonale.net\/index.php\/2026\/01\/31\/les-compositions-diatta-et-fati-titulaires\/#breadcrumb\"},\"inLanguage\":\"fr-FR\",\"potentialAction\":[{\"@type\":\"ReadAction\",\"target\":[\"https:\/\/www.ladiagonale.net\/index.php\/2026\/01\/31\/les-compositions-diatta-et-fati-titulaires\/\"]}]},{\"@type\":\"BreadcrumbList\",\"@id\":\"https:\/\/www.ladiagonale.net\/index.php\/2026\/01\/31\/les-compositions-diatta-et-fati-titulaires\/#breadcrumb\",\"itemListElement\":[{\"@type\":\"ListItem\",\"position\":1,\"name\":\"Accueil\",\"item\":\"https:\/\/www.ladiagonale.net\/\"},{\"@type\":\"ListItem\",\"position\":2,\"name\":\"Les compositions : Diatta et Fati titulaires\"}]},{\"@type\":\"WebSite\",\"@id\":\"https:\/\/www.ladiagonale.net\/#website\",\"url\":\"https:\/\/www.ladiagonale.net\/\",\"name\":\"La Diagonale\",\"description\":\"Le site des supporters de l&#039;AS Monaco FC\",\"potentialAction\":[{\"@type\":\"SearchAction\",\"target\":{\"@type\":\"EntryPoint\",\"urlTemplate\":\"https:\/\/www.ladiagonale.net\/?s={search_term_string}\"},\"query-input\":\"required name=search_term_string\"}],\"inLanguage\":\"fr-FR\"},{\"@type\":\"Person\",\"@id\":\"https:\/\/www.ladiagonale.net\/#\/schema\/person\/79ff1e7b0853ed01b2aa26e64ad300bf\",\"name\":\"Damien Dellerba\",\"image\":{\"@type\":\"ImageObject\",\"inLanguage\":\"fr-FR\",\"@id\":\"https:\/\/www.ladiagonale.net\/#\/schema\/person\/image\/\",\"url\":\"https:\/\/secure.gravatar.com\/avatar\/c7850e06d3ff63cdbaee88b7fc16e2f0?s=96&d=mm&r=g\",\"contentUrl\":\"https:\/\/secure.gravatar.com\/avatar\/c7850e06d3ff63cdbaee88b7fc16e2f0?s=96&d=mm&r=g\",\"caption\":\"Damien Dellerba\"},\"url\":\"https:\/\/www.ladiagonale.net\/index.php\/author\/damien\/\"}]}<\/script>\n<!-- \/ Yoast SEO plugin. -->","yoast_head_json":{"title":"Les compositions : Diatta et Fati titulaires - La Diagonale","robots":{"index":"index","follow":"follow","max-snippet":"max-snippet:-1","max-image-preview":"max-image-preview:large","max-video-preview":"max-video-preview:-1"},"canonical":"https:\/\/www.ladiagonale.net\/index.php\/2026\/01\/31\/les-compositions-diatta-et-fati-titulaires\/","og_locale":"fr_FR","og_type":"article","og_title":"Les compositions : Diatta et Fati titulaires - La Diagonale","og_description":"Vanderson et Maghnes Akliouche vont pouvoir souffler contre Rennes. Au poste de piston droit, c\u2019est Kr\u00e9pin Diatta qui a \u00e9t\u00e9 choisi par S\u00e9bastien Pocognoli, tandis qu\u2019Ansu Fati d\u00e9butera la rencontre aux avant-postes. L\u2019entra\u00eeneur de l\u2019AS Monaco poursuit sur son syst\u00e8me en 3-4-3, avec Denis Zakaria au c\u0153ur de la charni\u00e8re aux c\u00f4t\u00e9s de Jordan Teze [...]","og_url":"https:\/\/www.ladiagonale.net\/index.php\/2026\/01\/31\/les-compositions-diatta-et-fati-titulaires\/","og_site_name":"La Diagonale","article_published_time":"2026-01-31T19:10:17+00:00","article_modified_time":"2026-01-31T19:10:18+00:00","og_image":[{"width":1160,"height":650,"url":"https:\/\/www.ladiagonale.net\/wp-content\/uploads\/2025\/10\/Fati-nice-1.png","type":"image\/png"}],"author":"Damien Dellerba","twitter_card":"summary_large_image","twitter_image":"https:\/\/www.ladiagonale.net\/wp-content\/uploads\/2025\/10\/Fati-nice-1.png","twitter_misc":{"\u00c9crit par":"Damien Dellerba","Dur\u00e9e de lecture estim\u00e9e":"1 minute"},"schema":{"@context":"https:\/\/schema.org","@graph":[{"@type":"WebPage","@id":"https:\/\/www.ladiagonale.net\/index.php\/2026\/01\/31\/les-compositions-diatta-et-fati-titulaires\/","url":"https:\/\/www.ladiagonale.net\/index.php\/2026\/01\/31\/les-compositions-diatta-et-fati-titulaires\/","name":"Les compositions : Diatta et Fati titulaires - La Diagonale","isPartOf":{"@id":"https:\/\/www.ladiagonale.net\/#website"},"datePublished":"2026-01-31T19:10:17+00:00","dateModified":"2026-01-31T19:10:18+00:00","author":{"@id":"https:\/\/www.ladiagonale.net\/#\/schema\/person\/79ff1e7b0853ed01b2aa26e64ad300bf"},"breadcrumb":{"@id":"https:\/\/www.ladiagonale.net\/index.php\/2026\/01\/31\/les-compositions-diatta-et-fati-titulaires\/#breadcrumb"},"inLanguage":"fr-FR","potentialAction":[{"@type":"ReadAction","target":["https:\/\/www.ladiagonale.net\/index.php\/2026\/01\/31\/les-compositions-diatta-et-fati-titulaires\/"]}]},{"@type":"BreadcrumbList","@id":"https:\/\/www.ladiagonale.net\/index.php\/2026\/01\/31\/les-compositions-diatta-et-fati-titulaires\/#breadcrumb","itemListElement":[{"@type":"ListItem","position":1,"name":"Accueil","item":"https:\/\/www.ladiagonale.net\/"},{"@type":"ListItem","position":2,"name":"Les compositions : Diatta et Fati titulaires"}]},{"@type":"WebSite","@id":"https:\/\/www.ladiagonale.net\/#website","url":"https:\/\/www.ladiagonale.net\/","name":"La Diagonale","description":"Le site des supporters de l&#039;AS Monaco FC","potentialAction":[{"@type":"SearchAction","target":{"@type":"EntryPoint","urlTemplate":"https:\/\/www.ladiagonale.net\/?s={search_term_string}"},"query-input":"required name=search_term_string"}],"inLanguage":"fr-FR"},{"@type":"Person","@id":"https:\/\/www.ladiagonale.net\/#\/schema\/person\/79ff1e7b0853ed01b2aa26e64ad300bf","name":"Damien Dellerba","image":{"@type":"ImageObject","inLanguage":"fr-FR","@id":"https:\/\/www.ladiagonale.net\/#\/schema\/person\/image\/","url":"https:\/\/secure.gravatar.com\/avatar\/c7850e06d3ff63cdbaee88b7fc16e2f0?s=96&d=mm&r=g","contentUrl":"https:\/\/secure.gravatar.com\/avatar\/c7850e06d3ff63cdbaee88b7fc16e2f0?s=96&d=mm&r=g","caption":"Damien Dellerba"},"url":"https:\/\/www.ladiagonale.net\/index.php\/author\/damien\/"}]}},"_links":{"self":[{"href":"https:\/\/www.ladiagonale.net\/index.php\/wp-json\/wp\/v2\/posts\/36635"}],"collection":[{"href":"https:\/\/www.ladiagonale.net\/index.php\/wp-json\/wp\/v2\/posts"}],"about":[{"href":"https:\/\/www.ladiagonale.net\/index.php\/wp-json\/wp\/v2\/types\/post"}],"author":[{"embeddable":true,"href":"https:\/\/www.ladiagonale.net\/index.php\/wp-json\/wp\/v2\/users\/2"}],"replies":[{"embeddable":true,"href":"https:\/\/www.ladiagonale.net\/index.php\/wp-json\/wp\/v2\/comments?post=36635"}],"version-history":[{"count":2,"href":"https:\/\/www.ladiagonale.net\/index.php\/wp-json\/wp\/v2\/posts\/36635\/revisions"}],"predecessor-version":[{"id":36637,"href":"https:\/\/www.ladiagonale.net\/index.php\/wp-json\/wp\/v2\/posts\/36635\/revisions\/36637"}],"wp:attachment":[{"href":"https:\/\/www.ladiagonale.net\/index.php\/wp-json\/wp\/v2\/media?parent=36635"}],"wp:term":[{"taxonomy":"category","embeddable":true,"href":"https:\/\/www.ladiagonale.net\/index.php\/wp-json\/wp\/v2\/categories?post=36635"},{"taxonomy":"post_tag","embeddable":true,"href":"https:\/\/www.ladiagonale.net\/index.php\/wp-json\/wp\/v2\/tags?post=36635"}],"curies":[{"name":"wp","href":"https:\/\/api.w.org\/{rel}","templated":true}]}}