{"id":36674,"date":"2026-02-01T15:33:29","date_gmt":"2026-02-01T14:33:29","guid":{"rendered":"https:\/\/www.ladiagonale.net\/?p=36674"},"modified":"2026-02-01T15:33:29","modified_gmt":"2026-02-01T14:33:29","slug":"les-notes-coulibaly-hyperactif","status":"publish","type":"post","link":"https:\/\/www.ladiagonale.net\/index.php\/2026\/02\/01\/les-notes-coulibaly-hyperactif\/","title":{"rendered":"Les notes : Coulibaly hyperactif"},"content":{"rendered":"\n\n\n<p><strong>Le milieu de terrain de 21 ans s&rsquo;impose comme la belle surprise de la saison. Il a \u00e9t\u00e9 dominateur dans l&rsquo;entrejeu contre Rennes et marqu\u00e9 un but.<\/strong><\/p>\n\n\n\n<h4 class=\"wp-block-heading has-white-color has-text-color has-background\" style=\"background-color:#155a00\">TOPS<\/h4>\n\n\n\n<div class=\"wp-block-media-text alignwide is-stacked-on-mobile\" style=\"grid-template-columns:35% auto\"><figure class=\"wp-block-media-text__media\"><img loading=\"lazy\" width=\"400\" height=\"400\" src=\"https:\/\/www.ladiagonale.net\/wp-content\/uploads\/2025\/12\/Coulibaly7.png\" alt=\"\" class=\"wp-image-35876 size-full\" srcset=\"https:\/\/www.ladiagonale.net\/wp-content\/uploads\/2025\/12\/Coulibaly7.png 400w, https:\/\/www.ladiagonale.net\/wp-content\/uploads\/2025\/12\/Coulibaly7-300x300.png 300w, https:\/\/www.ladiagonale.net\/wp-content\/uploads\/2025\/12\/Coulibaly7-150x150.png 150w, https:\/\/www.ladiagonale.net\/wp-content\/uploads\/2025\/12\/Coulibaly7-128x128.png 128w, https:\/\/www.ladiagonale.net\/wp-content\/uploads\/2025\/12\/Coulibaly7-32x32.png 32w\" sizes=\"(max-width: 400px) 100vw, 400px\" \/><\/figure><div class=\"wp-block-media-text__content\">\n<p style=\"font-size:16px\"><strong>Mamadou Coulibaly<\/strong><\/p>\n\n\n\n<p style=\"font-size:15px\">Le milieu de terrain a \u00e9t\u00e9 impressionnant physiquement par son volume de course, et il n&rsquo;a jamais h\u00e9sit\u00e9 \u00e0 se projeter dans la surface adverse ou encore se d\u00e9caler sur une aile afin de centrer. Son match plein a \u00e9t\u00e9 r\u00e9compens\u00e9 par un but, son troisi\u00e8me de la saison. Au duel, il a \u00e9t\u00e9 rarement battu (4\/5 remport\u00e9s) et a r\u00e9cup\u00e9r\u00e9 six ballons, tout en en perdant peu par rapport \u00e0 son bin\u00f4me Camara (8 contre 21). Mais il a pu aussi parfois se tromper dans ses transmissions (32<sup>e<\/sup>). On ne lui en tiendra pas trop rigueur, car il a su se rattraper avec brio \u00e0 d&rsquo;autres moments.<\/p>\n<\/div><\/div>\n\n\n\n<div style=\"height:40px\" aria-hidden=\"true\" class=\"wp-block-spacer\"><\/div>\n\n\n\n<div class=\"wp-block-media-text alignwide is-stacked-on-mobile\" style=\"grid-template-columns:35% auto\"><figure class=\"wp-block-media-text__media\"><img loading=\"lazy\" width=\"400\" height=\"400\" src=\"https:\/\/www.ladiagonale.net\/wp-content\/uploads\/2025\/08\/Zakaria7.png\" alt=\"\" class=\"wp-image-33106 size-full\" srcset=\"https:\/\/www.ladiagonale.net\/wp-content\/uploads\/2025\/08\/Zakaria7.png 400w, https:\/\/www.ladiagonale.net\/wp-content\/uploads\/2025\/08\/Zakaria7-300x300.png 300w, https:\/\/www.ladiagonale.net\/wp-content\/uploads\/2025\/08\/Zakaria7-150x150.png 150w, https:\/\/www.ladiagonale.net\/wp-content\/uploads\/2025\/08\/Zakaria7-128x128.png 128w, https:\/\/www.ladiagonale.net\/wp-content\/uploads\/2025\/08\/Zakaria7-32x32.png 32w\" sizes=\"(max-width: 400px) 100vw, 400px\" \/><\/figure><div class=\"wp-block-media-text__content\">\n<p style=\"font-size:16px\"><strong>Denis Zakaria<\/strong><\/p>\n\n\n\n<p style=\"font-size:15px\">Il a donn\u00e9 de la voix en d\u00e9but de rencontre quand Rennes parvenait un peu trop facilement \u00e0 percer le pressing mon\u00e9gasque en d\u00e9but de premi\u00e8re p\u00e9riode. Il est rest\u00e9 solide et concentr\u00e9, et a couvert plusieurs situations dans la profondeur, ce qui a fait beaucoup de bien \u00e0 toute l&rsquo;\u00e9quipe. Un poteau sur une action o\u00f9 il est all\u00e9 au bout de son id\u00e9e apr\u00e8s avoir intercept\u00e9 le ballon (16<sup>e<\/sup>). Il glisse devant Embolo mais heureusement pour lui, Al-Tamari \u00e9tait hors jeu et le but de Lepaul, pour conclure la s\u00e9quence, refus\u00e9 (52<sup>e<\/sup>).<\/p>\n<\/div><\/div>\n\n\n\n<div style=\"height:40px\" aria-hidden=\"true\" class=\"wp-block-spacer\"><\/div>\n\n\n\n<div class=\"wp-block-media-text alignwide is-stacked-on-mobile\" style=\"grid-template-columns:35% auto\"><figure class=\"wp-block-media-text__media\"><img loading=\"lazy\" width=\"400\" height=\"400\" src=\"https:\/\/www.ladiagonale.net\/wp-content\/uploads\/2025\/08\/Akliouche7.png\" alt=\"\" class=\"wp-image-33105 size-full\" srcset=\"https:\/\/www.ladiagonale.net\/wp-content\/uploads\/2025\/08\/Akliouche7.png 400w, https:\/\/www.ladiagonale.net\/wp-content\/uploads\/2025\/08\/Akliouche7-300x300.png 300w, https:\/\/www.ladiagonale.net\/wp-content\/uploads\/2025\/08\/Akliouche7-150x150.png 150w, https:\/\/www.ladiagonale.net\/wp-content\/uploads\/2025\/08\/Akliouche7-128x128.png 128w, https:\/\/www.ladiagonale.net\/wp-content\/uploads\/2025\/08\/Akliouche7-32x32.png 32w\" sizes=\"(max-width: 400px) 100vw, 400px\" \/><\/figure><div class=\"wp-block-media-text__content\">\n<p style=\"font-size:16px\"><strong>Maghnes Akliouche<\/strong><\/p>\n\n\n\n<p style=\"font-size:15px\">Habituellement d\u00e9cevant en premi\u00e8re p\u00e9riode et meilleur en seconde, Akliouche a vu son probl\u00e8me r\u00e9gl\u00e9 par Pocognoli, qui lui a fait regarder le premier acte depuis le banc de touche. Entr\u00e9 \u00e0 la pause, l\u2019international fran\u00e7ais a rapidement marqu\u00e9, sur une action qu\u2019il a construite avec Golovin (50<sup>e<\/sup>). Une belle activit\u00e9, et une belle touche technique pour sauver un ballon de la sortie en touche et qui a initi\u00e9 le troisi\u00e8me but (59<sup>e<\/sup>).<\/p>\n<\/div><\/div>\n\n\n\n<div style=\"height:40px\" aria-hidden=\"true\" class=\"wp-block-spacer\"><\/div>\n\n\n\n<div class=\"wp-block-media-text alignwide is-stacked-on-mobile\" style=\"grid-template-columns:35% auto\"><figure class=\"wp-block-media-text__media\"><img loading=\"lazy\" width=\"400\" height=\"400\" src=\"https:\/\/www.ladiagonale.net\/wp-content\/uploads\/2026\/02\/BierethNN.png\" alt=\"\" class=\"wp-image-36676 size-full\" srcset=\"https:\/\/www.ladiagonale.net\/wp-content\/uploads\/2026\/02\/BierethNN.png 400w, https:\/\/www.ladiagonale.net\/wp-content\/uploads\/2026\/02\/BierethNN-300x300.png 300w, https:\/\/www.ladiagonale.net\/wp-content\/uploads\/2026\/02\/BierethNN-150x150.png 150w, https:\/\/www.ladiagonale.net\/wp-content\/uploads\/2026\/02\/BierethNN-128x128.png 128w, https:\/\/www.ladiagonale.net\/wp-content\/uploads\/2026\/02\/BierethNN-32x32.png 32w\" sizes=\"(max-width: 400px) 100vw, 400px\" \/><\/figure><div class=\"wp-block-media-text__content\">\n<p style=\"font-size:16px\"><strong>Mika Biereth (non not\u00e9)<\/strong><\/p>\n\n\n\n<p style=\"font-size:15px\">Le Danois a r\u00e9alis\u00e9 une belle entr\u00e9e et s\u2019offre un doubl\u00e9 de passes d\u00e9cisives, \u00e0 d\u00e9faut de faire trembler les filets. Son centre pour Idumbo en fin de match manque s\u00fbrement d\u2019\u00e9l\u00e9gance et d\u2019assurance, mais sa passe en profondeur pour Coulibaly \u00e9tait en revanche bien mieux dos\u00e9e, surtout qu&rsquo;il a instinctivement servi son partenaire en \u00e9tant dos au jeu. Une belle frappe du gauche apr\u00e8s un bel encha\u00eenement qui a oblig\u00e9 Samba \u00e0 s&#8217;employer (64<sup>e<\/sup>). De l&rsquo;activit\u00e9 et une utilit\u00e9 comme point d\u2019appui.<\/p>\n<\/div><\/div>\n\n\n\n<div style=\"height:40px\" aria-hidden=\"true\" class=\"wp-block-spacer\"><\/div>\n\n\n\n<h4 class=\"wp-block-heading has-white-color has-text-color has-background\" style=\"background-color:#c00501\">FLOPS<\/h4>\n\n\n\n<div class=\"wp-block-media-text alignwide is-stacked-on-mobile\" style=\"grid-template-columns:35% auto\"><figure class=\"wp-block-media-text__media\"><img loading=\"lazy\" width=\"400\" height=\"400\" src=\"https:\/\/www.ladiagonale.net\/wp-content\/uploads\/2025\/09\/Golovin4.png\" alt=\"\" class=\"wp-image-33648 size-full\" srcset=\"https:\/\/www.ladiagonale.net\/wp-content\/uploads\/2025\/09\/Golovin4.png 400w, https:\/\/www.ladiagonale.net\/wp-content\/uploads\/2025\/09\/Golovin4-300x300.png 300w, https:\/\/www.ladiagonale.net\/wp-content\/uploads\/2025\/09\/Golovin4-150x150.png 150w, https:\/\/www.ladiagonale.net\/wp-content\/uploads\/2025\/09\/Golovin4-128x128.png 128w, https:\/\/www.ladiagonale.net\/wp-content\/uploads\/2025\/09\/Golovin4-32x32.png 32w\" sizes=\"(max-width: 400px) 100vw, 400px\" \/><\/figure><div class=\"wp-block-media-text__content\">\n<p style=\"font-size:16px\"><strong>Aleksandr Golovin<\/strong><\/p>\n\n\n\n<p style=\"font-size:15px\">On retiendra sa passe d\u00e9cisive involontaire pour Akliouche sur le but du break, mais il ne faudra pas oublier qu\u2019il a \u00e9t\u00e9 important \u00e0 la construction de l\u2019action avec l\u2019international fran\u00e7ais. Il a parfois r\u00e9ussi de bons d\u00e9calages qui auraient pu faire office de derni\u00e8re passe sur les tentatives de Zakaria (16<sup>e<\/sup>) ou Balogun (45<sup>e<\/sup>+5). Mais cela reste trop peu pour le Russe, dont le d\u00e9chet et les approximations se sont vus aux abords de la surface adverse, comme cette passe rat\u00e9e (44<sup>e<\/sup>).<\/p>\n<\/div><\/div>\n\n\n\n<div style=\"height:40px\" aria-hidden=\"true\" class=\"wp-block-spacer\"><\/div>\n\n\n\n<div class=\"wp-block-media-text alignwide is-stacked-on-mobile\" style=\"grid-template-columns:35% auto\"><figure class=\"wp-block-media-text__media\"><img loading=\"lazy\" width=\"400\" height=\"400\" src=\"https:\/\/www.ladiagonale.net\/wp-content\/uploads\/2026\/02\/Diatta4.png\" alt=\"\" class=\"wp-image-36675 size-full\" srcset=\"https:\/\/www.ladiagonale.net\/wp-content\/uploads\/2026\/02\/Diatta4.png 400w, https:\/\/www.ladiagonale.net\/wp-content\/uploads\/2026\/02\/Diatta4-300x300.png 300w, https:\/\/www.ladiagonale.net\/wp-content\/uploads\/2026\/02\/Diatta4-150x150.png 150w, https:\/\/www.ladiagonale.net\/wp-content\/uploads\/2026\/02\/Diatta4-128x128.png 128w, https:\/\/www.ladiagonale.net\/wp-content\/uploads\/2026\/02\/Diatta4-32x32.png 32w\" sizes=\"(max-width: 400px) 100vw, 400px\" \/><\/figure><div class=\"wp-block-media-text__content\">\n<p style=\"font-size:16px\"><strong>Kr\u00e9pin Diatta<\/strong><\/p>\n\n\n\n<p style=\"font-size:15px\">Pour son premier match en club depuis le 5 d\u00e9cembre, le S\u00e9n\u00e9galais a r\u00e9alis\u00e9 une prestation trop moyenne. Il a \u00e9t\u00e9 pris \u00e0 plusieurs reprises dans son dos en d\u00e9but de match et a pu compter sur les compensations de Teze. Il a perdu 11 ballons et n\u2019en a r\u00e9cup\u00e9r\u00e9 aucun. Offensivement, il a arpent\u00e9 son couloir et apport\u00e9 le surnombre, mais dans les 30 derniers m\u00e8tres, son manque de ma\u00eetrise technique a co\u00fbt\u00e9 de bonnes situations, comme ce centre beaucoup trop fort pour Akliouche (64<sup>e<\/sup>).<\/p>\n<\/div><\/div>\n\n\n\n<div style=\"height:40px\" aria-hidden=\"true\" class=\"wp-block-spacer\"><\/div>\n\n\n\n<h4 class=\"wp-block-heading has-white-color has-text-color has-background\" style=\"background-color:#303030\">Les autres notes<\/h4>\n\n\n\n<p><strong>Philipp K\u00f6hn : 5\/10<\/strong><\/p>\n\n\n\n<p>Il a eu un peu plus de travail que lors des deux soir\u00e9es pr\u00e9c\u00e9dentes, face au Havre et \u00e0 la Juventus, mais \u00e0 l\u2019exception d\u2019une frappe de Camara (18<sup>e<\/sup>) un peu plus vicieuse et qu\u2019il a d\u00fb n\u00e9gocier, il n\u2019a pas \u00e9t\u00e9 r\u00e9ellement mis en danger. Mais on ne l\u2019a pas non plus senti totalement serein, comme sur ce centre d\u2019Al-Tamari qui passe juste devant lui et sur lequel il n\u2019intervient pas (54<sup>e<\/sup>). Un jeu au pied moyen.<\/p>\n\n\n\n<p><strong>Jordan Teze : 6\/10<\/strong><\/p>\n\n\n\n<p>Il a souffl\u00e9 le chaud et le froid en d\u00e9but de rencontre. Intelligent dans son positionnement et dans les couvertures pour couper certaines passes dans l\u2019intervalle, comme lorsqu\u2019il intercepte le d\u00e9gagement de Samba et met Balogun sur orbite d&rsquo;une passe qui casse plusieurs lignes pour l&rsquo;ouverture du score. Mais il a aussi \u00e9t\u00e9 parfois aspir\u00e9 vers l\u2019int\u00e9rieur pour aller chasser plus haut, et le positionnement d\u2019Al-Tamari entre les lignes a pu le g\u00eaner. Il prend un jaune pour rattraper une erreur de Kehrer. Et il n&rsquo;y avait pas faute sur Embolo sur le p\u00e9nalty siffl\u00e9 et justement annul\u00e9.<\/p>\n\n\n\n<p><strong>Thilo Kehrer : 5\/10<\/strong><\/p>\n\n\n\n<p>Comme Teze de l\u2019autre c\u00f4t\u00e9, il a lui aussi eu tendance \u00e0 se faire aspirer pour aller chasser haut et s\u2019est parfois fait surprendre par des appels dans l\u2019intervalle. Embolo lui a souvent fait des mis\u00e8res dans le jeu dos au but et il s\u2019est fait avoir \u00e0 plusieurs reprises. Une premi\u00e8re fois, cela a donn\u00e9 une bonne situation rennaise, d\u2019autant qu\u2019il se replie mal derri\u00e8re (18<sup>e<\/sup>), une autre fois cela a oblig\u00e9 Teze \u00e0 commettre une faute et prendre un jaune (22<sup>e<\/sup>).<\/p>\n\n\n\n<p><strong>Kassoum Ouattara : 5\/10<\/strong><\/p>\n\n\n\n<p>Il a d\u00e9marr\u00e9 la rencontre avec beaucoup d&rsquo;envie et a multipli\u00e9 les courses dans son couloir pour se porter aux avant-postes. Mais apr\u00e8s une dizaine de minutes d&rsquo;activit\u00e9, il a un peu disparu. On l&rsquo;a retrouv\u00e9 en seconde p\u00e9riode et sur le second but, avec une frappe d\u00e9vi\u00e9e sur le poteau, et un bon centre \u00e0 destination de Biereth (64<sup>e<\/sup>). M\u00eame s&rsquo;il n&rsquo;a pas \u00e9t\u00e9 trop pris en d\u00e9faut, il a \u00e9t\u00e9 globalement trop inconstant dans ce match.<\/p>\n\n\n\n<p><strong>Lamine Camara : 6\/10<\/strong><\/p>\n\n\n\n<p>Une mauvaise entame, avec plusieurs ballons perdus (21 sur le match) qui ont entra\u00een\u00e9 des situations rennaises et un pressing pas toujours ma\u00eetris\u00e9, o\u00f9 il s&rsquo;est fait effacer quelques fois. Il est progressivement mont\u00e9 en puissance pour montrer un bel abattage, avec beaucoup de ballons r\u00e9cup\u00e9r\u00e9s (9) et beaucoup de duels remport\u00e9s (9\/14). Il obtient les deux cartons jaunes adverses. Mais dans l\u2019utilisation du ballon, on reste sur notre faim, en particulier au cours du premier acte. Sur les coups de pied arr\u00eat\u00e9s, il a manqu\u00e9 d\u2019application.<\/p>\n\n\n\n<p><strong>Ansu Fati : 6\/10<\/strong><\/p>\n\n\n\n<p>Il n\u2019a pas touch\u00e9 beaucoup de ballons, pas eu forc\u00e9ment une grosse influence sur le jeu de l\u2019\u00e9quipe, mais \u00e0 chaque fois qu\u2019il a \u00e9t\u00e9 trouv\u00e9, il a jou\u00e9 avec finesse, subtilit\u00e9 et intelligence, le plus souvent en une touche de balle pour garder une certaine fluidit\u00e9. Il a encore montr\u00e9 une redoutable efficacit\u00e9 devant le but, o\u00f9 il se trompe rarement, et ouvert le score. Un joli sombrero sur Merlin. Il a parfois eu une certaine latence \u00e0 boucher les espaces afin de g\u00eaner les relances mais il a fait les efforts, comme cette course de 80 m\u00e8tres pour suivre Brassier (37<sup>e<\/sup>). Remplac\u00e9 \u00e0 la pause apr\u00e8s avoir \u00e9t\u00e9 touch\u00e9 \u00e0 un mollet.<\/p>\n\n\n\n<p><strong>Folarin Balogun : 6\/10<\/strong><\/p>\n\n\n\n<p>Il a d\u2019abord eu du mal \u00e0 se d\u00e9patouiller du marquage de Jacquet et n\u2019a pas toujours \u00e9t\u00e9 \u00e9vident \u00e0 trouver. Mais il a r\u00e9ussi \u00e0 se donner un peu d\u2019espace dans cette rencontre et c&rsquo;est comme cela qu&rsquo;il a pu jouer en remise pour Fati sur le premier but. Une belle occasion avec une frappe lourde que Samba parvient \u00e0 d\u00e9tourner (45<sup>e<\/sup>+5). Aussi une tr\u00e8s mauvaise passe (6<sup>e<\/sup>) qui g\u00e2che une action alors que Fati attendait le ballon au centre. On peut regretter qu\u2019il ne soit pas toujours all\u00e9 au bout des actions.<\/p>\n\n\n\n<p><strong>S\u00e9bastien Pocognoli : 8\/10<\/strong><\/p>\n\n\n\n<p>Le spectacle offert par son \u00e9quipe en premi\u00e8re p\u00e9riode n\u2019\u00e9tait certes pas des plus emballants, mais le visage affich\u00e9 \u00e9tait coh\u00e9rent et l\u2019intensit\u00e9 au rendez-vous. L\u2019ouverture du score de Fati a valid\u00e9 les bons choix faits au d\u00e9part et chaque changement op\u00e9r\u00e9 par le Belge a \u00e9t\u00e9 r\u00e9compens\u00e9. Akliouche, entr\u00e9 \u00e0 la pause, a marqu\u00e9 et fait des diff\u00e9rences, Biereth a r\u00e9alis\u00e9 deux passes d\u00e9cisives, et Idumbo a lui aussi inscrit un but. Une soir\u00e9e r\u00e9ussie pour lui.<\/p>\n\n\n<div class=\"wp-block-image\">\n<figure class=\"aligncenter size-large is-resized\"><img loading=\"lazy\" src=\"https:\/\/www.ladiagonale.net\/wp-content\/uploads\/2026\/02\/terrainrennes-819x1024.png\" alt=\"\" class=\"wp-image-36679\" width=\"614\" height=\"768\" srcset=\"https:\/\/www.ladiagonale.net\/wp-content\/uploads\/2026\/02\/terrainrennes-819x1024.png 819w, https:\/\/www.ladiagonale.net\/wp-content\/uploads\/2026\/02\/terrainrennes-240x300.png 240w, https:\/\/www.ladiagonale.net\/wp-content\/uploads\/2026\/02\/terrainrennes-768x960.png 768w, https:\/\/www.ladiagonale.net\/wp-content\/uploads\/2026\/02\/terrainrennes-1229x1536.png 1229w, https:\/\/www.ladiagonale.net\/wp-content\/uploads\/2026\/02\/terrainrennes-102x128.png 102w, https:\/\/www.ladiagonale.net\/wp-content\/uploads\/2026\/02\/terrainrennes-26x32.png 26w, https:\/\/www.ladiagonale.net\/wp-content\/uploads\/2026\/02\/terrainrennes.png 1242w\" sizes=\"(max-width: 614px) 100vw, 614px\" \/><figcaption>Moyenne : 5,7\/10<\/figcaption><\/figure><\/div>","protected":false},"excerpt":{"rendered":"<p>Le milieu de terrain de 21 ans s&rsquo;impose comme la belle surprise de la saison. Il a \u00e9t\u00e9 dominateur dans l&rsquo;entrejeu contre Rennes et marqu\u00e9 un but. TOPS Mamadou Coulibaly Le milieu de terrain a \u00e9t\u00e9 impressionnant physiquement par son volume de course, et il n&rsquo;a jamais h\u00e9sit\u00e9 \u00e0 se projeter dans la surface adverse [&#8230;]\n","protected":false},"author":2,"featured_media":36680,"comment_status":"open","ping_status":"open","sticky":false,"template":"","format":"standard","meta":[],"categories":[5,6,1000],"tags":[86,94,459,222,248],"yoast_head":"<!-- This site is optimized with the Yoast SEO plugin v19.8 - https:\/\/yoast.com\/wordpress\/plugins\/seo\/ -->\n<title>Les notes : Coulibaly hyperactif - La Diagonale<\/title>\n<meta name=\"robots\" content=\"index, follow, max-snippet:-1, max-image-preview:large, max-video-preview:-1\" \/>\n<link rel=\"canonical\" href=\"https:\/\/www.ladiagonale.net\/index.php\/2026\/02\/01\/les-notes-coulibaly-hyperactif\/\" \/>\n<meta property=\"og:locale\" content=\"fr_FR\" \/>\n<meta property=\"og:type\" content=\"article\" \/>\n<meta property=\"og:title\" content=\"Les notes : Coulibaly hyperactif - La Diagonale\" \/>\n<meta property=\"og:description\" content=\"Le milieu de terrain de 21 ans s&rsquo;impose comme la belle surprise de la saison. Il a \u00e9t\u00e9 dominateur dans l&rsquo;entrejeu contre Rennes et marqu\u00e9 un but. TOPS Mamadou Coulibaly Le milieu de terrain a \u00e9t\u00e9 impressionnant physiquement par son volume de course, et il n&rsquo;a jamais h\u00e9sit\u00e9 \u00e0 se projeter dans la surface adverse [...]\" \/>\n<meta property=\"og:url\" content=\"https:\/\/www.ladiagonale.net\/index.php\/2026\/02\/01\/les-notes-coulibaly-hyperactif\/\" \/>\n<meta property=\"og:site_name\" content=\"La Diagonale\" \/>\n<meta property=\"article:published_time\" content=\"2026-02-01T14:33:29+00:00\" \/>\n<meta property=\"og:image\" content=\"https:\/\/www.ladiagonale.net\/wp-content\/uploads\/2026\/02\/noterennes.png\" \/>\n\t<meta property=\"og:image:width\" content=\"1160\" \/>\n\t<meta property=\"og:image:height\" content=\"650\" \/>\n\t<meta property=\"og:image:type\" content=\"image\/png\" \/>\n<meta name=\"author\" content=\"Damien Dellerba\" \/>\n<meta name=\"twitter:card\" content=\"summary_large_image\" \/>\n<meta name=\"twitter:image\" content=\"https:\/\/www.ladiagonale.net\/wp-content\/uploads\/2026\/02\/noterennes.png\" \/>\n<meta name=\"twitter:label1\" content=\"\u00c9crit par\" \/>\n\t<meta name=\"twitter:data1\" content=\"Damien Dellerba\" \/>\n\t<meta name=\"twitter:label2\" content=\"Dur\u00e9e de lecture estim\u00e9e\" \/>\n\t<meta name=\"twitter:data2\" content=\"9 minutes\" \/>\n<script type=\"application\/ld+json\" class=\"yoast-schema-graph\">{\"@context\":\"https:\/\/schema.org\",\"@graph\":[{\"@type\":\"WebPage\",\"@id\":\"https:\/\/www.ladiagonale.net\/index.php\/2026\/02\/01\/les-notes-coulibaly-hyperactif\/\",\"url\":\"https:\/\/www.ladiagonale.net\/index.php\/2026\/02\/01\/les-notes-coulibaly-hyperactif\/\",\"name\":\"Les notes : Coulibaly hyperactif - La Diagonale\",\"isPartOf\":{\"@id\":\"https:\/\/www.ladiagonale.net\/#website\"},\"datePublished\":\"2026-02-01T14:33:29+00:00\",\"dateModified\":\"2026-02-01T14:33:29+00:00\",\"author\":{\"@id\":\"https:\/\/www.ladiagonale.net\/#\/schema\/person\/79ff1e7b0853ed01b2aa26e64ad300bf\"},\"breadcrumb\":{\"@id\":\"https:\/\/www.ladiagonale.net\/index.php\/2026\/02\/01\/les-notes-coulibaly-hyperactif\/#breadcrumb\"},\"inLanguage\":\"fr-FR\",\"potentialAction\":[{\"@type\":\"ReadAction\",\"target\":[\"https:\/\/www.ladiagonale.net\/index.php\/2026\/02\/01\/les-notes-coulibaly-hyperactif\/\"]}]},{\"@type\":\"BreadcrumbList\",\"@id\":\"https:\/\/www.ladiagonale.net\/index.php\/2026\/02\/01\/les-notes-coulibaly-hyperactif\/#breadcrumb\",\"itemListElement\":[{\"@type\":\"ListItem\",\"position\":1,\"name\":\"Accueil\",\"item\":\"https:\/\/www.ladiagonale.net\/\"},{\"@type\":\"ListItem\",\"position\":2,\"name\":\"Les notes : Coulibaly hyperactif\"}]},{\"@type\":\"WebSite\",\"@id\":\"https:\/\/www.ladiagonale.net\/#website\",\"url\":\"https:\/\/www.ladiagonale.net\/\",\"name\":\"La Diagonale\",\"description\":\"Le site des supporters de l&#039;AS Monaco FC\",\"potentialAction\":[{\"@type\":\"SearchAction\",\"target\":{\"@type\":\"EntryPoint\",\"urlTemplate\":\"https:\/\/www.ladiagonale.net\/?s={search_term_string}\"},\"query-input\":\"required name=search_term_string\"}],\"inLanguage\":\"fr-FR\"},{\"@type\":\"Person\",\"@id\":\"https:\/\/www.ladiagonale.net\/#\/schema\/person\/79ff1e7b0853ed01b2aa26e64ad300bf\",\"name\":\"Damien Dellerba\",\"image\":{\"@type\":\"ImageObject\",\"inLanguage\":\"fr-FR\",\"@id\":\"https:\/\/www.ladiagonale.net\/#\/schema\/person\/image\/\",\"url\":\"https:\/\/secure.gravatar.com\/avatar\/c7850e06d3ff63cdbaee88b7fc16e2f0?s=96&d=mm&r=g\",\"contentUrl\":\"https:\/\/secure.gravatar.com\/avatar\/c7850e06d3ff63cdbaee88b7fc16e2f0?s=96&d=mm&r=g\",\"caption\":\"Damien Dellerba\"},\"url\":\"https:\/\/www.ladiagonale.net\/index.php\/author\/damien\/\"}]}<\/script>\n<!-- \/ Yoast SEO plugin. -->","yoast_head_json":{"title":"Les notes : Coulibaly hyperactif - La Diagonale","robots":{"index":"index","follow":"follow","max-snippet":"max-snippet:-1","max-image-preview":"max-image-preview:large","max-video-preview":"max-video-preview:-1"},"canonical":"https:\/\/www.ladiagonale.net\/index.php\/2026\/02\/01\/les-notes-coulibaly-hyperactif\/","og_locale":"fr_FR","og_type":"article","og_title":"Les notes : Coulibaly hyperactif - La Diagonale","og_description":"Le milieu de terrain de 21 ans s&rsquo;impose comme la belle surprise de la saison. Il a \u00e9t\u00e9 dominateur dans l&rsquo;entrejeu contre Rennes et marqu\u00e9 un but. TOPS Mamadou Coulibaly Le milieu de terrain a \u00e9t\u00e9 impressionnant physiquement par son volume de course, et il n&rsquo;a jamais h\u00e9sit\u00e9 \u00e0 se projeter dans la surface adverse [...]","og_url":"https:\/\/www.ladiagonale.net\/index.php\/2026\/02\/01\/les-notes-coulibaly-hyperactif\/","og_site_name":"La Diagonale","article_published_time":"2026-02-01T14:33:29+00:00","og_image":[{"width":1160,"height":650,"url":"https:\/\/www.ladiagonale.net\/wp-content\/uploads\/2026\/02\/noterennes.png","type":"image\/png"}],"author":"Damien Dellerba","twitter_card":"summary_large_image","twitter_image":"https:\/\/www.ladiagonale.net\/wp-content\/uploads\/2026\/02\/noterennes.png","twitter_misc":{"\u00c9crit par":"Damien Dellerba","Dur\u00e9e de lecture estim\u00e9e":"9 minutes"},"schema":{"@context":"https:\/\/schema.org","@graph":[{"@type":"WebPage","@id":"https:\/\/www.ladiagonale.net\/index.php\/2026\/02\/01\/les-notes-coulibaly-hyperactif\/","url":"https:\/\/www.ladiagonale.net\/index.php\/2026\/02\/01\/les-notes-coulibaly-hyperactif\/","name":"Les notes : Coulibaly hyperactif - La Diagonale","isPartOf":{"@id":"https:\/\/www.ladiagonale.net\/#website"},"datePublished":"2026-02-01T14:33:29+00:00","dateModified":"2026-02-01T14:33:29+00:00","author":{"@id":"https:\/\/www.ladiagonale.net\/#\/schema\/person\/79ff1e7b0853ed01b2aa26e64ad300bf"},"breadcrumb":{"@id":"https:\/\/www.ladiagonale.net\/index.php\/2026\/02\/01\/les-notes-coulibaly-hyperactif\/#breadcrumb"},"inLanguage":"fr-FR","potentialAction":[{"@type":"ReadAction","target":["https:\/\/www.ladiagonale.net\/index.php\/2026\/02\/01\/les-notes-coulibaly-hyperactif\/"]}]},{"@type":"BreadcrumbList","@id":"https:\/\/www.ladiagonale.net\/index.php\/2026\/02\/01\/les-notes-coulibaly-hyperactif\/#breadcrumb","itemListElement":[{"@type":"ListItem","position":1,"name":"Accueil","item":"https:\/\/www.ladiagonale.net\/"},{"@type":"ListItem","position":2,"name":"Les notes : Coulibaly hyperactif"}]},{"@type":"WebSite","@id":"https:\/\/www.ladiagonale.net\/#website","url":"https:\/\/www.ladiagonale.net\/","name":"La Diagonale","description":"Le site des supporters de l&#039;AS Monaco FC","potentialAction":[{"@type":"SearchAction","target":{"@type":"EntryPoint","urlTemplate":"https:\/\/www.ladiagonale.net\/?s={search_term_string}"},"query-input":"required name=search_term_string"}],"inLanguage":"fr-FR"},{"@type":"Person","@id":"https:\/\/www.ladiagonale.net\/#\/schema\/person\/79ff1e7b0853ed01b2aa26e64ad300bf","name":"Damien Dellerba","image":{"@type":"ImageObject","inLanguage":"fr-FR","@id":"https:\/\/www.ladiagonale.net\/#\/schema\/person\/image\/","url":"https:\/\/secure.gravatar.com\/avatar\/c7850e06d3ff63cdbaee88b7fc16e2f0?s=96&d=mm&r=g","contentUrl":"https:\/\/secure.gravatar.com\/avatar\/c7850e06d3ff63cdbaee88b7fc16e2f0?s=96&d=mm&r=g","caption":"Damien Dellerba"},"url":"https:\/\/www.ladiagonale.net\/index.php\/author\/damien\/"}]}},"_links":{"self":[{"href":"https:\/\/www.ladiagonale.net\/index.php\/wp-json\/wp\/v2\/posts\/36674"}],"collection":[{"href":"https:\/\/www.ladiagonale.net\/index.php\/wp-json\/wp\/v2\/posts"}],"about":[{"href":"https:\/\/www.ladiagonale.net\/index.php\/wp-json\/wp\/v2\/types\/post"}],"author":[{"embeddable":true,"href":"https:\/\/www.ladiagonale.net\/index.php\/wp-json\/wp\/v2\/users\/2"}],"replies":[{"embeddable":true,"href":"https:\/\/www.ladiagonale.net\/index.php\/wp-json\/wp\/v2\/comments?post=36674"}],"version-history":[{"count":3,"href":"https:\/\/www.ladiagonale.net\/index.php\/wp-json\/wp\/v2\/posts\/36674\/revisions"}],"predecessor-version":[{"id":36681,"href":"https:\/\/www.ladiagonale.net\/index.php\/wp-json\/wp\/v2\/posts\/36674\/revisions\/36681"}],"wp:featuredmedia":[{"embeddable":true,"href":"https:\/\/www.ladiagonale.net\/index.php\/wp-json\/wp\/v2\/media\/36680"}],"wp:attachment":[{"href":"https:\/\/www.ladiagonale.net\/index.php\/wp-json\/wp\/v2\/media?parent=36674"}],"wp:term":[{"taxonomy":"category","embeddable":true,"href":"https:\/\/www.ladiagonale.net\/index.php\/wp-json\/wp\/v2\/categories?post=36674"},{"taxonomy":"post_tag","embeddable":true,"href":"https:\/\/www.ladiagonale.net\/index.php\/wp-json\/wp\/v2\/tags?post=36674"}],"curies":[{"name":"wp","href":"https:\/\/api.w.org\/{rel}","templated":true}]}}