{"id":36806,"date":"2026-02-06T16:22:25","date_gmt":"2026-02-06T15:22:25","guid":{"rendered":"https:\/\/www.ladiagonale.net\/?p=36806"},"modified":"2026-02-06T16:22:25","modified_gmt":"2026-02-06T15:22:25","slug":"diatta-cette-defaite-me-fait-mal-au-coeur","status":"publish","type":"post","link":"https:\/\/www.ladiagonale.net\/index.php\/2026\/02\/06\/diatta-cette-defaite-me-fait-mal-au-coeur\/","title":{"rendered":"Diatta : \u00ab\u00a0Cette d\u00e9faite me fait mal au c\u0153ur\u00a0\u00bb"},"content":{"rendered":"\n\n\n<p>Kr\u00e9pin Diatta n\u2019avait pas le c\u0153ur l\u00e9ger apr\u00e8s la d\u00e9faite contre Strasbourg et l\u2019\u00e9limination en huiti\u00e8mes de finale de la Coupe de France : \u00ab\u00a0<em>C\u2019est dommage car je pensais qu\u2019on allait confirmer les bonnes choses entrevues contre Rennes puisque tout le monde a vu que les r\u00e9sultats pouvaient suivre si on mettait les bons ingr\u00e9dients. On \u00e9tait sur une s\u00e9rie de trois matches sans d\u00e9faite o\u00f9 l\u2019on s\u2019\u00e9tait battus en donnant tout ce qu\u2019on avait. Aujourd\u2019hui (jeudi), je ne dirais pas qu\u2019on ne s\u2019est pas battus mais on n\u2019a pas fait le d\u00e9but attendu.<\/em>\u00a0\u00bb<\/p>\n\n\n\n<p>Le piston de 26 ans semblait m\u00eame assez touch\u00e9 apr\u00e8s cette \u00e9limination : \u00ab\u00a0<em>\u00c7a fait cinq ans que je suis l\u00e0, cette d\u00e9faite me fait mal au c\u0153ur parce que le club repr\u00e9sente quelque chose de tr\u00e8s important pour moi personnellement. C\u2019est normal d\u2019\u00eatre d\u00e9\u00e7u apr\u00e8s une \u00e9limination en Coupe de France mais c\u2019est \u00e0 nous de changer les choses car personne ne le fera \u00e0 notre place. (\u2026) L\u2019AS Monaco est un grand club du championnat de France mais c\u2019est \u00e0 nous d\u2019aller chercher ces victoires.<\/em><\/p>\n\n\n\n<p>Le tout r\u00e9cent champion d\u2019Afrique ne voulait montrer aucun signe d\u2019abattement avant d\u2019affronter Nice, dimanche : \u00ab\u00a0<em>Le derby arrive, il faut montrer un autre visage et faire une s\u00e9rie de victoires car on a l\u2019effectif pour y arriver. Je crois en cette \u00e9quipe. (\u2026) Contre Rennes, on a fait un gros match mais aujourd\u2019hui, on est retomb\u00e9 dans nos travers, o\u00f9 on n\u2019a pas mis tous les ingr\u00e9dients d\u00e8s le d\u00e9part. Tout le monde sait que la Ligue 1 est un championnat difficile. Si on veut gagner, il faut donner tout ce qu\u2019on a syst\u00e9matiquement. Il faut donc aller chercher de la constance. Cette d\u00e9faite va nous permettre de comprendre que l\u2019on doit faire plus.<\/em>\u00a0\u00bb<\/p>\n","protected":false},"excerpt":{"rendered":"<p>Kr\u00e9pin Diatta n\u2019avait pas le c\u0153ur l\u00e9ger apr\u00e8s la d\u00e9faite contre Strasbourg et l\u2019\u00e9limination en huiti\u00e8mes de finale de la Coupe de France : \u00ab\u00a0C\u2019est dommage car je pensais qu\u2019on allait confirmer les bonnes choses entrevues contre Rennes puisque tout le monde a vu que les r\u00e9sultats pouvaient suivre si on mettait les bons ingr\u00e9dients. [&#8230;]\n","protected":false},"author":2,"featured_media":0,"comment_status":"open","ping_status":"open","sticky":false,"template":"","format":"standard","meta":[],"categories":[6],"tags":[86,232,163,791],"yoast_head":"<!-- This site is optimized with the Yoast SEO plugin v19.8 - https:\/\/yoast.com\/wordpress\/plugins\/seo\/ -->\n<title>Diatta : \u00ab\u00a0Cette d\u00e9faite me fait mal au c\u0153ur\u00a0\u00bb - La Diagonale<\/title>\n<meta name=\"robots\" content=\"index, follow, max-snippet:-1, max-image-preview:large, max-video-preview:-1\" \/>\n<link rel=\"canonical\" href=\"https:\/\/www.ladiagonale.net\/index.php\/2026\/02\/06\/diatta-cette-defaite-me-fait-mal-au-coeur\/\" \/>\n<meta property=\"og:locale\" content=\"fr_FR\" \/>\n<meta property=\"og:type\" content=\"article\" \/>\n<meta property=\"og:title\" content=\"Diatta : \u00ab\u00a0Cette d\u00e9faite me fait mal au c\u0153ur\u00a0\u00bb - La Diagonale\" \/>\n<meta property=\"og:description\" content=\"Kr\u00e9pin Diatta n\u2019avait pas le c\u0153ur l\u00e9ger apr\u00e8s la d\u00e9faite contre Strasbourg et l\u2019\u00e9limination en huiti\u00e8mes de finale de la Coupe de France : \u00ab\u00a0C\u2019est dommage car je pensais qu\u2019on allait confirmer les bonnes choses entrevues contre Rennes puisque tout le monde a vu que les r\u00e9sultats pouvaient suivre si on mettait les bons ingr\u00e9dients. [...]\" \/>\n<meta property=\"og:url\" content=\"https:\/\/www.ladiagonale.net\/index.php\/2026\/02\/06\/diatta-cette-defaite-me-fait-mal-au-coeur\/\" \/>\n<meta property=\"og:site_name\" content=\"La Diagonale\" \/>\n<meta property=\"article:published_time\" content=\"2026-02-06T15:22:25+00:00\" \/>\n<meta property=\"og:image\" content=\"https:\/\/www.ladiagonale.net\/wp-content\/uploads\/2025\/10\/Diatta.png\" \/>\n\t<meta property=\"og:image:width\" content=\"1160\" \/>\n\t<meta property=\"og:image:height\" content=\"650\" \/>\n\t<meta property=\"og:image:type\" content=\"image\/png\" \/>\n<meta name=\"author\" content=\"Damien Dellerba\" \/>\n<meta name=\"twitter:card\" content=\"summary_large_image\" \/>\n<meta name=\"twitter:image\" content=\"https:\/\/www.ladiagonale.net\/wp-content\/uploads\/2025\/10\/Diatta.png\" \/>\n<meta name=\"twitter:label1\" content=\"\u00c9crit par\" \/>\n\t<meta name=\"twitter:data1\" content=\"Damien Dellerba\" \/>\n\t<meta name=\"twitter:label2\" content=\"Dur\u00e9e de lecture estim\u00e9e\" \/>\n\t<meta name=\"twitter:data2\" content=\"2 minutes\" \/>\n<script type=\"application\/ld+json\" class=\"yoast-schema-graph\">{\"@context\":\"https:\/\/schema.org\",\"@graph\":[{\"@type\":\"WebPage\",\"@id\":\"https:\/\/www.ladiagonale.net\/index.php\/2026\/02\/06\/diatta-cette-defaite-me-fait-mal-au-coeur\/\",\"url\":\"https:\/\/www.ladiagonale.net\/index.php\/2026\/02\/06\/diatta-cette-defaite-me-fait-mal-au-coeur\/\",\"name\":\"Diatta : \u00ab\u00a0Cette d\u00e9faite me fait mal au c\u0153ur\u00a0\u00bb - La Diagonale\",\"isPartOf\":{\"@id\":\"https:\/\/www.ladiagonale.net\/#website\"},\"datePublished\":\"2026-02-06T15:22:25+00:00\",\"dateModified\":\"2026-02-06T15:22:25+00:00\",\"author\":{\"@id\":\"https:\/\/www.ladiagonale.net\/#\/schema\/person\/79ff1e7b0853ed01b2aa26e64ad300bf\"},\"breadcrumb\":{\"@id\":\"https:\/\/www.ladiagonale.net\/index.php\/2026\/02\/06\/diatta-cette-defaite-me-fait-mal-au-coeur\/#breadcrumb\"},\"inLanguage\":\"fr-FR\",\"potentialAction\":[{\"@type\":\"ReadAction\",\"target\":[\"https:\/\/www.ladiagonale.net\/index.php\/2026\/02\/06\/diatta-cette-defaite-me-fait-mal-au-coeur\/\"]}]},{\"@type\":\"BreadcrumbList\",\"@id\":\"https:\/\/www.ladiagonale.net\/index.php\/2026\/02\/06\/diatta-cette-defaite-me-fait-mal-au-coeur\/#breadcrumb\",\"itemListElement\":[{\"@type\":\"ListItem\",\"position\":1,\"name\":\"Accueil\",\"item\":\"https:\/\/www.ladiagonale.net\/\"},{\"@type\":\"ListItem\",\"position\":2,\"name\":\"Diatta : \u00ab\u00a0Cette d\u00e9faite me fait mal au c\u0153ur\u00a0\u00bb\"}]},{\"@type\":\"WebSite\",\"@id\":\"https:\/\/www.ladiagonale.net\/#website\",\"url\":\"https:\/\/www.ladiagonale.net\/\",\"name\":\"La Diagonale\",\"description\":\"Le site des supporters de l&#039;AS Monaco FC\",\"potentialAction\":[{\"@type\":\"SearchAction\",\"target\":{\"@type\":\"EntryPoint\",\"urlTemplate\":\"https:\/\/www.ladiagonale.net\/?s={search_term_string}\"},\"query-input\":\"required name=search_term_string\"}],\"inLanguage\":\"fr-FR\"},{\"@type\":\"Person\",\"@id\":\"https:\/\/www.ladiagonale.net\/#\/schema\/person\/79ff1e7b0853ed01b2aa26e64ad300bf\",\"name\":\"Damien Dellerba\",\"image\":{\"@type\":\"ImageObject\",\"inLanguage\":\"fr-FR\",\"@id\":\"https:\/\/www.ladiagonale.net\/#\/schema\/person\/image\/\",\"url\":\"https:\/\/secure.gravatar.com\/avatar\/c7850e06d3ff63cdbaee88b7fc16e2f0?s=96&d=mm&r=g\",\"contentUrl\":\"https:\/\/secure.gravatar.com\/avatar\/c7850e06d3ff63cdbaee88b7fc16e2f0?s=96&d=mm&r=g\",\"caption\":\"Damien Dellerba\"},\"url\":\"https:\/\/www.ladiagonale.net\/index.php\/author\/damien\/\"}]}<\/script>\n<!-- \/ Yoast SEO plugin. -->","yoast_head_json":{"title":"Diatta : \u00ab\u00a0Cette d\u00e9faite me fait mal au c\u0153ur\u00a0\u00bb - La Diagonale","robots":{"index":"index","follow":"follow","max-snippet":"max-snippet:-1","max-image-preview":"max-image-preview:large","max-video-preview":"max-video-preview:-1"},"canonical":"https:\/\/www.ladiagonale.net\/index.php\/2026\/02\/06\/diatta-cette-defaite-me-fait-mal-au-coeur\/","og_locale":"fr_FR","og_type":"article","og_title":"Diatta : \u00ab\u00a0Cette d\u00e9faite me fait mal au c\u0153ur\u00a0\u00bb - La Diagonale","og_description":"Kr\u00e9pin Diatta n\u2019avait pas le c\u0153ur l\u00e9ger apr\u00e8s la d\u00e9faite contre Strasbourg et l\u2019\u00e9limination en huiti\u00e8mes de finale de la Coupe de France : \u00ab\u00a0C\u2019est dommage car je pensais qu\u2019on allait confirmer les bonnes choses entrevues contre Rennes puisque tout le monde a vu que les r\u00e9sultats pouvaient suivre si on mettait les bons ingr\u00e9dients. [...]","og_url":"https:\/\/www.ladiagonale.net\/index.php\/2026\/02\/06\/diatta-cette-defaite-me-fait-mal-au-coeur\/","og_site_name":"La Diagonale","article_published_time":"2026-02-06T15:22:25+00:00","og_image":[{"width":1160,"height":650,"url":"https:\/\/www.ladiagonale.net\/wp-content\/uploads\/2025\/10\/Diatta.png","type":"image\/png"}],"author":"Damien Dellerba","twitter_card":"summary_large_image","twitter_image":"https:\/\/www.ladiagonale.net\/wp-content\/uploads\/2025\/10\/Diatta.png","twitter_misc":{"\u00c9crit par":"Damien Dellerba","Dur\u00e9e de lecture estim\u00e9e":"2 minutes"},"schema":{"@context":"https:\/\/schema.org","@graph":[{"@type":"WebPage","@id":"https:\/\/www.ladiagonale.net\/index.php\/2026\/02\/06\/diatta-cette-defaite-me-fait-mal-au-coeur\/","url":"https:\/\/www.ladiagonale.net\/index.php\/2026\/02\/06\/diatta-cette-defaite-me-fait-mal-au-coeur\/","name":"Diatta : \u00ab\u00a0Cette d\u00e9faite me fait mal au c\u0153ur\u00a0\u00bb - La Diagonale","isPartOf":{"@id":"https:\/\/www.ladiagonale.net\/#website"},"datePublished":"2026-02-06T15:22:25+00:00","dateModified":"2026-02-06T15:22:25+00:00","author":{"@id":"https:\/\/www.ladiagonale.net\/#\/schema\/person\/79ff1e7b0853ed01b2aa26e64ad300bf"},"breadcrumb":{"@id":"https:\/\/www.ladiagonale.net\/index.php\/2026\/02\/06\/diatta-cette-defaite-me-fait-mal-au-coeur\/#breadcrumb"},"inLanguage":"fr-FR","potentialAction":[{"@type":"ReadAction","target":["https:\/\/www.ladiagonale.net\/index.php\/2026\/02\/06\/diatta-cette-defaite-me-fait-mal-au-coeur\/"]}]},{"@type":"BreadcrumbList","@id":"https:\/\/www.ladiagonale.net\/index.php\/2026\/02\/06\/diatta-cette-defaite-me-fait-mal-au-coeur\/#breadcrumb","itemListElement":[{"@type":"ListItem","position":1,"name":"Accueil","item":"https:\/\/www.ladiagonale.net\/"},{"@type":"ListItem","position":2,"name":"Diatta : \u00ab\u00a0Cette d\u00e9faite me fait mal au c\u0153ur\u00a0\u00bb"}]},{"@type":"WebSite","@id":"https:\/\/www.ladiagonale.net\/#website","url":"https:\/\/www.ladiagonale.net\/","name":"La Diagonale","description":"Le site des supporters de l&#039;AS Monaco FC","potentialAction":[{"@type":"SearchAction","target":{"@type":"EntryPoint","urlTemplate":"https:\/\/www.ladiagonale.net\/?s={search_term_string}"},"query-input":"required name=search_term_string"}],"inLanguage":"fr-FR"},{"@type":"Person","@id":"https:\/\/www.ladiagonale.net\/#\/schema\/person\/79ff1e7b0853ed01b2aa26e64ad300bf","name":"Damien Dellerba","image":{"@type":"ImageObject","inLanguage":"fr-FR","@id":"https:\/\/www.ladiagonale.net\/#\/schema\/person\/image\/","url":"https:\/\/secure.gravatar.com\/avatar\/c7850e06d3ff63cdbaee88b7fc16e2f0?s=96&d=mm&r=g","contentUrl":"https:\/\/secure.gravatar.com\/avatar\/c7850e06d3ff63cdbaee88b7fc16e2f0?s=96&d=mm&r=g","caption":"Damien Dellerba"},"url":"https:\/\/www.ladiagonale.net\/index.php\/author\/damien\/"}]}},"_links":{"self":[{"href":"https:\/\/www.ladiagonale.net\/index.php\/wp-json\/wp\/v2\/posts\/36806"}],"collection":[{"href":"https:\/\/www.ladiagonale.net\/index.php\/wp-json\/wp\/v2\/posts"}],"about":[{"href":"https:\/\/www.ladiagonale.net\/index.php\/wp-json\/wp\/v2\/types\/post"}],"author":[{"embeddable":true,"href":"https:\/\/www.ladiagonale.net\/index.php\/wp-json\/wp\/v2\/users\/2"}],"replies":[{"embeddable":true,"href":"https:\/\/www.ladiagonale.net\/index.php\/wp-json\/wp\/v2\/comments?post=36806"}],"version-history":[{"count":1,"href":"https:\/\/www.ladiagonale.net\/index.php\/wp-json\/wp\/v2\/posts\/36806\/revisions"}],"predecessor-version":[{"id":36807,"href":"https:\/\/www.ladiagonale.net\/index.php\/wp-json\/wp\/v2\/posts\/36806\/revisions\/36807"}],"wp:attachment":[{"href":"https:\/\/www.ladiagonale.net\/index.php\/wp-json\/wp\/v2\/media?parent=36806"}],"wp:term":[{"taxonomy":"category","embeddable":true,"href":"https:\/\/www.ladiagonale.net\/index.php\/wp-json\/wp\/v2\/categories?post=36806"},{"taxonomy":"post_tag","embeddable":true,"href":"https:\/\/www.ladiagonale.net\/index.php\/wp-json\/wp\/v2\/tags?post=36806"}],"curies":[{"name":"wp","href":"https:\/\/api.w.org\/{rel}","templated":true}]}}