{"id":37317,"date":"2026-03-11T23:53:13","date_gmt":"2026-03-11T22:53:13","guid":{"rendered":"https:\/\/www.ladiagonale.net\/?p=37317"},"modified":"2026-03-11T23:53:13","modified_gmt":"2026-03-11T22:53:13","slug":"monaco-deboute-de-son-appel-pour-le-carton-jaune-de-camara-face-au-psg","status":"publish","type":"post","link":"https:\/\/www.ladiagonale.net\/index.php\/2026\/03\/11\/monaco-deboute-de-son-appel-pour-le-carton-jaune-de-camara-face-au-psg\/","title":{"rendered":"Monaco d\u00e9bout\u00e9 de son appel pour le carton jaune de Camara face au PSG"},"content":{"rendered":"\n<p>Auteur d\u2019une grosse prestation, vendredi dernier, lors de la victoire de l\u2019AS Monaco contre le PSG (3-1), Lamine Camara s&rsquo;\u00e9tait vu infliger un carton jaune \u00e0 la 76<sup>e<\/sup> minute par l\u2019arbitre de la rencontre, Ruddy Buquet, pour une simulation, apr\u00e8s un duel. <em>L\u2019\u00c9quipe<\/em> a r\u00e9v\u00e9l\u00e9 que le club de la Principaut\u00e9 avait fait appel de ce carton jaune et que celui-ci a \u00e9t\u00e9 rejet\u00e9 par la commission de discipline qui a lieu mercredi soir.<\/p>\n\n\n\n<p>Pour Camara, il s\u2019agissait de son quatri\u00e8me avertissement de la saison en Championnat, ce qui le laisse donc sous le coup d\u2019une suspension \u00e0 la prochaine biscotte. Il n\u2019est pas le seul Mon\u00e9gasque dans ce cas puisque Jordan Teze et Folarin Balogun sont aussi dans ce cas. Ils devront se tenir particuli\u00e8rement \u00e0 carreau lors des deux prochaines rencontres, sous peine de manquer la r\u00e9ception de l\u2019Olympique de Marseille, pr\u00e9vue le 5 avril.<\/p>\n\n\n","protected":false},"excerpt":{"rendered":"<p>Auteur d\u2019une grosse prestation, vendredi dernier, lors de la victoire de l\u2019AS Monaco contre le PSG (3-1), Lamine Camara s&rsquo;\u00e9tait vu infliger un carton jaune \u00e0 la 76e minute par l\u2019arbitre de la rencontre, Ruddy Buquet, pour une simulation, apr\u00e8s un duel. L\u2019\u00c9quipe a r\u00e9v\u00e9l\u00e9 que le club de la Principaut\u00e9 avait fait appel de [&#8230;]\n","protected":false},"author":2,"featured_media":0,"comment_status":"open","ping_status":"open","sticky":false,"template":"","format":"standard","meta":[],"categories":[6,1000],"tags":[86,257,894,94],"yoast_head":"<!-- This site is optimized with the Yoast SEO plugin v19.8 - https:\/\/yoast.com\/wordpress\/plugins\/seo\/ -->\n<title>Monaco d\u00e9bout\u00e9 de son appel pour le carton jaune de Camara face au PSG - La Diagonale<\/title>\n<meta name=\"robots\" content=\"index, follow, max-snippet:-1, max-image-preview:large, max-video-preview:-1\" \/>\n<link rel=\"canonical\" href=\"https:\/\/www.ladiagonale.net\/index.php\/2026\/03\/11\/monaco-deboute-de-son-appel-pour-le-carton-jaune-de-camara-face-au-psg\/\" \/>\n<meta property=\"og:locale\" content=\"fr_FR\" \/>\n<meta property=\"og:type\" content=\"article\" \/>\n<meta property=\"og:title\" content=\"Monaco d\u00e9bout\u00e9 de son appel pour le carton jaune de Camara face au PSG - La Diagonale\" \/>\n<meta property=\"og:description\" content=\"Auteur d\u2019une grosse prestation, vendredi dernier, lors de la victoire de l\u2019AS Monaco contre le PSG (3-1), Lamine Camara s&rsquo;\u00e9tait vu infliger un carton jaune \u00e0 la 76e minute par l\u2019arbitre de la rencontre, Ruddy Buquet, pour une simulation, apr\u00e8s un duel. L\u2019\u00c9quipe a r\u00e9v\u00e9l\u00e9 que le club de la Principaut\u00e9 avait fait appel de [...]\" \/>\n<meta property=\"og:url\" content=\"https:\/\/www.ladiagonale.net\/index.php\/2026\/03\/11\/monaco-deboute-de-son-appel-pour-le-carton-jaune-de-camara-face-au-psg\/\" \/>\n<meta property=\"og:site_name\" content=\"La Diagonale\" \/>\n<meta property=\"article:published_time\" content=\"2026-03-11T22:53:13+00:00\" \/>\n<meta property=\"og:image\" content=\"https:\/\/www.ladiagonale.net\/wp-content\/uploads\/2025\/12\/faute-camara2.png\" \/>\n\t<meta property=\"og:image:width\" content=\"1160\" \/>\n\t<meta property=\"og:image:height\" content=\"650\" \/>\n\t<meta property=\"og:image:type\" content=\"image\/png\" \/>\n<meta name=\"author\" content=\"Damien Dellerba\" \/>\n<meta name=\"twitter:card\" content=\"summary_large_image\" \/>\n<meta name=\"twitter:image\" content=\"https:\/\/www.ladiagonale.net\/wp-content\/uploads\/2025\/12\/faute-camara2.png\" \/>\n<meta name=\"twitter:label1\" content=\"\u00c9crit par\" \/>\n\t<meta name=\"twitter:data1\" content=\"Damien Dellerba\" \/>\n\t<meta name=\"twitter:label2\" content=\"Dur\u00e9e de lecture estim\u00e9e\" \/>\n\t<meta name=\"twitter:data2\" content=\"1 minute\" \/>\n<script type=\"application\/ld+json\" class=\"yoast-schema-graph\">{\"@context\":\"https:\/\/schema.org\",\"@graph\":[{\"@type\":\"WebPage\",\"@id\":\"https:\/\/www.ladiagonale.net\/index.php\/2026\/03\/11\/monaco-deboute-de-son-appel-pour-le-carton-jaune-de-camara-face-au-psg\/\",\"url\":\"https:\/\/www.ladiagonale.net\/index.php\/2026\/03\/11\/monaco-deboute-de-son-appel-pour-le-carton-jaune-de-camara-face-au-psg\/\",\"name\":\"Monaco d\u00e9bout\u00e9 de son appel pour le carton jaune de Camara face au PSG - La Diagonale\",\"isPartOf\":{\"@id\":\"https:\/\/www.ladiagonale.net\/#website\"},\"datePublished\":\"2026-03-11T22:53:13+00:00\",\"dateModified\":\"2026-03-11T22:53:13+00:00\",\"author\":{\"@id\":\"https:\/\/www.ladiagonale.net\/#\/schema\/person\/79ff1e7b0853ed01b2aa26e64ad300bf\"},\"breadcrumb\":{\"@id\":\"https:\/\/www.ladiagonale.net\/index.php\/2026\/03\/11\/monaco-deboute-de-son-appel-pour-le-carton-jaune-de-camara-face-au-psg\/#breadcrumb\"},\"inLanguage\":\"fr-FR\",\"potentialAction\":[{\"@type\":\"ReadAction\",\"target\":[\"https:\/\/www.ladiagonale.net\/index.php\/2026\/03\/11\/monaco-deboute-de-son-appel-pour-le-carton-jaune-de-camara-face-au-psg\/\"]}]},{\"@type\":\"BreadcrumbList\",\"@id\":\"https:\/\/www.ladiagonale.net\/index.php\/2026\/03\/11\/monaco-deboute-de-son-appel-pour-le-carton-jaune-de-camara-face-au-psg\/#breadcrumb\",\"itemListElement\":[{\"@type\":\"ListItem\",\"position\":1,\"name\":\"Accueil\",\"item\":\"https:\/\/www.ladiagonale.net\/\"},{\"@type\":\"ListItem\",\"position\":2,\"name\":\"Monaco d\u00e9bout\u00e9 de son appel pour le carton jaune de Camara face au PSG\"}]},{\"@type\":\"WebSite\",\"@id\":\"https:\/\/www.ladiagonale.net\/#website\",\"url\":\"https:\/\/www.ladiagonale.net\/\",\"name\":\"La Diagonale\",\"description\":\"Le site des supporters de l&#039;AS Monaco FC\",\"potentialAction\":[{\"@type\":\"SearchAction\",\"target\":{\"@type\":\"EntryPoint\",\"urlTemplate\":\"https:\/\/www.ladiagonale.net\/?s={search_term_string}\"},\"query-input\":\"required name=search_term_string\"}],\"inLanguage\":\"fr-FR\"},{\"@type\":\"Person\",\"@id\":\"https:\/\/www.ladiagonale.net\/#\/schema\/person\/79ff1e7b0853ed01b2aa26e64ad300bf\",\"name\":\"Damien Dellerba\",\"image\":{\"@type\":\"ImageObject\",\"inLanguage\":\"fr-FR\",\"@id\":\"https:\/\/www.ladiagonale.net\/#\/schema\/person\/image\/\",\"url\":\"https:\/\/secure.gravatar.com\/avatar\/c7850e06d3ff63cdbaee88b7fc16e2f0?s=96&d=mm&r=g\",\"contentUrl\":\"https:\/\/secure.gravatar.com\/avatar\/c7850e06d3ff63cdbaee88b7fc16e2f0?s=96&d=mm&r=g\",\"caption\":\"Damien Dellerba\"},\"url\":\"https:\/\/www.ladiagonale.net\/index.php\/author\/damien\/\"}]}<\/script>\n<!-- \/ Yoast SEO plugin. -->","yoast_head_json":{"title":"Monaco d\u00e9bout\u00e9 de son appel pour le carton jaune de Camara face au PSG - La Diagonale","robots":{"index":"index","follow":"follow","max-snippet":"max-snippet:-1","max-image-preview":"max-image-preview:large","max-video-preview":"max-video-preview:-1"},"canonical":"https:\/\/www.ladiagonale.net\/index.php\/2026\/03\/11\/monaco-deboute-de-son-appel-pour-le-carton-jaune-de-camara-face-au-psg\/","og_locale":"fr_FR","og_type":"article","og_title":"Monaco d\u00e9bout\u00e9 de son appel pour le carton jaune de Camara face au PSG - La Diagonale","og_description":"Auteur d\u2019une grosse prestation, vendredi dernier, lors de la victoire de l\u2019AS Monaco contre le PSG (3-1), Lamine Camara s&rsquo;\u00e9tait vu infliger un carton jaune \u00e0 la 76e minute par l\u2019arbitre de la rencontre, Ruddy Buquet, pour une simulation, apr\u00e8s un duel. L\u2019\u00c9quipe a r\u00e9v\u00e9l\u00e9 que le club de la Principaut\u00e9 avait fait appel de [...]","og_url":"https:\/\/www.ladiagonale.net\/index.php\/2026\/03\/11\/monaco-deboute-de-son-appel-pour-le-carton-jaune-de-camara-face-au-psg\/","og_site_name":"La Diagonale","article_published_time":"2026-03-11T22:53:13+00:00","og_image":[{"width":1160,"height":650,"url":"https:\/\/www.ladiagonale.net\/wp-content\/uploads\/2025\/12\/faute-camara2.png","type":"image\/png"}],"author":"Damien Dellerba","twitter_card":"summary_large_image","twitter_image":"https:\/\/www.ladiagonale.net\/wp-content\/uploads\/2025\/12\/faute-camara2.png","twitter_misc":{"\u00c9crit par":"Damien Dellerba","Dur\u00e9e de lecture estim\u00e9e":"1 minute"},"schema":{"@context":"https:\/\/schema.org","@graph":[{"@type":"WebPage","@id":"https:\/\/www.ladiagonale.net\/index.php\/2026\/03\/11\/monaco-deboute-de-son-appel-pour-le-carton-jaune-de-camara-face-au-psg\/","url":"https:\/\/www.ladiagonale.net\/index.php\/2026\/03\/11\/monaco-deboute-de-son-appel-pour-le-carton-jaune-de-camara-face-au-psg\/","name":"Monaco d\u00e9bout\u00e9 de son appel pour le carton jaune de Camara face au PSG - La Diagonale","isPartOf":{"@id":"https:\/\/www.ladiagonale.net\/#website"},"datePublished":"2026-03-11T22:53:13+00:00","dateModified":"2026-03-11T22:53:13+00:00","author":{"@id":"https:\/\/www.ladiagonale.net\/#\/schema\/person\/79ff1e7b0853ed01b2aa26e64ad300bf"},"breadcrumb":{"@id":"https:\/\/www.ladiagonale.net\/index.php\/2026\/03\/11\/monaco-deboute-de-son-appel-pour-le-carton-jaune-de-camara-face-au-psg\/#breadcrumb"},"inLanguage":"fr-FR","potentialAction":[{"@type":"ReadAction","target":["https:\/\/www.ladiagonale.net\/index.php\/2026\/03\/11\/monaco-deboute-de-son-appel-pour-le-carton-jaune-de-camara-face-au-psg\/"]}]},{"@type":"BreadcrumbList","@id":"https:\/\/www.ladiagonale.net\/index.php\/2026\/03\/11\/monaco-deboute-de-son-appel-pour-le-carton-jaune-de-camara-face-au-psg\/#breadcrumb","itemListElement":[{"@type":"ListItem","position":1,"name":"Accueil","item":"https:\/\/www.ladiagonale.net\/"},{"@type":"ListItem","position":2,"name":"Monaco d\u00e9bout\u00e9 de son appel pour le carton jaune de Camara face au PSG"}]},{"@type":"WebSite","@id":"https:\/\/www.ladiagonale.net\/#website","url":"https:\/\/www.ladiagonale.net\/","name":"La Diagonale","description":"Le site des supporters de l&#039;AS Monaco FC","potentialAction":[{"@type":"SearchAction","target":{"@type":"EntryPoint","urlTemplate":"https:\/\/www.ladiagonale.net\/?s={search_term_string}"},"query-input":"required name=search_term_string"}],"inLanguage":"fr-FR"},{"@type":"Person","@id":"https:\/\/www.ladiagonale.net\/#\/schema\/person\/79ff1e7b0853ed01b2aa26e64ad300bf","name":"Damien Dellerba","image":{"@type":"ImageObject","inLanguage":"fr-FR","@id":"https:\/\/www.ladiagonale.net\/#\/schema\/person\/image\/","url":"https:\/\/secure.gravatar.com\/avatar\/c7850e06d3ff63cdbaee88b7fc16e2f0?s=96&d=mm&r=g","contentUrl":"https:\/\/secure.gravatar.com\/avatar\/c7850e06d3ff63cdbaee88b7fc16e2f0?s=96&d=mm&r=g","caption":"Damien Dellerba"},"url":"https:\/\/www.ladiagonale.net\/index.php\/author\/damien\/"}]}},"_links":{"self":[{"href":"https:\/\/www.ladiagonale.net\/index.php\/wp-json\/wp\/v2\/posts\/37317"}],"collection":[{"href":"https:\/\/www.ladiagonale.net\/index.php\/wp-json\/wp\/v2\/posts"}],"about":[{"href":"https:\/\/www.ladiagonale.net\/index.php\/wp-json\/wp\/v2\/types\/post"}],"author":[{"embeddable":true,"href":"https:\/\/www.ladiagonale.net\/index.php\/wp-json\/wp\/v2\/users\/2"}],"replies":[{"embeddable":true,"href":"https:\/\/www.ladiagonale.net\/index.php\/wp-json\/wp\/v2\/comments?post=37317"}],"version-history":[{"count":1,"href":"https:\/\/www.ladiagonale.net\/index.php\/wp-json\/wp\/v2\/posts\/37317\/revisions"}],"predecessor-version":[{"id":37318,"href":"https:\/\/www.ladiagonale.net\/index.php\/wp-json\/wp\/v2\/posts\/37317\/revisions\/37318"}],"wp:attachment":[{"href":"https:\/\/www.ladiagonale.net\/index.php\/wp-json\/wp\/v2\/media?parent=37317"}],"wp:term":[{"taxonomy":"category","embeddable":true,"href":"https:\/\/www.ladiagonale.net\/index.php\/wp-json\/wp\/v2\/categories?post=37317"},{"taxonomy":"post_tag","embeddable":true,"href":"https:\/\/www.ladiagonale.net\/index.php\/wp-json\/wp\/v2\/tags?post=37317"}],"curies":[{"name":"wp","href":"https:\/\/api.w.org\/{rel}","templated":true}]}}