{"id":37322,"date":"2026-03-12T16:06:27","date_gmt":"2026-03-12T15:06:27","guid":{"rendered":"https:\/\/www.ladiagonale.net\/?p=37322"},"modified":"2026-03-12T16:06:58","modified_gmt":"2026-03-12T15:06:58","slug":"hradecky-titulaire-face-a-brest","status":"publish","type":"post","link":"https:\/\/www.ladiagonale.net\/index.php\/2026\/03\/12\/hradecky-titulaire-face-a-brest\/","title":{"rendered":"Hradecky titulaire face \u00e0 Brest"},"content":{"rendered":"\n<p>Ce samedi, l\u2019AS Monaco va enregistrer le retour \u00e0 la comp\u00e9tition de Lukas Hradecky. Le gardien finlandais de 36 ans, bless\u00e9 au genou droit contre Lyon d\u00e9but janvier, sera m\u00eame titularis\u00e9 pour affronter Brest. C\u2019est ce que S\u00e9bastien Pocognoli a annonc\u00e9 en conf\u00e9rence de presse : \u00ab\u00a0<em>Lukas s\u2019est bien entra\u00een\u00e9 ces deux derni\u00e8res semaines. C\u2019\u00e9tait un peu juste pour qu\u2019il joue le week-end pass\u00e9, mais il s\u2019est entra\u00een\u00e9 sans restriction depuis et il va reprendre sa position dans le but.<\/em>\u00a0\u00bb<\/p>\n\n\n\n<p>L\u2019entra\u00eeneur belge a confirm\u00e9 le statut de num\u00e9ro un pour l\u2019ancien portier du Bayer Leverkusen : \u00ab\u00a0<em>C\u2019est quelque chose d\u2019assez clair. Lukas avait fait de bonnes prestations avant sa blessure et avait un bon flow. Il garde son statut de num\u00e9ro\u00a01\u00a0et devra apporter son exp\u00e9rience.<\/em>\u00a0\u00bb<\/p>\n\n\n\n<p>Pocognoli a tout de m\u00eame salu\u00e9 l\u2019int\u00e9rim r\u00e9alis\u00e9 par Philipp K\u00f6hn :\u00a0\u00ab\u00a0<em>Ce qui est tr\u00e8s positif par rapport \u00e0 Philipp, c\u2019est que j\u2019ai \u00e9t\u00e9 dans le challenge avec lui. Il avait des choses \u00e0 am\u00e9liorer. Il a beaucoup travaill\u00e9 sur certains aspects et il a r\u00e9pondu aux demandes. Il a \u00e9volu\u00e9 sur certains points qu\u2019on ne voit peut-\u00eatre pas de l\u2019ext\u00e9rieur et c\u2019\u00e9tait tr\u00e8s important.<\/em>\u00a0\u00bb<\/p>\n\n\n\n<p class=\"has-text-align-right has-small-font-size\">Source : <em>Nice-Matin<\/em><\/p>\n\n\n","protected":false},"excerpt":{"rendered":"<p>Ce samedi, l\u2019AS Monaco va enregistrer le retour \u00e0 la comp\u00e9tition de Lukas Hradecky. Le gardien finlandais de 36 ans, bless\u00e9 au genou droit contre Lyon d\u00e9but janvier, sera m\u00eame titularis\u00e9 pour affronter Brest. C\u2019est ce que S\u00e9bastien Pocognoli a annonc\u00e9 en conf\u00e9rence de presse : \u00ab\u00a0Lukas s\u2019est bien entra\u00een\u00e9 ces deux derni\u00e8res semaines. C\u2019\u00e9tait [&#8230;]\n","protected":false},"author":2,"featured_media":0,"comment_status":"open","ping_status":"open","sticky":false,"template":"","format":"standard","meta":[],"categories":[4,6,1000],"tags":[86,94,1094,348,615,1140],"yoast_head":"<!-- This site is optimized with the Yoast SEO plugin v19.8 - https:\/\/yoast.com\/wordpress\/plugins\/seo\/ -->\n<title>Hradecky titulaire face \u00e0 Brest - La Diagonale<\/title>\n<meta name=\"robots\" content=\"index, follow, max-snippet:-1, max-image-preview:large, max-video-preview:-1\" \/>\n<link rel=\"canonical\" href=\"https:\/\/www.ladiagonale.net\/index.php\/2026\/03\/12\/hradecky-titulaire-face-a-brest\/\" \/>\n<meta property=\"og:locale\" content=\"fr_FR\" \/>\n<meta property=\"og:type\" content=\"article\" \/>\n<meta property=\"og:title\" content=\"Hradecky titulaire face \u00e0 Brest - La Diagonale\" \/>\n<meta property=\"og:description\" content=\"Ce samedi, l\u2019AS Monaco va enregistrer le retour \u00e0 la comp\u00e9tition de Lukas Hradecky. Le gardien finlandais de 36 ans, bless\u00e9 au genou droit contre Lyon d\u00e9but janvier, sera m\u00eame titularis\u00e9 pour affronter Brest. C\u2019est ce que S\u00e9bastien Pocognoli a annonc\u00e9 en conf\u00e9rence de presse : \u00ab\u00a0Lukas s\u2019est bien entra\u00een\u00e9 ces deux derni\u00e8res semaines. C\u2019\u00e9tait [...]\" \/>\n<meta property=\"og:url\" content=\"https:\/\/www.ladiagonale.net\/index.php\/2026\/03\/12\/hradecky-titulaire-face-a-brest\/\" \/>\n<meta property=\"og:site_name\" content=\"La Diagonale\" \/>\n<meta property=\"article:published_time\" content=\"2026-03-12T15:06:27+00:00\" \/>\n<meta property=\"article:modified_time\" content=\"2026-03-12T15:06:58+00:00\" \/>\n<meta property=\"og:image\" content=\"https:\/\/www.ladiagonale.net\/wp-content\/uploads\/2025\/08\/Hradecky-inter.png\" \/>\n\t<meta property=\"og:image:width\" content=\"1160\" \/>\n\t<meta property=\"og:image:height\" content=\"650\" \/>\n\t<meta property=\"og:image:type\" content=\"image\/png\" \/>\n<meta name=\"author\" content=\"Damien Dellerba\" \/>\n<meta name=\"twitter:card\" content=\"summary_large_image\" \/>\n<meta name=\"twitter:image\" content=\"https:\/\/www.ladiagonale.net\/wp-content\/uploads\/2025\/08\/Hradecky-inter.png\" \/>\n<meta name=\"twitter:label1\" content=\"\u00c9crit par\" \/>\n\t<meta name=\"twitter:data1\" content=\"Damien Dellerba\" \/>\n\t<meta name=\"twitter:label2\" content=\"Dur\u00e9e de lecture estim\u00e9e\" \/>\n\t<meta name=\"twitter:data2\" content=\"1 minute\" \/>\n<script type=\"application\/ld+json\" class=\"yoast-schema-graph\">{\"@context\":\"https:\/\/schema.org\",\"@graph\":[{\"@type\":\"WebPage\",\"@id\":\"https:\/\/www.ladiagonale.net\/index.php\/2026\/03\/12\/hradecky-titulaire-face-a-brest\/\",\"url\":\"https:\/\/www.ladiagonale.net\/index.php\/2026\/03\/12\/hradecky-titulaire-face-a-brest\/\",\"name\":\"Hradecky titulaire face \u00e0 Brest - La Diagonale\",\"isPartOf\":{\"@id\":\"https:\/\/www.ladiagonale.net\/#website\"},\"datePublished\":\"2026-03-12T15:06:27+00:00\",\"dateModified\":\"2026-03-12T15:06:58+00:00\",\"author\":{\"@id\":\"https:\/\/www.ladiagonale.net\/#\/schema\/person\/79ff1e7b0853ed01b2aa26e64ad300bf\"},\"breadcrumb\":{\"@id\":\"https:\/\/www.ladiagonale.net\/index.php\/2026\/03\/12\/hradecky-titulaire-face-a-brest\/#breadcrumb\"},\"inLanguage\":\"fr-FR\",\"potentialAction\":[{\"@type\":\"ReadAction\",\"target\":[\"https:\/\/www.ladiagonale.net\/index.php\/2026\/03\/12\/hradecky-titulaire-face-a-brest\/\"]}]},{\"@type\":\"BreadcrumbList\",\"@id\":\"https:\/\/www.ladiagonale.net\/index.php\/2026\/03\/12\/hradecky-titulaire-face-a-brest\/#breadcrumb\",\"itemListElement\":[{\"@type\":\"ListItem\",\"position\":1,\"name\":\"Accueil\",\"item\":\"https:\/\/www.ladiagonale.net\/\"},{\"@type\":\"ListItem\",\"position\":2,\"name\":\"Hradecky titulaire face \u00e0 Brest\"}]},{\"@type\":\"WebSite\",\"@id\":\"https:\/\/www.ladiagonale.net\/#website\",\"url\":\"https:\/\/www.ladiagonale.net\/\",\"name\":\"La Diagonale\",\"description\":\"Le site des supporters de l&#039;AS Monaco FC\",\"potentialAction\":[{\"@type\":\"SearchAction\",\"target\":{\"@type\":\"EntryPoint\",\"urlTemplate\":\"https:\/\/www.ladiagonale.net\/?s={search_term_string}\"},\"query-input\":\"required name=search_term_string\"}],\"inLanguage\":\"fr-FR\"},{\"@type\":\"Person\",\"@id\":\"https:\/\/www.ladiagonale.net\/#\/schema\/person\/79ff1e7b0853ed01b2aa26e64ad300bf\",\"name\":\"Damien Dellerba\",\"image\":{\"@type\":\"ImageObject\",\"inLanguage\":\"fr-FR\",\"@id\":\"https:\/\/www.ladiagonale.net\/#\/schema\/person\/image\/\",\"url\":\"https:\/\/secure.gravatar.com\/avatar\/c7850e06d3ff63cdbaee88b7fc16e2f0?s=96&d=mm&r=g\",\"contentUrl\":\"https:\/\/secure.gravatar.com\/avatar\/c7850e06d3ff63cdbaee88b7fc16e2f0?s=96&d=mm&r=g\",\"caption\":\"Damien Dellerba\"},\"url\":\"https:\/\/www.ladiagonale.net\/index.php\/author\/damien\/\"}]}<\/script>\n<!-- \/ Yoast SEO plugin. -->","yoast_head_json":{"title":"Hradecky titulaire face \u00e0 Brest - La Diagonale","robots":{"index":"index","follow":"follow","max-snippet":"max-snippet:-1","max-image-preview":"max-image-preview:large","max-video-preview":"max-video-preview:-1"},"canonical":"https:\/\/www.ladiagonale.net\/index.php\/2026\/03\/12\/hradecky-titulaire-face-a-brest\/","og_locale":"fr_FR","og_type":"article","og_title":"Hradecky titulaire face \u00e0 Brest - La Diagonale","og_description":"Ce samedi, l\u2019AS Monaco va enregistrer le retour \u00e0 la comp\u00e9tition de Lukas Hradecky. Le gardien finlandais de 36 ans, bless\u00e9 au genou droit contre Lyon d\u00e9but janvier, sera m\u00eame titularis\u00e9 pour affronter Brest. C\u2019est ce que S\u00e9bastien Pocognoli a annonc\u00e9 en conf\u00e9rence de presse : \u00ab\u00a0Lukas s\u2019est bien entra\u00een\u00e9 ces deux derni\u00e8res semaines. C\u2019\u00e9tait [...]","og_url":"https:\/\/www.ladiagonale.net\/index.php\/2026\/03\/12\/hradecky-titulaire-face-a-brest\/","og_site_name":"La Diagonale","article_published_time":"2026-03-12T15:06:27+00:00","article_modified_time":"2026-03-12T15:06:58+00:00","og_image":[{"width":1160,"height":650,"url":"https:\/\/www.ladiagonale.net\/wp-content\/uploads\/2025\/08\/Hradecky-inter.png","type":"image\/png"}],"author":"Damien Dellerba","twitter_card":"summary_large_image","twitter_image":"https:\/\/www.ladiagonale.net\/wp-content\/uploads\/2025\/08\/Hradecky-inter.png","twitter_misc":{"\u00c9crit par":"Damien Dellerba","Dur\u00e9e de lecture estim\u00e9e":"1 minute"},"schema":{"@context":"https:\/\/schema.org","@graph":[{"@type":"WebPage","@id":"https:\/\/www.ladiagonale.net\/index.php\/2026\/03\/12\/hradecky-titulaire-face-a-brest\/","url":"https:\/\/www.ladiagonale.net\/index.php\/2026\/03\/12\/hradecky-titulaire-face-a-brest\/","name":"Hradecky titulaire face \u00e0 Brest - La Diagonale","isPartOf":{"@id":"https:\/\/www.ladiagonale.net\/#website"},"datePublished":"2026-03-12T15:06:27+00:00","dateModified":"2026-03-12T15:06:58+00:00","author":{"@id":"https:\/\/www.ladiagonale.net\/#\/schema\/person\/79ff1e7b0853ed01b2aa26e64ad300bf"},"breadcrumb":{"@id":"https:\/\/www.ladiagonale.net\/index.php\/2026\/03\/12\/hradecky-titulaire-face-a-brest\/#breadcrumb"},"inLanguage":"fr-FR","potentialAction":[{"@type":"ReadAction","target":["https:\/\/www.ladiagonale.net\/index.php\/2026\/03\/12\/hradecky-titulaire-face-a-brest\/"]}]},{"@type":"BreadcrumbList","@id":"https:\/\/www.ladiagonale.net\/index.php\/2026\/03\/12\/hradecky-titulaire-face-a-brest\/#breadcrumb","itemListElement":[{"@type":"ListItem","position":1,"name":"Accueil","item":"https:\/\/www.ladiagonale.net\/"},{"@type":"ListItem","position":2,"name":"Hradecky titulaire face \u00e0 Brest"}]},{"@type":"WebSite","@id":"https:\/\/www.ladiagonale.net\/#website","url":"https:\/\/www.ladiagonale.net\/","name":"La Diagonale","description":"Le site des supporters de l&#039;AS Monaco FC","potentialAction":[{"@type":"SearchAction","target":{"@type":"EntryPoint","urlTemplate":"https:\/\/www.ladiagonale.net\/?s={search_term_string}"},"query-input":"required name=search_term_string"}],"inLanguage":"fr-FR"},{"@type":"Person","@id":"https:\/\/www.ladiagonale.net\/#\/schema\/person\/79ff1e7b0853ed01b2aa26e64ad300bf","name":"Damien Dellerba","image":{"@type":"ImageObject","inLanguage":"fr-FR","@id":"https:\/\/www.ladiagonale.net\/#\/schema\/person\/image\/","url":"https:\/\/secure.gravatar.com\/avatar\/c7850e06d3ff63cdbaee88b7fc16e2f0?s=96&d=mm&r=g","contentUrl":"https:\/\/secure.gravatar.com\/avatar\/c7850e06d3ff63cdbaee88b7fc16e2f0?s=96&d=mm&r=g","caption":"Damien Dellerba"},"url":"https:\/\/www.ladiagonale.net\/index.php\/author\/damien\/"}]}},"_links":{"self":[{"href":"https:\/\/www.ladiagonale.net\/index.php\/wp-json\/wp\/v2\/posts\/37322"}],"collection":[{"href":"https:\/\/www.ladiagonale.net\/index.php\/wp-json\/wp\/v2\/posts"}],"about":[{"href":"https:\/\/www.ladiagonale.net\/index.php\/wp-json\/wp\/v2\/types\/post"}],"author":[{"embeddable":true,"href":"https:\/\/www.ladiagonale.net\/index.php\/wp-json\/wp\/v2\/users\/2"}],"replies":[{"embeddable":true,"href":"https:\/\/www.ladiagonale.net\/index.php\/wp-json\/wp\/v2\/comments?post=37322"}],"version-history":[{"count":2,"href":"https:\/\/www.ladiagonale.net\/index.php\/wp-json\/wp\/v2\/posts\/37322\/revisions"}],"predecessor-version":[{"id":37324,"href":"https:\/\/www.ladiagonale.net\/index.php\/wp-json\/wp\/v2\/posts\/37322\/revisions\/37324"}],"wp:attachment":[{"href":"https:\/\/www.ladiagonale.net\/index.php\/wp-json\/wp\/v2\/media?parent=37322"}],"wp:term":[{"taxonomy":"category","embeddable":true,"href":"https:\/\/www.ladiagonale.net\/index.php\/wp-json\/wp\/v2\/categories?post=37322"},{"taxonomy":"post_tag","embeddable":true,"href":"https:\/\/www.ladiagonale.net\/index.php\/wp-json\/wp\/v2\/tags?post=37322"}],"curies":[{"name":"wp","href":"https:\/\/api.w.org\/{rel}","templated":true}]}}