{"id":37325,"date":"2026-03-12T17:02:14","date_gmt":"2026-03-12T16:02:14","guid":{"rendered":"https:\/\/www.ladiagonale.net\/?p=37325"},"modified":"2026-03-12T17:02:15","modified_gmt":"2026-03-12T16:02:15","slug":"dier-pas-encore-apte-ouattara-postule-pour-une-place-dans-le-groupe","status":"publish","type":"post","link":"https:\/\/www.ladiagonale.net\/index.php\/2026\/03\/12\/dier-pas-encore-apte-ouattara-postule-pour-une-place-dans-le-groupe\/","title":{"rendered":"Dier pas encore apte, Ouattara postule pour une place dans le groupe"},"content":{"rendered":"\n<p>L\u2019AS Monaco aura encore beaucoup d\u2019absents pour affronter Brest, ce samedi (21h05). Outre les graves blessures de Takumi Minamino et Mohammed Salisu, Kr\u00e9pin Diatta et Paul Pogba ne sont pas encore remis. Alors qu\u2019il \u00e9tait en reprise, Eric Dier n\u2019est finalement pas apte \u00e0 reprendre la comp\u00e9tition ce week-end. \u00c0 cette longue liste, il faut \u00e9galement ajouter les absences de Vanderson et de Caio Henrique.<\/p>\n\n\n\n<p>Bless\u00e9 \u00e0 l\u2019ischio-jambier gauche, le premier <a href=\"https:\/\/www.ladiagonale.net\/index.php\/2026\/03\/10\/vanderson-va-etre-opere-et-pourrait-rater-la-coupe-du-monde\/\" target=\"_blank\" rel=\"noreferrer noopener\">va se faire op\u00e9rer en Finlande<\/a> et \u00eatre probablement forfait jusqu\u2019\u00e0 la fin de la saison, m\u00eame si l\u2019objectif d\u2019\u00eatre \u00e0 la Coupe du monde reste envisageable. Quant au second, c\u2019est la cuisse droite qui va le forcer \u00e0 l\u2019arr\u00eat pour plusieurs semaines.<\/p>\n\n\n\n<p>Si les deux lat\u00e9raux br\u00e9siliens vont manquer cruellement, S\u00e9bastien Pocognoli devrait pouvoir compter sur Kassoum Ouattara. \u00ab<em>\u00a0Il est potentiellement s\u00e9lectionnable<\/em>\u00a0\u00bb, a annonc\u00e9\u00a0l\u2019entra\u00eeneur mon\u00e9gasque. C\u2019est \u00e9galement le cas de Pape Cabral au milieu de terrain. Denis Zakaria et Jordan Teze \u00e9taient quant \u00e0 eux m\u00e9nag\u00e9s ce jeudi et sont rest\u00e9s en salle, mais leur pr\u00e9sence n&rsquo;est pas remise en question.<\/p>\n\n\n","protected":false},"excerpt":{"rendered":"<p>L\u2019AS Monaco aura encore beaucoup d\u2019absents pour affronter Brest, ce samedi (21h05). Outre les graves blessures de Takumi Minamino et Mohammed Salisu, Kr\u00e9pin Diatta et Paul Pogba ne sont pas encore remis. Alors qu\u2019il \u00e9tait en reprise, Eric Dier n\u2019est finalement pas apte \u00e0 reprendre la comp\u00e9tition ce week-end. \u00c0 cette longue liste, il faut [&#8230;]\n","protected":false},"author":2,"featured_media":0,"comment_status":"open","ping_status":"open","sticky":false,"template":"","format":"standard","meta":[],"categories":[6,1035,1000],"tags":[86,1026,196,722,94],"yoast_head":"<!-- This site is optimized with the Yoast SEO plugin v19.8 - https:\/\/yoast.com\/wordpress\/plugins\/seo\/ -->\n<title>Dier pas encore apte, Ouattara postule pour une place dans le groupe - La Diagonale<\/title>\n<meta name=\"robots\" content=\"index, follow, max-snippet:-1, max-image-preview:large, max-video-preview:-1\" \/>\n<link rel=\"canonical\" href=\"https:\/\/www.ladiagonale.net\/index.php\/2026\/03\/12\/dier-pas-encore-apte-ouattara-postule-pour-une-place-dans-le-groupe\/\" \/>\n<meta property=\"og:locale\" content=\"fr_FR\" \/>\n<meta property=\"og:type\" content=\"article\" \/>\n<meta property=\"og:title\" content=\"Dier pas encore apte, Ouattara postule pour une place dans le groupe - La Diagonale\" \/>\n<meta property=\"og:description\" content=\"L\u2019AS Monaco aura encore beaucoup d\u2019absents pour affronter Brest, ce samedi (21h05). Outre les graves blessures de Takumi Minamino et Mohammed Salisu, Kr\u00e9pin Diatta et Paul Pogba ne sont pas encore remis. Alors qu\u2019il \u00e9tait en reprise, Eric Dier n\u2019est finalement pas apte \u00e0 reprendre la comp\u00e9tition ce week-end. \u00c0 cette longue liste, il faut [...]\" \/>\n<meta property=\"og:url\" content=\"https:\/\/www.ladiagonale.net\/index.php\/2026\/03\/12\/dier-pas-encore-apte-ouattara-postule-pour-une-place-dans-le-groupe\/\" \/>\n<meta property=\"og:site_name\" content=\"La Diagonale\" \/>\n<meta property=\"article:published_time\" content=\"2026-03-12T16:02:14+00:00\" \/>\n<meta property=\"article:modified_time\" content=\"2026-03-12T16:02:15+00:00\" \/>\n<meta property=\"og:image\" content=\"https:\/\/www.ladiagonale.net\/wp-content\/uploads\/2025\/07\/Dier-coventry.png\" \/>\n\t<meta property=\"og:image:width\" content=\"1160\" \/>\n\t<meta property=\"og:image:height\" content=\"650\" \/>\n\t<meta property=\"og:image:type\" content=\"image\/png\" \/>\n<meta name=\"author\" content=\"Damien Dellerba\" \/>\n<meta name=\"twitter:card\" content=\"summary_large_image\" \/>\n<meta name=\"twitter:image\" content=\"https:\/\/www.ladiagonale.net\/wp-content\/uploads\/2025\/07\/Dier-coventry.png\" \/>\n<meta name=\"twitter:label1\" content=\"\u00c9crit par\" \/>\n\t<meta name=\"twitter:data1\" content=\"Damien Dellerba\" \/>\n\t<meta name=\"twitter:label2\" content=\"Dur\u00e9e de lecture estim\u00e9e\" \/>\n\t<meta name=\"twitter:data2\" content=\"1 minute\" \/>\n<script type=\"application\/ld+json\" class=\"yoast-schema-graph\">{\"@context\":\"https:\/\/schema.org\",\"@graph\":[{\"@type\":\"WebPage\",\"@id\":\"https:\/\/www.ladiagonale.net\/index.php\/2026\/03\/12\/dier-pas-encore-apte-ouattara-postule-pour-une-place-dans-le-groupe\/\",\"url\":\"https:\/\/www.ladiagonale.net\/index.php\/2026\/03\/12\/dier-pas-encore-apte-ouattara-postule-pour-une-place-dans-le-groupe\/\",\"name\":\"Dier pas encore apte, Ouattara postule pour une place dans le groupe - La Diagonale\",\"isPartOf\":{\"@id\":\"https:\/\/www.ladiagonale.net\/#website\"},\"datePublished\":\"2026-03-12T16:02:14+00:00\",\"dateModified\":\"2026-03-12T16:02:15+00:00\",\"author\":{\"@id\":\"https:\/\/www.ladiagonale.net\/#\/schema\/person\/79ff1e7b0853ed01b2aa26e64ad300bf\"},\"breadcrumb\":{\"@id\":\"https:\/\/www.ladiagonale.net\/index.php\/2026\/03\/12\/dier-pas-encore-apte-ouattara-postule-pour-une-place-dans-le-groupe\/#breadcrumb\"},\"inLanguage\":\"fr-FR\",\"potentialAction\":[{\"@type\":\"ReadAction\",\"target\":[\"https:\/\/www.ladiagonale.net\/index.php\/2026\/03\/12\/dier-pas-encore-apte-ouattara-postule-pour-une-place-dans-le-groupe\/\"]}]},{\"@type\":\"BreadcrumbList\",\"@id\":\"https:\/\/www.ladiagonale.net\/index.php\/2026\/03\/12\/dier-pas-encore-apte-ouattara-postule-pour-une-place-dans-le-groupe\/#breadcrumb\",\"itemListElement\":[{\"@type\":\"ListItem\",\"position\":1,\"name\":\"Accueil\",\"item\":\"https:\/\/www.ladiagonale.net\/\"},{\"@type\":\"ListItem\",\"position\":2,\"name\":\"Dier pas encore apte, Ouattara postule pour une place dans le groupe\"}]},{\"@type\":\"WebSite\",\"@id\":\"https:\/\/www.ladiagonale.net\/#website\",\"url\":\"https:\/\/www.ladiagonale.net\/\",\"name\":\"La Diagonale\",\"description\":\"Le site des supporters de l&#039;AS Monaco FC\",\"potentialAction\":[{\"@type\":\"SearchAction\",\"target\":{\"@type\":\"EntryPoint\",\"urlTemplate\":\"https:\/\/www.ladiagonale.net\/?s={search_term_string}\"},\"query-input\":\"required name=search_term_string\"}],\"inLanguage\":\"fr-FR\"},{\"@type\":\"Person\",\"@id\":\"https:\/\/www.ladiagonale.net\/#\/schema\/person\/79ff1e7b0853ed01b2aa26e64ad300bf\",\"name\":\"Damien Dellerba\",\"image\":{\"@type\":\"ImageObject\",\"inLanguage\":\"fr-FR\",\"@id\":\"https:\/\/www.ladiagonale.net\/#\/schema\/person\/image\/\",\"url\":\"https:\/\/secure.gravatar.com\/avatar\/c7850e06d3ff63cdbaee88b7fc16e2f0?s=96&d=mm&r=g\",\"contentUrl\":\"https:\/\/secure.gravatar.com\/avatar\/c7850e06d3ff63cdbaee88b7fc16e2f0?s=96&d=mm&r=g\",\"caption\":\"Damien Dellerba\"},\"url\":\"https:\/\/www.ladiagonale.net\/index.php\/author\/damien\/\"}]}<\/script>\n<!-- \/ Yoast SEO plugin. -->","yoast_head_json":{"title":"Dier pas encore apte, Ouattara postule pour une place dans le groupe - La Diagonale","robots":{"index":"index","follow":"follow","max-snippet":"max-snippet:-1","max-image-preview":"max-image-preview:large","max-video-preview":"max-video-preview:-1"},"canonical":"https:\/\/www.ladiagonale.net\/index.php\/2026\/03\/12\/dier-pas-encore-apte-ouattara-postule-pour-une-place-dans-le-groupe\/","og_locale":"fr_FR","og_type":"article","og_title":"Dier pas encore apte, Ouattara postule pour une place dans le groupe - La Diagonale","og_description":"L\u2019AS Monaco aura encore beaucoup d\u2019absents pour affronter Brest, ce samedi (21h05). Outre les graves blessures de Takumi Minamino et Mohammed Salisu, Kr\u00e9pin Diatta et Paul Pogba ne sont pas encore remis. Alors qu\u2019il \u00e9tait en reprise, Eric Dier n\u2019est finalement pas apte \u00e0 reprendre la comp\u00e9tition ce week-end. \u00c0 cette longue liste, il faut [...]","og_url":"https:\/\/www.ladiagonale.net\/index.php\/2026\/03\/12\/dier-pas-encore-apte-ouattara-postule-pour-une-place-dans-le-groupe\/","og_site_name":"La Diagonale","article_published_time":"2026-03-12T16:02:14+00:00","article_modified_time":"2026-03-12T16:02:15+00:00","og_image":[{"width":1160,"height":650,"url":"https:\/\/www.ladiagonale.net\/wp-content\/uploads\/2025\/07\/Dier-coventry.png","type":"image\/png"}],"author":"Damien Dellerba","twitter_card":"summary_large_image","twitter_image":"https:\/\/www.ladiagonale.net\/wp-content\/uploads\/2025\/07\/Dier-coventry.png","twitter_misc":{"\u00c9crit par":"Damien Dellerba","Dur\u00e9e de lecture estim\u00e9e":"1 minute"},"schema":{"@context":"https:\/\/schema.org","@graph":[{"@type":"WebPage","@id":"https:\/\/www.ladiagonale.net\/index.php\/2026\/03\/12\/dier-pas-encore-apte-ouattara-postule-pour-une-place-dans-le-groupe\/","url":"https:\/\/www.ladiagonale.net\/index.php\/2026\/03\/12\/dier-pas-encore-apte-ouattara-postule-pour-une-place-dans-le-groupe\/","name":"Dier pas encore apte, Ouattara postule pour une place dans le groupe - La Diagonale","isPartOf":{"@id":"https:\/\/www.ladiagonale.net\/#website"},"datePublished":"2026-03-12T16:02:14+00:00","dateModified":"2026-03-12T16:02:15+00:00","author":{"@id":"https:\/\/www.ladiagonale.net\/#\/schema\/person\/79ff1e7b0853ed01b2aa26e64ad300bf"},"breadcrumb":{"@id":"https:\/\/www.ladiagonale.net\/index.php\/2026\/03\/12\/dier-pas-encore-apte-ouattara-postule-pour-une-place-dans-le-groupe\/#breadcrumb"},"inLanguage":"fr-FR","potentialAction":[{"@type":"ReadAction","target":["https:\/\/www.ladiagonale.net\/index.php\/2026\/03\/12\/dier-pas-encore-apte-ouattara-postule-pour-une-place-dans-le-groupe\/"]}]},{"@type":"BreadcrumbList","@id":"https:\/\/www.ladiagonale.net\/index.php\/2026\/03\/12\/dier-pas-encore-apte-ouattara-postule-pour-une-place-dans-le-groupe\/#breadcrumb","itemListElement":[{"@type":"ListItem","position":1,"name":"Accueil","item":"https:\/\/www.ladiagonale.net\/"},{"@type":"ListItem","position":2,"name":"Dier pas encore apte, Ouattara postule pour une place dans le groupe"}]},{"@type":"WebSite","@id":"https:\/\/www.ladiagonale.net\/#website","url":"https:\/\/www.ladiagonale.net\/","name":"La Diagonale","description":"Le site des supporters de l&#039;AS Monaco FC","potentialAction":[{"@type":"SearchAction","target":{"@type":"EntryPoint","urlTemplate":"https:\/\/www.ladiagonale.net\/?s={search_term_string}"},"query-input":"required name=search_term_string"}],"inLanguage":"fr-FR"},{"@type":"Person","@id":"https:\/\/www.ladiagonale.net\/#\/schema\/person\/79ff1e7b0853ed01b2aa26e64ad300bf","name":"Damien Dellerba","image":{"@type":"ImageObject","inLanguage":"fr-FR","@id":"https:\/\/www.ladiagonale.net\/#\/schema\/person\/image\/","url":"https:\/\/secure.gravatar.com\/avatar\/c7850e06d3ff63cdbaee88b7fc16e2f0?s=96&d=mm&r=g","contentUrl":"https:\/\/secure.gravatar.com\/avatar\/c7850e06d3ff63cdbaee88b7fc16e2f0?s=96&d=mm&r=g","caption":"Damien Dellerba"},"url":"https:\/\/www.ladiagonale.net\/index.php\/author\/damien\/"}]}},"_links":{"self":[{"href":"https:\/\/www.ladiagonale.net\/index.php\/wp-json\/wp\/v2\/posts\/37325"}],"collection":[{"href":"https:\/\/www.ladiagonale.net\/index.php\/wp-json\/wp\/v2\/posts"}],"about":[{"href":"https:\/\/www.ladiagonale.net\/index.php\/wp-json\/wp\/v2\/types\/post"}],"author":[{"embeddable":true,"href":"https:\/\/www.ladiagonale.net\/index.php\/wp-json\/wp\/v2\/users\/2"}],"replies":[{"embeddable":true,"href":"https:\/\/www.ladiagonale.net\/index.php\/wp-json\/wp\/v2\/comments?post=37325"}],"version-history":[{"count":1,"href":"https:\/\/www.ladiagonale.net\/index.php\/wp-json\/wp\/v2\/posts\/37325\/revisions"}],"predecessor-version":[{"id":37326,"href":"https:\/\/www.ladiagonale.net\/index.php\/wp-json\/wp\/v2\/posts\/37325\/revisions\/37326"}],"wp:attachment":[{"href":"https:\/\/www.ladiagonale.net\/index.php\/wp-json\/wp\/v2\/media?parent=37325"}],"wp:term":[{"taxonomy":"category","embeddable":true,"href":"https:\/\/www.ladiagonale.net\/index.php\/wp-json\/wp\/v2\/categories?post=37325"},{"taxonomy":"post_tag","embeddable":true,"href":"https:\/\/www.ladiagonale.net\/index.php\/wp-json\/wp\/v2\/tags?post=37325"}],"curies":[{"name":"wp","href":"https:\/\/api.w.org\/{rel}","templated":true}]}}