{"id":37327,"date":"2026-03-13T15:24:41","date_gmt":"2026-03-13T14:24:41","guid":{"rendered":"https:\/\/www.ladiagonale.net\/?p=37327"},"modified":"2026-03-13T15:24:41","modified_gmt":"2026-03-13T14:24:41","slug":"pocognoli-lequipe-a-grandi-physiquement","status":"publish","type":"post","link":"https:\/\/www.ladiagonale.net\/index.php\/2026\/03\/13\/pocognoli-lequipe-a-grandi-physiquement\/","title":{"rendered":"Pocognoli : \u00ab&nbsp;L\u2019\u00e9quipe a grandi physiquement&nbsp;\u00bb"},"content":{"rendered":"\n<p>L\u2019AS Monaco aborde les prochaines \u00e9ch\u00e9ances avec une plus grande confiance, d\u00e9sormais. Ses r\u00e9sultats se sont am\u00e9lior\u00e9s et l\u2019\u00e9quipe r\u00e9pond mieux aux exigences de son entra\u00eeneur S\u00e9bastien Pocognoli, notamment parce que son \u00e9tat physique est meilleur : \u00ab\u00a0<em>Quand on voit les derniers matches et l\u2019intensit\u00e9 avec laquelle on a jou\u00e9 ces derni\u00e8res semaines, cela veut dire que l\u2019\u00e9quipe a grandi \u00e0 ce niveau-l\u00e0, <\/em>a comment\u00e9 le Belge.<em> De fait, il y a une grosse d\u00e9bauche d\u2019efforts par rapport au style de jeu qu\u2019on veut mettre en place, et pour \u00e7a il faut avoir d\u2019autres cartouches pour pouvoir redynamiser cette constante au cours d\u2019un match. C\u2019est le prochain challenge, le fait de garder davantage de constance dans une rencontre.<\/em>\u00a0\u00bb<\/p>\n\n\n\n<p>Cela permet aussi \u00e0 Monaco de bien se replacer dans ce sprint final et de pouvoir croire de nouveau au podium. Monaco finit fort cette saison, comme souvent, et cela emb\u00eate un peu Pocognoli : \u00ab\u00a0<em>Si on finit \u00e0 chaque fois en trombe, cela veut dire que \u00e7a se fait apr\u00e8s avoir connu des p\u00e9riodes plus difficiles, donc j\u2019esp\u00e8re qu\u2019on arrivera \u00e0 changer cela un jour. En tout cas, nous sommes sur une bonne dynamique actuellement, donc on pourra se poser la question en fin d\u2019exercice pour voir si \u00e7a correspond aux saisons derni\u00e8res. Mais de mani\u00e8re g\u00e9n\u00e9rale, j\u2019essaye de me dissocier de ce qui a \u00e9t\u00e9 fait pr\u00e9c\u00e9demment, car on est en train de construire quelque chose en proc\u00e9dant diff\u00e9remment.\u00a0<\/em>\u00bb<\/p>\n\n\n\n<p>La phase aller et le d\u00e9but de la phase retour n\u2019ont pas \u00e9t\u00e9 brillants et l\u2019entra\u00eeneur de l\u2019ASM veut que tout le monde se souvienne de cette mauvaise p\u00e9riode pour avancer : \u00ab\u00a0<em>On doit justement se servir de ce moment de la saison compliqu\u00e9 pour ne pas oublier d\u2019o\u00f9 on vient ! L\u2019encha\u00eenement Paris-Brest avait pr\u00e9c\u00e9d\u00e9 une s\u00e9rie difficile \u00e0 g\u00e9rer, donc nous n\u2019avons pas la m\u00e9moire courte par rapport \u00e0 cela. Ma mani\u00e8re d\u2019appr\u00e9hender cette p\u00e9riode plus positive, et de faire prendre conscience aux joueurs qu\u2019il faut garder les pieds sur terre et continuer \u00e0 travailler. (\u2026) On va donc aborder ces 9 matches avec le plus d\u2019ambition possible, car si on veut pr\u00e9parer ce qui arrive plus tard, il faut bien travailler maintenant.\u00a0<\/em>\u00bb<\/p>\n\n\n\n<p>Pour poursuivre sa dynamique, l\u2019ASM va affronter une formation brestoise qui est elle aussi sur une belle s\u00e9rie : \u00ab\u00a0<em>Je pense que Brest est avec nous l\u2019\u00e9quipe qui conna\u00eet la meilleure s\u00e9rie actuellement en Ligue 1. C\u2019est donc un match tr\u00e8s important par rapport \u00e0 nos ambitions cette ann\u00e9e. \u00c7a apporte un environnement assez sp\u00e9cial \u00e0 cette rencontre. Collectivement, cette \u00e9quipe de Brest est tr\u00e8s forte, pas facile \u00e0 man\u0153uvrer, et individuellement ils ont de bons joueurs, avec un coach d\u2019exp\u00e9rience. Chez eux \u00e0 l\u2019aller, nous n\u2019avions pas \u00e9t\u00e9 exceptionnels, mais on avait \u00e9t\u00e9 coh\u00e9rents. On avait juste fait face \u00e0 une \u00e9quipe bien organis\u00e9e et avec des individualit\u00e9s au rendez-vous. On conna\u00eet leurs qualit\u00e9s, notamment devant, ainsi que la rigueur tactique qu\u2019ils ont.\u00a0<\/em>\u00bb<\/p>\n\n\n","protected":false},"excerpt":{"rendered":"<p>L\u2019AS Monaco aborde les prochaines \u00e9ch\u00e9ances avec une plus grande confiance, d\u00e9sormais. Ses r\u00e9sultats se sont am\u00e9lior\u00e9s et l\u2019\u00e9quipe r\u00e9pond mieux aux exigences de son entra\u00eeneur S\u00e9bastien Pocognoli, notamment parce que son \u00e9tat physique est meilleur : \u00ab\u00a0Quand on voit les derniers matches et l\u2019intensit\u00e9 avec laquelle on a jou\u00e9 ces derni\u00e8res semaines, cela veut [&#8230;]\n","protected":false},"author":2,"featured_media":0,"comment_status":"open","ping_status":"open","sticky":false,"template":"","format":"standard","meta":[],"categories":[6,1000],"tags":[86,94,348,1140],"yoast_head":"<!-- This site is optimized with the Yoast SEO plugin v19.8 - https:\/\/yoast.com\/wordpress\/plugins\/seo\/ -->\n<title>Pocognoli : \u00ab&nbsp;L\u2019\u00e9quipe a grandi physiquement&nbsp;\u00bb - La Diagonale<\/title>\n<meta name=\"robots\" content=\"index, follow, max-snippet:-1, max-image-preview:large, max-video-preview:-1\" \/>\n<link rel=\"canonical\" href=\"https:\/\/www.ladiagonale.net\/index.php\/2026\/03\/13\/pocognoli-lequipe-a-grandi-physiquement\/\" \/>\n<meta property=\"og:locale\" content=\"fr_FR\" \/>\n<meta property=\"og:type\" content=\"article\" \/>\n<meta property=\"og:title\" content=\"Pocognoli : \u00ab&nbsp;L\u2019\u00e9quipe a grandi physiquement&nbsp;\u00bb - La Diagonale\" \/>\n<meta property=\"og:description\" content=\"L\u2019AS Monaco aborde les prochaines \u00e9ch\u00e9ances avec une plus grande confiance, d\u00e9sormais. Ses r\u00e9sultats se sont am\u00e9lior\u00e9s et l\u2019\u00e9quipe r\u00e9pond mieux aux exigences de son entra\u00eeneur S\u00e9bastien Pocognoli, notamment parce que son \u00e9tat physique est meilleur : \u00ab\u00a0Quand on voit les derniers matches et l\u2019intensit\u00e9 avec laquelle on a jou\u00e9 ces derni\u00e8res semaines, cela veut [...]\" \/>\n<meta property=\"og:url\" content=\"https:\/\/www.ladiagonale.net\/index.php\/2026\/03\/13\/pocognoli-lequipe-a-grandi-physiquement\/\" \/>\n<meta property=\"og:site_name\" content=\"La Diagonale\" \/>\n<meta property=\"article:published_time\" content=\"2026-03-13T14:24:41+00:00\" \/>\n<meta name=\"author\" content=\"Damien Dellerba\" \/>\n<meta name=\"twitter:card\" content=\"summary_large_image\" \/>\n<meta name=\"twitter:label1\" content=\"\u00c9crit par\" \/>\n\t<meta name=\"twitter:data1\" content=\"Damien Dellerba\" \/>\n\t<meta name=\"twitter:label2\" content=\"Dur\u00e9e de lecture estim\u00e9e\" \/>\n\t<meta name=\"twitter:data2\" content=\"3 minutes\" \/>\n<script type=\"application\/ld+json\" class=\"yoast-schema-graph\">{\"@context\":\"https:\/\/schema.org\",\"@graph\":[{\"@type\":\"WebPage\",\"@id\":\"https:\/\/www.ladiagonale.net\/index.php\/2026\/03\/13\/pocognoli-lequipe-a-grandi-physiquement\/\",\"url\":\"https:\/\/www.ladiagonale.net\/index.php\/2026\/03\/13\/pocognoli-lequipe-a-grandi-physiquement\/\",\"name\":\"Pocognoli : \u00ab&nbsp;L\u2019\u00e9quipe a grandi physiquement&nbsp;\u00bb - La Diagonale\",\"isPartOf\":{\"@id\":\"https:\/\/www.ladiagonale.net\/#website\"},\"datePublished\":\"2026-03-13T14:24:41+00:00\",\"dateModified\":\"2026-03-13T14:24:41+00:00\",\"author\":{\"@id\":\"https:\/\/www.ladiagonale.net\/#\/schema\/person\/79ff1e7b0853ed01b2aa26e64ad300bf\"},\"breadcrumb\":{\"@id\":\"https:\/\/www.ladiagonale.net\/index.php\/2026\/03\/13\/pocognoli-lequipe-a-grandi-physiquement\/#breadcrumb\"},\"inLanguage\":\"fr-FR\",\"potentialAction\":[{\"@type\":\"ReadAction\",\"target\":[\"https:\/\/www.ladiagonale.net\/index.php\/2026\/03\/13\/pocognoli-lequipe-a-grandi-physiquement\/\"]}]},{\"@type\":\"BreadcrumbList\",\"@id\":\"https:\/\/www.ladiagonale.net\/index.php\/2026\/03\/13\/pocognoli-lequipe-a-grandi-physiquement\/#breadcrumb\",\"itemListElement\":[{\"@type\":\"ListItem\",\"position\":1,\"name\":\"Accueil\",\"item\":\"https:\/\/www.ladiagonale.net\/\"},{\"@type\":\"ListItem\",\"position\":2,\"name\":\"Pocognoli : \u00ab&nbsp;L\u2019\u00e9quipe a grandi physiquement&nbsp;\u00bb\"}]},{\"@type\":\"WebSite\",\"@id\":\"https:\/\/www.ladiagonale.net\/#website\",\"url\":\"https:\/\/www.ladiagonale.net\/\",\"name\":\"La Diagonale\",\"description\":\"Le site des supporters de l&#039;AS Monaco FC\",\"potentialAction\":[{\"@type\":\"SearchAction\",\"target\":{\"@type\":\"EntryPoint\",\"urlTemplate\":\"https:\/\/www.ladiagonale.net\/?s={search_term_string}\"},\"query-input\":\"required name=search_term_string\"}],\"inLanguage\":\"fr-FR\"},{\"@type\":\"Person\",\"@id\":\"https:\/\/www.ladiagonale.net\/#\/schema\/person\/79ff1e7b0853ed01b2aa26e64ad300bf\",\"name\":\"Damien Dellerba\",\"image\":{\"@type\":\"ImageObject\",\"inLanguage\":\"fr-FR\",\"@id\":\"https:\/\/www.ladiagonale.net\/#\/schema\/person\/image\/\",\"url\":\"https:\/\/secure.gravatar.com\/avatar\/c7850e06d3ff63cdbaee88b7fc16e2f0?s=96&d=mm&r=g\",\"contentUrl\":\"https:\/\/secure.gravatar.com\/avatar\/c7850e06d3ff63cdbaee88b7fc16e2f0?s=96&d=mm&r=g\",\"caption\":\"Damien Dellerba\"},\"url\":\"https:\/\/www.ladiagonale.net\/index.php\/author\/damien\/\"}]}<\/script>\n<!-- \/ Yoast SEO plugin. -->","yoast_head_json":{"title":"Pocognoli : \u00ab&nbsp;L\u2019\u00e9quipe a grandi physiquement&nbsp;\u00bb - La Diagonale","robots":{"index":"index","follow":"follow","max-snippet":"max-snippet:-1","max-image-preview":"max-image-preview:large","max-video-preview":"max-video-preview:-1"},"canonical":"https:\/\/www.ladiagonale.net\/index.php\/2026\/03\/13\/pocognoli-lequipe-a-grandi-physiquement\/","og_locale":"fr_FR","og_type":"article","og_title":"Pocognoli : \u00ab&nbsp;L\u2019\u00e9quipe a grandi physiquement&nbsp;\u00bb - La Diagonale","og_description":"L\u2019AS Monaco aborde les prochaines \u00e9ch\u00e9ances avec une plus grande confiance, d\u00e9sormais. Ses r\u00e9sultats se sont am\u00e9lior\u00e9s et l\u2019\u00e9quipe r\u00e9pond mieux aux exigences de son entra\u00eeneur S\u00e9bastien Pocognoli, notamment parce que son \u00e9tat physique est meilleur : \u00ab\u00a0Quand on voit les derniers matches et l\u2019intensit\u00e9 avec laquelle on a jou\u00e9 ces derni\u00e8res semaines, cela veut [...]","og_url":"https:\/\/www.ladiagonale.net\/index.php\/2026\/03\/13\/pocognoli-lequipe-a-grandi-physiquement\/","og_site_name":"La Diagonale","article_published_time":"2026-03-13T14:24:41+00:00","author":"Damien Dellerba","twitter_card":"summary_large_image","twitter_misc":{"\u00c9crit par":"Damien Dellerba","Dur\u00e9e de lecture estim\u00e9e":"3 minutes"},"schema":{"@context":"https:\/\/schema.org","@graph":[{"@type":"WebPage","@id":"https:\/\/www.ladiagonale.net\/index.php\/2026\/03\/13\/pocognoli-lequipe-a-grandi-physiquement\/","url":"https:\/\/www.ladiagonale.net\/index.php\/2026\/03\/13\/pocognoli-lequipe-a-grandi-physiquement\/","name":"Pocognoli : \u00ab&nbsp;L\u2019\u00e9quipe a grandi physiquement&nbsp;\u00bb - La Diagonale","isPartOf":{"@id":"https:\/\/www.ladiagonale.net\/#website"},"datePublished":"2026-03-13T14:24:41+00:00","dateModified":"2026-03-13T14:24:41+00:00","author":{"@id":"https:\/\/www.ladiagonale.net\/#\/schema\/person\/79ff1e7b0853ed01b2aa26e64ad300bf"},"breadcrumb":{"@id":"https:\/\/www.ladiagonale.net\/index.php\/2026\/03\/13\/pocognoli-lequipe-a-grandi-physiquement\/#breadcrumb"},"inLanguage":"fr-FR","potentialAction":[{"@type":"ReadAction","target":["https:\/\/www.ladiagonale.net\/index.php\/2026\/03\/13\/pocognoli-lequipe-a-grandi-physiquement\/"]}]},{"@type":"BreadcrumbList","@id":"https:\/\/www.ladiagonale.net\/index.php\/2026\/03\/13\/pocognoli-lequipe-a-grandi-physiquement\/#breadcrumb","itemListElement":[{"@type":"ListItem","position":1,"name":"Accueil","item":"https:\/\/www.ladiagonale.net\/"},{"@type":"ListItem","position":2,"name":"Pocognoli : \u00ab&nbsp;L\u2019\u00e9quipe a grandi physiquement&nbsp;\u00bb"}]},{"@type":"WebSite","@id":"https:\/\/www.ladiagonale.net\/#website","url":"https:\/\/www.ladiagonale.net\/","name":"La Diagonale","description":"Le site des supporters de l&#039;AS Monaco FC","potentialAction":[{"@type":"SearchAction","target":{"@type":"EntryPoint","urlTemplate":"https:\/\/www.ladiagonale.net\/?s={search_term_string}"},"query-input":"required name=search_term_string"}],"inLanguage":"fr-FR"},{"@type":"Person","@id":"https:\/\/www.ladiagonale.net\/#\/schema\/person\/79ff1e7b0853ed01b2aa26e64ad300bf","name":"Damien Dellerba","image":{"@type":"ImageObject","inLanguage":"fr-FR","@id":"https:\/\/www.ladiagonale.net\/#\/schema\/person\/image\/","url":"https:\/\/secure.gravatar.com\/avatar\/c7850e06d3ff63cdbaee88b7fc16e2f0?s=96&d=mm&r=g","contentUrl":"https:\/\/secure.gravatar.com\/avatar\/c7850e06d3ff63cdbaee88b7fc16e2f0?s=96&d=mm&r=g","caption":"Damien Dellerba"},"url":"https:\/\/www.ladiagonale.net\/index.php\/author\/damien\/"}]}},"_links":{"self":[{"href":"https:\/\/www.ladiagonale.net\/index.php\/wp-json\/wp\/v2\/posts\/37327"}],"collection":[{"href":"https:\/\/www.ladiagonale.net\/index.php\/wp-json\/wp\/v2\/posts"}],"about":[{"href":"https:\/\/www.ladiagonale.net\/index.php\/wp-json\/wp\/v2\/types\/post"}],"author":[{"embeddable":true,"href":"https:\/\/www.ladiagonale.net\/index.php\/wp-json\/wp\/v2\/users\/2"}],"replies":[{"embeddable":true,"href":"https:\/\/www.ladiagonale.net\/index.php\/wp-json\/wp\/v2\/comments?post=37327"}],"version-history":[{"count":1,"href":"https:\/\/www.ladiagonale.net\/index.php\/wp-json\/wp\/v2\/posts\/37327\/revisions"}],"predecessor-version":[{"id":37328,"href":"https:\/\/www.ladiagonale.net\/index.php\/wp-json\/wp\/v2\/posts\/37327\/revisions\/37328"}],"wp:attachment":[{"href":"https:\/\/www.ladiagonale.net\/index.php\/wp-json\/wp\/v2\/media?parent=37327"}],"wp:term":[{"taxonomy":"category","embeddable":true,"href":"https:\/\/www.ladiagonale.net\/index.php\/wp-json\/wp\/v2\/categories?post=37327"},{"taxonomy":"post_tag","embeddable":true,"href":"https:\/\/www.ladiagonale.net\/index.php\/wp-json\/wp\/v2\/tags?post=37327"}],"curies":[{"name":"wp","href":"https:\/\/api.w.org\/{rel}","templated":true}]}}