{"id":37329,"date":"2026-03-13T15:57:50","date_gmt":"2026-03-13T14:57:50","guid":{"rendered":"https:\/\/www.ladiagonale.net\/?p=37329"},"modified":"2026-03-13T15:57:50","modified_gmt":"2026-03-13T14:57:50","slug":"kehrer-veut-finir-la-saison-le-plus-fort-possible","status":"publish","type":"post","link":"https:\/\/www.ladiagonale.net\/index.php\/2026\/03\/13\/kehrer-veut-finir-la-saison-le-plus-fort-possible\/","title":{"rendered":"Kehrer veut finir la saison \u00ab&nbsp;le plus fort possible&nbsp;\u00bb"},"content":{"rendered":"\n<p>Il ne reste plus que neuf rencontres \u00e0 disputer en Championnat cette saison et l\u2019AS Monaco a un vrai coup \u00e0 jouer pour terminer cette saison sur le podium. Si ce n\u2019est pas l\u2019objectif annonc\u00e9 par les Mon\u00e9gasques, la volont\u00e9 affich\u00e9e de terminer en trombe par Thilo Kehrer laisse peu de doutes sur leurs envies : \u00ab\u00a0<em>Il y a effectivement un \u00e9tat d\u2019esprit commun : celui de vouloir finir la saison le plus fort possible. On a d\u00e9j\u00e0 v\u00e9cu ce type de fin de Championnat ici, donc on sait ce que cela demande. Il faut \u00e9norm\u00e9ment d\u2019intensit\u00e9, beaucoup de concentration et surtout une vraie unit\u00e9 dans le groupe pour tirer tout le monde dans la m\u00eame direction. On sait aussi que ce n\u2019est jamais simple. Il reste neuf matches et toute notre attention est port\u00e9e sur cette s\u00e9rie, donc l\u2019objectif est de les aborder un par un.<\/em>\u00a0\u00bb<\/p>\n\n\n\n<p>\u00c0 l\u2019instar de son entra\u00eeneur S\u00e9bastien Pocognoli, l\u2019international allemand veut se servir de la p\u00e9riode difficile travers\u00e9e entre novembre et janvier pour construire une quelque chose de positif : \u00ab\u00a0<em>On sent que le groupe s\u2019est fix\u00e9 certains objectifs. Tout le monde avance dans la m\u00eame direction donc on travaille ensemble dans toutes les phases de jeu, que ce soit pour attaquer ou pour d\u00e9fendre. Et chacun a un r\u00f4le \u00e0 jouer, que ce soit les titulaires, les rempla\u00e7ants ou m\u00eame les joueurs qui travaillent \u00e0 l\u2019entra\u00eenement. Tout le monde contribue \u00e0 la performance collective. On sent qu\u2019il y a une vraie dynamique positive, m\u00eame si on n\u2019oublie pas la p\u00e9riode difficile que nous avons travers\u00e9e auparavant<\/em>.\u00a0\u00bb<\/p>\n\n\n\n<p>Depuis quelques semaines, Monaco d\u00e9fend mieux et deux raisons l\u2019expliquent : \u00ab\u00a0<em>Les attaquants et les milieux font beaucoup d\u2019efforts, ce qui nous laisse moins d\u2019espaces \u00e0 g\u00e9rer derri\u00e8re. Obtenir des clean sheets et encaisser peu de buts est toujours le r\u00e9sultat d\u2019un travail collectif. Entre d\u00e9fenseurs, nous avons d\u00e9velopp\u00e9 de bons rep\u00e8res avec Wout (Faes) et Denis (Zakaria). La communication est bonne, les couvertures fonctionnent bien et nous arrivons \u00e0 coulisser ensemble pour d\u00e9fendre vers l\u2019avant sans trop se livrer. Zak\u2019 est tr\u00e8s important pour l\u2019\u00e9quipe et son positionnement dans la d\u00e9fense \u00e0 trois nous aide \u00e9norm\u00e9ment. Mais au-del\u00e0 de \u00e7a, l\u2019\u00e9tat d\u2019esprit d\u00e9fensif concerne toute l\u2019\u00e9quipe. On veut tous d\u00e9fendre ensemble, gagner nos duels, se couvrir les uns les autres et rendre l\u2019\u00e9quipe la plus compacte possible et c\u2019est ce qui fait la diff\u00e9rence aujourd\u2019hui.\u00a0<\/em>\u00bb<\/p>\n\n\n\n<p>La prochaine \u00e9tape sera la r\u00e9ception de Brest, qui est en grande forme, comme Monaco : \u00ab\u00a0<em>Brest est une \u00e9quipe tr\u00e8s physique, qui utilise beaucoup les centres et qui joue de mani\u00e8re assez directe donc ce n\u2019est jamais un adversaire facile \u00e0 affronter. Ludovic Ajorque est un attaquant avec beaucoup de qualit\u00e9s. Il conna\u00eet tr\u00e8s bien ses points forts et sait comment les exploiter dans son jeu. Il faudra \u00eatre intelligents dans notre approche, mais aussi tr\u00e8s pr\u00e9sents dans les duels et dans les impacts pour r\u00e9aliser un bon match et aller chercher un r\u00e9sultat plus positif que celui de l\u2019aller (0-1).<\/em>\u00a0\u00bb<\/p>\n\n\n","protected":false},"excerpt":{"rendered":"<p>Il ne reste plus que neuf rencontres \u00e0 disputer en Championnat cette saison et l\u2019AS Monaco a un vrai coup \u00e0 jouer pour terminer cette saison sur le podium. Si ce n\u2019est pas l\u2019objectif annonc\u00e9 par les Mon\u00e9gasques, la volont\u00e9 affich\u00e9e de terminer en trombe par Thilo Kehrer laisse peu de doutes sur leurs envies [&#8230;]\n","protected":false},"author":2,"featured_media":0,"comment_status":"open","ping_status":"open","sticky":false,"template":"","format":"standard","meta":[],"categories":[6,1000],"tags":[86,94,348,756],"yoast_head":"<!-- This site is optimized with the Yoast SEO plugin v19.8 - https:\/\/yoast.com\/wordpress\/plugins\/seo\/ -->\n<title>Kehrer veut finir la saison \u00ab&nbsp;le plus fort possible&nbsp;\u00bb - La Diagonale<\/title>\n<meta name=\"robots\" content=\"index, follow, max-snippet:-1, max-image-preview:large, max-video-preview:-1\" \/>\n<link rel=\"canonical\" href=\"https:\/\/www.ladiagonale.net\/index.php\/2026\/03\/13\/kehrer-veut-finir-la-saison-le-plus-fort-possible\/\" \/>\n<meta property=\"og:locale\" content=\"fr_FR\" \/>\n<meta property=\"og:type\" content=\"article\" \/>\n<meta property=\"og:title\" content=\"Kehrer veut finir la saison \u00ab&nbsp;le plus fort possible&nbsp;\u00bb - La Diagonale\" \/>\n<meta property=\"og:description\" content=\"Il ne reste plus que neuf rencontres \u00e0 disputer en Championnat cette saison et l\u2019AS Monaco a un vrai coup \u00e0 jouer pour terminer cette saison sur le podium. Si ce n\u2019est pas l\u2019objectif annonc\u00e9 par les Mon\u00e9gasques, la volont\u00e9 affich\u00e9e de terminer en trombe par Thilo Kehrer laisse peu de doutes sur leurs envies [...]\" \/>\n<meta property=\"og:url\" content=\"https:\/\/www.ladiagonale.net\/index.php\/2026\/03\/13\/kehrer-veut-finir-la-saison-le-plus-fort-possible\/\" \/>\n<meta property=\"og:site_name\" content=\"La Diagonale\" \/>\n<meta property=\"article:published_time\" content=\"2026-03-13T14:57:50+00:00\" \/>\n<meta property=\"og:image\" content=\"https:\/\/www.ladiagonale.net\/wp-content\/uploads\/2025\/10\/Kehrer-Bruges.png\" \/>\n\t<meta property=\"og:image:width\" content=\"1160\" \/>\n\t<meta property=\"og:image:height\" content=\"650\" \/>\n\t<meta property=\"og:image:type\" content=\"image\/png\" \/>\n<meta name=\"author\" content=\"Damien Dellerba\" \/>\n<meta name=\"twitter:card\" content=\"summary_large_image\" \/>\n<meta name=\"twitter:image\" content=\"https:\/\/www.ladiagonale.net\/wp-content\/uploads\/2025\/10\/Kehrer-Bruges.png\" \/>\n<meta name=\"twitter:label1\" content=\"\u00c9crit par\" \/>\n\t<meta name=\"twitter:data1\" content=\"Damien Dellerba\" \/>\n\t<meta name=\"twitter:label2\" content=\"Dur\u00e9e de lecture estim\u00e9e\" \/>\n\t<meta name=\"twitter:data2\" content=\"3 minutes\" \/>\n<script type=\"application\/ld+json\" class=\"yoast-schema-graph\">{\"@context\":\"https:\/\/schema.org\",\"@graph\":[{\"@type\":\"WebPage\",\"@id\":\"https:\/\/www.ladiagonale.net\/index.php\/2026\/03\/13\/kehrer-veut-finir-la-saison-le-plus-fort-possible\/\",\"url\":\"https:\/\/www.ladiagonale.net\/index.php\/2026\/03\/13\/kehrer-veut-finir-la-saison-le-plus-fort-possible\/\",\"name\":\"Kehrer veut finir la saison \u00ab&nbsp;le plus fort possible&nbsp;\u00bb - La Diagonale\",\"isPartOf\":{\"@id\":\"https:\/\/www.ladiagonale.net\/#website\"},\"datePublished\":\"2026-03-13T14:57:50+00:00\",\"dateModified\":\"2026-03-13T14:57:50+00:00\",\"author\":{\"@id\":\"https:\/\/www.ladiagonale.net\/#\/schema\/person\/79ff1e7b0853ed01b2aa26e64ad300bf\"},\"breadcrumb\":{\"@id\":\"https:\/\/www.ladiagonale.net\/index.php\/2026\/03\/13\/kehrer-veut-finir-la-saison-le-plus-fort-possible\/#breadcrumb\"},\"inLanguage\":\"fr-FR\",\"potentialAction\":[{\"@type\":\"ReadAction\",\"target\":[\"https:\/\/www.ladiagonale.net\/index.php\/2026\/03\/13\/kehrer-veut-finir-la-saison-le-plus-fort-possible\/\"]}]},{\"@type\":\"BreadcrumbList\",\"@id\":\"https:\/\/www.ladiagonale.net\/index.php\/2026\/03\/13\/kehrer-veut-finir-la-saison-le-plus-fort-possible\/#breadcrumb\",\"itemListElement\":[{\"@type\":\"ListItem\",\"position\":1,\"name\":\"Accueil\",\"item\":\"https:\/\/www.ladiagonale.net\/\"},{\"@type\":\"ListItem\",\"position\":2,\"name\":\"Kehrer veut finir la saison \u00ab&nbsp;le plus fort possible&nbsp;\u00bb\"}]},{\"@type\":\"WebSite\",\"@id\":\"https:\/\/www.ladiagonale.net\/#website\",\"url\":\"https:\/\/www.ladiagonale.net\/\",\"name\":\"La Diagonale\",\"description\":\"Le site des supporters de l&#039;AS Monaco FC\",\"potentialAction\":[{\"@type\":\"SearchAction\",\"target\":{\"@type\":\"EntryPoint\",\"urlTemplate\":\"https:\/\/www.ladiagonale.net\/?s={search_term_string}\"},\"query-input\":\"required name=search_term_string\"}],\"inLanguage\":\"fr-FR\"},{\"@type\":\"Person\",\"@id\":\"https:\/\/www.ladiagonale.net\/#\/schema\/person\/79ff1e7b0853ed01b2aa26e64ad300bf\",\"name\":\"Damien Dellerba\",\"image\":{\"@type\":\"ImageObject\",\"inLanguage\":\"fr-FR\",\"@id\":\"https:\/\/www.ladiagonale.net\/#\/schema\/person\/image\/\",\"url\":\"https:\/\/secure.gravatar.com\/avatar\/c7850e06d3ff63cdbaee88b7fc16e2f0?s=96&d=mm&r=g\",\"contentUrl\":\"https:\/\/secure.gravatar.com\/avatar\/c7850e06d3ff63cdbaee88b7fc16e2f0?s=96&d=mm&r=g\",\"caption\":\"Damien Dellerba\"},\"url\":\"https:\/\/www.ladiagonale.net\/index.php\/author\/damien\/\"}]}<\/script>\n<!-- \/ Yoast SEO plugin. -->","yoast_head_json":{"title":"Kehrer veut finir la saison \u00ab&nbsp;le plus fort possible&nbsp;\u00bb - La Diagonale","robots":{"index":"index","follow":"follow","max-snippet":"max-snippet:-1","max-image-preview":"max-image-preview:large","max-video-preview":"max-video-preview:-1"},"canonical":"https:\/\/www.ladiagonale.net\/index.php\/2026\/03\/13\/kehrer-veut-finir-la-saison-le-plus-fort-possible\/","og_locale":"fr_FR","og_type":"article","og_title":"Kehrer veut finir la saison \u00ab&nbsp;le plus fort possible&nbsp;\u00bb - La Diagonale","og_description":"Il ne reste plus que neuf rencontres \u00e0 disputer en Championnat cette saison et l\u2019AS Monaco a un vrai coup \u00e0 jouer pour terminer cette saison sur le podium. Si ce n\u2019est pas l\u2019objectif annonc\u00e9 par les Mon\u00e9gasques, la volont\u00e9 affich\u00e9e de terminer en trombe par Thilo Kehrer laisse peu de doutes sur leurs envies [...]","og_url":"https:\/\/www.ladiagonale.net\/index.php\/2026\/03\/13\/kehrer-veut-finir-la-saison-le-plus-fort-possible\/","og_site_name":"La Diagonale","article_published_time":"2026-03-13T14:57:50+00:00","og_image":[{"width":1160,"height":650,"url":"https:\/\/www.ladiagonale.net\/wp-content\/uploads\/2025\/10\/Kehrer-Bruges.png","type":"image\/png"}],"author":"Damien Dellerba","twitter_card":"summary_large_image","twitter_image":"https:\/\/www.ladiagonale.net\/wp-content\/uploads\/2025\/10\/Kehrer-Bruges.png","twitter_misc":{"\u00c9crit par":"Damien Dellerba","Dur\u00e9e de lecture estim\u00e9e":"3 minutes"},"schema":{"@context":"https:\/\/schema.org","@graph":[{"@type":"WebPage","@id":"https:\/\/www.ladiagonale.net\/index.php\/2026\/03\/13\/kehrer-veut-finir-la-saison-le-plus-fort-possible\/","url":"https:\/\/www.ladiagonale.net\/index.php\/2026\/03\/13\/kehrer-veut-finir-la-saison-le-plus-fort-possible\/","name":"Kehrer veut finir la saison \u00ab&nbsp;le plus fort possible&nbsp;\u00bb - La Diagonale","isPartOf":{"@id":"https:\/\/www.ladiagonale.net\/#website"},"datePublished":"2026-03-13T14:57:50+00:00","dateModified":"2026-03-13T14:57:50+00:00","author":{"@id":"https:\/\/www.ladiagonale.net\/#\/schema\/person\/79ff1e7b0853ed01b2aa26e64ad300bf"},"breadcrumb":{"@id":"https:\/\/www.ladiagonale.net\/index.php\/2026\/03\/13\/kehrer-veut-finir-la-saison-le-plus-fort-possible\/#breadcrumb"},"inLanguage":"fr-FR","potentialAction":[{"@type":"ReadAction","target":["https:\/\/www.ladiagonale.net\/index.php\/2026\/03\/13\/kehrer-veut-finir-la-saison-le-plus-fort-possible\/"]}]},{"@type":"BreadcrumbList","@id":"https:\/\/www.ladiagonale.net\/index.php\/2026\/03\/13\/kehrer-veut-finir-la-saison-le-plus-fort-possible\/#breadcrumb","itemListElement":[{"@type":"ListItem","position":1,"name":"Accueil","item":"https:\/\/www.ladiagonale.net\/"},{"@type":"ListItem","position":2,"name":"Kehrer veut finir la saison \u00ab&nbsp;le plus fort possible&nbsp;\u00bb"}]},{"@type":"WebSite","@id":"https:\/\/www.ladiagonale.net\/#website","url":"https:\/\/www.ladiagonale.net\/","name":"La Diagonale","description":"Le site des supporters de l&#039;AS Monaco FC","potentialAction":[{"@type":"SearchAction","target":{"@type":"EntryPoint","urlTemplate":"https:\/\/www.ladiagonale.net\/?s={search_term_string}"},"query-input":"required name=search_term_string"}],"inLanguage":"fr-FR"},{"@type":"Person","@id":"https:\/\/www.ladiagonale.net\/#\/schema\/person\/79ff1e7b0853ed01b2aa26e64ad300bf","name":"Damien Dellerba","image":{"@type":"ImageObject","inLanguage":"fr-FR","@id":"https:\/\/www.ladiagonale.net\/#\/schema\/person\/image\/","url":"https:\/\/secure.gravatar.com\/avatar\/c7850e06d3ff63cdbaee88b7fc16e2f0?s=96&d=mm&r=g","contentUrl":"https:\/\/secure.gravatar.com\/avatar\/c7850e06d3ff63cdbaee88b7fc16e2f0?s=96&d=mm&r=g","caption":"Damien Dellerba"},"url":"https:\/\/www.ladiagonale.net\/index.php\/author\/damien\/"}]}},"_links":{"self":[{"href":"https:\/\/www.ladiagonale.net\/index.php\/wp-json\/wp\/v2\/posts\/37329"}],"collection":[{"href":"https:\/\/www.ladiagonale.net\/index.php\/wp-json\/wp\/v2\/posts"}],"about":[{"href":"https:\/\/www.ladiagonale.net\/index.php\/wp-json\/wp\/v2\/types\/post"}],"author":[{"embeddable":true,"href":"https:\/\/www.ladiagonale.net\/index.php\/wp-json\/wp\/v2\/users\/2"}],"replies":[{"embeddable":true,"href":"https:\/\/www.ladiagonale.net\/index.php\/wp-json\/wp\/v2\/comments?post=37329"}],"version-history":[{"count":1,"href":"https:\/\/www.ladiagonale.net\/index.php\/wp-json\/wp\/v2\/posts\/37329\/revisions"}],"predecessor-version":[{"id":37330,"href":"https:\/\/www.ladiagonale.net\/index.php\/wp-json\/wp\/v2\/posts\/37329\/revisions\/37330"}],"wp:attachment":[{"href":"https:\/\/www.ladiagonale.net\/index.php\/wp-json\/wp\/v2\/media?parent=37329"}],"wp:term":[{"taxonomy":"category","embeddable":true,"href":"https:\/\/www.ladiagonale.net\/index.php\/wp-json\/wp\/v2\/categories?post=37329"},{"taxonomy":"post_tag","embeddable":true,"href":"https:\/\/www.ladiagonale.net\/index.php\/wp-json\/wp\/v2\/tags?post=37329"}],"curies":[{"name":"wp","href":"https:\/\/api.w.org\/{rel}","templated":true}]}}