{"id":37331,"date":"2026-03-13T16:15:20","date_gmt":"2026-03-13T15:15:20","guid":{"rendered":"https:\/\/www.ladiagonale.net\/?p=37331"},"modified":"2026-03-13T16:15:20","modified_gmt":"2026-03-13T15:15:20","slug":"on-laccueillera-avec-le-sourire-pocognoli-serein-avec-pignard","status":"publish","type":"post","link":"https:\/\/www.ladiagonale.net\/index.php\/2026\/03\/13\/on-laccueillera-avec-le-sourire-pocognoli-serein-avec-pignard\/","title":{"rendered":"\u00ab&nbsp;On l\u2019accueillera avec le sourire&nbsp;\u00bb : Pocognoli serein avec Pignard"},"content":{"rendered":"\n<p>L\u2019AS Monaco va retrouver <a href=\"https:\/\/www.ladiagonale.net\/index.php\/2026\/03\/11\/pignard-au-sifflet-pour-monaco-brest\/\" target=\"_blank\" rel=\"noreferrer noopener\">J\u00e9r\u00e9mie Pignard au sifflet<\/a> lors d\u2019une importante rencontre contre Brest, samedi soir (21h05). Ce sera la premi\u00e8re fois de la saison que le natif de Villefranche-sur-Sa\u00f4ne dirigera une rencontre de l\u2019ASM cette saison, alors que le passif entre les deux parties a de quoi pr\u00e9occuper. Interrog\u00e9 sur cette d\u00e9signation lors de la conf\u00e9rence de presse, l\u2019entra\u00eeneur S\u00e9bastien Pocognoli a \u00e9vacu\u00e9 le sujet.<\/p>\n\n\n\n<p>\u00ab <em>Je n&rsquo;ai pas de commentaires \u00e0 faire. Je n&rsquo;ai pas l&rsquo;historique des arbitres de l&rsquo;AS Monaco.<br>J&rsquo;apprends \u00e0 les conna\u00eetre de semaine en semaine et on fera un bilan en fin d&rsquo;ann\u00e9e (rire). Je ne me mets pas ces choses-l\u00e0 en t\u00eate parce que j&rsquo;ai d\u00e9j\u00e0 beaucoup de choses \u00e0 contr\u00f4ler par rapport \u00e0 mon \u00e9quipe. J\u2019esp\u00e8re simplement qu&rsquo;on vivra un bon match de foot et il faudra que tous les acteurs soient bons. On l&rsquo;accueillera comme tous les arbitres au Louis-Il, avec le sourire, et on verra \u00e0 la fin du match (rire).<\/em> \u00bb<\/p>\n\n\n\n<p>Pignard a d\u00e9j\u00e0 arbitr\u00e9 l\u2019ASM \u00e0 12 reprises dans sa carri\u00e8re et a notamment expuls\u00e9 six Mon\u00e9gasques, le dernier en date \u00e9tant Vanderson, lors du derby contre Nice <em>(1-2, le 27 octobre 2024)<\/em>. Un fait de jeu qui avait fait sortir Thiago Scuro de ses gonds. \u00ab\u00a0<em>Cet arbitre aime donner des cartons rouges \u00e0 Monaco<\/em>\u00a0\u00bb, avait alors pest\u00e9 le Br\u00e9silien. Un mois plus tard, le club de la Principaut\u00e9 avait fait part de son inqui\u00e9tude quant \u00e0 la d\u00e9signation de l&rsquo;officiel de 38 ans au VAR lors d\u2019un match contre Marseille.<\/p>\n\n\n\n<p>Cette saison, Pignard avait d\u00e9j\u00e0 \u00e9t\u00e9 assistant \u00e0 la vid\u00e9o de Cl\u00e9ment Turpin lors du match aller face au Paris Saint-Germain <em>(1-0, le 29 novembre)<\/em>. Et sa d\u00e9cision de ne pas faire revoir \u00e0 l&rsquo;arbitre central la faute de Lamine Camara sur Lucas Chevalier, qui aurait pu \u00eatre sanctionn\u00e9e d\u2019un carton rouge tr\u00e8s t\u00f4t en d\u00e9but de rencontre, avait alors fait les affaires de l\u2019ASM.<\/p>\n\n\n","protected":false},"excerpt":{"rendered":"<p>L\u2019AS Monaco va retrouver J\u00e9r\u00e9mie Pignard au sifflet lors d\u2019une importante rencontre contre Brest, samedi soir (21h05). Ce sera la premi\u00e8re fois de la saison que le natif de Villefranche-sur-Sa\u00f4ne dirigera une rencontre de l\u2019ASM cette saison, alors que le passif entre les deux parties a de quoi pr\u00e9occuper. Interrog\u00e9 sur cette d\u00e9signation lors de [&#8230;]\n","protected":false},"author":2,"featured_media":0,"comment_status":"open","ping_status":"open","sticky":false,"template":"","format":"standard","meta":[],"categories":[6,1000],"tags":[156,86,677,94,348,1140],"yoast_head":"<!-- This site is optimized with the Yoast SEO plugin v19.8 - https:\/\/yoast.com\/wordpress\/plugins\/seo\/ -->\n<title>\u00ab&nbsp;On l\u2019accueillera avec le sourire&nbsp;\u00bb : Pocognoli serein avec Pignard - La Diagonale<\/title>\n<meta name=\"robots\" content=\"index, follow, max-snippet:-1, max-image-preview:large, max-video-preview:-1\" \/>\n<link rel=\"canonical\" href=\"https:\/\/www.ladiagonale.net\/index.php\/2026\/03\/13\/on-laccueillera-avec-le-sourire-pocognoli-serein-avec-pignard\/\" \/>\n<meta property=\"og:locale\" content=\"fr_FR\" \/>\n<meta property=\"og:type\" content=\"article\" \/>\n<meta property=\"og:title\" content=\"\u00ab&nbsp;On l\u2019accueillera avec le sourire&nbsp;\u00bb : Pocognoli serein avec Pignard - La Diagonale\" \/>\n<meta property=\"og:description\" content=\"L\u2019AS Monaco va retrouver J\u00e9r\u00e9mie Pignard au sifflet lors d\u2019une importante rencontre contre Brest, samedi soir (21h05). Ce sera la premi\u00e8re fois de la saison que le natif de Villefranche-sur-Sa\u00f4ne dirigera une rencontre de l\u2019ASM cette saison, alors que le passif entre les deux parties a de quoi pr\u00e9occuper. Interrog\u00e9 sur cette d\u00e9signation lors de [...]\" \/>\n<meta property=\"og:url\" content=\"https:\/\/www.ladiagonale.net\/index.php\/2026\/03\/13\/on-laccueillera-avec-le-sourire-pocognoli-serein-avec-pignard\/\" \/>\n<meta property=\"og:site_name\" content=\"La Diagonale\" \/>\n<meta property=\"article:published_time\" content=\"2026-03-13T15:15:20+00:00\" \/>\n<meta property=\"og:image\" content=\"https:\/\/www.ladiagonale.net\/wp-content\/uploads\/2024\/11\/Pignard-Nice.png\" \/>\n\t<meta property=\"og:image:width\" content=\"1160\" \/>\n\t<meta property=\"og:image:height\" content=\"650\" \/>\n\t<meta property=\"og:image:type\" content=\"image\/png\" \/>\n<meta name=\"author\" content=\"Damien Dellerba\" \/>\n<meta name=\"twitter:card\" content=\"summary_large_image\" \/>\n<meta name=\"twitter:image\" content=\"https:\/\/www.ladiagonale.net\/wp-content\/uploads\/2024\/11\/Pignard-Nice.png\" \/>\n<meta name=\"twitter:label1\" content=\"\u00c9crit par\" \/>\n\t<meta name=\"twitter:data1\" content=\"Damien Dellerba\" \/>\n\t<meta name=\"twitter:label2\" content=\"Dur\u00e9e de lecture estim\u00e9e\" \/>\n\t<meta name=\"twitter:data2\" content=\"2 minutes\" \/>\n<script type=\"application\/ld+json\" class=\"yoast-schema-graph\">{\"@context\":\"https:\/\/schema.org\",\"@graph\":[{\"@type\":\"WebPage\",\"@id\":\"https:\/\/www.ladiagonale.net\/index.php\/2026\/03\/13\/on-laccueillera-avec-le-sourire-pocognoli-serein-avec-pignard\/\",\"url\":\"https:\/\/www.ladiagonale.net\/index.php\/2026\/03\/13\/on-laccueillera-avec-le-sourire-pocognoli-serein-avec-pignard\/\",\"name\":\"\u00ab&nbsp;On l\u2019accueillera avec le sourire&nbsp;\u00bb : Pocognoli serein avec Pignard - La Diagonale\",\"isPartOf\":{\"@id\":\"https:\/\/www.ladiagonale.net\/#website\"},\"datePublished\":\"2026-03-13T15:15:20+00:00\",\"dateModified\":\"2026-03-13T15:15:20+00:00\",\"author\":{\"@id\":\"https:\/\/www.ladiagonale.net\/#\/schema\/person\/79ff1e7b0853ed01b2aa26e64ad300bf\"},\"breadcrumb\":{\"@id\":\"https:\/\/www.ladiagonale.net\/index.php\/2026\/03\/13\/on-laccueillera-avec-le-sourire-pocognoli-serein-avec-pignard\/#breadcrumb\"},\"inLanguage\":\"fr-FR\",\"potentialAction\":[{\"@type\":\"ReadAction\",\"target\":[\"https:\/\/www.ladiagonale.net\/index.php\/2026\/03\/13\/on-laccueillera-avec-le-sourire-pocognoli-serein-avec-pignard\/\"]}]},{\"@type\":\"BreadcrumbList\",\"@id\":\"https:\/\/www.ladiagonale.net\/index.php\/2026\/03\/13\/on-laccueillera-avec-le-sourire-pocognoli-serein-avec-pignard\/#breadcrumb\",\"itemListElement\":[{\"@type\":\"ListItem\",\"position\":1,\"name\":\"Accueil\",\"item\":\"https:\/\/www.ladiagonale.net\/\"},{\"@type\":\"ListItem\",\"position\":2,\"name\":\"\u00ab&nbsp;On l\u2019accueillera avec le sourire&nbsp;\u00bb : Pocognoli serein avec Pignard\"}]},{\"@type\":\"WebSite\",\"@id\":\"https:\/\/www.ladiagonale.net\/#website\",\"url\":\"https:\/\/www.ladiagonale.net\/\",\"name\":\"La Diagonale\",\"description\":\"Le site des supporters de l&#039;AS Monaco FC\",\"potentialAction\":[{\"@type\":\"SearchAction\",\"target\":{\"@type\":\"EntryPoint\",\"urlTemplate\":\"https:\/\/www.ladiagonale.net\/?s={search_term_string}\"},\"query-input\":\"required name=search_term_string\"}],\"inLanguage\":\"fr-FR\"},{\"@type\":\"Person\",\"@id\":\"https:\/\/www.ladiagonale.net\/#\/schema\/person\/79ff1e7b0853ed01b2aa26e64ad300bf\",\"name\":\"Damien Dellerba\",\"image\":{\"@type\":\"ImageObject\",\"inLanguage\":\"fr-FR\",\"@id\":\"https:\/\/www.ladiagonale.net\/#\/schema\/person\/image\/\",\"url\":\"https:\/\/secure.gravatar.com\/avatar\/c7850e06d3ff63cdbaee88b7fc16e2f0?s=96&d=mm&r=g\",\"contentUrl\":\"https:\/\/secure.gravatar.com\/avatar\/c7850e06d3ff63cdbaee88b7fc16e2f0?s=96&d=mm&r=g\",\"caption\":\"Damien Dellerba\"},\"url\":\"https:\/\/www.ladiagonale.net\/index.php\/author\/damien\/\"}]}<\/script>\n<!-- \/ Yoast SEO plugin. -->","yoast_head_json":{"title":"\u00ab&nbsp;On l\u2019accueillera avec le sourire&nbsp;\u00bb : Pocognoli serein avec Pignard - La Diagonale","robots":{"index":"index","follow":"follow","max-snippet":"max-snippet:-1","max-image-preview":"max-image-preview:large","max-video-preview":"max-video-preview:-1"},"canonical":"https:\/\/www.ladiagonale.net\/index.php\/2026\/03\/13\/on-laccueillera-avec-le-sourire-pocognoli-serein-avec-pignard\/","og_locale":"fr_FR","og_type":"article","og_title":"\u00ab&nbsp;On l\u2019accueillera avec le sourire&nbsp;\u00bb : Pocognoli serein avec Pignard - La Diagonale","og_description":"L\u2019AS Monaco va retrouver J\u00e9r\u00e9mie Pignard au sifflet lors d\u2019une importante rencontre contre Brest, samedi soir (21h05). Ce sera la premi\u00e8re fois de la saison que le natif de Villefranche-sur-Sa\u00f4ne dirigera une rencontre de l\u2019ASM cette saison, alors que le passif entre les deux parties a de quoi pr\u00e9occuper. Interrog\u00e9 sur cette d\u00e9signation lors de [...]","og_url":"https:\/\/www.ladiagonale.net\/index.php\/2026\/03\/13\/on-laccueillera-avec-le-sourire-pocognoli-serein-avec-pignard\/","og_site_name":"La Diagonale","article_published_time":"2026-03-13T15:15:20+00:00","og_image":[{"width":1160,"height":650,"url":"https:\/\/www.ladiagonale.net\/wp-content\/uploads\/2024\/11\/Pignard-Nice.png","type":"image\/png"}],"author":"Damien Dellerba","twitter_card":"summary_large_image","twitter_image":"https:\/\/www.ladiagonale.net\/wp-content\/uploads\/2024\/11\/Pignard-Nice.png","twitter_misc":{"\u00c9crit par":"Damien Dellerba","Dur\u00e9e de lecture estim\u00e9e":"2 minutes"},"schema":{"@context":"https:\/\/schema.org","@graph":[{"@type":"WebPage","@id":"https:\/\/www.ladiagonale.net\/index.php\/2026\/03\/13\/on-laccueillera-avec-le-sourire-pocognoli-serein-avec-pignard\/","url":"https:\/\/www.ladiagonale.net\/index.php\/2026\/03\/13\/on-laccueillera-avec-le-sourire-pocognoli-serein-avec-pignard\/","name":"\u00ab&nbsp;On l\u2019accueillera avec le sourire&nbsp;\u00bb : Pocognoli serein avec Pignard - La Diagonale","isPartOf":{"@id":"https:\/\/www.ladiagonale.net\/#website"},"datePublished":"2026-03-13T15:15:20+00:00","dateModified":"2026-03-13T15:15:20+00:00","author":{"@id":"https:\/\/www.ladiagonale.net\/#\/schema\/person\/79ff1e7b0853ed01b2aa26e64ad300bf"},"breadcrumb":{"@id":"https:\/\/www.ladiagonale.net\/index.php\/2026\/03\/13\/on-laccueillera-avec-le-sourire-pocognoli-serein-avec-pignard\/#breadcrumb"},"inLanguage":"fr-FR","potentialAction":[{"@type":"ReadAction","target":["https:\/\/www.ladiagonale.net\/index.php\/2026\/03\/13\/on-laccueillera-avec-le-sourire-pocognoli-serein-avec-pignard\/"]}]},{"@type":"BreadcrumbList","@id":"https:\/\/www.ladiagonale.net\/index.php\/2026\/03\/13\/on-laccueillera-avec-le-sourire-pocognoli-serein-avec-pignard\/#breadcrumb","itemListElement":[{"@type":"ListItem","position":1,"name":"Accueil","item":"https:\/\/www.ladiagonale.net\/"},{"@type":"ListItem","position":2,"name":"\u00ab&nbsp;On l\u2019accueillera avec le sourire&nbsp;\u00bb : Pocognoli serein avec Pignard"}]},{"@type":"WebSite","@id":"https:\/\/www.ladiagonale.net\/#website","url":"https:\/\/www.ladiagonale.net\/","name":"La Diagonale","description":"Le site des supporters de l&#039;AS Monaco FC","potentialAction":[{"@type":"SearchAction","target":{"@type":"EntryPoint","urlTemplate":"https:\/\/www.ladiagonale.net\/?s={search_term_string}"},"query-input":"required name=search_term_string"}],"inLanguage":"fr-FR"},{"@type":"Person","@id":"https:\/\/www.ladiagonale.net\/#\/schema\/person\/79ff1e7b0853ed01b2aa26e64ad300bf","name":"Damien Dellerba","image":{"@type":"ImageObject","inLanguage":"fr-FR","@id":"https:\/\/www.ladiagonale.net\/#\/schema\/person\/image\/","url":"https:\/\/secure.gravatar.com\/avatar\/c7850e06d3ff63cdbaee88b7fc16e2f0?s=96&d=mm&r=g","contentUrl":"https:\/\/secure.gravatar.com\/avatar\/c7850e06d3ff63cdbaee88b7fc16e2f0?s=96&d=mm&r=g","caption":"Damien Dellerba"},"url":"https:\/\/www.ladiagonale.net\/index.php\/author\/damien\/"}]}},"_links":{"self":[{"href":"https:\/\/www.ladiagonale.net\/index.php\/wp-json\/wp\/v2\/posts\/37331"}],"collection":[{"href":"https:\/\/www.ladiagonale.net\/index.php\/wp-json\/wp\/v2\/posts"}],"about":[{"href":"https:\/\/www.ladiagonale.net\/index.php\/wp-json\/wp\/v2\/types\/post"}],"author":[{"embeddable":true,"href":"https:\/\/www.ladiagonale.net\/index.php\/wp-json\/wp\/v2\/users\/2"}],"replies":[{"embeddable":true,"href":"https:\/\/www.ladiagonale.net\/index.php\/wp-json\/wp\/v2\/comments?post=37331"}],"version-history":[{"count":1,"href":"https:\/\/www.ladiagonale.net\/index.php\/wp-json\/wp\/v2\/posts\/37331\/revisions"}],"predecessor-version":[{"id":37332,"href":"https:\/\/www.ladiagonale.net\/index.php\/wp-json\/wp\/v2\/posts\/37331\/revisions\/37332"}],"wp:attachment":[{"href":"https:\/\/www.ladiagonale.net\/index.php\/wp-json\/wp\/v2\/media?parent=37331"}],"wp:term":[{"taxonomy":"category","embeddable":true,"href":"https:\/\/www.ladiagonale.net\/index.php\/wp-json\/wp\/v2\/categories?post=37331"},{"taxonomy":"post_tag","embeddable":true,"href":"https:\/\/www.ladiagonale.net\/index.php\/wp-json\/wp\/v2\/tags?post=37331"}],"curies":[{"name":"wp","href":"https:\/\/api.w.org\/{rel}","templated":true}]}}