{"id":37333,"date":"2026-03-13T23:53:40","date_gmt":"2026-03-13T22:53:40","guid":{"rendered":"https:\/\/www.ladiagonale.net\/?p=37333"},"modified":"2026-03-13T23:53:41","modified_gmt":"2026-03-13T22:53:41","slug":"akliouche-jessaie-de-montrer-le-chemin-par-mon-football","status":"publish","type":"post","link":"https:\/\/www.ladiagonale.net\/index.php\/2026\/03\/13\/akliouche-jessaie-de-montrer-le-chemin-par-mon-football\/","title":{"rendered":"Akliouche : \u00ab&nbsp;J\u2019essaie de montrer le chemin par mon football&nbsp;\u00bb"},"content":{"rendered":"\n<p>Maghnes Akliouche n\u2019a pas connu une saison lin\u00e9aire, avec des p\u00e9riodes de creux. Dans un entretien donn\u00e9 \u00e0 l\u2019<em>AFP<\/em>, le milieu de terrain de l\u2019AS Monaco a reconnu que son d\u00e9but de saison avait \u00e9t\u00e9 difficile, \u00e0 cause des rumeurs de transfert et d&rsquo;un nouveau statut d&rsquo;international \u00e0 dig\u00e9rer : \u00ab\u00a0<em>Tout \u00e9tait nouveau pour moi. Il m&rsquo;a fallu un temps d&rsquo;adaptation. Mais je n&rsquo;ai pas dout\u00e9. Dans les p\u00e9riodes plus dures, l&rsquo;important est de revenir aux bonnes choses: \u00eatre r\u00e9gulier, prendre soin de son corps, se renforcer, voir \u00e0 long terme, pour se concentrer sur les \u00e9ch\u00e9ances suivantes.<\/em>\u00a0\u00bb<\/p>\n\n\n\n<p>Le joueur, qui a f\u00eat\u00e9 ses 24 ans en f\u00e9vrier, indique avoir pouss\u00e9 encore un peu plus haut le curseur face \u00e0 la pression pour revenir \u00e0 un meilleur niveau et continuer de progresser : \u00ab\u00a0<em>La pression te pousse \u00e0 \u00e9lever ton niveau d&rsquo;exigence, tant que tu sais la g\u00e9rer. Je me la mets. Mais \u00e7a ne me d\u00e9range pas qu&rsquo;on me pousse, qu&rsquo;on soit plus dur avec moi. On attend beaucoup de moi. Je veux progresser pour pouvoir r\u00e9pondre aux exigences.<\/em>\u00a0\u00bb<\/p>\n\n\n\n<p>S\u00e9bastien Pocognoli est justement l\u2019un des plus exigeants envers Akliouche, notamment lorsqu\u2019il a voulu en faire un leader vocal : \u00ab\u00a0<em>On a appris \u00e0 se conna\u00eetre. C&rsquo;est devenu plus fluide et naturel entre nous. J&rsquo;ai progress\u00e9 sur ce plan car la communication est essentielle. Mais ce n&rsquo;est pas ma qualit\u00e9 num\u00e9ro 1 et \u00e7a ne me correspond pas forc\u00e9ment. Dans un groupe, au d\u00e9but, je suis r\u00e9serv\u00e9, dans mon coin. Une fois que je connais, je parle plus facilement. J&rsquo;essaie surtout de montrer le chemin par mon football.<\/em>\u00a0\u00bb<\/p>\n\n\n\n<p>Cet \u00e9t\u00e9, la question d\u2019un d\u00e9part se posera forc\u00e9ment de nouveau. Si cela doit arriver, Akliouche esp\u00e8re laisser l\u2019image de \u00ab\u00a0<em>quelqu&rsquo;un qui se bat, qui ne l\u00e2che pas, m\u00eame dans les moments les plus durs, qui veut toujours donner le meilleur de lui-m\u00eame et qui peut \u00eatre d\u00e9cisif pour amener Monaco en haut.\u00a0<\/em>\u00bb Mais il ne semble pas, a l\u2019en croire, press\u00e9 de s\u2019en aller : \u00ab\u00a0<em>J&rsquo;esp\u00e8re marquer ce club qui m&rsquo;a tout donn\u00e9, o\u00f9 j&rsquo;ai grandi. C&rsquo;est mon club. Je serai fier d&rsquo;en faire partie le plus longtemps possible. Je suis le gamin qui a franchi petit \u00e0 petit les \u00e9tapes jusqu&rsquo;\u00e0 l&rsquo;\u00e9quipe premi\u00e8re et aux Bleus. Je veux absolument continuer \u00e0 prouver, \u00e0 m&rsquo;am\u00e9liorer et grandir face aux \u00e9preuves.<\/em>\u00a0\u00bb<\/p>\n\n\n","protected":false},"excerpt":{"rendered":"<p>Maghnes Akliouche n\u2019a pas connu une saison lin\u00e9aire, avec des p\u00e9riodes de creux. Dans un entretien donn\u00e9 \u00e0 l\u2019AFP, le milieu de terrain de l\u2019AS Monaco a reconnu que son d\u00e9but de saison avait \u00e9t\u00e9 difficile, \u00e0 cause des rumeurs de transfert et d&rsquo;un nouveau statut d&rsquo;international \u00e0 dig\u00e9rer : \u00ab\u00a0Tout \u00e9tait nouveau pour moi. [&#8230;]\n","protected":false},"author":2,"featured_media":0,"comment_status":"open","ping_status":"open","sticky":false,"template":"","format":"standard","meta":[],"categories":[6,420],"tags":[86,185,190],"yoast_head":"<!-- This site is optimized with the Yoast SEO plugin v19.8 - https:\/\/yoast.com\/wordpress\/plugins\/seo\/ -->\n<title>Akliouche : \u00ab&nbsp;J\u2019essaie de montrer le chemin par mon football&nbsp;\u00bb - La Diagonale<\/title>\n<meta name=\"robots\" content=\"index, follow, max-snippet:-1, max-image-preview:large, max-video-preview:-1\" \/>\n<link rel=\"canonical\" href=\"https:\/\/www.ladiagonale.net\/index.php\/2026\/03\/13\/akliouche-jessaie-de-montrer-le-chemin-par-mon-football\/\" \/>\n<meta property=\"og:locale\" content=\"fr_FR\" \/>\n<meta property=\"og:type\" content=\"article\" \/>\n<meta property=\"og:title\" content=\"Akliouche : \u00ab&nbsp;J\u2019essaie de montrer le chemin par mon football&nbsp;\u00bb - La Diagonale\" \/>\n<meta property=\"og:description\" content=\"Maghnes Akliouche n\u2019a pas connu une saison lin\u00e9aire, avec des p\u00e9riodes de creux. Dans un entretien donn\u00e9 \u00e0 l\u2019AFP, le milieu de terrain de l\u2019AS Monaco a reconnu que son d\u00e9but de saison avait \u00e9t\u00e9 difficile, \u00e0 cause des rumeurs de transfert et d&rsquo;un nouveau statut d&rsquo;international \u00e0 dig\u00e9rer : \u00ab\u00a0Tout \u00e9tait nouveau pour moi. [...]\" \/>\n<meta property=\"og:url\" content=\"https:\/\/www.ladiagonale.net\/index.php\/2026\/03\/13\/akliouche-jessaie-de-montrer-le-chemin-par-mon-football\/\" \/>\n<meta property=\"og:site_name\" content=\"La Diagonale\" \/>\n<meta property=\"article:published_time\" content=\"2026-03-13T22:53:40+00:00\" \/>\n<meta property=\"article:modified_time\" content=\"2026-03-13T22:53:41+00:00\" \/>\n<meta property=\"og:image\" content=\"https:\/\/www.ladiagonale.net\/wp-content\/uploads\/2026\/01\/Akliouche-Le-Havre.png\" \/>\n\t<meta property=\"og:image:width\" content=\"1160\" \/>\n\t<meta property=\"og:image:height\" content=\"650\" \/>\n\t<meta property=\"og:image:type\" content=\"image\/png\" \/>\n<meta name=\"author\" content=\"Damien Dellerba\" \/>\n<meta name=\"twitter:card\" content=\"summary_large_image\" \/>\n<meta name=\"twitter:image\" content=\"https:\/\/www.ladiagonale.net\/wp-content\/uploads\/2026\/01\/Akliouche-Le-Havre.png\" \/>\n<meta name=\"twitter:label1\" content=\"\u00c9crit par\" \/>\n\t<meta name=\"twitter:data1\" content=\"Damien Dellerba\" \/>\n\t<meta name=\"twitter:label2\" content=\"Dur\u00e9e de lecture estim\u00e9e\" \/>\n\t<meta name=\"twitter:data2\" content=\"2 minutes\" \/>\n<script type=\"application\/ld+json\" class=\"yoast-schema-graph\">{\"@context\":\"https:\/\/schema.org\",\"@graph\":[{\"@type\":\"WebPage\",\"@id\":\"https:\/\/www.ladiagonale.net\/index.php\/2026\/03\/13\/akliouche-jessaie-de-montrer-le-chemin-par-mon-football\/\",\"url\":\"https:\/\/www.ladiagonale.net\/index.php\/2026\/03\/13\/akliouche-jessaie-de-montrer-le-chemin-par-mon-football\/\",\"name\":\"Akliouche : \u00ab&nbsp;J\u2019essaie de montrer le chemin par mon football&nbsp;\u00bb - La Diagonale\",\"isPartOf\":{\"@id\":\"https:\/\/www.ladiagonale.net\/#website\"},\"datePublished\":\"2026-03-13T22:53:40+00:00\",\"dateModified\":\"2026-03-13T22:53:41+00:00\",\"author\":{\"@id\":\"https:\/\/www.ladiagonale.net\/#\/schema\/person\/79ff1e7b0853ed01b2aa26e64ad300bf\"},\"breadcrumb\":{\"@id\":\"https:\/\/www.ladiagonale.net\/index.php\/2026\/03\/13\/akliouche-jessaie-de-montrer-le-chemin-par-mon-football\/#breadcrumb\"},\"inLanguage\":\"fr-FR\",\"potentialAction\":[{\"@type\":\"ReadAction\",\"target\":[\"https:\/\/www.ladiagonale.net\/index.php\/2026\/03\/13\/akliouche-jessaie-de-montrer-le-chemin-par-mon-football\/\"]}]},{\"@type\":\"BreadcrumbList\",\"@id\":\"https:\/\/www.ladiagonale.net\/index.php\/2026\/03\/13\/akliouche-jessaie-de-montrer-le-chemin-par-mon-football\/#breadcrumb\",\"itemListElement\":[{\"@type\":\"ListItem\",\"position\":1,\"name\":\"Accueil\",\"item\":\"https:\/\/www.ladiagonale.net\/\"},{\"@type\":\"ListItem\",\"position\":2,\"name\":\"Akliouche : \u00ab&nbsp;J\u2019essaie de montrer le chemin par mon football&nbsp;\u00bb\"}]},{\"@type\":\"WebSite\",\"@id\":\"https:\/\/www.ladiagonale.net\/#website\",\"url\":\"https:\/\/www.ladiagonale.net\/\",\"name\":\"La Diagonale\",\"description\":\"Le site des supporters de l&#039;AS Monaco FC\",\"potentialAction\":[{\"@type\":\"SearchAction\",\"target\":{\"@type\":\"EntryPoint\",\"urlTemplate\":\"https:\/\/www.ladiagonale.net\/?s={search_term_string}\"},\"query-input\":\"required name=search_term_string\"}],\"inLanguage\":\"fr-FR\"},{\"@type\":\"Person\",\"@id\":\"https:\/\/www.ladiagonale.net\/#\/schema\/person\/79ff1e7b0853ed01b2aa26e64ad300bf\",\"name\":\"Damien Dellerba\",\"image\":{\"@type\":\"ImageObject\",\"inLanguage\":\"fr-FR\",\"@id\":\"https:\/\/www.ladiagonale.net\/#\/schema\/person\/image\/\",\"url\":\"https:\/\/secure.gravatar.com\/avatar\/c7850e06d3ff63cdbaee88b7fc16e2f0?s=96&d=mm&r=g\",\"contentUrl\":\"https:\/\/secure.gravatar.com\/avatar\/c7850e06d3ff63cdbaee88b7fc16e2f0?s=96&d=mm&r=g\",\"caption\":\"Damien Dellerba\"},\"url\":\"https:\/\/www.ladiagonale.net\/index.php\/author\/damien\/\"}]}<\/script>\n<!-- \/ Yoast SEO plugin. -->","yoast_head_json":{"title":"Akliouche : \u00ab&nbsp;J\u2019essaie de montrer le chemin par mon football&nbsp;\u00bb - La Diagonale","robots":{"index":"index","follow":"follow","max-snippet":"max-snippet:-1","max-image-preview":"max-image-preview:large","max-video-preview":"max-video-preview:-1"},"canonical":"https:\/\/www.ladiagonale.net\/index.php\/2026\/03\/13\/akliouche-jessaie-de-montrer-le-chemin-par-mon-football\/","og_locale":"fr_FR","og_type":"article","og_title":"Akliouche : \u00ab&nbsp;J\u2019essaie de montrer le chemin par mon football&nbsp;\u00bb - La Diagonale","og_description":"Maghnes Akliouche n\u2019a pas connu une saison lin\u00e9aire, avec des p\u00e9riodes de creux. Dans un entretien donn\u00e9 \u00e0 l\u2019AFP, le milieu de terrain de l\u2019AS Monaco a reconnu que son d\u00e9but de saison avait \u00e9t\u00e9 difficile, \u00e0 cause des rumeurs de transfert et d&rsquo;un nouveau statut d&rsquo;international \u00e0 dig\u00e9rer : \u00ab\u00a0Tout \u00e9tait nouveau pour moi. [...]","og_url":"https:\/\/www.ladiagonale.net\/index.php\/2026\/03\/13\/akliouche-jessaie-de-montrer-le-chemin-par-mon-football\/","og_site_name":"La Diagonale","article_published_time":"2026-03-13T22:53:40+00:00","article_modified_time":"2026-03-13T22:53:41+00:00","og_image":[{"width":1160,"height":650,"url":"https:\/\/www.ladiagonale.net\/wp-content\/uploads\/2026\/01\/Akliouche-Le-Havre.png","type":"image\/png"}],"author":"Damien Dellerba","twitter_card":"summary_large_image","twitter_image":"https:\/\/www.ladiagonale.net\/wp-content\/uploads\/2026\/01\/Akliouche-Le-Havre.png","twitter_misc":{"\u00c9crit par":"Damien Dellerba","Dur\u00e9e de lecture estim\u00e9e":"2 minutes"},"schema":{"@context":"https:\/\/schema.org","@graph":[{"@type":"WebPage","@id":"https:\/\/www.ladiagonale.net\/index.php\/2026\/03\/13\/akliouche-jessaie-de-montrer-le-chemin-par-mon-football\/","url":"https:\/\/www.ladiagonale.net\/index.php\/2026\/03\/13\/akliouche-jessaie-de-montrer-le-chemin-par-mon-football\/","name":"Akliouche : \u00ab&nbsp;J\u2019essaie de montrer le chemin par mon football&nbsp;\u00bb - La Diagonale","isPartOf":{"@id":"https:\/\/www.ladiagonale.net\/#website"},"datePublished":"2026-03-13T22:53:40+00:00","dateModified":"2026-03-13T22:53:41+00:00","author":{"@id":"https:\/\/www.ladiagonale.net\/#\/schema\/person\/79ff1e7b0853ed01b2aa26e64ad300bf"},"breadcrumb":{"@id":"https:\/\/www.ladiagonale.net\/index.php\/2026\/03\/13\/akliouche-jessaie-de-montrer-le-chemin-par-mon-football\/#breadcrumb"},"inLanguage":"fr-FR","potentialAction":[{"@type":"ReadAction","target":["https:\/\/www.ladiagonale.net\/index.php\/2026\/03\/13\/akliouche-jessaie-de-montrer-le-chemin-par-mon-football\/"]}]},{"@type":"BreadcrumbList","@id":"https:\/\/www.ladiagonale.net\/index.php\/2026\/03\/13\/akliouche-jessaie-de-montrer-le-chemin-par-mon-football\/#breadcrumb","itemListElement":[{"@type":"ListItem","position":1,"name":"Accueil","item":"https:\/\/www.ladiagonale.net\/"},{"@type":"ListItem","position":2,"name":"Akliouche : \u00ab&nbsp;J\u2019essaie de montrer le chemin par mon football&nbsp;\u00bb"}]},{"@type":"WebSite","@id":"https:\/\/www.ladiagonale.net\/#website","url":"https:\/\/www.ladiagonale.net\/","name":"La Diagonale","description":"Le site des supporters de l&#039;AS Monaco FC","potentialAction":[{"@type":"SearchAction","target":{"@type":"EntryPoint","urlTemplate":"https:\/\/www.ladiagonale.net\/?s={search_term_string}"},"query-input":"required name=search_term_string"}],"inLanguage":"fr-FR"},{"@type":"Person","@id":"https:\/\/www.ladiagonale.net\/#\/schema\/person\/79ff1e7b0853ed01b2aa26e64ad300bf","name":"Damien Dellerba","image":{"@type":"ImageObject","inLanguage":"fr-FR","@id":"https:\/\/www.ladiagonale.net\/#\/schema\/person\/image\/","url":"https:\/\/secure.gravatar.com\/avatar\/c7850e06d3ff63cdbaee88b7fc16e2f0?s=96&d=mm&r=g","contentUrl":"https:\/\/secure.gravatar.com\/avatar\/c7850e06d3ff63cdbaee88b7fc16e2f0?s=96&d=mm&r=g","caption":"Damien Dellerba"},"url":"https:\/\/www.ladiagonale.net\/index.php\/author\/damien\/"}]}},"_links":{"self":[{"href":"https:\/\/www.ladiagonale.net\/index.php\/wp-json\/wp\/v2\/posts\/37333"}],"collection":[{"href":"https:\/\/www.ladiagonale.net\/index.php\/wp-json\/wp\/v2\/posts"}],"about":[{"href":"https:\/\/www.ladiagonale.net\/index.php\/wp-json\/wp\/v2\/types\/post"}],"author":[{"embeddable":true,"href":"https:\/\/www.ladiagonale.net\/index.php\/wp-json\/wp\/v2\/users\/2"}],"replies":[{"embeddable":true,"href":"https:\/\/www.ladiagonale.net\/index.php\/wp-json\/wp\/v2\/comments?post=37333"}],"version-history":[{"count":1,"href":"https:\/\/www.ladiagonale.net\/index.php\/wp-json\/wp\/v2\/posts\/37333\/revisions"}],"predecessor-version":[{"id":37334,"href":"https:\/\/www.ladiagonale.net\/index.php\/wp-json\/wp\/v2\/posts\/37333\/revisions\/37334"}],"wp:attachment":[{"href":"https:\/\/www.ladiagonale.net\/index.php\/wp-json\/wp\/v2\/media?parent=37333"}],"wp:term":[{"taxonomy":"category","embeddable":true,"href":"https:\/\/www.ladiagonale.net\/index.php\/wp-json\/wp\/v2\/categories?post=37333"},{"taxonomy":"post_tag","embeddable":true,"href":"https:\/\/www.ladiagonale.net\/index.php\/wp-json\/wp\/v2\/tags?post=37333"}],"curies":[{"name":"wp","href":"https:\/\/api.w.org\/{rel}","templated":true}]}}