{"id":37340,"date":"2026-03-14T00:11:16","date_gmt":"2026-03-13T23:11:16","guid":{"rendered":"https:\/\/www.ladiagonale.net\/?p=37340"},"modified":"2026-03-14T00:11:17","modified_gmt":"2026-03-13T23:11:17","slug":"golovin-selectionne-avec-la-russie","status":"publish","type":"post","link":"https:\/\/www.ladiagonale.net\/index.php\/2026\/03\/14\/golovin-selectionne-avec-la-russie\/","title":{"rendered":"Golovin s\u00e9lectionn\u00e9 avec la Russie"},"content":{"rendered":"\n<p>La tr\u00eave internationale va bient\u00f4t d\u00e9buter et les premi\u00e8res s\u00e9lections sont annonc\u00e9es du c\u00f4t\u00e9 de l\u2019AS Monaco. Le premier \u00e0 \u00eatre concern\u00e9 est Aleksandr Golovin. Le milieu de terrain russe a \u00e9t\u00e9 appel\u00e9 pour disputer deux rencontres amicales contre le Nicaragua, le 27 mars, et une autre face au Mali, le 31 mars.<\/p>\n\n\n\n<p>Lors du dernier rassemblement de novembre, l\u2019ancien joueur du CSKA Moscou avait marqu\u00e9 contre le P\u00e9rou brassard de capitaine et bras et atteint le cap des 50 s\u00e9lections face au Chili.<\/p>\n\n\n","protected":false},"excerpt":{"rendered":"<p>La tr\u00eave internationale va bient\u00f4t d\u00e9buter et les premi\u00e8res s\u00e9lections sont annonc\u00e9es du c\u00f4t\u00e9 de l\u2019AS Monaco. Le premier \u00e0 \u00eatre concern\u00e9 est Aleksandr Golovin. Le milieu de terrain russe a \u00e9t\u00e9 appel\u00e9 pour disputer deux rencontres amicales contre le Nicaragua, le 27 mars, et une autre face au Mali, le 31 mars. Lors du [&#8230;]\n","protected":false},"author":2,"featured_media":0,"comment_status":"open","ping_status":"open","sticky":false,"template":"","format":"standard","meta":[],"categories":[6,1111],"tags":[184,86,694,116],"yoast_head":"<!-- This site is optimized with the Yoast SEO plugin v19.8 - https:\/\/yoast.com\/wordpress\/plugins\/seo\/ -->\n<title>Golovin s\u00e9lectionn\u00e9 avec la Russie - La Diagonale<\/title>\n<meta name=\"robots\" content=\"index, follow, max-snippet:-1, max-image-preview:large, max-video-preview:-1\" \/>\n<link rel=\"canonical\" href=\"https:\/\/www.ladiagonale.net\/index.php\/2026\/03\/14\/golovin-selectionne-avec-la-russie\/\" \/>\n<meta property=\"og:locale\" content=\"fr_FR\" \/>\n<meta property=\"og:type\" content=\"article\" \/>\n<meta property=\"og:title\" content=\"Golovin s\u00e9lectionn\u00e9 avec la Russie - La Diagonale\" \/>\n<meta property=\"og:description\" content=\"La tr\u00eave internationale va bient\u00f4t d\u00e9buter et les premi\u00e8res s\u00e9lections sont annonc\u00e9es du c\u00f4t\u00e9 de l\u2019AS Monaco. Le premier \u00e0 \u00eatre concern\u00e9 est Aleksandr Golovin. Le milieu de terrain russe a \u00e9t\u00e9 appel\u00e9 pour disputer deux rencontres amicales contre le Nicaragua, le 27 mars, et une autre face au Mali, le 31 mars. Lors du [...]\" \/>\n<meta property=\"og:url\" content=\"https:\/\/www.ladiagonale.net\/index.php\/2026\/03\/14\/golovin-selectionne-avec-la-russie\/\" \/>\n<meta property=\"og:site_name\" content=\"La Diagonale\" \/>\n<meta property=\"article:published_time\" content=\"2026-03-13T23:11:16+00:00\" \/>\n<meta property=\"article:modified_time\" content=\"2026-03-13T23:11:17+00:00\" \/>\n<meta property=\"og:image\" content=\"https:\/\/www.ladiagonale.net\/wp-content\/uploads\/2023\/09\/golovin-russie.png\" \/>\n\t<meta property=\"og:image:width\" content=\"1160\" \/>\n\t<meta property=\"og:image:height\" content=\"650\" \/>\n\t<meta property=\"og:image:type\" content=\"image\/png\" \/>\n<meta name=\"author\" content=\"Damien Dellerba\" \/>\n<meta name=\"twitter:card\" content=\"summary_large_image\" \/>\n<meta name=\"twitter:image\" content=\"https:\/\/www.ladiagonale.net\/wp-content\/uploads\/2023\/09\/golovin-russie.png\" \/>\n<meta name=\"twitter:label1\" content=\"\u00c9crit par\" \/>\n\t<meta name=\"twitter:data1\" content=\"Damien Dellerba\" \/>\n\t<meta name=\"twitter:label2\" content=\"Dur\u00e9e de lecture estim\u00e9e\" \/>\n\t<meta name=\"twitter:data2\" content=\"1 minute\" \/>\n<script type=\"application\/ld+json\" class=\"yoast-schema-graph\">{\"@context\":\"https:\/\/schema.org\",\"@graph\":[{\"@type\":\"WebPage\",\"@id\":\"https:\/\/www.ladiagonale.net\/index.php\/2026\/03\/14\/golovin-selectionne-avec-la-russie\/\",\"url\":\"https:\/\/www.ladiagonale.net\/index.php\/2026\/03\/14\/golovin-selectionne-avec-la-russie\/\",\"name\":\"Golovin s\u00e9lectionn\u00e9 avec la Russie - La Diagonale\",\"isPartOf\":{\"@id\":\"https:\/\/www.ladiagonale.net\/#website\"},\"datePublished\":\"2026-03-13T23:11:16+00:00\",\"dateModified\":\"2026-03-13T23:11:17+00:00\",\"author\":{\"@id\":\"https:\/\/www.ladiagonale.net\/#\/schema\/person\/79ff1e7b0853ed01b2aa26e64ad300bf\"},\"breadcrumb\":{\"@id\":\"https:\/\/www.ladiagonale.net\/index.php\/2026\/03\/14\/golovin-selectionne-avec-la-russie\/#breadcrumb\"},\"inLanguage\":\"fr-FR\",\"potentialAction\":[{\"@type\":\"ReadAction\",\"target\":[\"https:\/\/www.ladiagonale.net\/index.php\/2026\/03\/14\/golovin-selectionne-avec-la-russie\/\"]}]},{\"@type\":\"BreadcrumbList\",\"@id\":\"https:\/\/www.ladiagonale.net\/index.php\/2026\/03\/14\/golovin-selectionne-avec-la-russie\/#breadcrumb\",\"itemListElement\":[{\"@type\":\"ListItem\",\"position\":1,\"name\":\"Accueil\",\"item\":\"https:\/\/www.ladiagonale.net\/\"},{\"@type\":\"ListItem\",\"position\":2,\"name\":\"Golovin s\u00e9lectionn\u00e9 avec la Russie\"}]},{\"@type\":\"WebSite\",\"@id\":\"https:\/\/www.ladiagonale.net\/#website\",\"url\":\"https:\/\/www.ladiagonale.net\/\",\"name\":\"La Diagonale\",\"description\":\"Le site des supporters de l&#039;AS Monaco FC\",\"potentialAction\":[{\"@type\":\"SearchAction\",\"target\":{\"@type\":\"EntryPoint\",\"urlTemplate\":\"https:\/\/www.ladiagonale.net\/?s={search_term_string}\"},\"query-input\":\"required name=search_term_string\"}],\"inLanguage\":\"fr-FR\"},{\"@type\":\"Person\",\"@id\":\"https:\/\/www.ladiagonale.net\/#\/schema\/person\/79ff1e7b0853ed01b2aa26e64ad300bf\",\"name\":\"Damien Dellerba\",\"image\":{\"@type\":\"ImageObject\",\"inLanguage\":\"fr-FR\",\"@id\":\"https:\/\/www.ladiagonale.net\/#\/schema\/person\/image\/\",\"url\":\"https:\/\/secure.gravatar.com\/avatar\/c7850e06d3ff63cdbaee88b7fc16e2f0?s=96&d=mm&r=g\",\"contentUrl\":\"https:\/\/secure.gravatar.com\/avatar\/c7850e06d3ff63cdbaee88b7fc16e2f0?s=96&d=mm&r=g\",\"caption\":\"Damien Dellerba\"},\"url\":\"https:\/\/www.ladiagonale.net\/index.php\/author\/damien\/\"}]}<\/script>\n<!-- \/ Yoast SEO plugin. -->","yoast_head_json":{"title":"Golovin s\u00e9lectionn\u00e9 avec la Russie - La Diagonale","robots":{"index":"index","follow":"follow","max-snippet":"max-snippet:-1","max-image-preview":"max-image-preview:large","max-video-preview":"max-video-preview:-1"},"canonical":"https:\/\/www.ladiagonale.net\/index.php\/2026\/03\/14\/golovin-selectionne-avec-la-russie\/","og_locale":"fr_FR","og_type":"article","og_title":"Golovin s\u00e9lectionn\u00e9 avec la Russie - La Diagonale","og_description":"La tr\u00eave internationale va bient\u00f4t d\u00e9buter et les premi\u00e8res s\u00e9lections sont annonc\u00e9es du c\u00f4t\u00e9 de l\u2019AS Monaco. Le premier \u00e0 \u00eatre concern\u00e9 est Aleksandr Golovin. Le milieu de terrain russe a \u00e9t\u00e9 appel\u00e9 pour disputer deux rencontres amicales contre le Nicaragua, le 27 mars, et une autre face au Mali, le 31 mars. Lors du [...]","og_url":"https:\/\/www.ladiagonale.net\/index.php\/2026\/03\/14\/golovin-selectionne-avec-la-russie\/","og_site_name":"La Diagonale","article_published_time":"2026-03-13T23:11:16+00:00","article_modified_time":"2026-03-13T23:11:17+00:00","og_image":[{"width":1160,"height":650,"url":"https:\/\/www.ladiagonale.net\/wp-content\/uploads\/2023\/09\/golovin-russie.png","type":"image\/png"}],"author":"Damien Dellerba","twitter_card":"summary_large_image","twitter_image":"https:\/\/www.ladiagonale.net\/wp-content\/uploads\/2023\/09\/golovin-russie.png","twitter_misc":{"\u00c9crit par":"Damien Dellerba","Dur\u00e9e de lecture estim\u00e9e":"1 minute"},"schema":{"@context":"https:\/\/schema.org","@graph":[{"@type":"WebPage","@id":"https:\/\/www.ladiagonale.net\/index.php\/2026\/03\/14\/golovin-selectionne-avec-la-russie\/","url":"https:\/\/www.ladiagonale.net\/index.php\/2026\/03\/14\/golovin-selectionne-avec-la-russie\/","name":"Golovin s\u00e9lectionn\u00e9 avec la Russie - La Diagonale","isPartOf":{"@id":"https:\/\/www.ladiagonale.net\/#website"},"datePublished":"2026-03-13T23:11:16+00:00","dateModified":"2026-03-13T23:11:17+00:00","author":{"@id":"https:\/\/www.ladiagonale.net\/#\/schema\/person\/79ff1e7b0853ed01b2aa26e64ad300bf"},"breadcrumb":{"@id":"https:\/\/www.ladiagonale.net\/index.php\/2026\/03\/14\/golovin-selectionne-avec-la-russie\/#breadcrumb"},"inLanguage":"fr-FR","potentialAction":[{"@type":"ReadAction","target":["https:\/\/www.ladiagonale.net\/index.php\/2026\/03\/14\/golovin-selectionne-avec-la-russie\/"]}]},{"@type":"BreadcrumbList","@id":"https:\/\/www.ladiagonale.net\/index.php\/2026\/03\/14\/golovin-selectionne-avec-la-russie\/#breadcrumb","itemListElement":[{"@type":"ListItem","position":1,"name":"Accueil","item":"https:\/\/www.ladiagonale.net\/"},{"@type":"ListItem","position":2,"name":"Golovin s\u00e9lectionn\u00e9 avec la Russie"}]},{"@type":"WebSite","@id":"https:\/\/www.ladiagonale.net\/#website","url":"https:\/\/www.ladiagonale.net\/","name":"La Diagonale","description":"Le site des supporters de l&#039;AS Monaco FC","potentialAction":[{"@type":"SearchAction","target":{"@type":"EntryPoint","urlTemplate":"https:\/\/www.ladiagonale.net\/?s={search_term_string}"},"query-input":"required name=search_term_string"}],"inLanguage":"fr-FR"},{"@type":"Person","@id":"https:\/\/www.ladiagonale.net\/#\/schema\/person\/79ff1e7b0853ed01b2aa26e64ad300bf","name":"Damien Dellerba","image":{"@type":"ImageObject","inLanguage":"fr-FR","@id":"https:\/\/www.ladiagonale.net\/#\/schema\/person\/image\/","url":"https:\/\/secure.gravatar.com\/avatar\/c7850e06d3ff63cdbaee88b7fc16e2f0?s=96&d=mm&r=g","contentUrl":"https:\/\/secure.gravatar.com\/avatar\/c7850e06d3ff63cdbaee88b7fc16e2f0?s=96&d=mm&r=g","caption":"Damien Dellerba"},"url":"https:\/\/www.ladiagonale.net\/index.php\/author\/damien\/"}]}},"_links":{"self":[{"href":"https:\/\/www.ladiagonale.net\/index.php\/wp-json\/wp\/v2\/posts\/37340"}],"collection":[{"href":"https:\/\/www.ladiagonale.net\/index.php\/wp-json\/wp\/v2\/posts"}],"about":[{"href":"https:\/\/www.ladiagonale.net\/index.php\/wp-json\/wp\/v2\/types\/post"}],"author":[{"embeddable":true,"href":"https:\/\/www.ladiagonale.net\/index.php\/wp-json\/wp\/v2\/users\/2"}],"replies":[{"embeddable":true,"href":"https:\/\/www.ladiagonale.net\/index.php\/wp-json\/wp\/v2\/comments?post=37340"}],"version-history":[{"count":1,"href":"https:\/\/www.ladiagonale.net\/index.php\/wp-json\/wp\/v2\/posts\/37340\/revisions"}],"predecessor-version":[{"id":37341,"href":"https:\/\/www.ladiagonale.net\/index.php\/wp-json\/wp\/v2\/posts\/37340\/revisions\/37341"}],"wp:attachment":[{"href":"https:\/\/www.ladiagonale.net\/index.php\/wp-json\/wp\/v2\/media?parent=37340"}],"wp:term":[{"taxonomy":"category","embeddable":true,"href":"https:\/\/www.ladiagonale.net\/index.php\/wp-json\/wp\/v2\/categories?post=37340"},{"taxonomy":"post_tag","embeddable":true,"href":"https:\/\/www.ladiagonale.net\/index.php\/wp-json\/wp\/v2\/tags?post=37340"}],"curies":[{"name":"wp","href":"https:\/\/api.w.org\/{rel}","templated":true}]}}