{"id":37342,"date":"2026-03-14T13:47:28","date_gmt":"2026-03-14T12:47:28","guid":{"rendered":"https:\/\/www.ladiagonale.net\/?p=37342"},"modified":"2026-03-14T13:47:28","modified_gmt":"2026-03-14T12:47:28","slug":"le-groupe-monegasque-avec-hradecky-et-ouattara","status":"publish","type":"post","link":"https:\/\/www.ladiagonale.net\/index.php\/2026\/03\/14\/le-groupe-monegasque-avec-hradecky-et-ouattara\/","title":{"rendered":"Le groupe mon\u00e9gasque : avec Hradecky et Ouattara"},"content":{"rendered":"\n<p>L&rsquo;AS Monaco enregistre deux retours pour la r\u00e9ception de Brest, ce samedi (21h05). Lukas Hradecky, qui a \u00e9t\u00e9 annonc\u00e9 titulaire par S\u00e9bastien Pocognoli, et Kassoum Ouattara reviennent dans le groupe apr\u00e8s de longues semaines d&rsquo;indisponibilit\u00e9.<\/p>\n\n\n\n<p>Stanis Idumbo est lui aussi convoqu\u00e9 par l&rsquo;entra\u00eeneur mon\u00e9gasque. Pape Cabral n&rsquo;est pas convoqu\u00e9.<\/p>\n\n\n\n<p>Le groupe mon\u00e9gasque<\/p>\n\n\n\n<ul><li><strong>Gardiens :<\/strong> Hradecky, K\u00f6hn, Lienard.<\/li><li><strong>D\u00e9fenseurs :<\/strong> Faes, Kherer, Mawissa, Nibomb\u00e9, Ouattara, Teze.<\/li><li><strong>Milieux :<\/strong> Akliouche, Bamba, Camara, Coulibaly, Golovin, Idumbo, Zakaria.<\/li><li><strong>Attaquants :<\/strong> Adingra, Balogun, Biereth, Brunner, Fati.<\/li><\/ul>\n\n\n\n<p><em>Absents :<\/em> C. Henrique, Vanderson, Salisu, Pogba, Diatta, Minamino (bless\u00e9s), Dier (reprise), Stawiecki, Cabral, Tour\u00e9 (choix).<\/p>\n\n\n","protected":false},"excerpt":{"rendered":"<p>L&rsquo;AS Monaco enregistre deux retours pour la r\u00e9ception de Brest, ce samedi (21h05). Lukas Hradecky, qui a \u00e9t\u00e9 annonc\u00e9 titulaire par S\u00e9bastien Pocognoli, et Kassoum Ouattara reviennent dans le groupe apr\u00e8s de longues semaines d&rsquo;indisponibilit\u00e9. Stanis Idumbo est lui aussi convoqu\u00e9 par l&rsquo;entra\u00eeneur mon\u00e9gasque. Pape Cabral n&rsquo;est pas convoqu\u00e9. Le groupe mon\u00e9gasque Gardiens : Hradecky, [&#8230;]\n","protected":false},"author":2,"featured_media":0,"comment_status":"open","ping_status":"open","sticky":false,"template":"","format":"standard","meta":[],"categories":[4,6,1000],"tags":[86,225,94,348],"yoast_head":"<!-- This site is optimized with the Yoast SEO plugin v19.8 - https:\/\/yoast.com\/wordpress\/plugins\/seo\/ -->\n<title>Le groupe mon\u00e9gasque : avec Hradecky et Ouattara - La Diagonale<\/title>\n<meta name=\"robots\" content=\"index, follow, max-snippet:-1, max-image-preview:large, max-video-preview:-1\" \/>\n<link rel=\"canonical\" href=\"https:\/\/www.ladiagonale.net\/index.php\/2026\/03\/14\/le-groupe-monegasque-avec-hradecky-et-ouattara\/\" \/>\n<meta property=\"og:locale\" content=\"fr_FR\" \/>\n<meta property=\"og:type\" content=\"article\" \/>\n<meta property=\"og:title\" content=\"Le groupe mon\u00e9gasque : avec Hradecky et Ouattara - La Diagonale\" \/>\n<meta property=\"og:description\" content=\"L&rsquo;AS Monaco enregistre deux retours pour la r\u00e9ception de Brest, ce samedi (21h05). Lukas Hradecky, qui a \u00e9t\u00e9 annonc\u00e9 titulaire par S\u00e9bastien Pocognoli, et Kassoum Ouattara reviennent dans le groupe apr\u00e8s de longues semaines d&rsquo;indisponibilit\u00e9. Stanis Idumbo est lui aussi convoqu\u00e9 par l&rsquo;entra\u00eeneur mon\u00e9gasque. Pape Cabral n&rsquo;est pas convoqu\u00e9. Le groupe mon\u00e9gasque Gardiens : Hradecky, [...]\" \/>\n<meta property=\"og:url\" content=\"https:\/\/www.ladiagonale.net\/index.php\/2026\/03\/14\/le-groupe-monegasque-avec-hradecky-et-ouattara\/\" \/>\n<meta property=\"og:site_name\" content=\"La Diagonale\" \/>\n<meta property=\"article:published_time\" content=\"2026-03-14T12:47:28+00:00\" \/>\n<meta property=\"og:image\" content=\"https:\/\/www.ladiagonale.net\/wp-content\/uploads\/2025\/10\/ouattara-toulouse.png\" \/>\n\t<meta property=\"og:image:width\" content=\"1160\" \/>\n\t<meta property=\"og:image:height\" content=\"650\" \/>\n\t<meta property=\"og:image:type\" content=\"image\/png\" \/>\n<meta name=\"author\" content=\"Damien Dellerba\" \/>\n<meta name=\"twitter:card\" content=\"summary_large_image\" \/>\n<meta name=\"twitter:image\" content=\"https:\/\/www.ladiagonale.net\/wp-content\/uploads\/2025\/10\/ouattara-toulouse.png\" \/>\n<meta name=\"twitter:label1\" content=\"\u00c9crit par\" \/>\n\t<meta name=\"twitter:data1\" content=\"Damien Dellerba\" \/>\n\t<meta name=\"twitter:label2\" content=\"Dur\u00e9e de lecture estim\u00e9e\" \/>\n\t<meta name=\"twitter:data2\" content=\"1 minute\" \/>\n<script type=\"application\/ld+json\" class=\"yoast-schema-graph\">{\"@context\":\"https:\/\/schema.org\",\"@graph\":[{\"@type\":\"WebPage\",\"@id\":\"https:\/\/www.ladiagonale.net\/index.php\/2026\/03\/14\/le-groupe-monegasque-avec-hradecky-et-ouattara\/\",\"url\":\"https:\/\/www.ladiagonale.net\/index.php\/2026\/03\/14\/le-groupe-monegasque-avec-hradecky-et-ouattara\/\",\"name\":\"Le groupe mon\u00e9gasque : avec Hradecky et Ouattara - La Diagonale\",\"isPartOf\":{\"@id\":\"https:\/\/www.ladiagonale.net\/#website\"},\"datePublished\":\"2026-03-14T12:47:28+00:00\",\"dateModified\":\"2026-03-14T12:47:28+00:00\",\"author\":{\"@id\":\"https:\/\/www.ladiagonale.net\/#\/schema\/person\/79ff1e7b0853ed01b2aa26e64ad300bf\"},\"breadcrumb\":{\"@id\":\"https:\/\/www.ladiagonale.net\/index.php\/2026\/03\/14\/le-groupe-monegasque-avec-hradecky-et-ouattara\/#breadcrumb\"},\"inLanguage\":\"fr-FR\",\"potentialAction\":[{\"@type\":\"ReadAction\",\"target\":[\"https:\/\/www.ladiagonale.net\/index.php\/2026\/03\/14\/le-groupe-monegasque-avec-hradecky-et-ouattara\/\"]}]},{\"@type\":\"BreadcrumbList\",\"@id\":\"https:\/\/www.ladiagonale.net\/index.php\/2026\/03\/14\/le-groupe-monegasque-avec-hradecky-et-ouattara\/#breadcrumb\",\"itemListElement\":[{\"@type\":\"ListItem\",\"position\":1,\"name\":\"Accueil\",\"item\":\"https:\/\/www.ladiagonale.net\/\"},{\"@type\":\"ListItem\",\"position\":2,\"name\":\"Le groupe mon\u00e9gasque : avec Hradecky et Ouattara\"}]},{\"@type\":\"WebSite\",\"@id\":\"https:\/\/www.ladiagonale.net\/#website\",\"url\":\"https:\/\/www.ladiagonale.net\/\",\"name\":\"La Diagonale\",\"description\":\"Le site des supporters de l&#039;AS Monaco FC\",\"potentialAction\":[{\"@type\":\"SearchAction\",\"target\":{\"@type\":\"EntryPoint\",\"urlTemplate\":\"https:\/\/www.ladiagonale.net\/?s={search_term_string}\"},\"query-input\":\"required name=search_term_string\"}],\"inLanguage\":\"fr-FR\"},{\"@type\":\"Person\",\"@id\":\"https:\/\/www.ladiagonale.net\/#\/schema\/person\/79ff1e7b0853ed01b2aa26e64ad300bf\",\"name\":\"Damien Dellerba\",\"image\":{\"@type\":\"ImageObject\",\"inLanguage\":\"fr-FR\",\"@id\":\"https:\/\/www.ladiagonale.net\/#\/schema\/person\/image\/\",\"url\":\"https:\/\/secure.gravatar.com\/avatar\/c7850e06d3ff63cdbaee88b7fc16e2f0?s=96&d=mm&r=g\",\"contentUrl\":\"https:\/\/secure.gravatar.com\/avatar\/c7850e06d3ff63cdbaee88b7fc16e2f0?s=96&d=mm&r=g\",\"caption\":\"Damien Dellerba\"},\"url\":\"https:\/\/www.ladiagonale.net\/index.php\/author\/damien\/\"}]}<\/script>\n<!-- \/ Yoast SEO plugin. -->","yoast_head_json":{"title":"Le groupe mon\u00e9gasque : avec Hradecky et Ouattara - La Diagonale","robots":{"index":"index","follow":"follow","max-snippet":"max-snippet:-1","max-image-preview":"max-image-preview:large","max-video-preview":"max-video-preview:-1"},"canonical":"https:\/\/www.ladiagonale.net\/index.php\/2026\/03\/14\/le-groupe-monegasque-avec-hradecky-et-ouattara\/","og_locale":"fr_FR","og_type":"article","og_title":"Le groupe mon\u00e9gasque : avec Hradecky et Ouattara - La Diagonale","og_description":"L&rsquo;AS Monaco enregistre deux retours pour la r\u00e9ception de Brest, ce samedi (21h05). Lukas Hradecky, qui a \u00e9t\u00e9 annonc\u00e9 titulaire par S\u00e9bastien Pocognoli, et Kassoum Ouattara reviennent dans le groupe apr\u00e8s de longues semaines d&rsquo;indisponibilit\u00e9. Stanis Idumbo est lui aussi convoqu\u00e9 par l&rsquo;entra\u00eeneur mon\u00e9gasque. Pape Cabral n&rsquo;est pas convoqu\u00e9. Le groupe mon\u00e9gasque Gardiens : Hradecky, [...]","og_url":"https:\/\/www.ladiagonale.net\/index.php\/2026\/03\/14\/le-groupe-monegasque-avec-hradecky-et-ouattara\/","og_site_name":"La Diagonale","article_published_time":"2026-03-14T12:47:28+00:00","og_image":[{"width":1160,"height":650,"url":"https:\/\/www.ladiagonale.net\/wp-content\/uploads\/2025\/10\/ouattara-toulouse.png","type":"image\/png"}],"author":"Damien Dellerba","twitter_card":"summary_large_image","twitter_image":"https:\/\/www.ladiagonale.net\/wp-content\/uploads\/2025\/10\/ouattara-toulouse.png","twitter_misc":{"\u00c9crit par":"Damien Dellerba","Dur\u00e9e de lecture estim\u00e9e":"1 minute"},"schema":{"@context":"https:\/\/schema.org","@graph":[{"@type":"WebPage","@id":"https:\/\/www.ladiagonale.net\/index.php\/2026\/03\/14\/le-groupe-monegasque-avec-hradecky-et-ouattara\/","url":"https:\/\/www.ladiagonale.net\/index.php\/2026\/03\/14\/le-groupe-monegasque-avec-hradecky-et-ouattara\/","name":"Le groupe mon\u00e9gasque : avec Hradecky et Ouattara - La Diagonale","isPartOf":{"@id":"https:\/\/www.ladiagonale.net\/#website"},"datePublished":"2026-03-14T12:47:28+00:00","dateModified":"2026-03-14T12:47:28+00:00","author":{"@id":"https:\/\/www.ladiagonale.net\/#\/schema\/person\/79ff1e7b0853ed01b2aa26e64ad300bf"},"breadcrumb":{"@id":"https:\/\/www.ladiagonale.net\/index.php\/2026\/03\/14\/le-groupe-monegasque-avec-hradecky-et-ouattara\/#breadcrumb"},"inLanguage":"fr-FR","potentialAction":[{"@type":"ReadAction","target":["https:\/\/www.ladiagonale.net\/index.php\/2026\/03\/14\/le-groupe-monegasque-avec-hradecky-et-ouattara\/"]}]},{"@type":"BreadcrumbList","@id":"https:\/\/www.ladiagonale.net\/index.php\/2026\/03\/14\/le-groupe-monegasque-avec-hradecky-et-ouattara\/#breadcrumb","itemListElement":[{"@type":"ListItem","position":1,"name":"Accueil","item":"https:\/\/www.ladiagonale.net\/"},{"@type":"ListItem","position":2,"name":"Le groupe mon\u00e9gasque : avec Hradecky et Ouattara"}]},{"@type":"WebSite","@id":"https:\/\/www.ladiagonale.net\/#website","url":"https:\/\/www.ladiagonale.net\/","name":"La Diagonale","description":"Le site des supporters de l&#039;AS Monaco FC","potentialAction":[{"@type":"SearchAction","target":{"@type":"EntryPoint","urlTemplate":"https:\/\/www.ladiagonale.net\/?s={search_term_string}"},"query-input":"required name=search_term_string"}],"inLanguage":"fr-FR"},{"@type":"Person","@id":"https:\/\/www.ladiagonale.net\/#\/schema\/person\/79ff1e7b0853ed01b2aa26e64ad300bf","name":"Damien Dellerba","image":{"@type":"ImageObject","inLanguage":"fr-FR","@id":"https:\/\/www.ladiagonale.net\/#\/schema\/person\/image\/","url":"https:\/\/secure.gravatar.com\/avatar\/c7850e06d3ff63cdbaee88b7fc16e2f0?s=96&d=mm&r=g","contentUrl":"https:\/\/secure.gravatar.com\/avatar\/c7850e06d3ff63cdbaee88b7fc16e2f0?s=96&d=mm&r=g","caption":"Damien Dellerba"},"url":"https:\/\/www.ladiagonale.net\/index.php\/author\/damien\/"}]}},"_links":{"self":[{"href":"https:\/\/www.ladiagonale.net\/index.php\/wp-json\/wp\/v2\/posts\/37342"}],"collection":[{"href":"https:\/\/www.ladiagonale.net\/index.php\/wp-json\/wp\/v2\/posts"}],"about":[{"href":"https:\/\/www.ladiagonale.net\/index.php\/wp-json\/wp\/v2\/types\/post"}],"author":[{"embeddable":true,"href":"https:\/\/www.ladiagonale.net\/index.php\/wp-json\/wp\/v2\/users\/2"}],"replies":[{"embeddable":true,"href":"https:\/\/www.ladiagonale.net\/index.php\/wp-json\/wp\/v2\/comments?post=37342"}],"version-history":[{"count":1,"href":"https:\/\/www.ladiagonale.net\/index.php\/wp-json\/wp\/v2\/posts\/37342\/revisions"}],"predecessor-version":[{"id":37343,"href":"https:\/\/www.ladiagonale.net\/index.php\/wp-json\/wp\/v2\/posts\/37342\/revisions\/37343"}],"wp:attachment":[{"href":"https:\/\/www.ladiagonale.net\/index.php\/wp-json\/wp\/v2\/media?parent=37342"}],"wp:term":[{"taxonomy":"category","embeddable":true,"href":"https:\/\/www.ladiagonale.net\/index.php\/wp-json\/wp\/v2\/categories?post=37342"},{"taxonomy":"post_tag","embeddable":true,"href":"https:\/\/www.ladiagonale.net\/index.php\/wp-json\/wp\/v2\/tags?post=37342"}],"curies":[{"name":"wp","href":"https:\/\/api.w.org\/{rel}","templated":true}]}}