{"id":37346,"date":"2026-03-14T20:14:30","date_gmt":"2026-03-14T19:14:30","guid":{"rendered":"https:\/\/www.ladiagonale.net\/?p=37346"},"modified":"2026-03-14T20:14:31","modified_gmt":"2026-03-14T19:14:31","slug":"les-compositions-teze-et-adingra-titulaires","status":"publish","type":"post","link":"https:\/\/www.ladiagonale.net\/index.php\/2026\/03\/14\/les-compositions-teze-et-adingra-titulaires\/","title":{"rendered":"Les compositions : Teze et Adingra titulaires"},"content":{"rendered":"\n\n\n<p>Confront\u00e9 aux blessures de Caio Henrique et de Vanderson, S\u00e9bastien Pocognoli doit renouveler ses pistons. \u00c0 droite, Jordan Teze est titularis\u00e9, tandis que le couloir gauche sera occup\u00e9 par Simon Adingra. Au milieu de terrain, Aladji Bamba est titularis\u00e9 au c\u00f4t\u00e9 de Lamine Camara.<\/p>\n\n\n\n<p>Comme il l\u2019avait annonc\u00e9 en conf\u00e9rence de presse, le Belge a remis Lukas Hradecky dans le but.<\/p>\n\n\n\n<p><strong>AS Monaco (3-4-2-1) :<\/strong> Hradecky &#8211; Kehrer, Zakaria (cap.), Faes &#8211; Teze, Camara, Bamba, Adingra &#8211; Akliouche, Golovin &#8211; Balogun.<\/p>\n\n\n\n<p><em>Rempla\u00e7ants : <\/em>K\u00f6hn (g.), Mawissa, Nibomb\u00e9, Ouattara, Coulibaly, Idumbo, Fati, Brunner, Biereth.<\/p>\n\n\n\n<p><strong>Stade Brestois 29 (4-2-3-1) :<\/strong> Coudert &#8211; Lala, Chardonnet (cap), J.Diaz, Guindo &#8211; Magnetti, Chotard &#8211; Del Castillo, K.Doumbia, Dina Ebimbe &#8211; Ajorque. <\/p>\n\n\n\n<p><em>Rempla\u00e7ants :<\/em> Jauny (g.), Coulibaly, Zogb\u00e9, Makalou, Tousart, Labeau Lascary, Mboup.<\/p>\n","protected":false},"excerpt":{"rendered":"<p>Confront\u00e9 aux blessures de Caio Henrique et de Vanderson, S\u00e9bastien Pocognoli doit renouveler ses pistons. \u00c0 droite, Jordan Teze est titularis\u00e9, tandis que le couloir gauche sera occup\u00e9 par Simon Adingra. Au milieu de terrain, Aladji Bamba est titularis\u00e9 au c\u00f4t\u00e9 de Lamine Camara. Comme il l\u2019avait annonc\u00e9 en conf\u00e9rence de presse, le Belge a [&#8230;]\n","protected":false},"author":1,"featured_media":0,"comment_status":"open","ping_status":"open","sticky":false,"template":"","format":"standard","meta":[],"categories":[4,6,1000],"tags":[86,213,94,348],"yoast_head":"<!-- This site is optimized with the Yoast SEO plugin v19.8 - https:\/\/yoast.com\/wordpress\/plugins\/seo\/ -->\n<title>Les compositions : Teze et Adingra titulaires - La Diagonale<\/title>\n<meta name=\"robots\" content=\"index, follow, max-snippet:-1, max-image-preview:large, max-video-preview:-1\" \/>\n<link rel=\"canonical\" href=\"https:\/\/www.ladiagonale.net\/index.php\/2026\/03\/14\/les-compositions-teze-et-adingra-titulaires\/\" \/>\n<meta property=\"og:locale\" content=\"fr_FR\" \/>\n<meta property=\"og:type\" content=\"article\" \/>\n<meta property=\"og:title\" content=\"Les compositions : Teze et Adingra titulaires - La Diagonale\" \/>\n<meta property=\"og:description\" content=\"Confront\u00e9 aux blessures de Caio Henrique et de Vanderson, S\u00e9bastien Pocognoli doit renouveler ses pistons. \u00c0 droite, Jordan Teze est titularis\u00e9, tandis que le couloir gauche sera occup\u00e9 par Simon Adingra. Au milieu de terrain, Aladji Bamba est titularis\u00e9 au c\u00f4t\u00e9 de Lamine Camara. Comme il l\u2019avait annonc\u00e9 en conf\u00e9rence de presse, le Belge a [...]\" \/>\n<meta property=\"og:url\" content=\"https:\/\/www.ladiagonale.net\/index.php\/2026\/03\/14\/les-compositions-teze-et-adingra-titulaires\/\" \/>\n<meta property=\"og:site_name\" content=\"La Diagonale\" \/>\n<meta property=\"article:published_time\" content=\"2026-03-14T19:14:30+00:00\" \/>\n<meta property=\"article:modified_time\" content=\"2026-03-14T19:14:31+00:00\" \/>\n<meta property=\"og:image\" content=\"https:\/\/www.ladiagonale.net\/wp-content\/uploads\/2025\/09\/Teze-Strasbourg.png\" \/>\n\t<meta property=\"og:image:width\" content=\"1160\" \/>\n\t<meta property=\"og:image:height\" content=\"650\" \/>\n\t<meta property=\"og:image:type\" content=\"image\/png\" \/>\n<meta name=\"author\" content=\"admin\" \/>\n<meta name=\"twitter:card\" content=\"summary_large_image\" \/>\n<meta name=\"twitter:image\" content=\"https:\/\/www.ladiagonale.net\/wp-content\/uploads\/2025\/09\/Teze-Strasbourg.png\" \/>\n<meta name=\"twitter:label1\" content=\"\u00c9crit par\" \/>\n\t<meta name=\"twitter:data1\" content=\"admin\" \/>\n\t<meta name=\"twitter:label2\" content=\"Dur\u00e9e de lecture estim\u00e9e\" \/>\n\t<meta name=\"twitter:data2\" content=\"1 minute\" \/>\n<script type=\"application\/ld+json\" class=\"yoast-schema-graph\">{\"@context\":\"https:\/\/schema.org\",\"@graph\":[{\"@type\":\"WebPage\",\"@id\":\"https:\/\/www.ladiagonale.net\/index.php\/2026\/03\/14\/les-compositions-teze-et-adingra-titulaires\/\",\"url\":\"https:\/\/www.ladiagonale.net\/index.php\/2026\/03\/14\/les-compositions-teze-et-adingra-titulaires\/\",\"name\":\"Les compositions : Teze et Adingra titulaires - La Diagonale\",\"isPartOf\":{\"@id\":\"https:\/\/www.ladiagonale.net\/#website\"},\"datePublished\":\"2026-03-14T19:14:30+00:00\",\"dateModified\":\"2026-03-14T19:14:31+00:00\",\"author\":{\"@id\":\"https:\/\/www.ladiagonale.net\/#\/schema\/person\/03fa041acd51875ece8bf97a37252a4d\"},\"breadcrumb\":{\"@id\":\"https:\/\/www.ladiagonale.net\/index.php\/2026\/03\/14\/les-compositions-teze-et-adingra-titulaires\/#breadcrumb\"},\"inLanguage\":\"fr-FR\",\"potentialAction\":[{\"@type\":\"ReadAction\",\"target\":[\"https:\/\/www.ladiagonale.net\/index.php\/2026\/03\/14\/les-compositions-teze-et-adingra-titulaires\/\"]}]},{\"@type\":\"BreadcrumbList\",\"@id\":\"https:\/\/www.ladiagonale.net\/index.php\/2026\/03\/14\/les-compositions-teze-et-adingra-titulaires\/#breadcrumb\",\"itemListElement\":[{\"@type\":\"ListItem\",\"position\":1,\"name\":\"Accueil\",\"item\":\"https:\/\/www.ladiagonale.net\/\"},{\"@type\":\"ListItem\",\"position\":2,\"name\":\"Les compositions : Teze et Adingra titulaires\"}]},{\"@type\":\"WebSite\",\"@id\":\"https:\/\/www.ladiagonale.net\/#website\",\"url\":\"https:\/\/www.ladiagonale.net\/\",\"name\":\"La Diagonale\",\"description\":\"Le site des supporters de l&#039;AS Monaco FC\",\"potentialAction\":[{\"@type\":\"SearchAction\",\"target\":{\"@type\":\"EntryPoint\",\"urlTemplate\":\"https:\/\/www.ladiagonale.net\/?s={search_term_string}\"},\"query-input\":\"required name=search_term_string\"}],\"inLanguage\":\"fr-FR\"},{\"@type\":\"Person\",\"@id\":\"https:\/\/www.ladiagonale.net\/#\/schema\/person\/03fa041acd51875ece8bf97a37252a4d\",\"name\":\"admin\",\"image\":{\"@type\":\"ImageObject\",\"inLanguage\":\"fr-FR\",\"@id\":\"https:\/\/www.ladiagonale.net\/#\/schema\/person\/image\/\",\"url\":\"https:\/\/secure.gravatar.com\/avatar\/894b9daaf19cc759b072b6bb09cac5f2?s=96&d=mm&r=g\",\"contentUrl\":\"https:\/\/secure.gravatar.com\/avatar\/894b9daaf19cc759b072b6bb09cac5f2?s=96&d=mm&r=g\",\"caption\":\"admin\"},\"sameAs\":[\"https:\/\/v2.ladiagonale.net\"],\"url\":\"https:\/\/www.ladiagonale.net\/index.php\/author\/admin\/\"}]}<\/script>\n<!-- \/ Yoast SEO plugin. -->","yoast_head_json":{"title":"Les compositions : Teze et Adingra titulaires - La Diagonale","robots":{"index":"index","follow":"follow","max-snippet":"max-snippet:-1","max-image-preview":"max-image-preview:large","max-video-preview":"max-video-preview:-1"},"canonical":"https:\/\/www.ladiagonale.net\/index.php\/2026\/03\/14\/les-compositions-teze-et-adingra-titulaires\/","og_locale":"fr_FR","og_type":"article","og_title":"Les compositions : Teze et Adingra titulaires - La Diagonale","og_description":"Confront\u00e9 aux blessures de Caio Henrique et de Vanderson, S\u00e9bastien Pocognoli doit renouveler ses pistons. \u00c0 droite, Jordan Teze est titularis\u00e9, tandis que le couloir gauche sera occup\u00e9 par Simon Adingra. Au milieu de terrain, Aladji Bamba est titularis\u00e9 au c\u00f4t\u00e9 de Lamine Camara. Comme il l\u2019avait annonc\u00e9 en conf\u00e9rence de presse, le Belge a [...]","og_url":"https:\/\/www.ladiagonale.net\/index.php\/2026\/03\/14\/les-compositions-teze-et-adingra-titulaires\/","og_site_name":"La Diagonale","article_published_time":"2026-03-14T19:14:30+00:00","article_modified_time":"2026-03-14T19:14:31+00:00","og_image":[{"width":1160,"height":650,"url":"https:\/\/www.ladiagonale.net\/wp-content\/uploads\/2025\/09\/Teze-Strasbourg.png","type":"image\/png"}],"author":"admin","twitter_card":"summary_large_image","twitter_image":"https:\/\/www.ladiagonale.net\/wp-content\/uploads\/2025\/09\/Teze-Strasbourg.png","twitter_misc":{"\u00c9crit par":"admin","Dur\u00e9e de lecture estim\u00e9e":"1 minute"},"schema":{"@context":"https:\/\/schema.org","@graph":[{"@type":"WebPage","@id":"https:\/\/www.ladiagonale.net\/index.php\/2026\/03\/14\/les-compositions-teze-et-adingra-titulaires\/","url":"https:\/\/www.ladiagonale.net\/index.php\/2026\/03\/14\/les-compositions-teze-et-adingra-titulaires\/","name":"Les compositions : Teze et Adingra titulaires - La Diagonale","isPartOf":{"@id":"https:\/\/www.ladiagonale.net\/#website"},"datePublished":"2026-03-14T19:14:30+00:00","dateModified":"2026-03-14T19:14:31+00:00","author":{"@id":"https:\/\/www.ladiagonale.net\/#\/schema\/person\/03fa041acd51875ece8bf97a37252a4d"},"breadcrumb":{"@id":"https:\/\/www.ladiagonale.net\/index.php\/2026\/03\/14\/les-compositions-teze-et-adingra-titulaires\/#breadcrumb"},"inLanguage":"fr-FR","potentialAction":[{"@type":"ReadAction","target":["https:\/\/www.ladiagonale.net\/index.php\/2026\/03\/14\/les-compositions-teze-et-adingra-titulaires\/"]}]},{"@type":"BreadcrumbList","@id":"https:\/\/www.ladiagonale.net\/index.php\/2026\/03\/14\/les-compositions-teze-et-adingra-titulaires\/#breadcrumb","itemListElement":[{"@type":"ListItem","position":1,"name":"Accueil","item":"https:\/\/www.ladiagonale.net\/"},{"@type":"ListItem","position":2,"name":"Les compositions : Teze et Adingra titulaires"}]},{"@type":"WebSite","@id":"https:\/\/www.ladiagonale.net\/#website","url":"https:\/\/www.ladiagonale.net\/","name":"La Diagonale","description":"Le site des supporters de l&#039;AS Monaco FC","potentialAction":[{"@type":"SearchAction","target":{"@type":"EntryPoint","urlTemplate":"https:\/\/www.ladiagonale.net\/?s={search_term_string}"},"query-input":"required name=search_term_string"}],"inLanguage":"fr-FR"},{"@type":"Person","@id":"https:\/\/www.ladiagonale.net\/#\/schema\/person\/03fa041acd51875ece8bf97a37252a4d","name":"admin","image":{"@type":"ImageObject","inLanguage":"fr-FR","@id":"https:\/\/www.ladiagonale.net\/#\/schema\/person\/image\/","url":"https:\/\/secure.gravatar.com\/avatar\/894b9daaf19cc759b072b6bb09cac5f2?s=96&d=mm&r=g","contentUrl":"https:\/\/secure.gravatar.com\/avatar\/894b9daaf19cc759b072b6bb09cac5f2?s=96&d=mm&r=g","caption":"admin"},"sameAs":["https:\/\/v2.ladiagonale.net"],"url":"https:\/\/www.ladiagonale.net\/index.php\/author\/admin\/"}]}},"_links":{"self":[{"href":"https:\/\/www.ladiagonale.net\/index.php\/wp-json\/wp\/v2\/posts\/37346"}],"collection":[{"href":"https:\/\/www.ladiagonale.net\/index.php\/wp-json\/wp\/v2\/posts"}],"about":[{"href":"https:\/\/www.ladiagonale.net\/index.php\/wp-json\/wp\/v2\/types\/post"}],"author":[{"embeddable":true,"href":"https:\/\/www.ladiagonale.net\/index.php\/wp-json\/wp\/v2\/users\/1"}],"replies":[{"embeddable":true,"href":"https:\/\/www.ladiagonale.net\/index.php\/wp-json\/wp\/v2\/comments?post=37346"}],"version-history":[{"count":3,"href":"https:\/\/www.ladiagonale.net\/index.php\/wp-json\/wp\/v2\/posts\/37346\/revisions"}],"predecessor-version":[{"id":37350,"href":"https:\/\/www.ladiagonale.net\/index.php\/wp-json\/wp\/v2\/posts\/37346\/revisions\/37350"}],"wp:attachment":[{"href":"https:\/\/www.ladiagonale.net\/index.php\/wp-json\/wp\/v2\/media?parent=37346"}],"wp:term":[{"taxonomy":"category","embeddable":true,"href":"https:\/\/www.ladiagonale.net\/index.php\/wp-json\/wp\/v2\/categories?post=37346"},{"taxonomy":"post_tag","embeddable":true,"href":"https:\/\/www.ladiagonale.net\/index.php\/wp-json\/wp\/v2\/tags?post=37346"}],"curies":[{"name":"wp","href":"https:\/\/api.w.org\/{rel}","templated":true}]}}