{"id":37360,"date":"2026-03-15T19:30:06","date_gmt":"2026-03-15T18:30:06","guid":{"rendered":"https:\/\/www.ladiagonale.net\/?p=37360"},"modified":"2026-03-15T19:30:07","modified_gmt":"2026-03-15T18:30:07","slug":"pocognoli-un-beau-travail-collectif","status":"publish","type":"post","link":"https:\/\/www.ladiagonale.net\/index.php\/2026\/03\/15\/pocognoli-un-beau-travail-collectif\/","title":{"rendered":"Pocognoli : \u00ab\u00a0Un beau travail collectif\u00a0\u00bb"},"content":{"rendered":"\n\n\n<p>Samedi soir, l\u2019AS Monaco a remport\u00e9 sa cinqui\u00e8me victoire de rang en Championnat, contre Brest, une \u00e9quipe qui \u00e9tait en aussi grande forme : \u00ab\u00a0<em>Sur le papier, on pouvait imaginer un l\u00e9ger avantage pour nous, mais la r\u00e9alit\u00e9 du moment montrait deux \u00e9quipes en grande forme<\/em>, analysait S\u00e9bastien Pocognoli \u00e0 l\u2019issue de la rencontre. <em>Remporter ce type de match 2-0, en \u00e9tant solides d\u00e9fensivement, forts dans l\u2019\u00e9tat d\u2019esprit et efficaces dans les moments d\u00e9cisifs, me procure beaucoup de satisfaction. Sur une saison, ce sont aussi ce type de victoires qui permettent de progresser et de continuer \u00e0 avancer.\u00a0<\/em>\u00bb<\/p>\n\n\n\n<p>L\u2019entra\u00eeneur belge est satisfait d\u2019avoir vu son \u00e9quipe en capacit\u00e9 de r\u00e9pondre au d\u00e9fi physique de l\u2019adversaire :\u00a0\u00ab\u00a0<em>L\u2019\u00e9quipe a tr\u00e8s bien travaill\u00e9. Le Stade Brestois met \u00e9norm\u00e9ment de d\u00e9fi physique et sollicite beaucoup l\u2019aspect d\u00e9fensif, notamment sur les seconds ballons o\u00f9 le milieu de terrain est tr\u00e8s expos\u00e9. C\u2019est un adversaire diff\u00e9rent du Paris Saint-Germain, mais dans leur style, ils font probablement partie des meilleurs en France. Je suis donc tr\u00e8s heureux de la mani\u00e8re dont nous avons su r\u00e9pondre \u00e0 ces exigences. Ils nous ont \u00e9galement pos\u00e9 des probl\u00e8mes dans notre animation avec le ballon. Nous avons eu de bons moments, mais nous avons aussi d\u00fb nous adapter \u00e0 leur organisation tactique.<\/em>\u00a0\u00bb<\/p>\n\n\n\n<p>Pocognoli a salu\u00e9 l\u2019apport des entrants et le travail collectif de son \u00e9quipe : \u00ab\u00a0<em>Encore une fois les rempla\u00e7ants ont beaucoup apport\u00e9. (\u2026) Vers la 60e minute, on sentait une petite baisse physique. C\u2019\u00e9tait le moment d\u2019apporter du sang neuf et les joueurs qui sont entr\u00e9s ont tr\u00e8s bien r\u00e9pondu. Dans les dix derni\u00e8res minutes, avec des pistons frais sur les c\u00f4t\u00e9s, cela nous a permis d\u2019apporter davantage de solidit\u00e9 et de couper les derni\u00e8res tentatives offensives de Brest afin de repartir avec le clean sheet. C\u2019est un beau travail collectif !<\/em>\u00a0\u00bb<\/p>\n\n\n\n<p>Dimanche prochain, l\u2019ASM se jaugera face \u00e0 Lyon, un concurrent direct pour le podium : \u00ab\u00a0<em>C\u2019est forc\u00e9ment un signal positif parce que nous sommes dans une bonne dynamique. Mais j\u2019aime rappeler que nous revenons de tr\u00e8s loin cette saison. Nous n\u2019avons pas la pr\u00e9tention d\u2019annoncer que nous devons viser telle ou telle place. On verra d\u00e9j\u00e0 o\u00f9 nous nous situons au classement apr\u00e8s les matches du week-end. Notre seule ambition est de continuer cette s\u00e9rie et de faire les comptes \u00e0 la fin de la saison. Si nous poursuivons sur ce rythme, il sera \u00e9videmment possible d\u2019\u00eatre ambitieux mais le pass\u00e9 r\u00e9cent doit nous rappeler de rester humbles et de continuer \u00e0 travailler avec rigueur et esprit collectif.\u00a0<\/em>\u00bb<\/p>\n\n\n\n<p class=\"has-text-align-right has-small-font-size\">Source : <em>AS Monaco<\/em><\/p>\n","protected":false},"excerpt":{"rendered":"<p>Samedi soir, l\u2019AS Monaco a remport\u00e9 sa cinqui\u00e8me victoire de rang en Championnat, contre Brest, une \u00e9quipe qui \u00e9tait en aussi grande forme : \u00ab\u00a0Sur le papier, on pouvait imaginer un l\u00e9ger avantage pour nous, mais la r\u00e9alit\u00e9 du moment montrait deux \u00e9quipes en grande forme, analysait S\u00e9bastien Pocognoli \u00e0 l\u2019issue de la rencontre. Remporter [&#8230;]\n","protected":false},"author":2,"featured_media":0,"comment_status":"open","ping_status":"open","sticky":false,"template":"","format":"standard","meta":[],"categories":[6,1000],"tags":[86,94,348,1140],"yoast_head":"<!-- This site is optimized with the Yoast SEO plugin v19.8 - https:\/\/yoast.com\/wordpress\/plugins\/seo\/ -->\n<title>Pocognoli : \u00ab\u00a0Un beau travail collectif\u00a0\u00bb - La Diagonale<\/title>\n<meta name=\"robots\" content=\"index, follow, max-snippet:-1, max-image-preview:large, max-video-preview:-1\" \/>\n<link rel=\"canonical\" href=\"https:\/\/www.ladiagonale.net\/index.php\/2026\/03\/15\/pocognoli-un-beau-travail-collectif\/\" \/>\n<meta property=\"og:locale\" content=\"fr_FR\" \/>\n<meta property=\"og:type\" content=\"article\" \/>\n<meta property=\"og:title\" content=\"Pocognoli : \u00ab\u00a0Un beau travail collectif\u00a0\u00bb - La Diagonale\" \/>\n<meta property=\"og:description\" content=\"Samedi soir, l\u2019AS Monaco a remport\u00e9 sa cinqui\u00e8me victoire de rang en Championnat, contre Brest, une \u00e9quipe qui \u00e9tait en aussi grande forme : \u00ab\u00a0Sur le papier, on pouvait imaginer un l\u00e9ger avantage pour nous, mais la r\u00e9alit\u00e9 du moment montrait deux \u00e9quipes en grande forme, analysait S\u00e9bastien Pocognoli \u00e0 l\u2019issue de la rencontre. Remporter [...]\" \/>\n<meta property=\"og:url\" content=\"https:\/\/www.ladiagonale.net\/index.php\/2026\/03\/15\/pocognoli-un-beau-travail-collectif\/\" \/>\n<meta property=\"og:site_name\" content=\"La Diagonale\" \/>\n<meta property=\"article:published_time\" content=\"2026-03-15T18:30:06+00:00\" \/>\n<meta property=\"article:modified_time\" content=\"2026-03-15T18:30:07+00:00\" \/>\n<meta property=\"og:image\" content=\"https:\/\/www.ladiagonale.net\/wp-content\/uploads\/2025\/10\/Poco-Kehrer.png\" \/>\n\t<meta property=\"og:image:width\" content=\"1160\" \/>\n\t<meta property=\"og:image:height\" content=\"650\" \/>\n\t<meta property=\"og:image:type\" content=\"image\/png\" \/>\n<meta name=\"author\" content=\"Damien Dellerba\" \/>\n<meta name=\"twitter:card\" content=\"summary_large_image\" \/>\n<meta name=\"twitter:image\" content=\"https:\/\/www.ladiagonale.net\/wp-content\/uploads\/2025\/10\/Poco-Kehrer.png\" \/>\n<meta name=\"twitter:label1\" content=\"\u00c9crit par\" \/>\n\t<meta name=\"twitter:data1\" content=\"Damien Dellerba\" \/>\n\t<meta name=\"twitter:label2\" content=\"Dur\u00e9e de lecture estim\u00e9e\" \/>\n\t<meta name=\"twitter:data2\" content=\"3 minutes\" \/>\n<script type=\"application\/ld+json\" class=\"yoast-schema-graph\">{\"@context\":\"https:\/\/schema.org\",\"@graph\":[{\"@type\":\"WebPage\",\"@id\":\"https:\/\/www.ladiagonale.net\/index.php\/2026\/03\/15\/pocognoli-un-beau-travail-collectif\/\",\"url\":\"https:\/\/www.ladiagonale.net\/index.php\/2026\/03\/15\/pocognoli-un-beau-travail-collectif\/\",\"name\":\"Pocognoli : \u00ab\u00a0Un beau travail collectif\u00a0\u00bb - La Diagonale\",\"isPartOf\":{\"@id\":\"https:\/\/www.ladiagonale.net\/#website\"},\"datePublished\":\"2026-03-15T18:30:06+00:00\",\"dateModified\":\"2026-03-15T18:30:07+00:00\",\"author\":{\"@id\":\"https:\/\/www.ladiagonale.net\/#\/schema\/person\/79ff1e7b0853ed01b2aa26e64ad300bf\"},\"breadcrumb\":{\"@id\":\"https:\/\/www.ladiagonale.net\/index.php\/2026\/03\/15\/pocognoli-un-beau-travail-collectif\/#breadcrumb\"},\"inLanguage\":\"fr-FR\",\"potentialAction\":[{\"@type\":\"ReadAction\",\"target\":[\"https:\/\/www.ladiagonale.net\/index.php\/2026\/03\/15\/pocognoli-un-beau-travail-collectif\/\"]}]},{\"@type\":\"BreadcrumbList\",\"@id\":\"https:\/\/www.ladiagonale.net\/index.php\/2026\/03\/15\/pocognoli-un-beau-travail-collectif\/#breadcrumb\",\"itemListElement\":[{\"@type\":\"ListItem\",\"position\":1,\"name\":\"Accueil\",\"item\":\"https:\/\/www.ladiagonale.net\/\"},{\"@type\":\"ListItem\",\"position\":2,\"name\":\"Pocognoli : \u00ab\u00a0Un beau travail collectif\u00a0\u00bb\"}]},{\"@type\":\"WebSite\",\"@id\":\"https:\/\/www.ladiagonale.net\/#website\",\"url\":\"https:\/\/www.ladiagonale.net\/\",\"name\":\"La Diagonale\",\"description\":\"Le site des supporters de l&#039;AS Monaco FC\",\"potentialAction\":[{\"@type\":\"SearchAction\",\"target\":{\"@type\":\"EntryPoint\",\"urlTemplate\":\"https:\/\/www.ladiagonale.net\/?s={search_term_string}\"},\"query-input\":\"required name=search_term_string\"}],\"inLanguage\":\"fr-FR\"},{\"@type\":\"Person\",\"@id\":\"https:\/\/www.ladiagonale.net\/#\/schema\/person\/79ff1e7b0853ed01b2aa26e64ad300bf\",\"name\":\"Damien Dellerba\",\"image\":{\"@type\":\"ImageObject\",\"inLanguage\":\"fr-FR\",\"@id\":\"https:\/\/www.ladiagonale.net\/#\/schema\/person\/image\/\",\"url\":\"https:\/\/secure.gravatar.com\/avatar\/c7850e06d3ff63cdbaee88b7fc16e2f0?s=96&d=mm&r=g\",\"contentUrl\":\"https:\/\/secure.gravatar.com\/avatar\/c7850e06d3ff63cdbaee88b7fc16e2f0?s=96&d=mm&r=g\",\"caption\":\"Damien Dellerba\"},\"url\":\"https:\/\/www.ladiagonale.net\/index.php\/author\/damien\/\"}]}<\/script>\n<!-- \/ Yoast SEO plugin. -->","yoast_head_json":{"title":"Pocognoli : \u00ab\u00a0Un beau travail collectif\u00a0\u00bb - La Diagonale","robots":{"index":"index","follow":"follow","max-snippet":"max-snippet:-1","max-image-preview":"max-image-preview:large","max-video-preview":"max-video-preview:-1"},"canonical":"https:\/\/www.ladiagonale.net\/index.php\/2026\/03\/15\/pocognoli-un-beau-travail-collectif\/","og_locale":"fr_FR","og_type":"article","og_title":"Pocognoli : \u00ab\u00a0Un beau travail collectif\u00a0\u00bb - La Diagonale","og_description":"Samedi soir, l\u2019AS Monaco a remport\u00e9 sa cinqui\u00e8me victoire de rang en Championnat, contre Brest, une \u00e9quipe qui \u00e9tait en aussi grande forme : \u00ab\u00a0Sur le papier, on pouvait imaginer un l\u00e9ger avantage pour nous, mais la r\u00e9alit\u00e9 du moment montrait deux \u00e9quipes en grande forme, analysait S\u00e9bastien Pocognoli \u00e0 l\u2019issue de la rencontre. Remporter [...]","og_url":"https:\/\/www.ladiagonale.net\/index.php\/2026\/03\/15\/pocognoli-un-beau-travail-collectif\/","og_site_name":"La Diagonale","article_published_time":"2026-03-15T18:30:06+00:00","article_modified_time":"2026-03-15T18:30:07+00:00","og_image":[{"width":1160,"height":650,"url":"https:\/\/www.ladiagonale.net\/wp-content\/uploads\/2025\/10\/Poco-Kehrer.png","type":"image\/png"}],"author":"Damien Dellerba","twitter_card":"summary_large_image","twitter_image":"https:\/\/www.ladiagonale.net\/wp-content\/uploads\/2025\/10\/Poco-Kehrer.png","twitter_misc":{"\u00c9crit par":"Damien Dellerba","Dur\u00e9e de lecture estim\u00e9e":"3 minutes"},"schema":{"@context":"https:\/\/schema.org","@graph":[{"@type":"WebPage","@id":"https:\/\/www.ladiagonale.net\/index.php\/2026\/03\/15\/pocognoli-un-beau-travail-collectif\/","url":"https:\/\/www.ladiagonale.net\/index.php\/2026\/03\/15\/pocognoli-un-beau-travail-collectif\/","name":"Pocognoli : \u00ab\u00a0Un beau travail collectif\u00a0\u00bb - La Diagonale","isPartOf":{"@id":"https:\/\/www.ladiagonale.net\/#website"},"datePublished":"2026-03-15T18:30:06+00:00","dateModified":"2026-03-15T18:30:07+00:00","author":{"@id":"https:\/\/www.ladiagonale.net\/#\/schema\/person\/79ff1e7b0853ed01b2aa26e64ad300bf"},"breadcrumb":{"@id":"https:\/\/www.ladiagonale.net\/index.php\/2026\/03\/15\/pocognoli-un-beau-travail-collectif\/#breadcrumb"},"inLanguage":"fr-FR","potentialAction":[{"@type":"ReadAction","target":["https:\/\/www.ladiagonale.net\/index.php\/2026\/03\/15\/pocognoli-un-beau-travail-collectif\/"]}]},{"@type":"BreadcrumbList","@id":"https:\/\/www.ladiagonale.net\/index.php\/2026\/03\/15\/pocognoli-un-beau-travail-collectif\/#breadcrumb","itemListElement":[{"@type":"ListItem","position":1,"name":"Accueil","item":"https:\/\/www.ladiagonale.net\/"},{"@type":"ListItem","position":2,"name":"Pocognoli : \u00ab\u00a0Un beau travail collectif\u00a0\u00bb"}]},{"@type":"WebSite","@id":"https:\/\/www.ladiagonale.net\/#website","url":"https:\/\/www.ladiagonale.net\/","name":"La Diagonale","description":"Le site des supporters de l&#039;AS Monaco FC","potentialAction":[{"@type":"SearchAction","target":{"@type":"EntryPoint","urlTemplate":"https:\/\/www.ladiagonale.net\/?s={search_term_string}"},"query-input":"required name=search_term_string"}],"inLanguage":"fr-FR"},{"@type":"Person","@id":"https:\/\/www.ladiagonale.net\/#\/schema\/person\/79ff1e7b0853ed01b2aa26e64ad300bf","name":"Damien Dellerba","image":{"@type":"ImageObject","inLanguage":"fr-FR","@id":"https:\/\/www.ladiagonale.net\/#\/schema\/person\/image\/","url":"https:\/\/secure.gravatar.com\/avatar\/c7850e06d3ff63cdbaee88b7fc16e2f0?s=96&d=mm&r=g","contentUrl":"https:\/\/secure.gravatar.com\/avatar\/c7850e06d3ff63cdbaee88b7fc16e2f0?s=96&d=mm&r=g","caption":"Damien Dellerba"},"url":"https:\/\/www.ladiagonale.net\/index.php\/author\/damien\/"}]}},"_links":{"self":[{"href":"https:\/\/www.ladiagonale.net\/index.php\/wp-json\/wp\/v2\/posts\/37360"}],"collection":[{"href":"https:\/\/www.ladiagonale.net\/index.php\/wp-json\/wp\/v2\/posts"}],"about":[{"href":"https:\/\/www.ladiagonale.net\/index.php\/wp-json\/wp\/v2\/types\/post"}],"author":[{"embeddable":true,"href":"https:\/\/www.ladiagonale.net\/index.php\/wp-json\/wp\/v2\/users\/2"}],"replies":[{"embeddable":true,"href":"https:\/\/www.ladiagonale.net\/index.php\/wp-json\/wp\/v2\/comments?post=37360"}],"version-history":[{"count":1,"href":"https:\/\/www.ladiagonale.net\/index.php\/wp-json\/wp\/v2\/posts\/37360\/revisions"}],"predecessor-version":[{"id":37361,"href":"https:\/\/www.ladiagonale.net\/index.php\/wp-json\/wp\/v2\/posts\/37360\/revisions\/37361"}],"wp:attachment":[{"href":"https:\/\/www.ladiagonale.net\/index.php\/wp-json\/wp\/v2\/media?parent=37360"}],"wp:term":[{"taxonomy":"category","embeddable":true,"href":"https:\/\/www.ladiagonale.net\/index.php\/wp-json\/wp\/v2\/categories?post=37360"},{"taxonomy":"post_tag","embeddable":true,"href":"https:\/\/www.ladiagonale.net\/index.php\/wp-json\/wp\/v2\/tags?post=37360"}],"curies":[{"name":"wp","href":"https:\/\/api.w.org\/{rel}","templated":true}]}}