{"id":37362,"date":"2026-03-15T19:42:25","date_gmt":"2026-03-15T18:42:25","guid":{"rendered":"https:\/\/www.ladiagonale.net\/?p=37362"},"modified":"2026-03-15T19:42:26","modified_gmt":"2026-03-15T18:42:26","slug":"faes-on-a-envie-de-plus","status":"publish","type":"post","link":"https:\/\/www.ladiagonale.net\/index.php\/2026\/03\/15\/faes-on-a-envie-de-plus\/","title":{"rendered":"Faes : \u00ab&nbsp;On a envie de plus&nbsp;\u00bb"},"content":{"rendered":"\n<p>Face \u00e0 Brest, samedi soir, l\u2019AS Monaco a poursuivi sa belle dynamique lors de la 26e journ\u00e9e de Ligue 1. Mais les ambitions mon\u00e9gasques ne semblent pas se limiter \u00e0 \u00e7a, comme l\u2019a r\u00e9sum\u00e9 Wout Faes \u00e0 la fin de la rencontre : \u00ab\u00a0<em>\u00c7a fait plaisir, mais on a envie de plus ! Maintenant il faut aussi qu\u2019on reste les pieds sur terre et humbles, et qu\u2019on continue \u00e0 travailler. Il est clair que nous voulons grimper au classement, m\u00eame si nous ne nous sommes pas fix\u00e9s d\u2019objectif en particulier, on avance match apr\u00e8s match et \u00e7a fonctionne bien comme \u00e7a donc il faut continuer.<\/em>\u00a0\u00bb<\/p>\n\n\n\n<p>D\u2019apr\u00e8s le d\u00e9fenseur central belge, les Rouge et Blanc ne se sont rien promis et ont juste faim de succ\u00e8s : \u00ab\u00a0<em>D\u00e9j\u00e0 la rencontre de ce (samedi) soir \u00e9tait un match pi\u00e8ge, car si on ne gagnait pas, \u00e7\u2019aurait \u00e9t\u00e9 difficile, mais comme on l\u2019emporte, on peut se permettre d\u2019\u00eatre ambitieux. Mais comme on le r\u00e9p\u00e8te souvent derni\u00e8rement, on sait trop d\u2019o\u00f9 l\u2019on vient, donc ce n\u2019est pas parce qu\u2019on a fait une bonne s\u00e9rie qu\u2019on va commencer \u00e0 avoir la t\u00eate dans les nuages. Un pacte dans le vestiaire ? Non, pas sp\u00e9cialement, on veut juste gagner chaque match. La dynamique est tr\u00e8s bonne et on veut que \u00e7a continue.<\/em>\u00a0\u00bb<\/p>\n\n\n","protected":false},"excerpt":{"rendered":"<p>Face \u00e0 Brest, samedi soir, l\u2019AS Monaco a poursuivi sa belle dynamique lors de la 26e journ\u00e9e de Ligue 1. Mais les ambitions mon\u00e9gasques ne semblent pas se limiter \u00e0 \u00e7a, comme l\u2019a r\u00e9sum\u00e9 Wout Faes \u00e0 la fin de la rencontre : \u00ab\u00a0\u00c7a fait plaisir, mais on a envie de plus ! Maintenant il [&#8230;]\n","protected":false},"author":2,"featured_media":0,"comment_status":"open","ping_status":"open","sticky":false,"template":"","format":"standard","meta":[],"categories":[6,1000],"tags":[86,94,348,1177],"yoast_head":"<!-- This site is optimized with the Yoast SEO plugin v19.8 - https:\/\/yoast.com\/wordpress\/plugins\/seo\/ -->\n<title>Faes : \u00ab&nbsp;On a envie de plus&nbsp;\u00bb - La Diagonale<\/title>\n<meta name=\"robots\" content=\"index, follow, max-snippet:-1, max-image-preview:large, max-video-preview:-1\" \/>\n<link rel=\"canonical\" href=\"https:\/\/www.ladiagonale.net\/index.php\/2026\/03\/15\/faes-on-a-envie-de-plus\/\" \/>\n<meta property=\"og:locale\" content=\"fr_FR\" \/>\n<meta property=\"og:type\" content=\"article\" \/>\n<meta property=\"og:title\" content=\"Faes : \u00ab&nbsp;On a envie de plus&nbsp;\u00bb - La Diagonale\" \/>\n<meta property=\"og:description\" content=\"Face \u00e0 Brest, samedi soir, l\u2019AS Monaco a poursuivi sa belle dynamique lors de la 26e journ\u00e9e de Ligue 1. Mais les ambitions mon\u00e9gasques ne semblent pas se limiter \u00e0 \u00e7a, comme l\u2019a r\u00e9sum\u00e9 Wout Faes \u00e0 la fin de la rencontre : \u00ab\u00a0\u00c7a fait plaisir, mais on a envie de plus ! Maintenant il [...]\" \/>\n<meta property=\"og:url\" content=\"https:\/\/www.ladiagonale.net\/index.php\/2026\/03\/15\/faes-on-a-envie-de-plus\/\" \/>\n<meta property=\"og:site_name\" content=\"La Diagonale\" \/>\n<meta property=\"article:published_time\" content=\"2026-03-15T18:42:25+00:00\" \/>\n<meta property=\"article:modified_time\" content=\"2026-03-15T18:42:26+00:00\" \/>\n<meta property=\"og:image\" content=\"https:\/\/www.ladiagonale.net\/wp-content\/uploads\/2026\/02\/Faes-lorient.png\" \/>\n\t<meta property=\"og:image:width\" content=\"1160\" \/>\n\t<meta property=\"og:image:height\" content=\"650\" \/>\n\t<meta property=\"og:image:type\" content=\"image\/png\" \/>\n<meta name=\"author\" content=\"Damien Dellerba\" \/>\n<meta name=\"twitter:card\" content=\"summary_large_image\" \/>\n<meta name=\"twitter:image\" content=\"https:\/\/www.ladiagonale.net\/wp-content\/uploads\/2026\/02\/Faes-lorient.png\" \/>\n<meta name=\"twitter:label1\" content=\"\u00c9crit par\" \/>\n\t<meta name=\"twitter:data1\" content=\"Damien Dellerba\" \/>\n\t<meta name=\"twitter:label2\" content=\"Dur\u00e9e de lecture estim\u00e9e\" \/>\n\t<meta name=\"twitter:data2\" content=\"2 minutes\" \/>\n<script type=\"application\/ld+json\" class=\"yoast-schema-graph\">{\"@context\":\"https:\/\/schema.org\",\"@graph\":[{\"@type\":\"WebPage\",\"@id\":\"https:\/\/www.ladiagonale.net\/index.php\/2026\/03\/15\/faes-on-a-envie-de-plus\/\",\"url\":\"https:\/\/www.ladiagonale.net\/index.php\/2026\/03\/15\/faes-on-a-envie-de-plus\/\",\"name\":\"Faes : \u00ab&nbsp;On a envie de plus&nbsp;\u00bb - La Diagonale\",\"isPartOf\":{\"@id\":\"https:\/\/www.ladiagonale.net\/#website\"},\"datePublished\":\"2026-03-15T18:42:25+00:00\",\"dateModified\":\"2026-03-15T18:42:26+00:00\",\"author\":{\"@id\":\"https:\/\/www.ladiagonale.net\/#\/schema\/person\/79ff1e7b0853ed01b2aa26e64ad300bf\"},\"breadcrumb\":{\"@id\":\"https:\/\/www.ladiagonale.net\/index.php\/2026\/03\/15\/faes-on-a-envie-de-plus\/#breadcrumb\"},\"inLanguage\":\"fr-FR\",\"potentialAction\":[{\"@type\":\"ReadAction\",\"target\":[\"https:\/\/www.ladiagonale.net\/index.php\/2026\/03\/15\/faes-on-a-envie-de-plus\/\"]}]},{\"@type\":\"BreadcrumbList\",\"@id\":\"https:\/\/www.ladiagonale.net\/index.php\/2026\/03\/15\/faes-on-a-envie-de-plus\/#breadcrumb\",\"itemListElement\":[{\"@type\":\"ListItem\",\"position\":1,\"name\":\"Accueil\",\"item\":\"https:\/\/www.ladiagonale.net\/\"},{\"@type\":\"ListItem\",\"position\":2,\"name\":\"Faes : \u00ab&nbsp;On a envie de plus&nbsp;\u00bb\"}]},{\"@type\":\"WebSite\",\"@id\":\"https:\/\/www.ladiagonale.net\/#website\",\"url\":\"https:\/\/www.ladiagonale.net\/\",\"name\":\"La Diagonale\",\"description\":\"Le site des supporters de l&#039;AS Monaco FC\",\"potentialAction\":[{\"@type\":\"SearchAction\",\"target\":{\"@type\":\"EntryPoint\",\"urlTemplate\":\"https:\/\/www.ladiagonale.net\/?s={search_term_string}\"},\"query-input\":\"required name=search_term_string\"}],\"inLanguage\":\"fr-FR\"},{\"@type\":\"Person\",\"@id\":\"https:\/\/www.ladiagonale.net\/#\/schema\/person\/79ff1e7b0853ed01b2aa26e64ad300bf\",\"name\":\"Damien Dellerba\",\"image\":{\"@type\":\"ImageObject\",\"inLanguage\":\"fr-FR\",\"@id\":\"https:\/\/www.ladiagonale.net\/#\/schema\/person\/image\/\",\"url\":\"https:\/\/secure.gravatar.com\/avatar\/c7850e06d3ff63cdbaee88b7fc16e2f0?s=96&d=mm&r=g\",\"contentUrl\":\"https:\/\/secure.gravatar.com\/avatar\/c7850e06d3ff63cdbaee88b7fc16e2f0?s=96&d=mm&r=g\",\"caption\":\"Damien Dellerba\"},\"url\":\"https:\/\/www.ladiagonale.net\/index.php\/author\/damien\/\"}]}<\/script>\n<!-- \/ Yoast SEO plugin. -->","yoast_head_json":{"title":"Faes : \u00ab&nbsp;On a envie de plus&nbsp;\u00bb - La Diagonale","robots":{"index":"index","follow":"follow","max-snippet":"max-snippet:-1","max-image-preview":"max-image-preview:large","max-video-preview":"max-video-preview:-1"},"canonical":"https:\/\/www.ladiagonale.net\/index.php\/2026\/03\/15\/faes-on-a-envie-de-plus\/","og_locale":"fr_FR","og_type":"article","og_title":"Faes : \u00ab&nbsp;On a envie de plus&nbsp;\u00bb - La Diagonale","og_description":"Face \u00e0 Brest, samedi soir, l\u2019AS Monaco a poursuivi sa belle dynamique lors de la 26e journ\u00e9e de Ligue 1. Mais les ambitions mon\u00e9gasques ne semblent pas se limiter \u00e0 \u00e7a, comme l\u2019a r\u00e9sum\u00e9 Wout Faes \u00e0 la fin de la rencontre : \u00ab\u00a0\u00c7a fait plaisir, mais on a envie de plus ! Maintenant il [...]","og_url":"https:\/\/www.ladiagonale.net\/index.php\/2026\/03\/15\/faes-on-a-envie-de-plus\/","og_site_name":"La Diagonale","article_published_time":"2026-03-15T18:42:25+00:00","article_modified_time":"2026-03-15T18:42:26+00:00","og_image":[{"width":1160,"height":650,"url":"https:\/\/www.ladiagonale.net\/wp-content\/uploads\/2026\/02\/Faes-lorient.png","type":"image\/png"}],"author":"Damien Dellerba","twitter_card":"summary_large_image","twitter_image":"https:\/\/www.ladiagonale.net\/wp-content\/uploads\/2026\/02\/Faes-lorient.png","twitter_misc":{"\u00c9crit par":"Damien Dellerba","Dur\u00e9e de lecture estim\u00e9e":"2 minutes"},"schema":{"@context":"https:\/\/schema.org","@graph":[{"@type":"WebPage","@id":"https:\/\/www.ladiagonale.net\/index.php\/2026\/03\/15\/faes-on-a-envie-de-plus\/","url":"https:\/\/www.ladiagonale.net\/index.php\/2026\/03\/15\/faes-on-a-envie-de-plus\/","name":"Faes : \u00ab&nbsp;On a envie de plus&nbsp;\u00bb - La Diagonale","isPartOf":{"@id":"https:\/\/www.ladiagonale.net\/#website"},"datePublished":"2026-03-15T18:42:25+00:00","dateModified":"2026-03-15T18:42:26+00:00","author":{"@id":"https:\/\/www.ladiagonale.net\/#\/schema\/person\/79ff1e7b0853ed01b2aa26e64ad300bf"},"breadcrumb":{"@id":"https:\/\/www.ladiagonale.net\/index.php\/2026\/03\/15\/faes-on-a-envie-de-plus\/#breadcrumb"},"inLanguage":"fr-FR","potentialAction":[{"@type":"ReadAction","target":["https:\/\/www.ladiagonale.net\/index.php\/2026\/03\/15\/faes-on-a-envie-de-plus\/"]}]},{"@type":"BreadcrumbList","@id":"https:\/\/www.ladiagonale.net\/index.php\/2026\/03\/15\/faes-on-a-envie-de-plus\/#breadcrumb","itemListElement":[{"@type":"ListItem","position":1,"name":"Accueil","item":"https:\/\/www.ladiagonale.net\/"},{"@type":"ListItem","position":2,"name":"Faes : \u00ab&nbsp;On a envie de plus&nbsp;\u00bb"}]},{"@type":"WebSite","@id":"https:\/\/www.ladiagonale.net\/#website","url":"https:\/\/www.ladiagonale.net\/","name":"La Diagonale","description":"Le site des supporters de l&#039;AS Monaco FC","potentialAction":[{"@type":"SearchAction","target":{"@type":"EntryPoint","urlTemplate":"https:\/\/www.ladiagonale.net\/?s={search_term_string}"},"query-input":"required name=search_term_string"}],"inLanguage":"fr-FR"},{"@type":"Person","@id":"https:\/\/www.ladiagonale.net\/#\/schema\/person\/79ff1e7b0853ed01b2aa26e64ad300bf","name":"Damien Dellerba","image":{"@type":"ImageObject","inLanguage":"fr-FR","@id":"https:\/\/www.ladiagonale.net\/#\/schema\/person\/image\/","url":"https:\/\/secure.gravatar.com\/avatar\/c7850e06d3ff63cdbaee88b7fc16e2f0?s=96&d=mm&r=g","contentUrl":"https:\/\/secure.gravatar.com\/avatar\/c7850e06d3ff63cdbaee88b7fc16e2f0?s=96&d=mm&r=g","caption":"Damien Dellerba"},"url":"https:\/\/www.ladiagonale.net\/index.php\/author\/damien\/"}]}},"_links":{"self":[{"href":"https:\/\/www.ladiagonale.net\/index.php\/wp-json\/wp\/v2\/posts\/37362"}],"collection":[{"href":"https:\/\/www.ladiagonale.net\/index.php\/wp-json\/wp\/v2\/posts"}],"about":[{"href":"https:\/\/www.ladiagonale.net\/index.php\/wp-json\/wp\/v2\/types\/post"}],"author":[{"embeddable":true,"href":"https:\/\/www.ladiagonale.net\/index.php\/wp-json\/wp\/v2\/users\/2"}],"replies":[{"embeddable":true,"href":"https:\/\/www.ladiagonale.net\/index.php\/wp-json\/wp\/v2\/comments?post=37362"}],"version-history":[{"count":1,"href":"https:\/\/www.ladiagonale.net\/index.php\/wp-json\/wp\/v2\/posts\/37362\/revisions"}],"predecessor-version":[{"id":37363,"href":"https:\/\/www.ladiagonale.net\/index.php\/wp-json\/wp\/v2\/posts\/37362\/revisions\/37363"}],"wp:attachment":[{"href":"https:\/\/www.ladiagonale.net\/index.php\/wp-json\/wp\/v2\/media?parent=37362"}],"wp:term":[{"taxonomy":"category","embeddable":true,"href":"https:\/\/www.ladiagonale.net\/index.php\/wp-json\/wp\/v2\/categories?post=37362"},{"taxonomy":"post_tag","embeddable":true,"href":"https:\/\/www.ladiagonale.net\/index.php\/wp-json\/wp\/v2\/tags?post=37362"}],"curies":[{"name":"wp","href":"https:\/\/api.w.org\/{rel}","templated":true}]}}