{"id":37367,"date":"2026-03-16T12:29:11","date_gmt":"2026-03-16T11:29:11","guid":{"rendered":"https:\/\/www.ladiagonale.net\/?p=37367"},"modified":"2026-03-16T12:29:12","modified_gmt":"2026-03-16T11:29:12","slug":"les-u17-prennent-un-point-face-au-leader","status":"publish","type":"post","link":"https:\/\/www.ladiagonale.net\/index.php\/2026\/03\/16\/les-u17-prennent-un-point-face-au-leader\/","title":{"rendered":"Les U17 prennent un point face au leader"},"content":{"rendered":"\n<p>Il n\u2019y avait que des chocs pour les \u00e9quipes de l\u2019Academy, ce week-end. Alors que <a href=\"https:\/\/www.ladiagonale.net\/index.php\/2026\/03\/15\/les-u19-remportent-un-choc-crucial-contre-lom\/\" target=\"_blank\" rel=\"noreferrer noopener\">les U19 affrontaient et battaient leur dauphin marseillais<\/a>, les U17 de Manu Dos Santos \u00e9taient quant \u00e0 eux oppos\u00e9s au leader du Clermont Foot, \u00e0 l\u2019occasion de la 21<sup>e<\/sup> journ\u00e9e de Championnat. La rencontre s\u2019est achev\u00e9e sur un match nul sans but (0-0).<\/p>\n\n\n\n<p>Ce point pourrait s\u2019av\u00e9rer pr\u00e9cieux en fin de Championnat et en vue de la phase finale si les Mon\u00e9gasques parviennent \u00e0 obtenir la deuxi\u00e8me place dans leur lutte face au Cavigal, une longueur devant eux et battu par N\u00eemes (1-2). Un voisin ni\u00e7ois qu\u2019ils affronteront d\u2019ailleurs dimanche (11h) \u00e0 domicile pour tenter de les d\u00e9passer.<\/p>\n\n\n","protected":false},"excerpt":{"rendered":"<p>Il n\u2019y avait que des chocs pour les \u00e9quipes de l\u2019Academy, ce week-end. Alors que les U19 affrontaient et battaient leur dauphin marseillais, les U17 de Manu Dos Santos \u00e9taient quant \u00e0 eux oppos\u00e9s au leader du Clermont Foot, \u00e0 l\u2019occasion de la 21e journ\u00e9e de Championnat. La rencontre s\u2019est achev\u00e9e sur un match nul [&#8230;]\n","protected":false},"author":2,"featured_media":0,"comment_status":"open","ping_status":"open","sticky":false,"template":"","format":"standard","meta":[],"categories":[1110,6],"tags":[76,86,130],"yoast_head":"<!-- This site is optimized with the Yoast SEO plugin v19.8 - https:\/\/yoast.com\/wordpress\/plugins\/seo\/ -->\n<title>Les U17 prennent un point face au leader - La Diagonale<\/title>\n<meta name=\"robots\" content=\"index, follow, max-snippet:-1, max-image-preview:large, max-video-preview:-1\" \/>\n<link rel=\"canonical\" href=\"https:\/\/www.ladiagonale.net\/index.php\/2026\/03\/16\/les-u17-prennent-un-point-face-au-leader\/\" \/>\n<meta property=\"og:locale\" content=\"fr_FR\" \/>\n<meta property=\"og:type\" content=\"article\" \/>\n<meta property=\"og:title\" content=\"Les U17 prennent un point face au leader - La Diagonale\" \/>\n<meta property=\"og:description\" content=\"Il n\u2019y avait que des chocs pour les \u00e9quipes de l\u2019Academy, ce week-end. Alors que les U19 affrontaient et battaient leur dauphin marseillais, les U17 de Manu Dos Santos \u00e9taient quant \u00e0 eux oppos\u00e9s au leader du Clermont Foot, \u00e0 l\u2019occasion de la 21e journ\u00e9e de Championnat. La rencontre s\u2019est achev\u00e9e sur un match nul [...]\" \/>\n<meta property=\"og:url\" content=\"https:\/\/www.ladiagonale.net\/index.php\/2026\/03\/16\/les-u17-prennent-un-point-face-au-leader\/\" \/>\n<meta property=\"og:site_name\" content=\"La Diagonale\" \/>\n<meta property=\"article:published_time\" content=\"2026-03-16T11:29:11+00:00\" \/>\n<meta property=\"article:modified_time\" content=\"2026-03-16T11:29:12+00:00\" \/>\n<meta property=\"og:image\" content=\"https:\/\/www.ladiagonale.net\/wp-content\/uploads\/2025\/09\/Petit-U17.png\" \/>\n\t<meta property=\"og:image:width\" content=\"1160\" \/>\n\t<meta property=\"og:image:height\" content=\"650\" \/>\n\t<meta property=\"og:image:type\" content=\"image\/png\" \/>\n<meta name=\"author\" content=\"Damien Dellerba\" \/>\n<meta name=\"twitter:card\" content=\"summary_large_image\" \/>\n<meta name=\"twitter:image\" content=\"https:\/\/www.ladiagonale.net\/wp-content\/uploads\/2025\/09\/Petit-U17.png\" \/>\n<meta name=\"twitter:label1\" content=\"\u00c9crit par\" \/>\n\t<meta name=\"twitter:data1\" content=\"Damien Dellerba\" \/>\n\t<meta name=\"twitter:label2\" content=\"Dur\u00e9e de lecture estim\u00e9e\" \/>\n\t<meta name=\"twitter:data2\" content=\"1 minute\" \/>\n<script type=\"application\/ld+json\" class=\"yoast-schema-graph\">{\"@context\":\"https:\/\/schema.org\",\"@graph\":[{\"@type\":\"WebPage\",\"@id\":\"https:\/\/www.ladiagonale.net\/index.php\/2026\/03\/16\/les-u17-prennent-un-point-face-au-leader\/\",\"url\":\"https:\/\/www.ladiagonale.net\/index.php\/2026\/03\/16\/les-u17-prennent-un-point-face-au-leader\/\",\"name\":\"Les U17 prennent un point face au leader - La Diagonale\",\"isPartOf\":{\"@id\":\"https:\/\/www.ladiagonale.net\/#website\"},\"datePublished\":\"2026-03-16T11:29:11+00:00\",\"dateModified\":\"2026-03-16T11:29:12+00:00\",\"author\":{\"@id\":\"https:\/\/www.ladiagonale.net\/#\/schema\/person\/79ff1e7b0853ed01b2aa26e64ad300bf\"},\"breadcrumb\":{\"@id\":\"https:\/\/www.ladiagonale.net\/index.php\/2026\/03\/16\/les-u17-prennent-un-point-face-au-leader\/#breadcrumb\"},\"inLanguage\":\"fr-FR\",\"potentialAction\":[{\"@type\":\"ReadAction\",\"target\":[\"https:\/\/www.ladiagonale.net\/index.php\/2026\/03\/16\/les-u17-prennent-un-point-face-au-leader\/\"]}]},{\"@type\":\"BreadcrumbList\",\"@id\":\"https:\/\/www.ladiagonale.net\/index.php\/2026\/03\/16\/les-u17-prennent-un-point-face-au-leader\/#breadcrumb\",\"itemListElement\":[{\"@type\":\"ListItem\",\"position\":1,\"name\":\"Accueil\",\"item\":\"https:\/\/www.ladiagonale.net\/\"},{\"@type\":\"ListItem\",\"position\":2,\"name\":\"Les U17 prennent un point face au leader\"}]},{\"@type\":\"WebSite\",\"@id\":\"https:\/\/www.ladiagonale.net\/#website\",\"url\":\"https:\/\/www.ladiagonale.net\/\",\"name\":\"La Diagonale\",\"description\":\"Le site des supporters de l&#039;AS Monaco FC\",\"potentialAction\":[{\"@type\":\"SearchAction\",\"target\":{\"@type\":\"EntryPoint\",\"urlTemplate\":\"https:\/\/www.ladiagonale.net\/?s={search_term_string}\"},\"query-input\":\"required name=search_term_string\"}],\"inLanguage\":\"fr-FR\"},{\"@type\":\"Person\",\"@id\":\"https:\/\/www.ladiagonale.net\/#\/schema\/person\/79ff1e7b0853ed01b2aa26e64ad300bf\",\"name\":\"Damien Dellerba\",\"image\":{\"@type\":\"ImageObject\",\"inLanguage\":\"fr-FR\",\"@id\":\"https:\/\/www.ladiagonale.net\/#\/schema\/person\/image\/\",\"url\":\"https:\/\/secure.gravatar.com\/avatar\/c7850e06d3ff63cdbaee88b7fc16e2f0?s=96&d=mm&r=g\",\"contentUrl\":\"https:\/\/secure.gravatar.com\/avatar\/c7850e06d3ff63cdbaee88b7fc16e2f0?s=96&d=mm&r=g\",\"caption\":\"Damien Dellerba\"},\"url\":\"https:\/\/www.ladiagonale.net\/index.php\/author\/damien\/\"}]}<\/script>\n<!-- \/ Yoast SEO plugin. -->","yoast_head_json":{"title":"Les U17 prennent un point face au leader - La Diagonale","robots":{"index":"index","follow":"follow","max-snippet":"max-snippet:-1","max-image-preview":"max-image-preview:large","max-video-preview":"max-video-preview:-1"},"canonical":"https:\/\/www.ladiagonale.net\/index.php\/2026\/03\/16\/les-u17-prennent-un-point-face-au-leader\/","og_locale":"fr_FR","og_type":"article","og_title":"Les U17 prennent un point face au leader - La Diagonale","og_description":"Il n\u2019y avait que des chocs pour les \u00e9quipes de l\u2019Academy, ce week-end. Alors que les U19 affrontaient et battaient leur dauphin marseillais, les U17 de Manu Dos Santos \u00e9taient quant \u00e0 eux oppos\u00e9s au leader du Clermont Foot, \u00e0 l\u2019occasion de la 21e journ\u00e9e de Championnat. La rencontre s\u2019est achev\u00e9e sur un match nul [...]","og_url":"https:\/\/www.ladiagonale.net\/index.php\/2026\/03\/16\/les-u17-prennent-un-point-face-au-leader\/","og_site_name":"La Diagonale","article_published_time":"2026-03-16T11:29:11+00:00","article_modified_time":"2026-03-16T11:29:12+00:00","og_image":[{"width":1160,"height":650,"url":"https:\/\/www.ladiagonale.net\/wp-content\/uploads\/2025\/09\/Petit-U17.png","type":"image\/png"}],"author":"Damien Dellerba","twitter_card":"summary_large_image","twitter_image":"https:\/\/www.ladiagonale.net\/wp-content\/uploads\/2025\/09\/Petit-U17.png","twitter_misc":{"\u00c9crit par":"Damien Dellerba","Dur\u00e9e de lecture estim\u00e9e":"1 minute"},"schema":{"@context":"https:\/\/schema.org","@graph":[{"@type":"WebPage","@id":"https:\/\/www.ladiagonale.net\/index.php\/2026\/03\/16\/les-u17-prennent-un-point-face-au-leader\/","url":"https:\/\/www.ladiagonale.net\/index.php\/2026\/03\/16\/les-u17-prennent-un-point-face-au-leader\/","name":"Les U17 prennent un point face au leader - La Diagonale","isPartOf":{"@id":"https:\/\/www.ladiagonale.net\/#website"},"datePublished":"2026-03-16T11:29:11+00:00","dateModified":"2026-03-16T11:29:12+00:00","author":{"@id":"https:\/\/www.ladiagonale.net\/#\/schema\/person\/79ff1e7b0853ed01b2aa26e64ad300bf"},"breadcrumb":{"@id":"https:\/\/www.ladiagonale.net\/index.php\/2026\/03\/16\/les-u17-prennent-un-point-face-au-leader\/#breadcrumb"},"inLanguage":"fr-FR","potentialAction":[{"@type":"ReadAction","target":["https:\/\/www.ladiagonale.net\/index.php\/2026\/03\/16\/les-u17-prennent-un-point-face-au-leader\/"]}]},{"@type":"BreadcrumbList","@id":"https:\/\/www.ladiagonale.net\/index.php\/2026\/03\/16\/les-u17-prennent-un-point-face-au-leader\/#breadcrumb","itemListElement":[{"@type":"ListItem","position":1,"name":"Accueil","item":"https:\/\/www.ladiagonale.net\/"},{"@type":"ListItem","position":2,"name":"Les U17 prennent un point face au leader"}]},{"@type":"WebSite","@id":"https:\/\/www.ladiagonale.net\/#website","url":"https:\/\/www.ladiagonale.net\/","name":"La Diagonale","description":"Le site des supporters de l&#039;AS Monaco FC","potentialAction":[{"@type":"SearchAction","target":{"@type":"EntryPoint","urlTemplate":"https:\/\/www.ladiagonale.net\/?s={search_term_string}"},"query-input":"required name=search_term_string"}],"inLanguage":"fr-FR"},{"@type":"Person","@id":"https:\/\/www.ladiagonale.net\/#\/schema\/person\/79ff1e7b0853ed01b2aa26e64ad300bf","name":"Damien Dellerba","image":{"@type":"ImageObject","inLanguage":"fr-FR","@id":"https:\/\/www.ladiagonale.net\/#\/schema\/person\/image\/","url":"https:\/\/secure.gravatar.com\/avatar\/c7850e06d3ff63cdbaee88b7fc16e2f0?s=96&d=mm&r=g","contentUrl":"https:\/\/secure.gravatar.com\/avatar\/c7850e06d3ff63cdbaee88b7fc16e2f0?s=96&d=mm&r=g","caption":"Damien Dellerba"},"url":"https:\/\/www.ladiagonale.net\/index.php\/author\/damien\/"}]}},"_links":{"self":[{"href":"https:\/\/www.ladiagonale.net\/index.php\/wp-json\/wp\/v2\/posts\/37367"}],"collection":[{"href":"https:\/\/www.ladiagonale.net\/index.php\/wp-json\/wp\/v2\/posts"}],"about":[{"href":"https:\/\/www.ladiagonale.net\/index.php\/wp-json\/wp\/v2\/types\/post"}],"author":[{"embeddable":true,"href":"https:\/\/www.ladiagonale.net\/index.php\/wp-json\/wp\/v2\/users\/2"}],"replies":[{"embeddable":true,"href":"https:\/\/www.ladiagonale.net\/index.php\/wp-json\/wp\/v2\/comments?post=37367"}],"version-history":[{"count":1,"href":"https:\/\/www.ladiagonale.net\/index.php\/wp-json\/wp\/v2\/posts\/37367\/revisions"}],"predecessor-version":[{"id":37368,"href":"https:\/\/www.ladiagonale.net\/index.php\/wp-json\/wp\/v2\/posts\/37367\/revisions\/37368"}],"wp:attachment":[{"href":"https:\/\/www.ladiagonale.net\/index.php\/wp-json\/wp\/v2\/media?parent=37367"}],"wp:term":[{"taxonomy":"category","embeddable":true,"href":"https:\/\/www.ladiagonale.net\/index.php\/wp-json\/wp\/v2\/categories?post=37367"},{"taxonomy":"post_tag","embeddable":true,"href":"https:\/\/www.ladiagonale.net\/index.php\/wp-json\/wp\/v2\/tags?post=37367"}],"curies":[{"name":"wp","href":"https:\/\/api.w.org\/{rel}","templated":true}]}}