{"id":37379,"date":"2026-03-17T19:20:09","date_gmt":"2026-03-17T18:20:09","guid":{"rendered":"https:\/\/www.ladiagonale.net\/?p=37379"},"modified":"2026-03-18T00:56:47","modified_gmt":"2026-03-17T23:56:47","slug":"quatre-ans-plus-tard-monaco-recupere-le-baton-de-bourbotte","status":"publish","type":"post","link":"https:\/\/www.ladiagonale.net\/index.php\/2026\/03\/17\/quatre-ans-plus-tard-monaco-recupere-le-baton-de-bourbotte\/","title":{"rendered":"Quatre ans plus tard, Monaco r\u00e9cup\u00e8re le \u00ab\u00a0B\u00e2ton de Bourbotte\u00a0\u00bb"},"content":{"rendered":"\n<p>La victoire de l&rsquo;AS Monaco contre Brest (2-0), samedi, n&rsquo;a pas seulement permis \u00e0 l&rsquo;ASM de retrouver une position europ\u00e9enne au sein de la Ligue 1. Elle lui a aussi permis de renouer avec une distinction un peu particuli\u00e8re. En battant la formation bretonne, les Mon\u00e9gasques ont chip\u00e9 le fameux \u00ab&nbsp;B\u00e2ton de Bourbotte&nbsp;\u00bb, troph\u00e9e insolite et d\u00e9cal\u00e9 qui se d\u00e9finit comme le \u00ab&nbsp;<em>plus long relais&nbsp;de la Ligue 1<\/em>&nbsp;\u00bb.<\/p>\n\n\n\n<blockquote class=\"twitter-tweet\"><p lang=\"fr\" dir=\"ltr\">\ud83d\udea8 CHANGEMENT DE D\u00c9TENTEUR !<br><br>L&rsquo;<a href=\"https:\/\/twitter.com\/AS_Monaco?ref_src=twsrc%5Etfw\">@AS_Monaco<\/a> r\u00e9cup\u00e8re le B\u00e2ton de Bourbotte en battant le <a href=\"https:\/\/twitter.com\/SB29?ref_src=twsrc%5Etfw\">@SB29<\/a> sur le score de 2\/0.<br><br>Les mon\u00e9gasques retrouvent le b\u00e2ton apr\u00e8s presque 4 ans d&rsquo;absence.<br><br>Fin d&rsquo;une belle s\u00e9rie de 5 matchs pour les brestois.<a href=\"https:\/\/twitter.com\/hashtag\/BatonDeBourbotte?src=hash&amp;ref_src=twsrc%5Etfw\">#BatonDeBourbotte<\/a> <a href=\"https:\/\/twitter.com\/hashtag\/ASMSB29?src=hash&amp;ref_src=twsrc%5Etfw\">#ASMSB29<\/a> <a href=\"https:\/\/t.co\/1wvaOSG99w\">pic.twitter.com\/1wvaOSG99w<\/a><\/p>\u2014 B\u00e2ton De Bourbotte (@BatonBourbotte) <a href=\"https:\/\/twitter.com\/BatonBourbotte\/status\/2032955237145674031?ref_src=twsrc%5Etfw\">March 14, 2026<\/a><\/blockquote> <script async=\"\" src=\"https:\/\/platform.twitter.com\/widgets.js\" charset=\"utf-8\"><\/script>\n\n\n\n<p>Mais pour les Mon\u00e9gasques, c&rsquo;est surtout la fin d&rsquo;une longue disette, puisque cela faisait pr\u00e8s de quatre longues ann\u00e9es que le club de la Principaut\u00e9 avait rat\u00e9 le coche pour r\u00e9cup\u00e9rer le relais. Pour retrouver la trace de la derni\u00e8re fois o\u00f9 l&rsquo;ASM avait r\u00e9cup\u00e9r\u00e9 le \u00ab&nbsp;B\u00e2ton de Bourbotte&nbsp;\u00bb, il faut remonter au 11 avril 2022 \u00e0 la suite d&rsquo;une victoire contre Troyes (2-1). <\/p>\n\n\n\n<p>\u00c0 cette \u00e9poque, les Rouge et Blanc l&rsquo;avaient conserv\u00e9 pendant dix rencontres, \u00e0 cheval sur la saison pr\u00e9c\u00e9dente. Reproduire une telle s\u00e9rie aurait un aspect positif dans ce sprint final, puisque cela signifierait que l&rsquo;ASM parviendrait \u00e0 rester au moins invaincue jusqu&rsquo;\u00e0 la fin de la saison. Un objectif peut parfois en cacher un autre.<\/p>\n","protected":false},"excerpt":{"rendered":"<p>La victoire de l&rsquo;AS Monaco contre Brest (2-0), samedi, n&rsquo;a pas seulement permis \u00e0 l&rsquo;ASM de retrouver une position europ\u00e9enne au sein de la Ligue 1. Elle lui a aussi permis de renouer avec une distinction un peu particuli\u00e8re. En battant la formation bretonne, les Mon\u00e9gasques ont chip\u00e9 le fameux \u00ab&nbsp;B\u00e2ton de Bourbotte&nbsp;\u00bb, troph\u00e9e insolite [&#8230;]\n","protected":false},"author":2,"featured_media":0,"comment_status":"open","ping_status":"open","sticky":false,"template":"","format":"standard","meta":[],"categories":[6,1000],"tags":[86,1201,94],"yoast_head":"<!-- This site is optimized with the Yoast SEO plugin v19.8 - https:\/\/yoast.com\/wordpress\/plugins\/seo\/ -->\n<title>Quatre ans plus tard, Monaco r\u00e9cup\u00e8re le \u00ab\u00a0B\u00e2ton de Bourbotte\u00a0\u00bb - La Diagonale<\/title>\n<meta name=\"robots\" content=\"index, follow, max-snippet:-1, max-image-preview:large, max-video-preview:-1\" \/>\n<link rel=\"canonical\" href=\"https:\/\/www.ladiagonale.net\/index.php\/2026\/03\/17\/quatre-ans-plus-tard-monaco-recupere-le-baton-de-bourbotte\/\" \/>\n<meta property=\"og:locale\" content=\"fr_FR\" \/>\n<meta property=\"og:type\" content=\"article\" \/>\n<meta property=\"og:title\" content=\"Quatre ans plus tard, Monaco r\u00e9cup\u00e8re le \u00ab\u00a0B\u00e2ton de Bourbotte\u00a0\u00bb - La Diagonale\" \/>\n<meta property=\"og:description\" content=\"La victoire de l&rsquo;AS Monaco contre Brest (2-0), samedi, n&rsquo;a pas seulement permis \u00e0 l&rsquo;ASM de retrouver une position europ\u00e9enne au sein de la Ligue 1. Elle lui a aussi permis de renouer avec une distinction un peu particuli\u00e8re. En battant la formation bretonne, les Mon\u00e9gasques ont chip\u00e9 le fameux \u00ab&nbsp;B\u00e2ton de Bourbotte&nbsp;\u00bb, troph\u00e9e insolite [...]\" \/>\n<meta property=\"og:url\" content=\"https:\/\/www.ladiagonale.net\/index.php\/2026\/03\/17\/quatre-ans-plus-tard-monaco-recupere-le-baton-de-bourbotte\/\" \/>\n<meta property=\"og:site_name\" content=\"La Diagonale\" \/>\n<meta property=\"article:published_time\" content=\"2026-03-17T18:20:09+00:00\" \/>\n<meta property=\"article:modified_time\" content=\"2026-03-17T23:56:47+00:00\" \/>\n<meta property=\"og:image\" content=\"https:\/\/www.ladiagonale.net\/wp-content\/uploads\/2026\/03\/Bourbotte.png\" \/>\n\t<meta property=\"og:image:width\" content=\"1160\" \/>\n\t<meta property=\"og:image:height\" content=\"650\" \/>\n\t<meta property=\"og:image:type\" content=\"image\/png\" \/>\n<meta name=\"author\" content=\"Damien Dellerba\" \/>\n<meta name=\"twitter:card\" content=\"summary_large_image\" \/>\n<meta name=\"twitter:image\" content=\"https:\/\/www.ladiagonale.net\/wp-content\/uploads\/2026\/03\/Bourbotte.png\" \/>\n<meta name=\"twitter:label1\" content=\"\u00c9crit par\" \/>\n\t<meta name=\"twitter:data1\" content=\"Damien Dellerba\" \/>\n\t<meta name=\"twitter:label2\" content=\"Dur\u00e9e de lecture estim\u00e9e\" \/>\n\t<meta name=\"twitter:data2\" content=\"2 minutes\" \/>\n<script type=\"application\/ld+json\" class=\"yoast-schema-graph\">{\"@context\":\"https:\/\/schema.org\",\"@graph\":[{\"@type\":\"WebPage\",\"@id\":\"https:\/\/www.ladiagonale.net\/index.php\/2026\/03\/17\/quatre-ans-plus-tard-monaco-recupere-le-baton-de-bourbotte\/\",\"url\":\"https:\/\/www.ladiagonale.net\/index.php\/2026\/03\/17\/quatre-ans-plus-tard-monaco-recupere-le-baton-de-bourbotte\/\",\"name\":\"Quatre ans plus tard, Monaco r\u00e9cup\u00e8re le \u00ab\u00a0B\u00e2ton de Bourbotte\u00a0\u00bb - La Diagonale\",\"isPartOf\":{\"@id\":\"https:\/\/www.ladiagonale.net\/#website\"},\"datePublished\":\"2026-03-17T18:20:09+00:00\",\"dateModified\":\"2026-03-17T23:56:47+00:00\",\"author\":{\"@id\":\"https:\/\/www.ladiagonale.net\/#\/schema\/person\/79ff1e7b0853ed01b2aa26e64ad300bf\"},\"breadcrumb\":{\"@id\":\"https:\/\/www.ladiagonale.net\/index.php\/2026\/03\/17\/quatre-ans-plus-tard-monaco-recupere-le-baton-de-bourbotte\/#breadcrumb\"},\"inLanguage\":\"fr-FR\",\"potentialAction\":[{\"@type\":\"ReadAction\",\"target\":[\"https:\/\/www.ladiagonale.net\/index.php\/2026\/03\/17\/quatre-ans-plus-tard-monaco-recupere-le-baton-de-bourbotte\/\"]}]},{\"@type\":\"BreadcrumbList\",\"@id\":\"https:\/\/www.ladiagonale.net\/index.php\/2026\/03\/17\/quatre-ans-plus-tard-monaco-recupere-le-baton-de-bourbotte\/#breadcrumb\",\"itemListElement\":[{\"@type\":\"ListItem\",\"position\":1,\"name\":\"Accueil\",\"item\":\"https:\/\/www.ladiagonale.net\/\"},{\"@type\":\"ListItem\",\"position\":2,\"name\":\"Quatre ans plus tard, Monaco r\u00e9cup\u00e8re le \u00ab\u00a0B\u00e2ton de Bourbotte\u00a0\u00bb\"}]},{\"@type\":\"WebSite\",\"@id\":\"https:\/\/www.ladiagonale.net\/#website\",\"url\":\"https:\/\/www.ladiagonale.net\/\",\"name\":\"La Diagonale\",\"description\":\"Le site des supporters de l&#039;AS Monaco FC\",\"potentialAction\":[{\"@type\":\"SearchAction\",\"target\":{\"@type\":\"EntryPoint\",\"urlTemplate\":\"https:\/\/www.ladiagonale.net\/?s={search_term_string}\"},\"query-input\":\"required name=search_term_string\"}],\"inLanguage\":\"fr-FR\"},{\"@type\":\"Person\",\"@id\":\"https:\/\/www.ladiagonale.net\/#\/schema\/person\/79ff1e7b0853ed01b2aa26e64ad300bf\",\"name\":\"Damien Dellerba\",\"image\":{\"@type\":\"ImageObject\",\"inLanguage\":\"fr-FR\",\"@id\":\"https:\/\/www.ladiagonale.net\/#\/schema\/person\/image\/\",\"url\":\"https:\/\/secure.gravatar.com\/avatar\/c7850e06d3ff63cdbaee88b7fc16e2f0?s=96&d=mm&r=g\",\"contentUrl\":\"https:\/\/secure.gravatar.com\/avatar\/c7850e06d3ff63cdbaee88b7fc16e2f0?s=96&d=mm&r=g\",\"caption\":\"Damien Dellerba\"},\"url\":\"https:\/\/www.ladiagonale.net\/index.php\/author\/damien\/\"}]}<\/script>\n<!-- \/ Yoast SEO plugin. -->","yoast_head_json":{"title":"Quatre ans plus tard, Monaco r\u00e9cup\u00e8re le \u00ab\u00a0B\u00e2ton de Bourbotte\u00a0\u00bb - La Diagonale","robots":{"index":"index","follow":"follow","max-snippet":"max-snippet:-1","max-image-preview":"max-image-preview:large","max-video-preview":"max-video-preview:-1"},"canonical":"https:\/\/www.ladiagonale.net\/index.php\/2026\/03\/17\/quatre-ans-plus-tard-monaco-recupere-le-baton-de-bourbotte\/","og_locale":"fr_FR","og_type":"article","og_title":"Quatre ans plus tard, Monaco r\u00e9cup\u00e8re le \u00ab\u00a0B\u00e2ton de Bourbotte\u00a0\u00bb - La Diagonale","og_description":"La victoire de l&rsquo;AS Monaco contre Brest (2-0), samedi, n&rsquo;a pas seulement permis \u00e0 l&rsquo;ASM de retrouver une position europ\u00e9enne au sein de la Ligue 1. Elle lui a aussi permis de renouer avec une distinction un peu particuli\u00e8re. En battant la formation bretonne, les Mon\u00e9gasques ont chip\u00e9 le fameux \u00ab&nbsp;B\u00e2ton de Bourbotte&nbsp;\u00bb, troph\u00e9e insolite [...]","og_url":"https:\/\/www.ladiagonale.net\/index.php\/2026\/03\/17\/quatre-ans-plus-tard-monaco-recupere-le-baton-de-bourbotte\/","og_site_name":"La Diagonale","article_published_time":"2026-03-17T18:20:09+00:00","article_modified_time":"2026-03-17T23:56:47+00:00","og_image":[{"width":1160,"height":650,"url":"https:\/\/www.ladiagonale.net\/wp-content\/uploads\/2026\/03\/Bourbotte.png","type":"image\/png"}],"author":"Damien Dellerba","twitter_card":"summary_large_image","twitter_image":"https:\/\/www.ladiagonale.net\/wp-content\/uploads\/2026\/03\/Bourbotte.png","twitter_misc":{"\u00c9crit par":"Damien Dellerba","Dur\u00e9e de lecture estim\u00e9e":"2 minutes"},"schema":{"@context":"https:\/\/schema.org","@graph":[{"@type":"WebPage","@id":"https:\/\/www.ladiagonale.net\/index.php\/2026\/03\/17\/quatre-ans-plus-tard-monaco-recupere-le-baton-de-bourbotte\/","url":"https:\/\/www.ladiagonale.net\/index.php\/2026\/03\/17\/quatre-ans-plus-tard-monaco-recupere-le-baton-de-bourbotte\/","name":"Quatre ans plus tard, Monaco r\u00e9cup\u00e8re le \u00ab\u00a0B\u00e2ton de Bourbotte\u00a0\u00bb - La Diagonale","isPartOf":{"@id":"https:\/\/www.ladiagonale.net\/#website"},"datePublished":"2026-03-17T18:20:09+00:00","dateModified":"2026-03-17T23:56:47+00:00","author":{"@id":"https:\/\/www.ladiagonale.net\/#\/schema\/person\/79ff1e7b0853ed01b2aa26e64ad300bf"},"breadcrumb":{"@id":"https:\/\/www.ladiagonale.net\/index.php\/2026\/03\/17\/quatre-ans-plus-tard-monaco-recupere-le-baton-de-bourbotte\/#breadcrumb"},"inLanguage":"fr-FR","potentialAction":[{"@type":"ReadAction","target":["https:\/\/www.ladiagonale.net\/index.php\/2026\/03\/17\/quatre-ans-plus-tard-monaco-recupere-le-baton-de-bourbotte\/"]}]},{"@type":"BreadcrumbList","@id":"https:\/\/www.ladiagonale.net\/index.php\/2026\/03\/17\/quatre-ans-plus-tard-monaco-recupere-le-baton-de-bourbotte\/#breadcrumb","itemListElement":[{"@type":"ListItem","position":1,"name":"Accueil","item":"https:\/\/www.ladiagonale.net\/"},{"@type":"ListItem","position":2,"name":"Quatre ans plus tard, Monaco r\u00e9cup\u00e8re le \u00ab\u00a0B\u00e2ton de Bourbotte\u00a0\u00bb"}]},{"@type":"WebSite","@id":"https:\/\/www.ladiagonale.net\/#website","url":"https:\/\/www.ladiagonale.net\/","name":"La Diagonale","description":"Le site des supporters de l&#039;AS Monaco FC","potentialAction":[{"@type":"SearchAction","target":{"@type":"EntryPoint","urlTemplate":"https:\/\/www.ladiagonale.net\/?s={search_term_string}"},"query-input":"required name=search_term_string"}],"inLanguage":"fr-FR"},{"@type":"Person","@id":"https:\/\/www.ladiagonale.net\/#\/schema\/person\/79ff1e7b0853ed01b2aa26e64ad300bf","name":"Damien Dellerba","image":{"@type":"ImageObject","inLanguage":"fr-FR","@id":"https:\/\/www.ladiagonale.net\/#\/schema\/person\/image\/","url":"https:\/\/secure.gravatar.com\/avatar\/c7850e06d3ff63cdbaee88b7fc16e2f0?s=96&d=mm&r=g","contentUrl":"https:\/\/secure.gravatar.com\/avatar\/c7850e06d3ff63cdbaee88b7fc16e2f0?s=96&d=mm&r=g","caption":"Damien Dellerba"},"url":"https:\/\/www.ladiagonale.net\/index.php\/author\/damien\/"}]}},"_links":{"self":[{"href":"https:\/\/www.ladiagonale.net\/index.php\/wp-json\/wp\/v2\/posts\/37379"}],"collection":[{"href":"https:\/\/www.ladiagonale.net\/index.php\/wp-json\/wp\/v2\/posts"}],"about":[{"href":"https:\/\/www.ladiagonale.net\/index.php\/wp-json\/wp\/v2\/types\/post"}],"author":[{"embeddable":true,"href":"https:\/\/www.ladiagonale.net\/index.php\/wp-json\/wp\/v2\/users\/2"}],"replies":[{"embeddable":true,"href":"https:\/\/www.ladiagonale.net\/index.php\/wp-json\/wp\/v2\/comments?post=37379"}],"version-history":[{"count":5,"href":"https:\/\/www.ladiagonale.net\/index.php\/wp-json\/wp\/v2\/posts\/37379\/revisions"}],"predecessor-version":[{"id":37403,"href":"https:\/\/www.ladiagonale.net\/index.php\/wp-json\/wp\/v2\/posts\/37379\/revisions\/37403"}],"wp:attachment":[{"href":"https:\/\/www.ladiagonale.net\/index.php\/wp-json\/wp\/v2\/media?parent=37379"}],"wp:term":[{"taxonomy":"category","embeddable":true,"href":"https:\/\/www.ladiagonale.net\/index.php\/wp-json\/wp\/v2\/categories?post=37379"},{"taxonomy":"post_tag","embeddable":true,"href":"https:\/\/www.ladiagonale.net\/index.php\/wp-json\/wp\/v2\/tags?post=37379"}],"curies":[{"name":"wp","href":"https:\/\/api.w.org\/{rel}","templated":true}]}}