{"id":37382,"date":"2026-03-17T19:07:06","date_gmt":"2026-03-17T18:07:06","guid":{"rendered":"https:\/\/www.ladiagonale.net\/?p=37382"},"modified":"2026-03-18T00:56:15","modified_gmt":"2026-03-17T23:56:15","slug":"apres-26-journees-monaco-retrouve-les-places-europeennes","status":"publish","type":"post","link":"https:\/\/www.ladiagonale.net\/index.php\/2026\/03\/17\/apres-26-journees-monaco-retrouve-les-places-europeennes\/","title":{"rendered":"Apr\u00e8s 26 journ\u00e9es, Monaco retrouve les places europ\u00e9ennes"},"content":{"rendered":"\n\n\n<p>Ce n&rsquo;est que la Ligue Conf\u00e9rence, mais ce n&rsquo;est d\u00e9j\u00e0 pas si mal et c&rsquo;est peut-\u00eatre un premier tournant dans ce sprint final. \u00c0 l&rsquo;issue de la 26<sup>e<\/sup> journ\u00e9e, et gr\u00e2ce \u00e0 sa victoire contre Brest (2-0), l&rsquo;AS Monaco est revenue dans les positions qui lui permettent d&rsquo;\u00eatre actuellement europ\u00e9enne. Avec 43 points, comme Rennes mais avec une meilleure diff\u00e9rence de buts (+8 contre +6), le club de la Principaut\u00e9 pointe \u00e0 la sixi\u00e8me place du Championnat. Pour l&rsquo;heure, cela fait de l&rsquo;ASM le dernier club en position de qualifi\u00e9 pour une Coupe d&rsquo;Europe, m\u00eame si la Coupe de France, dont la finale se tiendra le 22 mai, pourrait donner une place suppl\u00e9mentaire selon son vainqueur.<\/p>\n\n\n\n<p>Les Mon\u00e9gasques sont donc revenus \u00e0 hauteur de Rennes, qui a finalement vu sa belle s\u00e9rie de quatre victoires de rang s&rsquo;arr\u00eater net \u00e0 domicile face \u00e0 Lille (1-2). Ce succ\u00e8s permet justement aux Dogues de rester devant les Rouge et Blanc pour un petit point et pourra sans doute leur faire beaucoup de bien avant d&rsquo;affronter Marseille et Lens. Deux rencontres qui pourront peser lourd dans ce sprint final et qui sont \u00e0 mettre en miroir des deux prochaines de l&rsquo;ASM, face \u00e0 Lyon et Marseille, deux autres gros calibres de la L1.<\/p>\n\n\n\n<p>Les Lyonnais ne sont pas encore \u00e0 port\u00e9e de tir des Mon\u00e9gasques, puisqu&rsquo;ils comptent quatre points d&rsquo;avance sur les hommes de S\u00e9bastien Pocognoli. Mais ils n&rsquo;ont plus la fra\u00eecheur des derniers mois et ils pourraient donc le devenir \u00e0 l&rsquo;issue du choc qui les opposera ce dimanche (15h). La dynamique n&rsquo;est plus de leur c\u00f4t\u00e9, avec deux d\u00e9faites suivies de deux r\u00e9sultats nuls dont le dernier, contre Le Havre, a mis en lumi\u00e8re les difficult\u00e9s actuelles de la formation rhodanienne, alors que l&rsquo;ASM est en pleine bourre, avec cinq victoires de rang. Si les signaux sont au vert, et que tout semble indiquer que c&rsquo;est le bon moment pour affronter l&rsquo;OL, les Mon\u00e9gasques devront avancer avec prudence dans un stade qui leur a rarement r\u00e9ussi, et voir plus loin que cette seule \u00e9ch\u00e9ance.<\/p>\n\n\n\n<p>Car apr\u00e8s la tr\u00eave internationale, p\u00e9riode souvent redout\u00e9e lorsque la machine est huil\u00e9e, l&rsquo;ASM recevra Marseille. Les Olympiens n&rsquo;ont pas particuli\u00e8rement brill\u00e9 vendredi dernier contre Auxerre mais ils ont fait l&rsquo;essentiel avec une victoire (1-0) et trois points qui leur permettent de garder six longueurs d&rsquo;avance sur les As\u00e9mistes et leur place sur le podium. Pr\u00e9cieux quand on sait ce qui attend la formation phoc\u00e9enne dans les prochaines semaines. De son c\u00f4t\u00e9, Monaco sait ce qu&rsquo;il a \u00e0 faire.<\/p>\n","protected":false},"excerpt":{"rendered":"<p>Ce n&rsquo;est que la Ligue Conf\u00e9rence, mais ce n&rsquo;est d\u00e9j\u00e0 pas si mal et c&rsquo;est peut-\u00eatre un premier tournant dans ce sprint final. \u00c0 l&rsquo;issue de la 26e journ\u00e9e, et gr\u00e2ce \u00e0 sa victoire contre Brest (2-0), l&rsquo;AS Monaco est revenue dans les positions qui lui permettent d&rsquo;\u00eatre actuellement europ\u00e9enne. Avec 43 points, comme Rennes [&#8230;]\n","protected":false},"author":2,"featured_media":0,"comment_status":"open","ping_status":"open","sticky":false,"template":"","format":"standard","meta":[],"categories":[6,1000],"tags":[86,94,515,442],"yoast_head":"<!-- This site is optimized with the Yoast SEO plugin v19.8 - https:\/\/yoast.com\/wordpress\/plugins\/seo\/ -->\n<title>Apr\u00e8s 26 journ\u00e9es, Monaco retrouve les places europ\u00e9ennes - La Diagonale<\/title>\n<meta name=\"robots\" content=\"index, follow, max-snippet:-1, max-image-preview:large, max-video-preview:-1\" \/>\n<link rel=\"canonical\" href=\"https:\/\/www.ladiagonale.net\/index.php\/2026\/03\/17\/apres-26-journees-monaco-retrouve-les-places-europeennes\/\" \/>\n<meta property=\"og:locale\" content=\"fr_FR\" \/>\n<meta property=\"og:type\" content=\"article\" \/>\n<meta property=\"og:title\" content=\"Apr\u00e8s 26 journ\u00e9es, Monaco retrouve les places europ\u00e9ennes - La Diagonale\" \/>\n<meta property=\"og:description\" content=\"Ce n&rsquo;est que la Ligue Conf\u00e9rence, mais ce n&rsquo;est d\u00e9j\u00e0 pas si mal et c&rsquo;est peut-\u00eatre un premier tournant dans ce sprint final. \u00c0 l&rsquo;issue de la 26e journ\u00e9e, et gr\u00e2ce \u00e0 sa victoire contre Brest (2-0), l&rsquo;AS Monaco est revenue dans les positions qui lui permettent d&rsquo;\u00eatre actuellement europ\u00e9enne. Avec 43 points, comme Rennes [...]\" \/>\n<meta property=\"og:url\" content=\"https:\/\/www.ladiagonale.net\/index.php\/2026\/03\/17\/apres-26-journees-monaco-retrouve-les-places-europeennes\/\" \/>\n<meta property=\"og:site_name\" content=\"La Diagonale\" \/>\n<meta property=\"article:published_time\" content=\"2026-03-17T18:07:06+00:00\" \/>\n<meta property=\"article:modified_time\" content=\"2026-03-17T23:56:15+00:00\" \/>\n<meta property=\"og:image\" content=\"https:\/\/www.ladiagonale.net\/wp-content\/uploads\/2026\/03\/kehrer-celebration-slider.jpg\" \/>\n\t<meta property=\"og:image:width\" content=\"1366\" \/>\n\t<meta property=\"og:image:height\" content=\"768\" \/>\n\t<meta property=\"og:image:type\" content=\"image\/jpeg\" \/>\n<meta name=\"author\" content=\"Damien Dellerba\" \/>\n<meta name=\"twitter:card\" content=\"summary_large_image\" \/>\n<meta name=\"twitter:image\" content=\"https:\/\/www.ladiagonale.net\/wp-content\/uploads\/2026\/03\/kehrer-celebration-slider.jpg\" \/>\n<meta name=\"twitter:label1\" content=\"\u00c9crit par\" \/>\n\t<meta name=\"twitter:data1\" content=\"Damien Dellerba\" \/>\n\t<meta name=\"twitter:label2\" content=\"Dur\u00e9e de lecture estim\u00e9e\" \/>\n\t<meta name=\"twitter:data2\" content=\"3 minutes\" \/>\n<script type=\"application\/ld+json\" class=\"yoast-schema-graph\">{\"@context\":\"https:\/\/schema.org\",\"@graph\":[{\"@type\":\"WebPage\",\"@id\":\"https:\/\/www.ladiagonale.net\/index.php\/2026\/03\/17\/apres-26-journees-monaco-retrouve-les-places-europeennes\/\",\"url\":\"https:\/\/www.ladiagonale.net\/index.php\/2026\/03\/17\/apres-26-journees-monaco-retrouve-les-places-europeennes\/\",\"name\":\"Apr\u00e8s 26 journ\u00e9es, Monaco retrouve les places europ\u00e9ennes - La Diagonale\",\"isPartOf\":{\"@id\":\"https:\/\/www.ladiagonale.net\/#website\"},\"datePublished\":\"2026-03-17T18:07:06+00:00\",\"dateModified\":\"2026-03-17T23:56:15+00:00\",\"author\":{\"@id\":\"https:\/\/www.ladiagonale.net\/#\/schema\/person\/79ff1e7b0853ed01b2aa26e64ad300bf\"},\"breadcrumb\":{\"@id\":\"https:\/\/www.ladiagonale.net\/index.php\/2026\/03\/17\/apres-26-journees-monaco-retrouve-les-places-europeennes\/#breadcrumb\"},\"inLanguage\":\"fr-FR\",\"potentialAction\":[{\"@type\":\"ReadAction\",\"target\":[\"https:\/\/www.ladiagonale.net\/index.php\/2026\/03\/17\/apres-26-journees-monaco-retrouve-les-places-europeennes\/\"]}]},{\"@type\":\"BreadcrumbList\",\"@id\":\"https:\/\/www.ladiagonale.net\/index.php\/2026\/03\/17\/apres-26-journees-monaco-retrouve-les-places-europeennes\/#breadcrumb\",\"itemListElement\":[{\"@type\":\"ListItem\",\"position\":1,\"name\":\"Accueil\",\"item\":\"https:\/\/www.ladiagonale.net\/\"},{\"@type\":\"ListItem\",\"position\":2,\"name\":\"Apr\u00e8s 26 journ\u00e9es, Monaco retrouve les places europ\u00e9ennes\"}]},{\"@type\":\"WebSite\",\"@id\":\"https:\/\/www.ladiagonale.net\/#website\",\"url\":\"https:\/\/www.ladiagonale.net\/\",\"name\":\"La Diagonale\",\"description\":\"Le site des supporters de l&#039;AS Monaco FC\",\"potentialAction\":[{\"@type\":\"SearchAction\",\"target\":{\"@type\":\"EntryPoint\",\"urlTemplate\":\"https:\/\/www.ladiagonale.net\/?s={search_term_string}\"},\"query-input\":\"required name=search_term_string\"}],\"inLanguage\":\"fr-FR\"},{\"@type\":\"Person\",\"@id\":\"https:\/\/www.ladiagonale.net\/#\/schema\/person\/79ff1e7b0853ed01b2aa26e64ad300bf\",\"name\":\"Damien Dellerba\",\"image\":{\"@type\":\"ImageObject\",\"inLanguage\":\"fr-FR\",\"@id\":\"https:\/\/www.ladiagonale.net\/#\/schema\/person\/image\/\",\"url\":\"https:\/\/secure.gravatar.com\/avatar\/c7850e06d3ff63cdbaee88b7fc16e2f0?s=96&d=mm&r=g\",\"contentUrl\":\"https:\/\/secure.gravatar.com\/avatar\/c7850e06d3ff63cdbaee88b7fc16e2f0?s=96&d=mm&r=g\",\"caption\":\"Damien Dellerba\"},\"url\":\"https:\/\/www.ladiagonale.net\/index.php\/author\/damien\/\"}]}<\/script>\n<!-- \/ Yoast SEO plugin. -->","yoast_head_json":{"title":"Apr\u00e8s 26 journ\u00e9es, Monaco retrouve les places europ\u00e9ennes - La Diagonale","robots":{"index":"index","follow":"follow","max-snippet":"max-snippet:-1","max-image-preview":"max-image-preview:large","max-video-preview":"max-video-preview:-1"},"canonical":"https:\/\/www.ladiagonale.net\/index.php\/2026\/03\/17\/apres-26-journees-monaco-retrouve-les-places-europeennes\/","og_locale":"fr_FR","og_type":"article","og_title":"Apr\u00e8s 26 journ\u00e9es, Monaco retrouve les places europ\u00e9ennes - La Diagonale","og_description":"Ce n&rsquo;est que la Ligue Conf\u00e9rence, mais ce n&rsquo;est d\u00e9j\u00e0 pas si mal et c&rsquo;est peut-\u00eatre un premier tournant dans ce sprint final. \u00c0 l&rsquo;issue de la 26e journ\u00e9e, et gr\u00e2ce \u00e0 sa victoire contre Brest (2-0), l&rsquo;AS Monaco est revenue dans les positions qui lui permettent d&rsquo;\u00eatre actuellement europ\u00e9enne. Avec 43 points, comme Rennes [...]","og_url":"https:\/\/www.ladiagonale.net\/index.php\/2026\/03\/17\/apres-26-journees-monaco-retrouve-les-places-europeennes\/","og_site_name":"La Diagonale","article_published_time":"2026-03-17T18:07:06+00:00","article_modified_time":"2026-03-17T23:56:15+00:00","og_image":[{"width":1366,"height":768,"url":"https:\/\/www.ladiagonale.net\/wp-content\/uploads\/2026\/03\/kehrer-celebration-slider.jpg","type":"image\/jpeg"}],"author":"Damien Dellerba","twitter_card":"summary_large_image","twitter_image":"https:\/\/www.ladiagonale.net\/wp-content\/uploads\/2026\/03\/kehrer-celebration-slider.jpg","twitter_misc":{"\u00c9crit par":"Damien Dellerba","Dur\u00e9e de lecture estim\u00e9e":"3 minutes"},"schema":{"@context":"https:\/\/schema.org","@graph":[{"@type":"WebPage","@id":"https:\/\/www.ladiagonale.net\/index.php\/2026\/03\/17\/apres-26-journees-monaco-retrouve-les-places-europeennes\/","url":"https:\/\/www.ladiagonale.net\/index.php\/2026\/03\/17\/apres-26-journees-monaco-retrouve-les-places-europeennes\/","name":"Apr\u00e8s 26 journ\u00e9es, Monaco retrouve les places europ\u00e9ennes - La Diagonale","isPartOf":{"@id":"https:\/\/www.ladiagonale.net\/#website"},"datePublished":"2026-03-17T18:07:06+00:00","dateModified":"2026-03-17T23:56:15+00:00","author":{"@id":"https:\/\/www.ladiagonale.net\/#\/schema\/person\/79ff1e7b0853ed01b2aa26e64ad300bf"},"breadcrumb":{"@id":"https:\/\/www.ladiagonale.net\/index.php\/2026\/03\/17\/apres-26-journees-monaco-retrouve-les-places-europeennes\/#breadcrumb"},"inLanguage":"fr-FR","potentialAction":[{"@type":"ReadAction","target":["https:\/\/www.ladiagonale.net\/index.php\/2026\/03\/17\/apres-26-journees-monaco-retrouve-les-places-europeennes\/"]}]},{"@type":"BreadcrumbList","@id":"https:\/\/www.ladiagonale.net\/index.php\/2026\/03\/17\/apres-26-journees-monaco-retrouve-les-places-europeennes\/#breadcrumb","itemListElement":[{"@type":"ListItem","position":1,"name":"Accueil","item":"https:\/\/www.ladiagonale.net\/"},{"@type":"ListItem","position":2,"name":"Apr\u00e8s 26 journ\u00e9es, Monaco retrouve les places europ\u00e9ennes"}]},{"@type":"WebSite","@id":"https:\/\/www.ladiagonale.net\/#website","url":"https:\/\/www.ladiagonale.net\/","name":"La Diagonale","description":"Le site des supporters de l&#039;AS Monaco FC","potentialAction":[{"@type":"SearchAction","target":{"@type":"EntryPoint","urlTemplate":"https:\/\/www.ladiagonale.net\/?s={search_term_string}"},"query-input":"required name=search_term_string"}],"inLanguage":"fr-FR"},{"@type":"Person","@id":"https:\/\/www.ladiagonale.net\/#\/schema\/person\/79ff1e7b0853ed01b2aa26e64ad300bf","name":"Damien Dellerba","image":{"@type":"ImageObject","inLanguage":"fr-FR","@id":"https:\/\/www.ladiagonale.net\/#\/schema\/person\/image\/","url":"https:\/\/secure.gravatar.com\/avatar\/c7850e06d3ff63cdbaee88b7fc16e2f0?s=96&d=mm&r=g","contentUrl":"https:\/\/secure.gravatar.com\/avatar\/c7850e06d3ff63cdbaee88b7fc16e2f0?s=96&d=mm&r=g","caption":"Damien Dellerba"},"url":"https:\/\/www.ladiagonale.net\/index.php\/author\/damien\/"}]}},"_links":{"self":[{"href":"https:\/\/www.ladiagonale.net\/index.php\/wp-json\/wp\/v2\/posts\/37382"}],"collection":[{"href":"https:\/\/www.ladiagonale.net\/index.php\/wp-json\/wp\/v2\/posts"}],"about":[{"href":"https:\/\/www.ladiagonale.net\/index.php\/wp-json\/wp\/v2\/types\/post"}],"author":[{"embeddable":true,"href":"https:\/\/www.ladiagonale.net\/index.php\/wp-json\/wp\/v2\/users\/2"}],"replies":[{"embeddable":true,"href":"https:\/\/www.ladiagonale.net\/index.php\/wp-json\/wp\/v2\/comments?post=37382"}],"version-history":[{"count":4,"href":"https:\/\/www.ladiagonale.net\/index.php\/wp-json\/wp\/v2\/posts\/37382\/revisions"}],"predecessor-version":[{"id":37402,"href":"https:\/\/www.ladiagonale.net\/index.php\/wp-json\/wp\/v2\/posts\/37382\/revisions\/37402"}],"wp:attachment":[{"href":"https:\/\/www.ladiagonale.net\/index.php\/wp-json\/wp\/v2\/media?parent=37382"}],"wp:term":[{"taxonomy":"category","embeddable":true,"href":"https:\/\/www.ladiagonale.net\/index.php\/wp-json\/wp\/v2\/categories?post=37382"},{"taxonomy":"post_tag","embeddable":true,"href":"https:\/\/www.ladiagonale.net\/index.php\/wp-json\/wp\/v2\/tags?post=37382"}],"curies":[{"name":"wp","href":"https:\/\/api.w.org\/{rel}","templated":true}]}}