{"id":37387,"date":"2026-03-17T17:37:43","date_gmt":"2026-03-17T16:37:43","guid":{"rendered":"https:\/\/www.ladiagonale.net\/?p=37387"},"modified":"2026-03-17T18:33:10","modified_gmt":"2026-03-17T17:33:10","slug":"monaco-aurait-des-vues-sur-nazinho","status":"publish","type":"post","link":"https:\/\/www.ladiagonale.net\/index.php\/2026\/03\/17\/monaco-aurait-des-vues-sur-nazinho\/","title":{"rendered":"Monaco aurait des vues sur Nazinho"},"content":{"rendered":"\n<p>Pour les prochaines semaines, l\u2019AS Monaco va devoir faire sans Caio Henrique, bless\u00e9 \u00e0 la cuisse droite. Plusieurs options au poste de piston gauche s\u2019offriront \u00e0 S\u00e9bastien Pocognoli, avec le retour de Kassoum Ouattara et la polyvalence de Simon Adingra et Christian Mawissa. Mais le club de la Principaut\u00e9 aura sans doute besoin d\u2019amener du sang neuf \u00e0 ce poste en vue de la saison prochaine et ce n\u2019est pas anodin si des rumeurs concernant Nazinho sont apparues dans la presse, ce mardi.<\/p>\n\n\n\n<p>Selon <em>Marca<\/em>, le lat\u00e9ral gauche du Cercle Bruges, le club satellite de l\u2019ASM, serait sur les tablettes des dirigeants mon\u00e9gasques et les discussions avanceraient favorablement entre les diff\u00e9rentes parties, ce qui semblerait <em>a priori<\/em> logique au vu du cousinage entre les deux clubs. \u00c2g\u00e9 de 22 ans, Nazinho dispute sa troisi\u00e8me saison au sein du club brugeois, o\u00f9 il est sous contrat jusqu\u2019en 2028. Cette saison, il a jou\u00e9 25 matches et inscrit trois buts.<\/p>\n\n\n","protected":false},"excerpt":{"rendered":"<p>Pour les prochaines semaines, l\u2019AS Monaco va devoir faire sans Caio Henrique, bless\u00e9 \u00e0 la cuisse droite. Plusieurs options au poste de piston gauche s\u2019offriront \u00e0 S\u00e9bastien Pocognoli, avec le retour de Kassoum Ouattara et la polyvalence de Simon Adingra et Christian Mawissa. Mais le club de la Principaut\u00e9 aura sans doute besoin d\u2019amener du [&#8230;]\n","protected":false},"author":2,"featured_media":0,"comment_status":"open","ping_status":"open","sticky":false,"template":"","format":"standard","meta":[],"categories":[6,1086],"tags":[86,212,111,1200,110],"yoast_head":"<!-- This site is optimized with the Yoast SEO plugin v19.8 - https:\/\/yoast.com\/wordpress\/plugins\/seo\/ -->\n<title>Monaco aurait des vues sur Nazinho - La Diagonale<\/title>\n<meta name=\"robots\" content=\"index, follow, max-snippet:-1, max-image-preview:large, max-video-preview:-1\" \/>\n<link rel=\"canonical\" href=\"https:\/\/www.ladiagonale.net\/index.php\/2026\/03\/17\/monaco-aurait-des-vues-sur-nazinho\/\" \/>\n<meta property=\"og:locale\" content=\"fr_FR\" \/>\n<meta property=\"og:type\" content=\"article\" \/>\n<meta property=\"og:title\" content=\"Monaco aurait des vues sur Nazinho - La Diagonale\" \/>\n<meta property=\"og:description\" content=\"Pour les prochaines semaines, l\u2019AS Monaco va devoir faire sans Caio Henrique, bless\u00e9 \u00e0 la cuisse droite. Plusieurs options au poste de piston gauche s\u2019offriront \u00e0 S\u00e9bastien Pocognoli, avec le retour de Kassoum Ouattara et la polyvalence de Simon Adingra et Christian Mawissa. Mais le club de la Principaut\u00e9 aura sans doute besoin d\u2019amener du [...]\" \/>\n<meta property=\"og:url\" content=\"https:\/\/www.ladiagonale.net\/index.php\/2026\/03\/17\/monaco-aurait-des-vues-sur-nazinho\/\" \/>\n<meta property=\"og:site_name\" content=\"La Diagonale\" \/>\n<meta property=\"article:published_time\" content=\"2026-03-17T16:37:43+00:00\" \/>\n<meta property=\"article:modified_time\" content=\"2026-03-17T17:33:10+00:00\" \/>\n<meta property=\"og:image\" content=\"https:\/\/www.ladiagonale.net\/wp-content\/uploads\/2026\/03\/Nazinho.png\" \/>\n\t<meta property=\"og:image:width\" content=\"1160\" \/>\n\t<meta property=\"og:image:height\" content=\"650\" \/>\n\t<meta property=\"og:image:type\" content=\"image\/png\" \/>\n<meta name=\"author\" content=\"Damien Dellerba\" \/>\n<meta name=\"twitter:card\" content=\"summary_large_image\" \/>\n<meta name=\"twitter:image\" content=\"https:\/\/www.ladiagonale.net\/wp-content\/uploads\/2026\/03\/Nazinho.png\" \/>\n<meta name=\"twitter:label1\" content=\"\u00c9crit par\" \/>\n\t<meta name=\"twitter:data1\" content=\"Damien Dellerba\" \/>\n\t<meta name=\"twitter:label2\" content=\"Dur\u00e9e de lecture estim\u00e9e\" \/>\n\t<meta name=\"twitter:data2\" content=\"1 minute\" \/>\n<script type=\"application\/ld+json\" class=\"yoast-schema-graph\">{\"@context\":\"https:\/\/schema.org\",\"@graph\":[{\"@type\":\"WebPage\",\"@id\":\"https:\/\/www.ladiagonale.net\/index.php\/2026\/03\/17\/monaco-aurait-des-vues-sur-nazinho\/\",\"url\":\"https:\/\/www.ladiagonale.net\/index.php\/2026\/03\/17\/monaco-aurait-des-vues-sur-nazinho\/\",\"name\":\"Monaco aurait des vues sur Nazinho - La Diagonale\",\"isPartOf\":{\"@id\":\"https:\/\/www.ladiagonale.net\/#website\"},\"datePublished\":\"2026-03-17T16:37:43+00:00\",\"dateModified\":\"2026-03-17T17:33:10+00:00\",\"author\":{\"@id\":\"https:\/\/www.ladiagonale.net\/#\/schema\/person\/79ff1e7b0853ed01b2aa26e64ad300bf\"},\"breadcrumb\":{\"@id\":\"https:\/\/www.ladiagonale.net\/index.php\/2026\/03\/17\/monaco-aurait-des-vues-sur-nazinho\/#breadcrumb\"},\"inLanguage\":\"fr-FR\",\"potentialAction\":[{\"@type\":\"ReadAction\",\"target\":[\"https:\/\/www.ladiagonale.net\/index.php\/2026\/03\/17\/monaco-aurait-des-vues-sur-nazinho\/\"]}]},{\"@type\":\"BreadcrumbList\",\"@id\":\"https:\/\/www.ladiagonale.net\/index.php\/2026\/03\/17\/monaco-aurait-des-vues-sur-nazinho\/#breadcrumb\",\"itemListElement\":[{\"@type\":\"ListItem\",\"position\":1,\"name\":\"Accueil\",\"item\":\"https:\/\/www.ladiagonale.net\/\"},{\"@type\":\"ListItem\",\"position\":2,\"name\":\"Monaco aurait des vues sur Nazinho\"}]},{\"@type\":\"WebSite\",\"@id\":\"https:\/\/www.ladiagonale.net\/#website\",\"url\":\"https:\/\/www.ladiagonale.net\/\",\"name\":\"La Diagonale\",\"description\":\"Le site des supporters de l&#039;AS Monaco FC\",\"potentialAction\":[{\"@type\":\"SearchAction\",\"target\":{\"@type\":\"EntryPoint\",\"urlTemplate\":\"https:\/\/www.ladiagonale.net\/?s={search_term_string}\"},\"query-input\":\"required name=search_term_string\"}],\"inLanguage\":\"fr-FR\"},{\"@type\":\"Person\",\"@id\":\"https:\/\/www.ladiagonale.net\/#\/schema\/person\/79ff1e7b0853ed01b2aa26e64ad300bf\",\"name\":\"Damien Dellerba\",\"image\":{\"@type\":\"ImageObject\",\"inLanguage\":\"fr-FR\",\"@id\":\"https:\/\/www.ladiagonale.net\/#\/schema\/person\/image\/\",\"url\":\"https:\/\/secure.gravatar.com\/avatar\/c7850e06d3ff63cdbaee88b7fc16e2f0?s=96&d=mm&r=g\",\"contentUrl\":\"https:\/\/secure.gravatar.com\/avatar\/c7850e06d3ff63cdbaee88b7fc16e2f0?s=96&d=mm&r=g\",\"caption\":\"Damien Dellerba\"},\"url\":\"https:\/\/www.ladiagonale.net\/index.php\/author\/damien\/\"}]}<\/script>\n<!-- \/ Yoast SEO plugin. -->","yoast_head_json":{"title":"Monaco aurait des vues sur Nazinho - La Diagonale","robots":{"index":"index","follow":"follow","max-snippet":"max-snippet:-1","max-image-preview":"max-image-preview:large","max-video-preview":"max-video-preview:-1"},"canonical":"https:\/\/www.ladiagonale.net\/index.php\/2026\/03\/17\/monaco-aurait-des-vues-sur-nazinho\/","og_locale":"fr_FR","og_type":"article","og_title":"Monaco aurait des vues sur Nazinho - La Diagonale","og_description":"Pour les prochaines semaines, l\u2019AS Monaco va devoir faire sans Caio Henrique, bless\u00e9 \u00e0 la cuisse droite. Plusieurs options au poste de piston gauche s\u2019offriront \u00e0 S\u00e9bastien Pocognoli, avec le retour de Kassoum Ouattara et la polyvalence de Simon Adingra et Christian Mawissa. Mais le club de la Principaut\u00e9 aura sans doute besoin d\u2019amener du [...]","og_url":"https:\/\/www.ladiagonale.net\/index.php\/2026\/03\/17\/monaco-aurait-des-vues-sur-nazinho\/","og_site_name":"La Diagonale","article_published_time":"2026-03-17T16:37:43+00:00","article_modified_time":"2026-03-17T17:33:10+00:00","og_image":[{"width":1160,"height":650,"url":"https:\/\/www.ladiagonale.net\/wp-content\/uploads\/2026\/03\/Nazinho.png","type":"image\/png"}],"author":"Damien Dellerba","twitter_card":"summary_large_image","twitter_image":"https:\/\/www.ladiagonale.net\/wp-content\/uploads\/2026\/03\/Nazinho.png","twitter_misc":{"\u00c9crit par":"Damien Dellerba","Dur\u00e9e de lecture estim\u00e9e":"1 minute"},"schema":{"@context":"https:\/\/schema.org","@graph":[{"@type":"WebPage","@id":"https:\/\/www.ladiagonale.net\/index.php\/2026\/03\/17\/monaco-aurait-des-vues-sur-nazinho\/","url":"https:\/\/www.ladiagonale.net\/index.php\/2026\/03\/17\/monaco-aurait-des-vues-sur-nazinho\/","name":"Monaco aurait des vues sur Nazinho - La Diagonale","isPartOf":{"@id":"https:\/\/www.ladiagonale.net\/#website"},"datePublished":"2026-03-17T16:37:43+00:00","dateModified":"2026-03-17T17:33:10+00:00","author":{"@id":"https:\/\/www.ladiagonale.net\/#\/schema\/person\/79ff1e7b0853ed01b2aa26e64ad300bf"},"breadcrumb":{"@id":"https:\/\/www.ladiagonale.net\/index.php\/2026\/03\/17\/monaco-aurait-des-vues-sur-nazinho\/#breadcrumb"},"inLanguage":"fr-FR","potentialAction":[{"@type":"ReadAction","target":["https:\/\/www.ladiagonale.net\/index.php\/2026\/03\/17\/monaco-aurait-des-vues-sur-nazinho\/"]}]},{"@type":"BreadcrumbList","@id":"https:\/\/www.ladiagonale.net\/index.php\/2026\/03\/17\/monaco-aurait-des-vues-sur-nazinho\/#breadcrumb","itemListElement":[{"@type":"ListItem","position":1,"name":"Accueil","item":"https:\/\/www.ladiagonale.net\/"},{"@type":"ListItem","position":2,"name":"Monaco aurait des vues sur Nazinho"}]},{"@type":"WebSite","@id":"https:\/\/www.ladiagonale.net\/#website","url":"https:\/\/www.ladiagonale.net\/","name":"La Diagonale","description":"Le site des supporters de l&#039;AS Monaco FC","potentialAction":[{"@type":"SearchAction","target":{"@type":"EntryPoint","urlTemplate":"https:\/\/www.ladiagonale.net\/?s={search_term_string}"},"query-input":"required name=search_term_string"}],"inLanguage":"fr-FR"},{"@type":"Person","@id":"https:\/\/www.ladiagonale.net\/#\/schema\/person\/79ff1e7b0853ed01b2aa26e64ad300bf","name":"Damien Dellerba","image":{"@type":"ImageObject","inLanguage":"fr-FR","@id":"https:\/\/www.ladiagonale.net\/#\/schema\/person\/image\/","url":"https:\/\/secure.gravatar.com\/avatar\/c7850e06d3ff63cdbaee88b7fc16e2f0?s=96&d=mm&r=g","contentUrl":"https:\/\/secure.gravatar.com\/avatar\/c7850e06d3ff63cdbaee88b7fc16e2f0?s=96&d=mm&r=g","caption":"Damien Dellerba"},"url":"https:\/\/www.ladiagonale.net\/index.php\/author\/damien\/"}]}},"_links":{"self":[{"href":"https:\/\/www.ladiagonale.net\/index.php\/wp-json\/wp\/v2\/posts\/37387"}],"collection":[{"href":"https:\/\/www.ladiagonale.net\/index.php\/wp-json\/wp\/v2\/posts"}],"about":[{"href":"https:\/\/www.ladiagonale.net\/index.php\/wp-json\/wp\/v2\/types\/post"}],"author":[{"embeddable":true,"href":"https:\/\/www.ladiagonale.net\/index.php\/wp-json\/wp\/v2\/users\/2"}],"replies":[{"embeddable":true,"href":"https:\/\/www.ladiagonale.net\/index.php\/wp-json\/wp\/v2\/comments?post=37387"}],"version-history":[{"count":2,"href":"https:\/\/www.ladiagonale.net\/index.php\/wp-json\/wp\/v2\/posts\/37387\/revisions"}],"predecessor-version":[{"id":37390,"href":"https:\/\/www.ladiagonale.net\/index.php\/wp-json\/wp\/v2\/posts\/37387\/revisions\/37390"}],"wp:attachment":[{"href":"https:\/\/www.ladiagonale.net\/index.php\/wp-json\/wp\/v2\/media?parent=37387"}],"wp:term":[{"taxonomy":"category","embeddable":true,"href":"https:\/\/www.ladiagonale.net\/index.php\/wp-json\/wp\/v2\/categories?post=37387"},{"taxonomy":"post_tag","embeddable":true,"href":"https:\/\/www.ladiagonale.net\/index.php\/wp-json\/wp\/v2\/tags?post=37387"}],"curies":[{"name":"wp","href":"https:\/\/api.w.org\/{rel}","templated":true}]}}