{"id":37391,"date":"2026-03-17T18:44:53","date_gmt":"2026-03-17T17:44:53","guid":{"rendered":"https:\/\/www.ladiagonale.net\/?p=37391"},"modified":"2026-03-17T18:44:54","modified_gmt":"2026-03-17T17:44:54","slug":"hradecky-convoque-en-selection-avec-la-finlande","status":"publish","type":"post","link":"https:\/\/www.ladiagonale.net\/index.php\/2026\/03\/17\/hradecky-convoque-en-selection-avec-la-finlande\/","title":{"rendered":"Hradecky convoqu\u00e9 en s\u00e9lection avec la Finlande"},"content":{"rendered":"\n<p>Lukas Hradecky vient seulement d\u2019effectuer son retour \u00e0 la comp\u00e9tition avec l\u2019AS Monaco qu\u2019il va d\u00e9j\u00e0 retrouver la s\u00e9lection \u00e0 compter de la semaine prochaine. Le gardien de 36 ans va disputer ave la Finlande deux matches amicaux dans le cadre des <em>FIFA Series<\/em>, une comp\u00e9tition nouvellement cr\u00e9\u00e9e par l\u2019instance dirigeante du football pour favoriser des rencontres entre nations de diff\u00e9rentes conf\u00e9d\u00e9rations.<\/p>\n\n\n\n<p>Ainsi, la Finlande va conna\u00eetre un tr\u00e8s long voyage durant cette tr\u00eave, puisqu\u2019elle prendra ses quartiers du c\u00f4t\u00e9 d\u2019Auckland pour affronter la Nouvelle-Z\u00e9lande, le 27 mars, puis le Cap-Vert, le 30.<\/p>\n\n\n","protected":false},"excerpt":{"rendered":"<p>Lukas Hradecky vient seulement d\u2019effectuer son retour \u00e0 la comp\u00e9tition avec l\u2019AS Monaco qu\u2019il va d\u00e9j\u00e0 retrouver la s\u00e9lection \u00e0 compter de la semaine prochaine. Le gardien de 36 ans va disputer ave la Finlande deux matches amicaux dans le cadre des FIFA Series, une comp\u00e9tition nouvellement cr\u00e9\u00e9e par l\u2019instance dirigeante du football pour favoriser [&#8230;]\n","protected":false},"author":2,"featured_media":0,"comment_status":"open","ping_status":"open","sticky":false,"template":"","format":"standard","meta":[],"categories":[6,1111],"tags":[86,1113,1094,116],"yoast_head":"<!-- This site is optimized with the Yoast SEO plugin v19.8 - https:\/\/yoast.com\/wordpress\/plugins\/seo\/ -->\n<title>Hradecky convoqu\u00e9 en s\u00e9lection avec la Finlande - La Diagonale<\/title>\n<meta name=\"robots\" content=\"index, follow, max-snippet:-1, max-image-preview:large, max-video-preview:-1\" \/>\n<link rel=\"canonical\" href=\"https:\/\/www.ladiagonale.net\/index.php\/2026\/03\/17\/hradecky-convoque-en-selection-avec-la-finlande\/\" \/>\n<meta property=\"og:locale\" content=\"fr_FR\" \/>\n<meta property=\"og:type\" content=\"article\" \/>\n<meta property=\"og:title\" content=\"Hradecky convoqu\u00e9 en s\u00e9lection avec la Finlande - La Diagonale\" \/>\n<meta property=\"og:description\" content=\"Lukas Hradecky vient seulement d\u2019effectuer son retour \u00e0 la comp\u00e9tition avec l\u2019AS Monaco qu\u2019il va d\u00e9j\u00e0 retrouver la s\u00e9lection \u00e0 compter de la semaine prochaine. Le gardien de 36 ans va disputer ave la Finlande deux matches amicaux dans le cadre des FIFA Series, une comp\u00e9tition nouvellement cr\u00e9\u00e9e par l\u2019instance dirigeante du football pour favoriser [...]\" \/>\n<meta property=\"og:url\" content=\"https:\/\/www.ladiagonale.net\/index.php\/2026\/03\/17\/hradecky-convoque-en-selection-avec-la-finlande\/\" \/>\n<meta property=\"og:site_name\" content=\"La Diagonale\" \/>\n<meta property=\"article:published_time\" content=\"2026-03-17T17:44:53+00:00\" \/>\n<meta property=\"article:modified_time\" content=\"2026-03-17T17:44:54+00:00\" \/>\n<meta property=\"og:image\" content=\"https:\/\/www.ladiagonale.net\/wp-content\/uploads\/2025\/08\/Hradecky-finlande.png\" \/>\n\t<meta property=\"og:image:width\" content=\"1160\" \/>\n\t<meta property=\"og:image:height\" content=\"650\" \/>\n\t<meta property=\"og:image:type\" content=\"image\/png\" \/>\n<meta name=\"author\" content=\"Damien Dellerba\" \/>\n<meta name=\"twitter:card\" content=\"summary_large_image\" \/>\n<meta name=\"twitter:image\" content=\"https:\/\/www.ladiagonale.net\/wp-content\/uploads\/2025\/08\/Hradecky-finlande.png\" \/>\n<meta name=\"twitter:label1\" content=\"\u00c9crit par\" \/>\n\t<meta name=\"twitter:data1\" content=\"Damien Dellerba\" \/>\n\t<meta name=\"twitter:label2\" content=\"Dur\u00e9e de lecture estim\u00e9e\" \/>\n\t<meta name=\"twitter:data2\" content=\"1 minute\" \/>\n<script type=\"application\/ld+json\" class=\"yoast-schema-graph\">{\"@context\":\"https:\/\/schema.org\",\"@graph\":[{\"@type\":\"WebPage\",\"@id\":\"https:\/\/www.ladiagonale.net\/index.php\/2026\/03\/17\/hradecky-convoque-en-selection-avec-la-finlande\/\",\"url\":\"https:\/\/www.ladiagonale.net\/index.php\/2026\/03\/17\/hradecky-convoque-en-selection-avec-la-finlande\/\",\"name\":\"Hradecky convoqu\u00e9 en s\u00e9lection avec la Finlande - La Diagonale\",\"isPartOf\":{\"@id\":\"https:\/\/www.ladiagonale.net\/#website\"},\"datePublished\":\"2026-03-17T17:44:53+00:00\",\"dateModified\":\"2026-03-17T17:44:54+00:00\",\"author\":{\"@id\":\"https:\/\/www.ladiagonale.net\/#\/schema\/person\/79ff1e7b0853ed01b2aa26e64ad300bf\"},\"breadcrumb\":{\"@id\":\"https:\/\/www.ladiagonale.net\/index.php\/2026\/03\/17\/hradecky-convoque-en-selection-avec-la-finlande\/#breadcrumb\"},\"inLanguage\":\"fr-FR\",\"potentialAction\":[{\"@type\":\"ReadAction\",\"target\":[\"https:\/\/www.ladiagonale.net\/index.php\/2026\/03\/17\/hradecky-convoque-en-selection-avec-la-finlande\/\"]}]},{\"@type\":\"BreadcrumbList\",\"@id\":\"https:\/\/www.ladiagonale.net\/index.php\/2026\/03\/17\/hradecky-convoque-en-selection-avec-la-finlande\/#breadcrumb\",\"itemListElement\":[{\"@type\":\"ListItem\",\"position\":1,\"name\":\"Accueil\",\"item\":\"https:\/\/www.ladiagonale.net\/\"},{\"@type\":\"ListItem\",\"position\":2,\"name\":\"Hradecky convoqu\u00e9 en s\u00e9lection avec la Finlande\"}]},{\"@type\":\"WebSite\",\"@id\":\"https:\/\/www.ladiagonale.net\/#website\",\"url\":\"https:\/\/www.ladiagonale.net\/\",\"name\":\"La Diagonale\",\"description\":\"Le site des supporters de l&#039;AS Monaco FC\",\"potentialAction\":[{\"@type\":\"SearchAction\",\"target\":{\"@type\":\"EntryPoint\",\"urlTemplate\":\"https:\/\/www.ladiagonale.net\/?s={search_term_string}\"},\"query-input\":\"required name=search_term_string\"}],\"inLanguage\":\"fr-FR\"},{\"@type\":\"Person\",\"@id\":\"https:\/\/www.ladiagonale.net\/#\/schema\/person\/79ff1e7b0853ed01b2aa26e64ad300bf\",\"name\":\"Damien Dellerba\",\"image\":{\"@type\":\"ImageObject\",\"inLanguage\":\"fr-FR\",\"@id\":\"https:\/\/www.ladiagonale.net\/#\/schema\/person\/image\/\",\"url\":\"https:\/\/secure.gravatar.com\/avatar\/c7850e06d3ff63cdbaee88b7fc16e2f0?s=96&d=mm&r=g\",\"contentUrl\":\"https:\/\/secure.gravatar.com\/avatar\/c7850e06d3ff63cdbaee88b7fc16e2f0?s=96&d=mm&r=g\",\"caption\":\"Damien Dellerba\"},\"url\":\"https:\/\/www.ladiagonale.net\/index.php\/author\/damien\/\"}]}<\/script>\n<!-- \/ Yoast SEO plugin. -->","yoast_head_json":{"title":"Hradecky convoqu\u00e9 en s\u00e9lection avec la Finlande - La Diagonale","robots":{"index":"index","follow":"follow","max-snippet":"max-snippet:-1","max-image-preview":"max-image-preview:large","max-video-preview":"max-video-preview:-1"},"canonical":"https:\/\/www.ladiagonale.net\/index.php\/2026\/03\/17\/hradecky-convoque-en-selection-avec-la-finlande\/","og_locale":"fr_FR","og_type":"article","og_title":"Hradecky convoqu\u00e9 en s\u00e9lection avec la Finlande - La Diagonale","og_description":"Lukas Hradecky vient seulement d\u2019effectuer son retour \u00e0 la comp\u00e9tition avec l\u2019AS Monaco qu\u2019il va d\u00e9j\u00e0 retrouver la s\u00e9lection \u00e0 compter de la semaine prochaine. Le gardien de 36 ans va disputer ave la Finlande deux matches amicaux dans le cadre des FIFA Series, une comp\u00e9tition nouvellement cr\u00e9\u00e9e par l\u2019instance dirigeante du football pour favoriser [...]","og_url":"https:\/\/www.ladiagonale.net\/index.php\/2026\/03\/17\/hradecky-convoque-en-selection-avec-la-finlande\/","og_site_name":"La Diagonale","article_published_time":"2026-03-17T17:44:53+00:00","article_modified_time":"2026-03-17T17:44:54+00:00","og_image":[{"width":1160,"height":650,"url":"https:\/\/www.ladiagonale.net\/wp-content\/uploads\/2025\/08\/Hradecky-finlande.png","type":"image\/png"}],"author":"Damien Dellerba","twitter_card":"summary_large_image","twitter_image":"https:\/\/www.ladiagonale.net\/wp-content\/uploads\/2025\/08\/Hradecky-finlande.png","twitter_misc":{"\u00c9crit par":"Damien Dellerba","Dur\u00e9e de lecture estim\u00e9e":"1 minute"},"schema":{"@context":"https:\/\/schema.org","@graph":[{"@type":"WebPage","@id":"https:\/\/www.ladiagonale.net\/index.php\/2026\/03\/17\/hradecky-convoque-en-selection-avec-la-finlande\/","url":"https:\/\/www.ladiagonale.net\/index.php\/2026\/03\/17\/hradecky-convoque-en-selection-avec-la-finlande\/","name":"Hradecky convoqu\u00e9 en s\u00e9lection avec la Finlande - La Diagonale","isPartOf":{"@id":"https:\/\/www.ladiagonale.net\/#website"},"datePublished":"2026-03-17T17:44:53+00:00","dateModified":"2026-03-17T17:44:54+00:00","author":{"@id":"https:\/\/www.ladiagonale.net\/#\/schema\/person\/79ff1e7b0853ed01b2aa26e64ad300bf"},"breadcrumb":{"@id":"https:\/\/www.ladiagonale.net\/index.php\/2026\/03\/17\/hradecky-convoque-en-selection-avec-la-finlande\/#breadcrumb"},"inLanguage":"fr-FR","potentialAction":[{"@type":"ReadAction","target":["https:\/\/www.ladiagonale.net\/index.php\/2026\/03\/17\/hradecky-convoque-en-selection-avec-la-finlande\/"]}]},{"@type":"BreadcrumbList","@id":"https:\/\/www.ladiagonale.net\/index.php\/2026\/03\/17\/hradecky-convoque-en-selection-avec-la-finlande\/#breadcrumb","itemListElement":[{"@type":"ListItem","position":1,"name":"Accueil","item":"https:\/\/www.ladiagonale.net\/"},{"@type":"ListItem","position":2,"name":"Hradecky convoqu\u00e9 en s\u00e9lection avec la Finlande"}]},{"@type":"WebSite","@id":"https:\/\/www.ladiagonale.net\/#website","url":"https:\/\/www.ladiagonale.net\/","name":"La Diagonale","description":"Le site des supporters de l&#039;AS Monaco FC","potentialAction":[{"@type":"SearchAction","target":{"@type":"EntryPoint","urlTemplate":"https:\/\/www.ladiagonale.net\/?s={search_term_string}"},"query-input":"required name=search_term_string"}],"inLanguage":"fr-FR"},{"@type":"Person","@id":"https:\/\/www.ladiagonale.net\/#\/schema\/person\/79ff1e7b0853ed01b2aa26e64ad300bf","name":"Damien Dellerba","image":{"@type":"ImageObject","inLanguage":"fr-FR","@id":"https:\/\/www.ladiagonale.net\/#\/schema\/person\/image\/","url":"https:\/\/secure.gravatar.com\/avatar\/c7850e06d3ff63cdbaee88b7fc16e2f0?s=96&d=mm&r=g","contentUrl":"https:\/\/secure.gravatar.com\/avatar\/c7850e06d3ff63cdbaee88b7fc16e2f0?s=96&d=mm&r=g","caption":"Damien Dellerba"},"url":"https:\/\/www.ladiagonale.net\/index.php\/author\/damien\/"}]}},"_links":{"self":[{"href":"https:\/\/www.ladiagonale.net\/index.php\/wp-json\/wp\/v2\/posts\/37391"}],"collection":[{"href":"https:\/\/www.ladiagonale.net\/index.php\/wp-json\/wp\/v2\/posts"}],"about":[{"href":"https:\/\/www.ladiagonale.net\/index.php\/wp-json\/wp\/v2\/types\/post"}],"author":[{"embeddable":true,"href":"https:\/\/www.ladiagonale.net\/index.php\/wp-json\/wp\/v2\/users\/2"}],"replies":[{"embeddable":true,"href":"https:\/\/www.ladiagonale.net\/index.php\/wp-json\/wp\/v2\/comments?post=37391"}],"version-history":[{"count":1,"href":"https:\/\/www.ladiagonale.net\/index.php\/wp-json\/wp\/v2\/posts\/37391\/revisions"}],"predecessor-version":[{"id":37392,"href":"https:\/\/www.ladiagonale.net\/index.php\/wp-json\/wp\/v2\/posts\/37391\/revisions\/37392"}],"wp:attachment":[{"href":"https:\/\/www.ladiagonale.net\/index.php\/wp-json\/wp\/v2\/media?parent=37391"}],"wp:term":[{"taxonomy":"category","embeddable":true,"href":"https:\/\/www.ladiagonale.net\/index.php\/wp-json\/wp\/v2\/categories?post=37391"},{"taxonomy":"post_tag","embeddable":true,"href":"https:\/\/www.ladiagonale.net\/index.php\/wp-json\/wp\/v2\/tags?post=37391"}],"curies":[{"name":"wp","href":"https:\/\/api.w.org\/{rel}","templated":true}]}}