{"id":37910,"date":"2026-04-23T16:50:57","date_gmt":"2026-04-23T14:50:57","guid":{"rendered":"https:\/\/www.ladiagonale.net\/?p=37910"},"modified":"2026-04-23T16:50:58","modified_gmt":"2026-04-23T14:50:58","slug":"aucun-retour-de-linfirmerie-pour-toulouse","status":"publish","type":"post","link":"https:\/\/www.ladiagonale.net\/index.php\/2026\/04\/23\/aucun-retour-de-linfirmerie-pour-toulouse\/","title":{"rendered":"Aucun retour de l\u2019infirmerie pour Toulouse"},"content":{"rendered":"\n\n\n<p>Ce samedi (21h05), l\u2019AS Monaco se rend \u00e0 Toulouse pour la 31<sup>e<\/sup> journ\u00e9e de Ligue 1. Les Rouge et Blanc ne verront aucun renfort dans leurs rangs pour cette rencontre. En conf\u00e9rence de presse, S\u00e9bastien Pocognoli a dress\u00e9 un \u00e9tat des lieux des forces en pr\u00e9sence. S\u2019il pourra compter sur un Aleksandr Golovin \u00e0 ses pleines capacit\u00e9s et qui a pu s\u2019entra\u00eener \u00ab\u00a0<em>de mani\u00e8re optimale cette semaine<\/em>\u00a0\u00bb, les absents restent les m\u00eames.<\/p>\n\n\n\n<p>Pendant que Stanis Idumbo <a href=\"https:\/\/www.ladiagonale.net\/index.php\/2026\/04\/23\/idumbo-va-etre-opere\/\" target=\"_blank\" rel=\"noreferrer noopener\">va \u00eatre op\u00e9r\u00e9 de l\u2019\u00e9paule droite<\/a>, Kassoum Ouattara n\u2019a pas encore repris la course : \u00ab\u00a0<em>On a toujours les m\u00eames bless\u00e9s. Caio (Henrique) s\u2019est entra\u00een\u00e9 de mani\u00e8re partielle et on pense qu\u2019il va pouvoir r\u00e9incorporer davantage le groupe la semaine prochaine. Kassoum (Ouattara) n\u2019a pas encore repris la course sur le terrain. C\u2019est possible que son indisponibilit\u00e9 soit encore de quelques semaines.<\/em>\u00a0\u00bb<\/p>\n\n\n\n<p class=\"has-text-align-right has-small-font-size\">Source : <em>Nice-Matin<\/em><\/p>\n","protected":false},"excerpt":{"rendered":"<p>Ce samedi (21h05), l\u2019AS Monaco se rend \u00e0 Toulouse pour la 31e journ\u00e9e de Ligue 1. Les Rouge et Blanc ne verront aucun renfort dans leurs rangs pour cette rencontre. En conf\u00e9rence de presse, S\u00e9bastien Pocognoli a dress\u00e9 un \u00e9tat des lieux des forces en pr\u00e9sence. S\u2019il pourra compter sur un Aleksandr Golovin \u00e0 ses [&#8230;]\n","protected":false},"author":2,"featured_media":0,"comment_status":"open","ping_status":"open","sticky":false,"template":"","format":"standard","meta":[],"categories":[6,1035,1000],"tags":[86,137,196,722,94,230],"yoast_head":"<!-- This site is optimized with the Yoast SEO plugin v19.8 - https:\/\/yoast.com\/wordpress\/plugins\/seo\/ -->\n<title>Aucun retour de l\u2019infirmerie pour Toulouse - La Diagonale<\/title>\n<meta name=\"robots\" content=\"index, follow, max-snippet:-1, max-image-preview:large, max-video-preview:-1\" \/>\n<link rel=\"canonical\" href=\"https:\/\/www.ladiagonale.net\/index.php\/2026\/04\/23\/aucun-retour-de-linfirmerie-pour-toulouse\/\" \/>\n<meta property=\"og:locale\" content=\"fr_FR\" \/>\n<meta property=\"og:type\" content=\"article\" \/>\n<meta property=\"og:title\" content=\"Aucun retour de l\u2019infirmerie pour Toulouse - La Diagonale\" \/>\n<meta property=\"og:description\" content=\"Ce samedi (21h05), l\u2019AS Monaco se rend \u00e0 Toulouse pour la 31e journ\u00e9e de Ligue 1. Les Rouge et Blanc ne verront aucun renfort dans leurs rangs pour cette rencontre. En conf\u00e9rence de presse, S\u00e9bastien Pocognoli a dress\u00e9 un \u00e9tat des lieux des forces en pr\u00e9sence. S\u2019il pourra compter sur un Aleksandr Golovin \u00e0 ses [...]\" \/>\n<meta property=\"og:url\" content=\"https:\/\/www.ladiagonale.net\/index.php\/2026\/04\/23\/aucun-retour-de-linfirmerie-pour-toulouse\/\" \/>\n<meta property=\"og:site_name\" content=\"La Diagonale\" \/>\n<meta property=\"article:published_time\" content=\"2026-04-23T14:50:57+00:00\" \/>\n<meta property=\"article:modified_time\" content=\"2026-04-23T14:50:58+00:00\" \/>\n<meta property=\"og:image\" content=\"https:\/\/www.ladiagonale.net\/wp-content\/uploads\/2025\/12\/Caio-PFC.png\" \/>\n\t<meta property=\"og:image:width\" content=\"1160\" \/>\n\t<meta property=\"og:image:height\" content=\"650\" \/>\n\t<meta property=\"og:image:type\" content=\"image\/png\" \/>\n<meta name=\"author\" content=\"Damien Dellerba\" \/>\n<meta name=\"twitter:card\" content=\"summary_large_image\" \/>\n<meta name=\"twitter:image\" content=\"https:\/\/www.ladiagonale.net\/wp-content\/uploads\/2025\/12\/Caio-PFC.png\" \/>\n<meta name=\"twitter:label1\" content=\"\u00c9crit par\" \/>\n\t<meta name=\"twitter:data1\" content=\"Damien Dellerba\" \/>\n\t<meta name=\"twitter:label2\" content=\"Dur\u00e9e de lecture estim\u00e9e\" \/>\n\t<meta name=\"twitter:data2\" content=\"1 minute\" \/>\n<script type=\"application\/ld+json\" class=\"yoast-schema-graph\">{\"@context\":\"https:\/\/schema.org\",\"@graph\":[{\"@type\":\"WebPage\",\"@id\":\"https:\/\/www.ladiagonale.net\/index.php\/2026\/04\/23\/aucun-retour-de-linfirmerie-pour-toulouse\/\",\"url\":\"https:\/\/www.ladiagonale.net\/index.php\/2026\/04\/23\/aucun-retour-de-linfirmerie-pour-toulouse\/\",\"name\":\"Aucun retour de l\u2019infirmerie pour Toulouse - La Diagonale\",\"isPartOf\":{\"@id\":\"https:\/\/www.ladiagonale.net\/#website\"},\"datePublished\":\"2026-04-23T14:50:57+00:00\",\"dateModified\":\"2026-04-23T14:50:58+00:00\",\"author\":{\"@id\":\"https:\/\/www.ladiagonale.net\/#\/schema\/person\/79ff1e7b0853ed01b2aa26e64ad300bf\"},\"breadcrumb\":{\"@id\":\"https:\/\/www.ladiagonale.net\/index.php\/2026\/04\/23\/aucun-retour-de-linfirmerie-pour-toulouse\/#breadcrumb\"},\"inLanguage\":\"fr-FR\",\"potentialAction\":[{\"@type\":\"ReadAction\",\"target\":[\"https:\/\/www.ladiagonale.net\/index.php\/2026\/04\/23\/aucun-retour-de-linfirmerie-pour-toulouse\/\"]}]},{\"@type\":\"BreadcrumbList\",\"@id\":\"https:\/\/www.ladiagonale.net\/index.php\/2026\/04\/23\/aucun-retour-de-linfirmerie-pour-toulouse\/#breadcrumb\",\"itemListElement\":[{\"@type\":\"ListItem\",\"position\":1,\"name\":\"Accueil\",\"item\":\"https:\/\/www.ladiagonale.net\/\"},{\"@type\":\"ListItem\",\"position\":2,\"name\":\"Aucun retour de l\u2019infirmerie pour Toulouse\"}]},{\"@type\":\"WebSite\",\"@id\":\"https:\/\/www.ladiagonale.net\/#website\",\"url\":\"https:\/\/www.ladiagonale.net\/\",\"name\":\"La Diagonale\",\"description\":\"Le site des supporters de l&#039;AS Monaco FC\",\"potentialAction\":[{\"@type\":\"SearchAction\",\"target\":{\"@type\":\"EntryPoint\",\"urlTemplate\":\"https:\/\/www.ladiagonale.net\/?s={search_term_string}\"},\"query-input\":\"required name=search_term_string\"}],\"inLanguage\":\"fr-FR\"},{\"@type\":\"Person\",\"@id\":\"https:\/\/www.ladiagonale.net\/#\/schema\/person\/79ff1e7b0853ed01b2aa26e64ad300bf\",\"name\":\"Damien Dellerba\",\"image\":{\"@type\":\"ImageObject\",\"inLanguage\":\"fr-FR\",\"@id\":\"https:\/\/www.ladiagonale.net\/#\/schema\/person\/image\/\",\"url\":\"https:\/\/secure.gravatar.com\/avatar\/c7850e06d3ff63cdbaee88b7fc16e2f0?s=96&d=mm&r=g\",\"contentUrl\":\"https:\/\/secure.gravatar.com\/avatar\/c7850e06d3ff63cdbaee88b7fc16e2f0?s=96&d=mm&r=g\",\"caption\":\"Damien Dellerba\"},\"url\":\"https:\/\/www.ladiagonale.net\/index.php\/author\/damien\/\"}]}<\/script>\n<!-- \/ Yoast SEO plugin. -->","yoast_head_json":{"title":"Aucun retour de l\u2019infirmerie pour Toulouse - La Diagonale","robots":{"index":"index","follow":"follow","max-snippet":"max-snippet:-1","max-image-preview":"max-image-preview:large","max-video-preview":"max-video-preview:-1"},"canonical":"https:\/\/www.ladiagonale.net\/index.php\/2026\/04\/23\/aucun-retour-de-linfirmerie-pour-toulouse\/","og_locale":"fr_FR","og_type":"article","og_title":"Aucun retour de l\u2019infirmerie pour Toulouse - La Diagonale","og_description":"Ce samedi (21h05), l\u2019AS Monaco se rend \u00e0 Toulouse pour la 31e journ\u00e9e de Ligue 1. Les Rouge et Blanc ne verront aucun renfort dans leurs rangs pour cette rencontre. En conf\u00e9rence de presse, S\u00e9bastien Pocognoli a dress\u00e9 un \u00e9tat des lieux des forces en pr\u00e9sence. S\u2019il pourra compter sur un Aleksandr Golovin \u00e0 ses [...]","og_url":"https:\/\/www.ladiagonale.net\/index.php\/2026\/04\/23\/aucun-retour-de-linfirmerie-pour-toulouse\/","og_site_name":"La Diagonale","article_published_time":"2026-04-23T14:50:57+00:00","article_modified_time":"2026-04-23T14:50:58+00:00","og_image":[{"width":1160,"height":650,"url":"https:\/\/www.ladiagonale.net\/wp-content\/uploads\/2025\/12\/Caio-PFC.png","type":"image\/png"}],"author":"Damien Dellerba","twitter_card":"summary_large_image","twitter_image":"https:\/\/www.ladiagonale.net\/wp-content\/uploads\/2025\/12\/Caio-PFC.png","twitter_misc":{"\u00c9crit par":"Damien Dellerba","Dur\u00e9e de lecture estim\u00e9e":"1 minute"},"schema":{"@context":"https:\/\/schema.org","@graph":[{"@type":"WebPage","@id":"https:\/\/www.ladiagonale.net\/index.php\/2026\/04\/23\/aucun-retour-de-linfirmerie-pour-toulouse\/","url":"https:\/\/www.ladiagonale.net\/index.php\/2026\/04\/23\/aucun-retour-de-linfirmerie-pour-toulouse\/","name":"Aucun retour de l\u2019infirmerie pour Toulouse - La Diagonale","isPartOf":{"@id":"https:\/\/www.ladiagonale.net\/#website"},"datePublished":"2026-04-23T14:50:57+00:00","dateModified":"2026-04-23T14:50:58+00:00","author":{"@id":"https:\/\/www.ladiagonale.net\/#\/schema\/person\/79ff1e7b0853ed01b2aa26e64ad300bf"},"breadcrumb":{"@id":"https:\/\/www.ladiagonale.net\/index.php\/2026\/04\/23\/aucun-retour-de-linfirmerie-pour-toulouse\/#breadcrumb"},"inLanguage":"fr-FR","potentialAction":[{"@type":"ReadAction","target":["https:\/\/www.ladiagonale.net\/index.php\/2026\/04\/23\/aucun-retour-de-linfirmerie-pour-toulouse\/"]}]},{"@type":"BreadcrumbList","@id":"https:\/\/www.ladiagonale.net\/index.php\/2026\/04\/23\/aucun-retour-de-linfirmerie-pour-toulouse\/#breadcrumb","itemListElement":[{"@type":"ListItem","position":1,"name":"Accueil","item":"https:\/\/www.ladiagonale.net\/"},{"@type":"ListItem","position":2,"name":"Aucun retour de l\u2019infirmerie pour Toulouse"}]},{"@type":"WebSite","@id":"https:\/\/www.ladiagonale.net\/#website","url":"https:\/\/www.ladiagonale.net\/","name":"La Diagonale","description":"Le site des supporters de l&#039;AS Monaco FC","potentialAction":[{"@type":"SearchAction","target":{"@type":"EntryPoint","urlTemplate":"https:\/\/www.ladiagonale.net\/?s={search_term_string}"},"query-input":"required name=search_term_string"}],"inLanguage":"fr-FR"},{"@type":"Person","@id":"https:\/\/www.ladiagonale.net\/#\/schema\/person\/79ff1e7b0853ed01b2aa26e64ad300bf","name":"Damien Dellerba","image":{"@type":"ImageObject","inLanguage":"fr-FR","@id":"https:\/\/www.ladiagonale.net\/#\/schema\/person\/image\/","url":"https:\/\/secure.gravatar.com\/avatar\/c7850e06d3ff63cdbaee88b7fc16e2f0?s=96&d=mm&r=g","contentUrl":"https:\/\/secure.gravatar.com\/avatar\/c7850e06d3ff63cdbaee88b7fc16e2f0?s=96&d=mm&r=g","caption":"Damien Dellerba"},"url":"https:\/\/www.ladiagonale.net\/index.php\/author\/damien\/"}]}},"_links":{"self":[{"href":"https:\/\/www.ladiagonale.net\/index.php\/wp-json\/wp\/v2\/posts\/37910"}],"collection":[{"href":"https:\/\/www.ladiagonale.net\/index.php\/wp-json\/wp\/v2\/posts"}],"about":[{"href":"https:\/\/www.ladiagonale.net\/index.php\/wp-json\/wp\/v2\/types\/post"}],"author":[{"embeddable":true,"href":"https:\/\/www.ladiagonale.net\/index.php\/wp-json\/wp\/v2\/users\/2"}],"replies":[{"embeddable":true,"href":"https:\/\/www.ladiagonale.net\/index.php\/wp-json\/wp\/v2\/comments?post=37910"}],"version-history":[{"count":1,"href":"https:\/\/www.ladiagonale.net\/index.php\/wp-json\/wp\/v2\/posts\/37910\/revisions"}],"predecessor-version":[{"id":37911,"href":"https:\/\/www.ladiagonale.net\/index.php\/wp-json\/wp\/v2\/posts\/37910\/revisions\/37911"}],"wp:attachment":[{"href":"https:\/\/www.ladiagonale.net\/index.php\/wp-json\/wp\/v2\/media?parent=37910"}],"wp:term":[{"taxonomy":"category","embeddable":true,"href":"https:\/\/www.ladiagonale.net\/index.php\/wp-json\/wp\/v2\/categories?post=37910"},{"taxonomy":"post_tag","embeddable":true,"href":"https:\/\/www.ladiagonale.net\/index.php\/wp-json\/wp\/v2\/tags?post=37910"}],"curies":[{"name":"wp","href":"https:\/\/api.w.org\/{rel}","templated":true}]}}