{"id":37953,"date":"2026-04-26T06:55:00","date_gmt":"2026-04-26T04:55:00","guid":{"rendered":"https:\/\/www.ladiagonale.net\/?p=37953"},"modified":"2026-04-26T04:11:36","modified_gmt":"2026-04-26T02:11:36","slug":"les-notes-kehrer-na-pas-suffi","status":"publish","type":"post","link":"https:\/\/www.ladiagonale.net\/index.php\/2026\/04\/26\/les-notes-kehrer-na-pas-suffi\/","title":{"rendered":"Les notes : Kehrer n&rsquo;a pas suffi"},"content":{"rendered":"\n\n\n<p><strong>Malgr\u00e9 la bonne performance sign\u00e9e par Thilo Kehrer, l&rsquo;AS Monaco n&rsquo;a pas r\u00e9ussi \u00e0 ramener les trois points de son d\u00e9placement \u00e0 Toulouse.<\/strong><\/p>\n\n\n\n<h4 class=\"wp-block-heading has-white-color has-text-color has-background\" style=\"background-color:#155a00\">TOPS<\/h4>\n\n\n\n<div class=\"wp-block-media-text alignwide is-stacked-on-mobile\" style=\"grid-template-columns:35% auto\"><figure class=\"wp-block-media-text__media\"><img loading=\"lazy\" width=\"400\" height=\"400\" src=\"https:\/\/www.ladiagonale.net\/wp-content\/uploads\/2026\/03\/Kehrer7.png\" alt=\"\" class=\"wp-image-37167 size-full\" srcset=\"https:\/\/www.ladiagonale.net\/wp-content\/uploads\/2026\/03\/Kehrer7.png 400w, https:\/\/www.ladiagonale.net\/wp-content\/uploads\/2026\/03\/Kehrer7-300x300.png 300w, https:\/\/www.ladiagonale.net\/wp-content\/uploads\/2026\/03\/Kehrer7-150x150.png 150w, https:\/\/www.ladiagonale.net\/wp-content\/uploads\/2026\/03\/Kehrer7-128x128.png 128w, https:\/\/www.ladiagonale.net\/wp-content\/uploads\/2026\/03\/Kehrer7-32x32.png 32w\" sizes=\"(max-width: 400px) 100vw, 400px\" \/><\/figure><div class=\"wp-block-media-text__content\">\n<p style=\"font-size:16px\"><strong>Thilo Kehrer<\/strong><\/p>\n\n\n\n<p style=\"font-size:15px\">L\u2019Allemand a constitu\u00e9 une vraie satisfaction dans ce match. Tout de suite dans le bon tempo, il a d\u00e9fendu avec beaucoup d\u2019agressivit\u00e9 et de justesse, sans jamais se mettre \u00e0 la faute. Il en a d\u2019ailleurs obtenu deux en jouant bien les coups. C\u2019est aussi lui qui r\u00e9cup\u00e8re le ballon face \u00e0 Hidalgo pour le but du break. Il a \u00e9t\u00e9 vraiment solide dans le duel (8\/10 remport\u00e9s) tout en d\u00e9gageant et contrant de nombreux ballons.<\/p>\n<\/div><\/div>\n\n\n\n<div style=\"height:40px\" aria-hidden=\"true\" class=\"wp-block-spacer\"><\/div>\n\n\n\n<div class=\"wp-block-media-text alignwide is-stacked-on-mobile\" style=\"grid-template-columns:35% auto\"><figure class=\"wp-block-media-text__media\"><img loading=\"lazy\" width=\"400\" height=\"400\" src=\"https:\/\/www.ladiagonale.net\/wp-content\/uploads\/2025\/10\/Akliouche6.png\" alt=\"\" class=\"wp-image-34757 size-full\" srcset=\"https:\/\/www.ladiagonale.net\/wp-content\/uploads\/2025\/10\/Akliouche6.png 400w, https:\/\/www.ladiagonale.net\/wp-content\/uploads\/2025\/10\/Akliouche6-300x300.png 300w, https:\/\/www.ladiagonale.net\/wp-content\/uploads\/2025\/10\/Akliouche6-150x150.png 150w, https:\/\/www.ladiagonale.net\/wp-content\/uploads\/2025\/10\/Akliouche6-128x128.png 128w, https:\/\/www.ladiagonale.net\/wp-content\/uploads\/2025\/10\/Akliouche6-32x32.png 32w\" sizes=\"(max-width: 400px) 100vw, 400px\" \/><\/figure><div class=\"wp-block-media-text__content\">\n<p style=\"font-size:16px\"><strong>Maghnes Akliouche<\/strong><\/p>\n\n\n\n<p style=\"font-size:15px\">L\u2019international fran\u00e7ais a r\u00e9alis\u00e9 une belle premi\u00e8re p\u00e9riode, tonique, faite de mouvements alertes, tout en \u00e9tat pr\u00e9cis techniquement et capable de faire des diff\u00e9rences. Il est le premier \u00e0 solliciter Restes dans cette rencontre et le corner qu\u2019il obtient am\u00e8ne l\u2019ouverture du score, sur laquelle il est impliqu\u00e9 en rodant seul au second poteau pour remettre le ballon dans la bo\u00eete. Il est aussi \u00e0 la derni\u00e8re passe pour Camara sur le second but. Quand Monaco a arr\u00eat\u00e9 de jouer, il a continu\u00e9 de faire des efforts et de s\u2019arracher pour contrer certains ballons. Mais il a ensuite fini par dispara\u00eetre.<\/p>\n<\/div><\/div>\n\n\n\n<div style=\"height:40px\" aria-hidden=\"true\" class=\"wp-block-spacer\"><\/div>\n\n\n\n<div class=\"wp-block-media-text alignwide is-stacked-on-mobile\" style=\"grid-template-columns:35% auto\"><figure class=\"wp-block-media-text__media\"><img loading=\"lazy\" width=\"400\" height=\"400\" src=\"https:\/\/www.ladiagonale.net\/wp-content\/uploads\/2026\/02\/Adingra6.png\" alt=\"\" class=\"wp-image-36802 size-full\" srcset=\"https:\/\/www.ladiagonale.net\/wp-content\/uploads\/2026\/02\/Adingra6.png 400w, https:\/\/www.ladiagonale.net\/wp-content\/uploads\/2026\/02\/Adingra6-300x300.png 300w, https:\/\/www.ladiagonale.net\/wp-content\/uploads\/2026\/02\/Adingra6-150x150.png 150w, https:\/\/www.ladiagonale.net\/wp-content\/uploads\/2026\/02\/Adingra6-128x128.png 128w, https:\/\/www.ladiagonale.net\/wp-content\/uploads\/2026\/02\/Adingra6-32x32.png 32w\" sizes=\"(max-width: 400px) 100vw, 400px\" \/><\/figure><div class=\"wp-block-media-text__content\">\n<p style=\"font-size:16px\"><strong>Simon Adingra<\/strong><\/p>\n\n\n\n<p style=\"font-size:15px\">L\u2019Ivoirien a \u00e9t\u00e9 un v\u00e9ritable poison dans l\u2019arri\u00e8re-garde toulousaine, avec sa technique en mouvement. Auteur d\u2019une passe d\u00e9cisive pour Teze, il rate l\u2019occasion de faire le break en butant sur Restes (14<sup>e<\/sup>). Mais il n&rsquo;a jamais renonc\u00e9 et cess\u00e9 de provoquer, en jouant de nombreux ballons dans la surface adverse. D\u00e9fensivement, il n&rsquo;a pas oubli\u00e9 d&rsquo;apporter son \u00e9cot, cette fois, avec huit ballons r\u00e9cup\u00e9r\u00e9s. Un joli total qui d\u00e9montre son application.<\/p>\n<\/div><\/div>\n\n\n\n<div style=\"height:40px\" aria-hidden=\"true\" class=\"wp-block-spacer\"><\/div>\n\n\n\n<h4 class=\"wp-block-heading has-white-color has-text-color has-background\" style=\"background-color:#c00501\">FLOPS<\/h4>\n\n\n\n<div class=\"wp-block-media-text alignwide is-stacked-on-mobile\" style=\"grid-template-columns:35% auto\"><figure class=\"wp-block-media-text__media\"><img loading=\"lazy\" width=\"400\" height=\"400\" src=\"https:\/\/www.ladiagonale.net\/wp-content\/uploads\/2025\/11\/Balogun4.png\" alt=\"\" class=\"wp-image-34994 size-full\" srcset=\"https:\/\/www.ladiagonale.net\/wp-content\/uploads\/2025\/11\/Balogun4.png 400w, https:\/\/www.ladiagonale.net\/wp-content\/uploads\/2025\/11\/Balogun4-300x300.png 300w, https:\/\/www.ladiagonale.net\/wp-content\/uploads\/2025\/11\/Balogun4-150x150.png 150w, https:\/\/www.ladiagonale.net\/wp-content\/uploads\/2025\/11\/Balogun4-128x128.png 128w, https:\/\/www.ladiagonale.net\/wp-content\/uploads\/2025\/11\/Balogun4-32x32.png 32w\" sizes=\"(max-width: 400px) 100vw, 400px\" \/><\/figure><div class=\"wp-block-media-text__content\">\n<p style=\"font-size:16px\"><strong>Folarin Balogun<\/strong><\/p>\n\n\n\n<p style=\"font-size:15px\">L\u2019attaquant am\u00e9ricain voit sa s\u00e9rie de huit buts en huit matches prendre fin sur la pelouse du Stadium. Il n\u2019a jamais pu \u00eatre trouv\u00e9 dans les bonnes zones par ses partenaires et n\u2019a jamais pris sa chance, avec aucun tir tent\u00e9 dans le match. Seul au milieu d\u2019une d\u00e9fense \u00e0 trois, il a \u00e9t\u00e9 compl\u00e8tement mis sous l&rsquo;\u00e9teignoir. Et le fait que son \u00e9quipe s&rsquo;arr\u00eate de jouer aussi rapidement ne l&rsquo;a absolument pas aid\u00e9.<\/p>\n<\/div><\/div>\n\n\n\n<div style=\"height:40px\" aria-hidden=\"true\" class=\"wp-block-spacer\"><\/div>\n\n\n\n<div class=\"wp-block-media-text alignwide is-stacked-on-mobile\" style=\"grid-template-columns:35% auto\"><figure class=\"wp-block-media-text__media\"><img loading=\"lazy\" width=\"400\" height=\"400\" src=\"https:\/\/www.ladiagonale.net\/wp-content\/uploads\/2025\/09\/Zakaria4.png\" alt=\"\" class=\"wp-image-33895 size-full\" srcset=\"https:\/\/www.ladiagonale.net\/wp-content\/uploads\/2025\/09\/Zakaria4.png 400w, https:\/\/www.ladiagonale.net\/wp-content\/uploads\/2025\/09\/Zakaria4-300x300.png 300w, https:\/\/www.ladiagonale.net\/wp-content\/uploads\/2025\/09\/Zakaria4-150x150.png 150w, https:\/\/www.ladiagonale.net\/wp-content\/uploads\/2025\/09\/Zakaria4-128x128.png 128w, https:\/\/www.ladiagonale.net\/wp-content\/uploads\/2025\/09\/Zakaria4-32x32.png 32w\" sizes=\"(max-width: 400px) 100vw, 400px\" \/><\/figure><div class=\"wp-block-media-text__content\">\n<p style=\"font-size:16px\"><strong>Denis Zakaria<\/strong><\/p>\n\n\n\n<p style=\"font-size:15px\">Il a retrouv\u00e9 le milieu de terrain pour la premi\u00e8re fois depuis neuf matches, pour un r\u00e9sultat plus que mitig\u00e9. Il a eu du mal \u00e0 s&rsquo;accorder avec Camara, et cela a donn\u00e9 des lignes relativement distendues avant de faire tomber la digue en seconde p\u00e9riode. On n&rsquo;a pas senti une grande influence de sa part sur le collectif, notamment sur l&rsquo;apport offensif. Une belle occasion, repouss\u00e9e par Restes, et qui a pr\u00e9c\u00e9d\u00e9 l&rsquo;\u00e9galisation toulousaine.<\/p>\n<\/div><\/div>\n\n\n\n<div style=\"height:40px\" aria-hidden=\"true\" class=\"wp-block-spacer\"><\/div>\n\n\n\n<div class=\"wp-block-media-text alignwide is-stacked-on-mobile\" style=\"grid-template-columns:35% auto\"><figure class=\"wp-block-media-text__media\"><img loading=\"lazy\" width=\"400\" height=\"400\" src=\"https:\/\/www.ladiagonale.net\/wp-content\/uploads\/2025\/08\/Mawissa4.png\" alt=\"\" class=\"wp-image-33288 size-full\" srcset=\"https:\/\/www.ladiagonale.net\/wp-content\/uploads\/2025\/08\/Mawissa4.png 400w, https:\/\/www.ladiagonale.net\/wp-content\/uploads\/2025\/08\/Mawissa4-300x300.png 300w, https:\/\/www.ladiagonale.net\/wp-content\/uploads\/2025\/08\/Mawissa4-150x150.png 150w, https:\/\/www.ladiagonale.net\/wp-content\/uploads\/2025\/08\/Mawissa4-128x128.png 128w, https:\/\/www.ladiagonale.net\/wp-content\/uploads\/2025\/08\/Mawissa4-32x32.png 32w\" sizes=\"(max-width: 400px) 100vw, 400px\" \/><\/figure><div class=\"wp-block-media-text__content\">\n<p style=\"font-size:16px\"><strong>Christian Mawissa<\/strong><\/p>\n\n\n\n<p style=\"font-size:15px\">M\u00eame quand l\u2019ASM \u00e9tait encore dans son match, l\u2019ancien Pitchoun affichait d\u00e9j\u00e0 des lacunes inqui\u00e9tantes. \u00c0 plusieurs reprises, son placement hasardeux lui a valu de se faire aspirer, comme cela a \u00e9t\u00e9 le cas sur le second but, et il a aussi \u00e9t\u00e9 pris par des feintes. Sur le premier but, il est bien trop loin de Russell-Rowe et il a m\u00eame pris un avertissement dans la foul\u00e9e. Sa puissance athl\u00e9tique lui a tout de m\u00eame permis de r\u00e9cup\u00e9rer 6 ballons.<\/p>\n<\/div><\/div>\n\n\n\n<div style=\"height:40px\" aria-hidden=\"true\" class=\"wp-block-spacer\"><\/div>\n\n\n\n<h4 class=\"wp-block-heading has-white-color has-text-color has-background\" style=\"background-color:#303030\">Les autres notes<\/h4>\n\n\n\n<p><strong>Lukas Hradecky : 4\/10<\/strong><\/p>\n\n\n\n<p>Le portier finlandais avait des choses \u00e0 se faire pardonner apr\u00e8s sa boulette contre Auxerre. Concentr\u00e9 sur le d\u00e9but de match, il semble battu un peu trop facilement sur les deux buts encaiss\u00e9s, et tout particuli\u00e8rement sur le second. Un jeu au pied peu soign\u00e9.<\/p>\n\n\n\n<p><strong>Wout Faes: 5\/10<\/strong><\/p>\n\n\n\n<p>L\u2019\u00e9l\u00e9gant Belge a r\u00e9alis\u00e9 une partie plut\u00f4t correcte dans l\u2019ensemble, mais il a \u00e9t\u00e9 moins en vue que Kehrer. Pour autant, il n\u2019a pas commis d\u2019impair particulier, sauf peut-\u00eatre sur le second but o\u00f9 il aurait sans doute pu suivre Emersonn de plus pr\u00e8s. Consistant dans le duel.<\/p>\n\n\n\n<p><strong>Jordan Teze : 5\/10<\/strong><\/p>\n\n\n\n<p>Le N\u00e9erlandais est revenu dans le couloir droit apr\u00e8s sa pige au milieu de terrain contre Auxerre. Il a parfaitement d\u00e9but\u00e9 sa rencontre, en ouvrant le score tr\u00e8s rapidement. Il a \u00e9t\u00e9 beaucoup sollicit\u00e9, aussi bien par ses co\u00e9quipiers que ses adversaires, qui ont beaucoup tent\u00e9 de son c\u00f4t\u00e9. Il a combl\u00e9 les br\u00e8ches autant que possible, avec quelques bons retours et 11 ballons r\u00e9cup\u00e9r\u00e9s (record du match), avant que tout se fissure et qu\u2019il soit d\u00e9pass\u00e9 sur les deux buts toulousains.<\/p>\n\n\n\n<p><strong>Lamine Camara : 6\/10<\/strong><\/p>\n\n\n\n<p>Un but de loin somptueux, mais pour le reste, \u00e7&rsquo;a \u00e9t\u00e9 plus poussif. Il a pas mal subi quand Toulouse a repris le contr\u00f4le du jeu et beaucoup bataill\u00e9 pour rester au niveau de flottaison. Il a manqu\u00e9 d&rsquo;efficacit\u00e9 \u00e0 la r\u00e9cup\u00e9ration et dans l&rsquo;impact mais il ne s&rsquo;est jamais cach\u00e9, et jusqu&rsquo;\u00e0 la fin, il a propos\u00e9 des solutions en tentant aussi de porter le ballon aux avant-postes.<\/p>\n\n\n\n<p><strong>Ansu Fati : 5\/10<\/strong><\/p>\n\n\n\n<p>Contrairement \u00e0 Auxerre, il a \u00e9t\u00e9 bien plus investi dans les efforts d\u00e9fensifs, avec des courses plus intenses. Il a \u00e9t\u00e9 au diapason de l\u2019\u00e9quipe et a sembl\u00e9 un peu plus connect\u00e9 \u00e0 ses partenaires. Cela n\u2019a pas emp\u00each\u00e9 certains mauvais choix comme lorsqu\u2019il oublie de d\u00e9caler Zakaria sur sa droite (14<sup>e<\/sup>), ou cette transversale de l\u2019ext\u00e9rieur du pied compl\u00e8tement rat\u00e9e. Une frappe \u00e0 c\u00f4t\u00e9 (27<sup>e<\/sup>). Remplac\u00e9 par Golovin (61<sup>e<\/sup>) et pas content de l\u2019\u00eatre.<\/p>\n\n\n\n<p><strong>S\u00e9bastien Pocognoli : 3\/10<\/strong><\/p>\n\n\n\n<p>Son onze de d\u00e9part apparaissait coh\u00e9rent, m\u00eame si la titularisation de Fati \u00e0 la place de Golovin \u00e9tait \u00e9tonnante. Apr\u00e8s une entame parfaite, son \u00e9quipe a totalement abandonn\u00e9 le contr\u00f4le du match avant de perdre pied. Il n\u2019a jamais r\u00e9ussi \u00e0 redresser la barre, surtout avec des changements douteux, comme celui de faire entrer Dier \u00e0 la place d\u2019Akliouche et celui d\u2019un Pogba sans rythme en fin de rencontre. Il a sa responsabilit\u00e9 dans cette d\u00e9faite.<\/p>\n\n\n<div class=\"wp-block-image\">\n<figure class=\"aligncenter size-large is-resized\"><img loading=\"lazy\" src=\"https:\/\/www.ladiagonale.net\/wp-content\/uploads\/2026\/04\/terrain-touloue-819x1024.png\" alt=\"\" class=\"wp-image-37954\" width=\"614\" height=\"768\" srcset=\"https:\/\/www.ladiagonale.net\/wp-content\/uploads\/2026\/04\/terrain-touloue-819x1024.png 819w, https:\/\/www.ladiagonale.net\/wp-content\/uploads\/2026\/04\/terrain-touloue-240x300.png 240w, https:\/\/www.ladiagonale.net\/wp-content\/uploads\/2026\/04\/terrain-touloue-768x960.png 768w, https:\/\/www.ladiagonale.net\/wp-content\/uploads\/2026\/04\/terrain-touloue-1229x1536.png 1229w, https:\/\/www.ladiagonale.net\/wp-content\/uploads\/2026\/04\/terrain-touloue-102x128.png 102w, https:\/\/www.ladiagonale.net\/wp-content\/uploads\/2026\/04\/terrain-touloue-26x32.png 26w, https:\/\/www.ladiagonale.net\/wp-content\/uploads\/2026\/04\/terrain-touloue.png 1242w\" sizes=\"(max-width: 614px) 100vw, 614px\" \/><figcaption>Moyenne : 5,1\/10<\/figcaption><\/figure><\/div>","protected":false},"excerpt":{"rendered":"<p>Malgr\u00e9 la bonne performance sign\u00e9e par Thilo Kehrer, l&rsquo;AS Monaco n&rsquo;a pas r\u00e9ussi \u00e0 ramener les trois points de son d\u00e9placement \u00e0 Toulouse. TOPS Thilo Kehrer L\u2019Allemand a constitu\u00e9 une vraie satisfaction dans ce match. Tout de suite dans le bon tempo, il a d\u00e9fendu avec beaucoup d\u2019agressivit\u00e9 et de justesse, sans jamais se mettre [&#8230;]\n","protected":false},"author":2,"featured_media":37955,"comment_status":"open","ping_status":"open","sticky":false,"template":"","format":"standard","meta":[],"categories":[5,6,1000],"tags":[86,94,248,756,230],"yoast_head":"<!-- This site is optimized with the Yoast SEO plugin v19.8 - https:\/\/yoast.com\/wordpress\/plugins\/seo\/ -->\n<title>Les notes : Kehrer n&#039;a pas suffi - La Diagonale<\/title>\n<meta name=\"robots\" content=\"index, follow, max-snippet:-1, max-image-preview:large, max-video-preview:-1\" \/>\n<link rel=\"canonical\" href=\"https:\/\/www.ladiagonale.net\/index.php\/2026\/04\/26\/les-notes-kehrer-na-pas-suffi\/\" \/>\n<meta property=\"og:locale\" content=\"fr_FR\" \/>\n<meta property=\"og:type\" content=\"article\" \/>\n<meta property=\"og:title\" content=\"Les notes : Kehrer n&#039;a pas suffi - La Diagonale\" \/>\n<meta property=\"og:description\" content=\"Malgr\u00e9 la bonne performance sign\u00e9e par Thilo Kehrer, l&rsquo;AS Monaco n&rsquo;a pas r\u00e9ussi \u00e0 ramener les trois points de son d\u00e9placement \u00e0 Toulouse. TOPS Thilo Kehrer L\u2019Allemand a constitu\u00e9 une vraie satisfaction dans ce match. Tout de suite dans le bon tempo, il a d\u00e9fendu avec beaucoup d\u2019agressivit\u00e9 et de justesse, sans jamais se mettre [...]\" \/>\n<meta property=\"og:url\" content=\"https:\/\/www.ladiagonale.net\/index.php\/2026\/04\/26\/les-notes-kehrer-na-pas-suffi\/\" \/>\n<meta property=\"og:site_name\" content=\"La Diagonale\" \/>\n<meta property=\"article:published_time\" content=\"2026-04-26T04:55:00+00:00\" \/>\n<meta property=\"article:modified_time\" content=\"2026-04-26T02:11:36+00:00\" \/>\n<meta property=\"og:image\" content=\"https:\/\/www.ladiagonale.net\/wp-content\/uploads\/2026\/04\/Kehrer-tFC_.png\" \/>\n\t<meta property=\"og:image:width\" content=\"1160\" \/>\n\t<meta property=\"og:image:height\" content=\"650\" \/>\n\t<meta property=\"og:image:type\" content=\"image\/png\" \/>\n<meta name=\"author\" content=\"Damien Dellerba\" \/>\n<meta name=\"twitter:card\" content=\"summary_large_image\" \/>\n<meta name=\"twitter:image\" content=\"https:\/\/www.ladiagonale.net\/wp-content\/uploads\/2026\/04\/Kehrer-tFC_.png\" \/>\n<meta name=\"twitter:label1\" content=\"\u00c9crit par\" \/>\n\t<meta name=\"twitter:data1\" content=\"Damien Dellerba\" \/>\n\t<meta name=\"twitter:label2\" content=\"Dur\u00e9e de lecture estim\u00e9e\" \/>\n\t<meta name=\"twitter:data2\" content=\"7 minutes\" \/>\n<script type=\"application\/ld+json\" class=\"yoast-schema-graph\">{\"@context\":\"https:\/\/schema.org\",\"@graph\":[{\"@type\":\"WebPage\",\"@id\":\"https:\/\/www.ladiagonale.net\/index.php\/2026\/04\/26\/les-notes-kehrer-na-pas-suffi\/\",\"url\":\"https:\/\/www.ladiagonale.net\/index.php\/2026\/04\/26\/les-notes-kehrer-na-pas-suffi\/\",\"name\":\"Les notes : Kehrer n'a pas suffi - La Diagonale\",\"isPartOf\":{\"@id\":\"https:\/\/www.ladiagonale.net\/#website\"},\"datePublished\":\"2026-04-26T04:55:00+00:00\",\"dateModified\":\"2026-04-26T02:11:36+00:00\",\"author\":{\"@id\":\"https:\/\/www.ladiagonale.net\/#\/schema\/person\/79ff1e7b0853ed01b2aa26e64ad300bf\"},\"breadcrumb\":{\"@id\":\"https:\/\/www.ladiagonale.net\/index.php\/2026\/04\/26\/les-notes-kehrer-na-pas-suffi\/#breadcrumb\"},\"inLanguage\":\"fr-FR\",\"potentialAction\":[{\"@type\":\"ReadAction\",\"target\":[\"https:\/\/www.ladiagonale.net\/index.php\/2026\/04\/26\/les-notes-kehrer-na-pas-suffi\/\"]}]},{\"@type\":\"BreadcrumbList\",\"@id\":\"https:\/\/www.ladiagonale.net\/index.php\/2026\/04\/26\/les-notes-kehrer-na-pas-suffi\/#breadcrumb\",\"itemListElement\":[{\"@type\":\"ListItem\",\"position\":1,\"name\":\"Accueil\",\"item\":\"https:\/\/www.ladiagonale.net\/\"},{\"@type\":\"ListItem\",\"position\":2,\"name\":\"Les notes : Kehrer n&rsquo;a pas suffi\"}]},{\"@type\":\"WebSite\",\"@id\":\"https:\/\/www.ladiagonale.net\/#website\",\"url\":\"https:\/\/www.ladiagonale.net\/\",\"name\":\"La Diagonale\",\"description\":\"Le site des supporters de l&#039;AS Monaco FC\",\"potentialAction\":[{\"@type\":\"SearchAction\",\"target\":{\"@type\":\"EntryPoint\",\"urlTemplate\":\"https:\/\/www.ladiagonale.net\/?s={search_term_string}\"},\"query-input\":\"required name=search_term_string\"}],\"inLanguage\":\"fr-FR\"},{\"@type\":\"Person\",\"@id\":\"https:\/\/www.ladiagonale.net\/#\/schema\/person\/79ff1e7b0853ed01b2aa26e64ad300bf\",\"name\":\"Damien Dellerba\",\"image\":{\"@type\":\"ImageObject\",\"inLanguage\":\"fr-FR\",\"@id\":\"https:\/\/www.ladiagonale.net\/#\/schema\/person\/image\/\",\"url\":\"https:\/\/secure.gravatar.com\/avatar\/c7850e06d3ff63cdbaee88b7fc16e2f0?s=96&d=mm&r=g\",\"contentUrl\":\"https:\/\/secure.gravatar.com\/avatar\/c7850e06d3ff63cdbaee88b7fc16e2f0?s=96&d=mm&r=g\",\"caption\":\"Damien Dellerba\"},\"url\":\"https:\/\/www.ladiagonale.net\/index.php\/author\/damien\/\"}]}<\/script>\n<!-- \/ Yoast SEO plugin. -->","yoast_head_json":{"title":"Les notes : Kehrer n'a pas suffi - La Diagonale","robots":{"index":"index","follow":"follow","max-snippet":"max-snippet:-1","max-image-preview":"max-image-preview:large","max-video-preview":"max-video-preview:-1"},"canonical":"https:\/\/www.ladiagonale.net\/index.php\/2026\/04\/26\/les-notes-kehrer-na-pas-suffi\/","og_locale":"fr_FR","og_type":"article","og_title":"Les notes : Kehrer n'a pas suffi - La Diagonale","og_description":"Malgr\u00e9 la bonne performance sign\u00e9e par Thilo Kehrer, l&rsquo;AS Monaco n&rsquo;a pas r\u00e9ussi \u00e0 ramener les trois points de son d\u00e9placement \u00e0 Toulouse. TOPS Thilo Kehrer L\u2019Allemand a constitu\u00e9 une vraie satisfaction dans ce match. Tout de suite dans le bon tempo, il a d\u00e9fendu avec beaucoup d\u2019agressivit\u00e9 et de justesse, sans jamais se mettre [...]","og_url":"https:\/\/www.ladiagonale.net\/index.php\/2026\/04\/26\/les-notes-kehrer-na-pas-suffi\/","og_site_name":"La Diagonale","article_published_time":"2026-04-26T04:55:00+00:00","article_modified_time":"2026-04-26T02:11:36+00:00","og_image":[{"width":1160,"height":650,"url":"https:\/\/www.ladiagonale.net\/wp-content\/uploads\/2026\/04\/Kehrer-tFC_.png","type":"image\/png"}],"author":"Damien Dellerba","twitter_card":"summary_large_image","twitter_image":"https:\/\/www.ladiagonale.net\/wp-content\/uploads\/2026\/04\/Kehrer-tFC_.png","twitter_misc":{"\u00c9crit par":"Damien Dellerba","Dur\u00e9e de lecture estim\u00e9e":"7 minutes"},"schema":{"@context":"https:\/\/schema.org","@graph":[{"@type":"WebPage","@id":"https:\/\/www.ladiagonale.net\/index.php\/2026\/04\/26\/les-notes-kehrer-na-pas-suffi\/","url":"https:\/\/www.ladiagonale.net\/index.php\/2026\/04\/26\/les-notes-kehrer-na-pas-suffi\/","name":"Les notes : Kehrer n'a pas suffi - La Diagonale","isPartOf":{"@id":"https:\/\/www.ladiagonale.net\/#website"},"datePublished":"2026-04-26T04:55:00+00:00","dateModified":"2026-04-26T02:11:36+00:00","author":{"@id":"https:\/\/www.ladiagonale.net\/#\/schema\/person\/79ff1e7b0853ed01b2aa26e64ad300bf"},"breadcrumb":{"@id":"https:\/\/www.ladiagonale.net\/index.php\/2026\/04\/26\/les-notes-kehrer-na-pas-suffi\/#breadcrumb"},"inLanguage":"fr-FR","potentialAction":[{"@type":"ReadAction","target":["https:\/\/www.ladiagonale.net\/index.php\/2026\/04\/26\/les-notes-kehrer-na-pas-suffi\/"]}]},{"@type":"BreadcrumbList","@id":"https:\/\/www.ladiagonale.net\/index.php\/2026\/04\/26\/les-notes-kehrer-na-pas-suffi\/#breadcrumb","itemListElement":[{"@type":"ListItem","position":1,"name":"Accueil","item":"https:\/\/www.ladiagonale.net\/"},{"@type":"ListItem","position":2,"name":"Les notes : Kehrer n&rsquo;a pas suffi"}]},{"@type":"WebSite","@id":"https:\/\/www.ladiagonale.net\/#website","url":"https:\/\/www.ladiagonale.net\/","name":"La Diagonale","description":"Le site des supporters de l&#039;AS Monaco FC","potentialAction":[{"@type":"SearchAction","target":{"@type":"EntryPoint","urlTemplate":"https:\/\/www.ladiagonale.net\/?s={search_term_string}"},"query-input":"required name=search_term_string"}],"inLanguage":"fr-FR"},{"@type":"Person","@id":"https:\/\/www.ladiagonale.net\/#\/schema\/person\/79ff1e7b0853ed01b2aa26e64ad300bf","name":"Damien Dellerba","image":{"@type":"ImageObject","inLanguage":"fr-FR","@id":"https:\/\/www.ladiagonale.net\/#\/schema\/person\/image\/","url":"https:\/\/secure.gravatar.com\/avatar\/c7850e06d3ff63cdbaee88b7fc16e2f0?s=96&d=mm&r=g","contentUrl":"https:\/\/secure.gravatar.com\/avatar\/c7850e06d3ff63cdbaee88b7fc16e2f0?s=96&d=mm&r=g","caption":"Damien Dellerba"},"url":"https:\/\/www.ladiagonale.net\/index.php\/author\/damien\/"}]}},"_links":{"self":[{"href":"https:\/\/www.ladiagonale.net\/index.php\/wp-json\/wp\/v2\/posts\/37953"}],"collection":[{"href":"https:\/\/www.ladiagonale.net\/index.php\/wp-json\/wp\/v2\/posts"}],"about":[{"href":"https:\/\/www.ladiagonale.net\/index.php\/wp-json\/wp\/v2\/types\/post"}],"author":[{"embeddable":true,"href":"https:\/\/www.ladiagonale.net\/index.php\/wp-json\/wp\/v2\/users\/2"}],"replies":[{"embeddable":true,"href":"https:\/\/www.ladiagonale.net\/index.php\/wp-json\/wp\/v2\/comments?post=37953"}],"version-history":[{"count":1,"href":"https:\/\/www.ladiagonale.net\/index.php\/wp-json\/wp\/v2\/posts\/37953\/revisions"}],"predecessor-version":[{"id":37956,"href":"https:\/\/www.ladiagonale.net\/index.php\/wp-json\/wp\/v2\/posts\/37953\/revisions\/37956"}],"wp:featuredmedia":[{"embeddable":true,"href":"https:\/\/www.ladiagonale.net\/index.php\/wp-json\/wp\/v2\/media\/37955"}],"wp:attachment":[{"href":"https:\/\/www.ladiagonale.net\/index.php\/wp-json\/wp\/v2\/media?parent=37953"}],"wp:term":[{"taxonomy":"category","embeddable":true,"href":"https:\/\/www.ladiagonale.net\/index.php\/wp-json\/wp\/v2\/categories?post=37953"},{"taxonomy":"post_tag","embeddable":true,"href":"https:\/\/www.ladiagonale.net\/index.php\/wp-json\/wp\/v2\/tags?post=37953"}],"curies":[{"name":"wp","href":"https:\/\/api.w.org\/{rel}","templated":true}]}}