{"id":37957,"date":"2026-04-26T19:46:54","date_gmt":"2026-04-26T17:46:54","guid":{"rendered":"https:\/\/www.ladiagonale.net\/?p=37957"},"modified":"2026-04-26T19:46:54","modified_gmt":"2026-04-26T17:46:54","slug":"une-premiere-offre-pour-abline-refusee","status":"publish","type":"post","link":"https:\/\/www.ladiagonale.net\/index.php\/2026\/04\/26\/une-premiere-offre-pour-abline-refusee\/","title":{"rendered":"Une premi\u00e8re offre pour Abline refus\u00e9e ?"},"content":{"rendered":"\n<p>La Ligue des champions s\u2019\u00e9loigne pour l\u2019AS Monaco et cela risque de plonger le club de la Principaut\u00e9 dans une grande incertitude cet \u00e9t\u00e9, avec \u00e9galement un mercato estival qui pourrait voir de nombreux joueurs \u00eatre vendus, comme Maghnes Akliouche ou Folarin Balogun, ou des joueurs pr\u00eat\u00e9s non conserv\u00e9s, tels qu\u2019Ansu Fati et Simon Adingra. Ce qui semble acquis, c\u2019est que les dirigeants mon\u00e9gasques auront du travail pour recomposer leur secteur offensif et ils semblent d\u00e9j\u00e0 s\u2019\u00eatre mis \u00e0 l\u2019ouvrage, \u00e0 en croire <em>L\u2019\u00c9quipe<\/em>.<\/p>\n\n\n\n<p>Le quotidien a r\u00e9v\u00e9l\u00e9 que l\u2019ASM aurait formul\u00e9 une offre de 15 millions d\u2019euros, plus cinq autres en bonus, afin d\u2019arracher Matthis Abline au FC Nantes. L\u2019offre n\u2019aurait pas convaincu le 17e de Ligue 1, qui devrait \u00eatre rel\u00e9gu\u00e9 \u00e0 l\u2019\u00e9chelon inf\u00e9rieur d\u2019ici la fin de la saison. De quoi envisager de faire des \u00ab\u00a0affaires\u00a0\u00bb, m\u00eame si les dirigeants nantais ne semblent pour l\u2019instant pas avoir l\u2019intention de brader l\u2019attaquant de 23 ans, capable d\u2019\u00e9voluer aussi sur les c\u00f4t\u00e9s. Ils demanderaient 40 millions d\u2019euros pour le l\u00e2cher, soit un montant \u00e9quivalent \u00e0 celui qu\u2019ils avaient r\u00e9clam\u00e9 l\u2019\u00e9t\u00e9 dernier.<\/p>\n\n\n\n<p>Monaco suivrait d\u00e9j\u00e0 l\u2019ancien Rennais depuis cette p\u00e9riode. Mais depuis, Abline a eu du mal \u00e0 se d\u00e9marquer au sein d\u2019une \u00e9quipe qui a souvent pris l\u2019eau cette saison. Il a sign\u00e9 sept buts cette saison, dont cinq en Championnat. Il est sous contrat avec Nantes jusqu\u2019en 2028 et ne devrait pas s\u2019\u00e9terniser sur les bords de l\u2019Erdre.<\/p>\n\n\n","protected":false},"excerpt":{"rendered":"<p>La Ligue des champions s\u2019\u00e9loigne pour l\u2019AS Monaco et cela risque de plonger le club de la Principaut\u00e9 dans une grande incertitude cet \u00e9t\u00e9, avec \u00e9galement un mercato estival qui pourrait voir de nombreux joueurs \u00eatre vendus, comme Maghnes Akliouche ou Folarin Balogun, ou des joueurs pr\u00eat\u00e9s non conserv\u00e9s, tels qu\u2019Ansu Fati et Simon Adingra. [&#8230;]\n","protected":false},"author":2,"featured_media":0,"comment_status":"open","ping_status":"open","sticky":false,"template":"","format":"standard","meta":[],"categories":[6,1086],"tags":[86,1232,111,110],"yoast_head":"<!-- This site is optimized with the Yoast SEO plugin v19.8 - https:\/\/yoast.com\/wordpress\/plugins\/seo\/ -->\n<title>Une premi\u00e8re offre pour Abline refus\u00e9e ? - La Diagonale<\/title>\n<meta name=\"robots\" content=\"index, follow, max-snippet:-1, max-image-preview:large, max-video-preview:-1\" \/>\n<link rel=\"canonical\" href=\"https:\/\/www.ladiagonale.net\/index.php\/2026\/04\/26\/une-premiere-offre-pour-abline-refusee\/\" \/>\n<meta property=\"og:locale\" content=\"fr_FR\" \/>\n<meta property=\"og:type\" content=\"article\" \/>\n<meta property=\"og:title\" content=\"Une premi\u00e8re offre pour Abline refus\u00e9e ? - La Diagonale\" \/>\n<meta property=\"og:description\" content=\"La Ligue des champions s\u2019\u00e9loigne pour l\u2019AS Monaco et cela risque de plonger le club de la Principaut\u00e9 dans une grande incertitude cet \u00e9t\u00e9, avec \u00e9galement un mercato estival qui pourrait voir de nombreux joueurs \u00eatre vendus, comme Maghnes Akliouche ou Folarin Balogun, ou des joueurs pr\u00eat\u00e9s non conserv\u00e9s, tels qu\u2019Ansu Fati et Simon Adingra. [...]\" \/>\n<meta property=\"og:url\" content=\"https:\/\/www.ladiagonale.net\/index.php\/2026\/04\/26\/une-premiere-offre-pour-abline-refusee\/\" \/>\n<meta property=\"og:site_name\" content=\"La Diagonale\" \/>\n<meta property=\"article:published_time\" content=\"2026-04-26T17:46:54+00:00\" \/>\n<meta property=\"og:image\" content=\"https:\/\/www.ladiagonale.net\/wp-content\/uploads\/2026\/04\/Abline.png\" \/>\n\t<meta property=\"og:image:width\" content=\"1160\" \/>\n\t<meta property=\"og:image:height\" content=\"650\" \/>\n\t<meta property=\"og:image:type\" content=\"image\/png\" \/>\n<meta name=\"author\" content=\"Damien Dellerba\" \/>\n<meta name=\"twitter:card\" content=\"summary_large_image\" \/>\n<meta name=\"twitter:image\" content=\"https:\/\/www.ladiagonale.net\/wp-content\/uploads\/2026\/04\/Abline.png\" \/>\n<meta name=\"twitter:label1\" content=\"\u00c9crit par\" \/>\n\t<meta name=\"twitter:data1\" content=\"Damien Dellerba\" \/>\n\t<meta name=\"twitter:label2\" content=\"Dur\u00e9e de lecture estim\u00e9e\" \/>\n\t<meta name=\"twitter:data2\" content=\"2 minutes\" \/>\n<script type=\"application\/ld+json\" class=\"yoast-schema-graph\">{\"@context\":\"https:\/\/schema.org\",\"@graph\":[{\"@type\":\"WebPage\",\"@id\":\"https:\/\/www.ladiagonale.net\/index.php\/2026\/04\/26\/une-premiere-offre-pour-abline-refusee\/\",\"url\":\"https:\/\/www.ladiagonale.net\/index.php\/2026\/04\/26\/une-premiere-offre-pour-abline-refusee\/\",\"name\":\"Une premi\u00e8re offre pour Abline refus\u00e9e ? - La Diagonale\",\"isPartOf\":{\"@id\":\"https:\/\/www.ladiagonale.net\/#website\"},\"datePublished\":\"2026-04-26T17:46:54+00:00\",\"dateModified\":\"2026-04-26T17:46:54+00:00\",\"author\":{\"@id\":\"https:\/\/www.ladiagonale.net\/#\/schema\/person\/79ff1e7b0853ed01b2aa26e64ad300bf\"},\"breadcrumb\":{\"@id\":\"https:\/\/www.ladiagonale.net\/index.php\/2026\/04\/26\/une-premiere-offre-pour-abline-refusee\/#breadcrumb\"},\"inLanguage\":\"fr-FR\",\"potentialAction\":[{\"@type\":\"ReadAction\",\"target\":[\"https:\/\/www.ladiagonale.net\/index.php\/2026\/04\/26\/une-premiere-offre-pour-abline-refusee\/\"]}]},{\"@type\":\"BreadcrumbList\",\"@id\":\"https:\/\/www.ladiagonale.net\/index.php\/2026\/04\/26\/une-premiere-offre-pour-abline-refusee\/#breadcrumb\",\"itemListElement\":[{\"@type\":\"ListItem\",\"position\":1,\"name\":\"Accueil\",\"item\":\"https:\/\/www.ladiagonale.net\/\"},{\"@type\":\"ListItem\",\"position\":2,\"name\":\"Une premi\u00e8re offre pour Abline refus\u00e9e ?\"}]},{\"@type\":\"WebSite\",\"@id\":\"https:\/\/www.ladiagonale.net\/#website\",\"url\":\"https:\/\/www.ladiagonale.net\/\",\"name\":\"La Diagonale\",\"description\":\"Le site des supporters de l&#039;AS Monaco FC\",\"potentialAction\":[{\"@type\":\"SearchAction\",\"target\":{\"@type\":\"EntryPoint\",\"urlTemplate\":\"https:\/\/www.ladiagonale.net\/?s={search_term_string}\"},\"query-input\":\"required name=search_term_string\"}],\"inLanguage\":\"fr-FR\"},{\"@type\":\"Person\",\"@id\":\"https:\/\/www.ladiagonale.net\/#\/schema\/person\/79ff1e7b0853ed01b2aa26e64ad300bf\",\"name\":\"Damien Dellerba\",\"image\":{\"@type\":\"ImageObject\",\"inLanguage\":\"fr-FR\",\"@id\":\"https:\/\/www.ladiagonale.net\/#\/schema\/person\/image\/\",\"url\":\"https:\/\/secure.gravatar.com\/avatar\/c7850e06d3ff63cdbaee88b7fc16e2f0?s=96&d=mm&r=g\",\"contentUrl\":\"https:\/\/secure.gravatar.com\/avatar\/c7850e06d3ff63cdbaee88b7fc16e2f0?s=96&d=mm&r=g\",\"caption\":\"Damien Dellerba\"},\"url\":\"https:\/\/www.ladiagonale.net\/index.php\/author\/damien\/\"}]}<\/script>\n<!-- \/ Yoast SEO plugin. -->","yoast_head_json":{"title":"Une premi\u00e8re offre pour Abline refus\u00e9e ? - La Diagonale","robots":{"index":"index","follow":"follow","max-snippet":"max-snippet:-1","max-image-preview":"max-image-preview:large","max-video-preview":"max-video-preview:-1"},"canonical":"https:\/\/www.ladiagonale.net\/index.php\/2026\/04\/26\/une-premiere-offre-pour-abline-refusee\/","og_locale":"fr_FR","og_type":"article","og_title":"Une premi\u00e8re offre pour Abline refus\u00e9e ? - La Diagonale","og_description":"La Ligue des champions s\u2019\u00e9loigne pour l\u2019AS Monaco et cela risque de plonger le club de la Principaut\u00e9 dans une grande incertitude cet \u00e9t\u00e9, avec \u00e9galement un mercato estival qui pourrait voir de nombreux joueurs \u00eatre vendus, comme Maghnes Akliouche ou Folarin Balogun, ou des joueurs pr\u00eat\u00e9s non conserv\u00e9s, tels qu\u2019Ansu Fati et Simon Adingra. [...]","og_url":"https:\/\/www.ladiagonale.net\/index.php\/2026\/04\/26\/une-premiere-offre-pour-abline-refusee\/","og_site_name":"La Diagonale","article_published_time":"2026-04-26T17:46:54+00:00","og_image":[{"width":1160,"height":650,"url":"https:\/\/www.ladiagonale.net\/wp-content\/uploads\/2026\/04\/Abline.png","type":"image\/png"}],"author":"Damien Dellerba","twitter_card":"summary_large_image","twitter_image":"https:\/\/www.ladiagonale.net\/wp-content\/uploads\/2026\/04\/Abline.png","twitter_misc":{"\u00c9crit par":"Damien Dellerba","Dur\u00e9e de lecture estim\u00e9e":"2 minutes"},"schema":{"@context":"https:\/\/schema.org","@graph":[{"@type":"WebPage","@id":"https:\/\/www.ladiagonale.net\/index.php\/2026\/04\/26\/une-premiere-offre-pour-abline-refusee\/","url":"https:\/\/www.ladiagonale.net\/index.php\/2026\/04\/26\/une-premiere-offre-pour-abline-refusee\/","name":"Une premi\u00e8re offre pour Abline refus\u00e9e ? - La Diagonale","isPartOf":{"@id":"https:\/\/www.ladiagonale.net\/#website"},"datePublished":"2026-04-26T17:46:54+00:00","dateModified":"2026-04-26T17:46:54+00:00","author":{"@id":"https:\/\/www.ladiagonale.net\/#\/schema\/person\/79ff1e7b0853ed01b2aa26e64ad300bf"},"breadcrumb":{"@id":"https:\/\/www.ladiagonale.net\/index.php\/2026\/04\/26\/une-premiere-offre-pour-abline-refusee\/#breadcrumb"},"inLanguage":"fr-FR","potentialAction":[{"@type":"ReadAction","target":["https:\/\/www.ladiagonale.net\/index.php\/2026\/04\/26\/une-premiere-offre-pour-abline-refusee\/"]}]},{"@type":"BreadcrumbList","@id":"https:\/\/www.ladiagonale.net\/index.php\/2026\/04\/26\/une-premiere-offre-pour-abline-refusee\/#breadcrumb","itemListElement":[{"@type":"ListItem","position":1,"name":"Accueil","item":"https:\/\/www.ladiagonale.net\/"},{"@type":"ListItem","position":2,"name":"Une premi\u00e8re offre pour Abline refus\u00e9e ?"}]},{"@type":"WebSite","@id":"https:\/\/www.ladiagonale.net\/#website","url":"https:\/\/www.ladiagonale.net\/","name":"La Diagonale","description":"Le site des supporters de l&#039;AS Monaco FC","potentialAction":[{"@type":"SearchAction","target":{"@type":"EntryPoint","urlTemplate":"https:\/\/www.ladiagonale.net\/?s={search_term_string}"},"query-input":"required name=search_term_string"}],"inLanguage":"fr-FR"},{"@type":"Person","@id":"https:\/\/www.ladiagonale.net\/#\/schema\/person\/79ff1e7b0853ed01b2aa26e64ad300bf","name":"Damien Dellerba","image":{"@type":"ImageObject","inLanguage":"fr-FR","@id":"https:\/\/www.ladiagonale.net\/#\/schema\/person\/image\/","url":"https:\/\/secure.gravatar.com\/avatar\/c7850e06d3ff63cdbaee88b7fc16e2f0?s=96&d=mm&r=g","contentUrl":"https:\/\/secure.gravatar.com\/avatar\/c7850e06d3ff63cdbaee88b7fc16e2f0?s=96&d=mm&r=g","caption":"Damien Dellerba"},"url":"https:\/\/www.ladiagonale.net\/index.php\/author\/damien\/"}]}},"_links":{"self":[{"href":"https:\/\/www.ladiagonale.net\/index.php\/wp-json\/wp\/v2\/posts\/37957"}],"collection":[{"href":"https:\/\/www.ladiagonale.net\/index.php\/wp-json\/wp\/v2\/posts"}],"about":[{"href":"https:\/\/www.ladiagonale.net\/index.php\/wp-json\/wp\/v2\/types\/post"}],"author":[{"embeddable":true,"href":"https:\/\/www.ladiagonale.net\/index.php\/wp-json\/wp\/v2\/users\/2"}],"replies":[{"embeddable":true,"href":"https:\/\/www.ladiagonale.net\/index.php\/wp-json\/wp\/v2\/comments?post=37957"}],"version-history":[{"count":1,"href":"https:\/\/www.ladiagonale.net\/index.php\/wp-json\/wp\/v2\/posts\/37957\/revisions"}],"predecessor-version":[{"id":37959,"href":"https:\/\/www.ladiagonale.net\/index.php\/wp-json\/wp\/v2\/posts\/37957\/revisions\/37959"}],"wp:attachment":[{"href":"https:\/\/www.ladiagonale.net\/index.php\/wp-json\/wp\/v2\/media?parent=37957"}],"wp:term":[{"taxonomy":"category","embeddable":true,"href":"https:\/\/www.ladiagonale.net\/index.php\/wp-json\/wp\/v2\/categories?post=37957"},{"taxonomy":"post_tag","embeddable":true,"href":"https:\/\/www.ladiagonale.net\/index.php\/wp-json\/wp\/v2\/tags?post=37957"}],"curies":[{"name":"wp","href":"https:\/\/api.w.org\/{rel}","templated":true}]}}