{"id":37960,"date":"2026-04-26T21:00:51","date_gmt":"2026-04-26T19:00:51","guid":{"rendered":"https:\/\/www.ladiagonale.net\/?p=37960"},"modified":"2026-04-26T21:00:52","modified_gmt":"2026-04-26T19:00:52","slug":"pocognoli-il-y-a-un-gout-de-defaite","status":"publish","type":"post","link":"https:\/\/www.ladiagonale.net\/index.php\/2026\/04\/26\/pocognoli-il-y-a-un-gout-de-defaite\/","title":{"rendered":"Pocognoli : \u00ab&nbsp;Il y a un go\u00fbt de d\u00e9faite&nbsp;\u00bb"},"content":{"rendered":"\n<p>S\u00e9bastien Pocognoli \u00e9tait amer, samedi soir, apr\u00e8s le nul conc\u00e9d\u00e9 en fin de match par l\u2019AS Monaco contre Toulouse : \u00ab\u00a0<em>Grosse d\u00e9ception, forc\u00e9ment, de mener 2-0 et d&rsquo;\u00eatre rejoint \u00e0 2-2. Forc\u00e9ment, il y a un go\u00fbt de d\u00e9faite, c&rsquo;est une certitude.<\/em>\u00a0\u00bb Mais le Belge n\u2019\u00e9tait pas en col\u00e8re : \u00ab\u00a0<em>Je n\u2019ai pas envie de dire de la col\u00e8re, car cela voudrait dire qu\u2019on perd le contr\u00f4le, mais je suis assez objectif sur cette prestation. Ce qu\u2019il y a de positif, c\u2019est que nous avions bien commenc\u00e9 cette fois-ci, avec 30 minutes de tr\u00e8s bon niveau, les meilleures depuis assez longtemps je pense. Nous avons bien respect\u00e9 le plan de jeu pour exploiter leurs faiblesses. Ensuite, nous avons progressivement arr\u00eat\u00e9 de jouer au football.<\/em>\u00a0\u00bb<\/p>\n\n\n\n<p>Si le technicien mon\u00e9gasque \u00e9tait satisfait d\u2019avoir \u00e9t\u00e9 entendu concernant les entames rat\u00e9es de ces derni\u00e8res semaines, il reste circonspect par rapport \u00e0 ce qui n\u2019a pas fonctionn\u00e9 : \u00ab\u00a0<em>Nous avons une appr\u00e9hension mentale du match qui parfois ne concorde pas avec ce que je veux. C\u2019est quelque chose que je dois ma\u00eetriser pour ces trois derniers matches, m\u00eame si on avait essay\u00e9 d\u2019amener de l\u2019exp\u00e9rience et du leadership pour justement avoir moins de zones grises et d\u2019\u00eatre plus structur\u00e9s, mais \u00e7a n\u2019a pas fonctionn\u00e9 et c\u2019est frustrant. Je retiendrai quand m\u00eame des choses positives du match pour construire dans l\u2019optique des derni\u00e8res journ\u00e9es.<\/em>\u00a0\u00bb<\/p>\n\n\n\n<p>Et Pocognoli ne voit pas beaucoup de progr\u00e8s sur certains aspects : \u00ab\u00a0<em>Les deux buts que l\u2019on prend sont d\u2019ailleurs \u00e0 l\u2019inverse de ce qu\u2019on a produit au d\u00e9marrage, car on a ouvert les lignes, il y a une infiltration sur le c\u00f4t\u00e9 et \u00e0 l\u2019arriv\u00e9e on encaisse encore deux buts sur des centres, point d\u2019attention sur lequel on avait insist\u00e9 pourtant pendant la semaine. Force est de constater que l\u2019on a un manque de qualit\u00e9 pour g\u00e9rer ces moments, car si on travaille dessus et qu\u2019on n\u2019arrive toujours pas \u00e0 ma\u00eetriser\u2026 C\u2019est ce qui m\u2019emb\u00eate le plus aujourd\u2019hui.<\/em>\u00a0\u00bb<\/p>\n\n\n\n<p>Monaco a probablement rat\u00e9 l\u2019occasion de retourner en Ligue des champions la saison prochaine : \u00ab\u00a0<em>J&rsquo;ai envie qu\u2019on termine correctement et avec le maximum de points. Si on peut d\u00e9crocher une place europ\u00e9enne, au vu du d\u00e9roulement de la saison, \u00e7a ne sera pas n\u00e9gligeable, et cela voudra aussi dire qu\u2019on a fait une bonne phase retour, m\u00eame si ces trois derniers matches nous laissent un go\u00fbt amer. Mais c\u2019est \u00e0 nous de d\u00e9cider comment on veut finir la saison. Je vais continuer \u00e0 pousser les joueurs, terminer avec ceux qui montrent le plus de consistance et l\u2019attitude attendue, et si on joue comme les 30 premi\u00e8res minutes de ce soir, il n\u2019y aura pas de probl\u00e8me. Sinon, il va falloir qu\u2019on rectifie beaucoup de choses.\u00a0<\/em>\u00bb<\/p>\n\n\n","protected":false},"excerpt":{"rendered":"<p>S\u00e9bastien Pocognoli \u00e9tait amer, samedi soir, apr\u00e8s le nul conc\u00e9d\u00e9 en fin de match par l\u2019AS Monaco contre Toulouse : \u00ab\u00a0Grosse d\u00e9ception, forc\u00e9ment, de mener 2-0 et d&rsquo;\u00eatre rejoint \u00e0 2-2. Forc\u00e9ment, il y a un go\u00fbt de d\u00e9faite, c&rsquo;est une certitude.\u00a0\u00bb Mais le Belge n\u2019\u00e9tait pas en col\u00e8re : \u00ab\u00a0Je n\u2019ai pas envie de [&#8230;]\n","protected":false},"author":2,"featured_media":0,"comment_status":"open","ping_status":"open","sticky":false,"template":"","format":"standard","meta":[],"categories":[6,1000],"tags":[86,94,1140,230],"yoast_head":"<!-- This site is optimized with the Yoast SEO plugin v19.8 - https:\/\/yoast.com\/wordpress\/plugins\/seo\/ -->\n<title>Pocognoli : \u00ab&nbsp;Il y a un go\u00fbt de d\u00e9faite&nbsp;\u00bb - La Diagonale<\/title>\n<meta name=\"robots\" content=\"index, follow, max-snippet:-1, max-image-preview:large, max-video-preview:-1\" \/>\n<link rel=\"canonical\" href=\"https:\/\/www.ladiagonale.net\/index.php\/2026\/04\/26\/pocognoli-il-y-a-un-gout-de-defaite\/\" \/>\n<meta property=\"og:locale\" content=\"fr_FR\" \/>\n<meta property=\"og:type\" content=\"article\" \/>\n<meta property=\"og:title\" content=\"Pocognoli : \u00ab&nbsp;Il y a un go\u00fbt de d\u00e9faite&nbsp;\u00bb - La Diagonale\" \/>\n<meta property=\"og:description\" content=\"S\u00e9bastien Pocognoli \u00e9tait amer, samedi soir, apr\u00e8s le nul conc\u00e9d\u00e9 en fin de match par l\u2019AS Monaco contre Toulouse : \u00ab\u00a0Grosse d\u00e9ception, forc\u00e9ment, de mener 2-0 et d&rsquo;\u00eatre rejoint \u00e0 2-2. Forc\u00e9ment, il y a un go\u00fbt de d\u00e9faite, c&rsquo;est une certitude.\u00a0\u00bb Mais le Belge n\u2019\u00e9tait pas en col\u00e8re : \u00ab\u00a0Je n\u2019ai pas envie de [...]\" \/>\n<meta property=\"og:url\" content=\"https:\/\/www.ladiagonale.net\/index.php\/2026\/04\/26\/pocognoli-il-y-a-un-gout-de-defaite\/\" \/>\n<meta property=\"og:site_name\" content=\"La Diagonale\" \/>\n<meta property=\"article:published_time\" content=\"2026-04-26T19:00:51+00:00\" \/>\n<meta property=\"article:modified_time\" content=\"2026-04-26T19:00:52+00:00\" \/>\n<meta property=\"og:image\" content=\"https:\/\/www.ladiagonale.net\/wp-content\/uploads\/2025\/11\/Pocognoli-bodo.png\" \/>\n\t<meta property=\"og:image:width\" content=\"1160\" \/>\n\t<meta property=\"og:image:height\" content=\"650\" \/>\n\t<meta property=\"og:image:type\" content=\"image\/png\" \/>\n<meta name=\"author\" content=\"Damien Dellerba\" \/>\n<meta name=\"twitter:card\" content=\"summary_large_image\" \/>\n<meta name=\"twitter:image\" content=\"https:\/\/www.ladiagonale.net\/wp-content\/uploads\/2025\/11\/Pocognoli-bodo.png\" \/>\n<meta name=\"twitter:label1\" content=\"\u00c9crit par\" \/>\n\t<meta name=\"twitter:data1\" content=\"Damien Dellerba\" \/>\n\t<meta name=\"twitter:label2\" content=\"Dur\u00e9e de lecture estim\u00e9e\" \/>\n\t<meta name=\"twitter:data2\" content=\"3 minutes\" \/>\n<script type=\"application\/ld+json\" class=\"yoast-schema-graph\">{\"@context\":\"https:\/\/schema.org\",\"@graph\":[{\"@type\":\"WebPage\",\"@id\":\"https:\/\/www.ladiagonale.net\/index.php\/2026\/04\/26\/pocognoli-il-y-a-un-gout-de-defaite\/\",\"url\":\"https:\/\/www.ladiagonale.net\/index.php\/2026\/04\/26\/pocognoli-il-y-a-un-gout-de-defaite\/\",\"name\":\"Pocognoli : \u00ab&nbsp;Il y a un go\u00fbt de d\u00e9faite&nbsp;\u00bb - La Diagonale\",\"isPartOf\":{\"@id\":\"https:\/\/www.ladiagonale.net\/#website\"},\"datePublished\":\"2026-04-26T19:00:51+00:00\",\"dateModified\":\"2026-04-26T19:00:52+00:00\",\"author\":{\"@id\":\"https:\/\/www.ladiagonale.net\/#\/schema\/person\/79ff1e7b0853ed01b2aa26e64ad300bf\"},\"breadcrumb\":{\"@id\":\"https:\/\/www.ladiagonale.net\/index.php\/2026\/04\/26\/pocognoli-il-y-a-un-gout-de-defaite\/#breadcrumb\"},\"inLanguage\":\"fr-FR\",\"potentialAction\":[{\"@type\":\"ReadAction\",\"target\":[\"https:\/\/www.ladiagonale.net\/index.php\/2026\/04\/26\/pocognoli-il-y-a-un-gout-de-defaite\/\"]}]},{\"@type\":\"BreadcrumbList\",\"@id\":\"https:\/\/www.ladiagonale.net\/index.php\/2026\/04\/26\/pocognoli-il-y-a-un-gout-de-defaite\/#breadcrumb\",\"itemListElement\":[{\"@type\":\"ListItem\",\"position\":1,\"name\":\"Accueil\",\"item\":\"https:\/\/www.ladiagonale.net\/\"},{\"@type\":\"ListItem\",\"position\":2,\"name\":\"Pocognoli : \u00ab&nbsp;Il y a un go\u00fbt de d\u00e9faite&nbsp;\u00bb\"}]},{\"@type\":\"WebSite\",\"@id\":\"https:\/\/www.ladiagonale.net\/#website\",\"url\":\"https:\/\/www.ladiagonale.net\/\",\"name\":\"La Diagonale\",\"description\":\"Le site des supporters de l&#039;AS Monaco FC\",\"potentialAction\":[{\"@type\":\"SearchAction\",\"target\":{\"@type\":\"EntryPoint\",\"urlTemplate\":\"https:\/\/www.ladiagonale.net\/?s={search_term_string}\"},\"query-input\":\"required name=search_term_string\"}],\"inLanguage\":\"fr-FR\"},{\"@type\":\"Person\",\"@id\":\"https:\/\/www.ladiagonale.net\/#\/schema\/person\/79ff1e7b0853ed01b2aa26e64ad300bf\",\"name\":\"Damien Dellerba\",\"image\":{\"@type\":\"ImageObject\",\"inLanguage\":\"fr-FR\",\"@id\":\"https:\/\/www.ladiagonale.net\/#\/schema\/person\/image\/\",\"url\":\"https:\/\/secure.gravatar.com\/avatar\/c7850e06d3ff63cdbaee88b7fc16e2f0?s=96&d=mm&r=g\",\"contentUrl\":\"https:\/\/secure.gravatar.com\/avatar\/c7850e06d3ff63cdbaee88b7fc16e2f0?s=96&d=mm&r=g\",\"caption\":\"Damien Dellerba\"},\"url\":\"https:\/\/www.ladiagonale.net\/index.php\/author\/damien\/\"}]}<\/script>\n<!-- \/ Yoast SEO plugin. -->","yoast_head_json":{"title":"Pocognoli : \u00ab&nbsp;Il y a un go\u00fbt de d\u00e9faite&nbsp;\u00bb - La Diagonale","robots":{"index":"index","follow":"follow","max-snippet":"max-snippet:-1","max-image-preview":"max-image-preview:large","max-video-preview":"max-video-preview:-1"},"canonical":"https:\/\/www.ladiagonale.net\/index.php\/2026\/04\/26\/pocognoli-il-y-a-un-gout-de-defaite\/","og_locale":"fr_FR","og_type":"article","og_title":"Pocognoli : \u00ab&nbsp;Il y a un go\u00fbt de d\u00e9faite&nbsp;\u00bb - La Diagonale","og_description":"S\u00e9bastien Pocognoli \u00e9tait amer, samedi soir, apr\u00e8s le nul conc\u00e9d\u00e9 en fin de match par l\u2019AS Monaco contre Toulouse : \u00ab\u00a0Grosse d\u00e9ception, forc\u00e9ment, de mener 2-0 et d&rsquo;\u00eatre rejoint \u00e0 2-2. Forc\u00e9ment, il y a un go\u00fbt de d\u00e9faite, c&rsquo;est une certitude.\u00a0\u00bb Mais le Belge n\u2019\u00e9tait pas en col\u00e8re : \u00ab\u00a0Je n\u2019ai pas envie de [...]","og_url":"https:\/\/www.ladiagonale.net\/index.php\/2026\/04\/26\/pocognoli-il-y-a-un-gout-de-defaite\/","og_site_name":"La Diagonale","article_published_time":"2026-04-26T19:00:51+00:00","article_modified_time":"2026-04-26T19:00:52+00:00","og_image":[{"width":1160,"height":650,"url":"https:\/\/www.ladiagonale.net\/wp-content\/uploads\/2025\/11\/Pocognoli-bodo.png","type":"image\/png"}],"author":"Damien Dellerba","twitter_card":"summary_large_image","twitter_image":"https:\/\/www.ladiagonale.net\/wp-content\/uploads\/2025\/11\/Pocognoli-bodo.png","twitter_misc":{"\u00c9crit par":"Damien Dellerba","Dur\u00e9e de lecture estim\u00e9e":"3 minutes"},"schema":{"@context":"https:\/\/schema.org","@graph":[{"@type":"WebPage","@id":"https:\/\/www.ladiagonale.net\/index.php\/2026\/04\/26\/pocognoli-il-y-a-un-gout-de-defaite\/","url":"https:\/\/www.ladiagonale.net\/index.php\/2026\/04\/26\/pocognoli-il-y-a-un-gout-de-defaite\/","name":"Pocognoli : \u00ab&nbsp;Il y a un go\u00fbt de d\u00e9faite&nbsp;\u00bb - La Diagonale","isPartOf":{"@id":"https:\/\/www.ladiagonale.net\/#website"},"datePublished":"2026-04-26T19:00:51+00:00","dateModified":"2026-04-26T19:00:52+00:00","author":{"@id":"https:\/\/www.ladiagonale.net\/#\/schema\/person\/79ff1e7b0853ed01b2aa26e64ad300bf"},"breadcrumb":{"@id":"https:\/\/www.ladiagonale.net\/index.php\/2026\/04\/26\/pocognoli-il-y-a-un-gout-de-defaite\/#breadcrumb"},"inLanguage":"fr-FR","potentialAction":[{"@type":"ReadAction","target":["https:\/\/www.ladiagonale.net\/index.php\/2026\/04\/26\/pocognoli-il-y-a-un-gout-de-defaite\/"]}]},{"@type":"BreadcrumbList","@id":"https:\/\/www.ladiagonale.net\/index.php\/2026\/04\/26\/pocognoli-il-y-a-un-gout-de-defaite\/#breadcrumb","itemListElement":[{"@type":"ListItem","position":1,"name":"Accueil","item":"https:\/\/www.ladiagonale.net\/"},{"@type":"ListItem","position":2,"name":"Pocognoli : \u00ab&nbsp;Il y a un go\u00fbt de d\u00e9faite&nbsp;\u00bb"}]},{"@type":"WebSite","@id":"https:\/\/www.ladiagonale.net\/#website","url":"https:\/\/www.ladiagonale.net\/","name":"La Diagonale","description":"Le site des supporters de l&#039;AS Monaco FC","potentialAction":[{"@type":"SearchAction","target":{"@type":"EntryPoint","urlTemplate":"https:\/\/www.ladiagonale.net\/?s={search_term_string}"},"query-input":"required name=search_term_string"}],"inLanguage":"fr-FR"},{"@type":"Person","@id":"https:\/\/www.ladiagonale.net\/#\/schema\/person\/79ff1e7b0853ed01b2aa26e64ad300bf","name":"Damien Dellerba","image":{"@type":"ImageObject","inLanguage":"fr-FR","@id":"https:\/\/www.ladiagonale.net\/#\/schema\/person\/image\/","url":"https:\/\/secure.gravatar.com\/avatar\/c7850e06d3ff63cdbaee88b7fc16e2f0?s=96&d=mm&r=g","contentUrl":"https:\/\/secure.gravatar.com\/avatar\/c7850e06d3ff63cdbaee88b7fc16e2f0?s=96&d=mm&r=g","caption":"Damien Dellerba"},"url":"https:\/\/www.ladiagonale.net\/index.php\/author\/damien\/"}]}},"_links":{"self":[{"href":"https:\/\/www.ladiagonale.net\/index.php\/wp-json\/wp\/v2\/posts\/37960"}],"collection":[{"href":"https:\/\/www.ladiagonale.net\/index.php\/wp-json\/wp\/v2\/posts"}],"about":[{"href":"https:\/\/www.ladiagonale.net\/index.php\/wp-json\/wp\/v2\/types\/post"}],"author":[{"embeddable":true,"href":"https:\/\/www.ladiagonale.net\/index.php\/wp-json\/wp\/v2\/users\/2"}],"replies":[{"embeddable":true,"href":"https:\/\/www.ladiagonale.net\/index.php\/wp-json\/wp\/v2\/comments?post=37960"}],"version-history":[{"count":1,"href":"https:\/\/www.ladiagonale.net\/index.php\/wp-json\/wp\/v2\/posts\/37960\/revisions"}],"predecessor-version":[{"id":37961,"href":"https:\/\/www.ladiagonale.net\/index.php\/wp-json\/wp\/v2\/posts\/37960\/revisions\/37961"}],"wp:attachment":[{"href":"https:\/\/www.ladiagonale.net\/index.php\/wp-json\/wp\/v2\/media?parent=37960"}],"wp:term":[{"taxonomy":"category","embeddable":true,"href":"https:\/\/www.ladiagonale.net\/index.php\/wp-json\/wp\/v2\/categories?post=37960"},{"taxonomy":"post_tag","embeddable":true,"href":"https:\/\/www.ladiagonale.net\/index.php\/wp-json\/wp\/v2\/tags?post=37960"}],"curies":[{"name":"wp","href":"https:\/\/api.w.org\/{rel}","templated":true}]}}