{"id":37962,"date":"2026-04-26T21:09:14","date_gmt":"2026-04-26T19:09:14","guid":{"rendered":"https:\/\/www.ladiagonale.net\/?p=37962"},"modified":"2026-04-26T21:09:15","modified_gmt":"2026-04-26T19:09:15","slug":"cresswell-monaco-sest-repose-sur-ses-lauriers","status":"publish","type":"post","link":"https:\/\/www.ladiagonale.net\/index.php\/2026\/04\/26\/cresswell-monaco-sest-repose-sur-ses-lauriers\/","title":{"rendered":"Cresswell : \u00ab\u00a0Monaco s&rsquo;est repos\u00e9 sur ses lauriers\u00a0\u00bb"},"content":{"rendered":"\n<p>Rejoint pas Toulouse en fin de match, comme la saison pass\u00e9e, l&rsquo;AS Monaco a fait une mauvaise op\u00e9ration au Championnat. Mais les Mon\u00e9gasques ne peuvent s&rsquo;en vouloir qu&rsquo;\u00e0 eux-m\u00eames apr\u00e8s avoir progressivement arr\u00eat\u00e9 de jouer une fois le break fait en premi\u00e8re p\u00e9riode. Une certaine suffisance que les Toulousains ont visiblement per\u00e7ue, comme l&rsquo;a soulign\u00e9 le d\u00e9fenseur central des Violets, Charlie Cresswell.<\/p>\n\n\n\n<p>\u00ab\u00a0<em>On a commenc\u00e9 ce match un peu maladroitement. Monaco est une belle \u00e9quipe, ils ont marqu\u00e9 deux beaux buts. \u00c0 la mi-temps, on s\u2019est dit de continuer \u00e0 donner le maximum. Monaco s\u2019est un peu repos\u00e9 sur ses lauriers en seconde p\u00e9riode, ils l\u2019ont un peu pris \u00e0 la l\u00e9g\u00e8re. Nous avons pouss\u00e9 et r\u00e9ussi \u00e0 inscrire deux buts importants.<\/em>\u00a0\u00bb<\/p>\n\n\n\n<p>Un constat implacable et encore plus douloureux lorsqu&rsquo;il est confirm\u00e9 par l&rsquo;adversaire. Dans les rangs mon\u00e9gasques, S\u00e9bastien Pocognoli avait lui aussi regrett\u00e9 l&rsquo;inconstance de son \u00e9quipe, \u00e0 l&rsquo;image de la saison, \u00e9voquant <a href=\"https:\/\/www.ladiagonale.net\/index.php\/2026\/04\/26\/pocognoli-il-y-a-un-gout-de-defaite\/\" target=\"_blank\" rel=\"noreferrer noopener\">un nul au go\u00fbt de d\u00e9faite<\/a> en conf\u00e9rence de presse.<\/p>\n\n\n","protected":false},"excerpt":{"rendered":"<p>Rejoint pas Toulouse en fin de match, comme la saison pass\u00e9e, l&rsquo;AS Monaco a fait une mauvaise op\u00e9ration au Championnat. Mais les Mon\u00e9gasques ne peuvent s&rsquo;en vouloir qu&rsquo;\u00e0 eux-m\u00eames apr\u00e8s avoir progressivement arr\u00eat\u00e9 de jouer une fois le break fait en premi\u00e8re p\u00e9riode. Une certaine suffisance que les Toulousains ont visiblement per\u00e7ue, comme l&rsquo;a soulign\u00e9 [&#8230;]\n","protected":false},"author":2,"featured_media":0,"comment_status":"open","ping_status":"open","sticky":false,"template":"","format":"standard","meta":[],"categories":[6,1000],"tags":[86,1233,94,230],"yoast_head":"<!-- This site is optimized with the Yoast SEO plugin v19.8 - https:\/\/yoast.com\/wordpress\/plugins\/seo\/ -->\n<title>Cresswell : \u00ab\u00a0Monaco s&#039;est repos\u00e9 sur ses lauriers\u00a0\u00bb - La Diagonale<\/title>\n<meta name=\"robots\" content=\"index, follow, max-snippet:-1, max-image-preview:large, max-video-preview:-1\" \/>\n<link rel=\"canonical\" href=\"https:\/\/www.ladiagonale.net\/index.php\/2026\/04\/26\/cresswell-monaco-sest-repose-sur-ses-lauriers\/\" \/>\n<meta property=\"og:locale\" content=\"fr_FR\" \/>\n<meta property=\"og:type\" content=\"article\" \/>\n<meta property=\"og:title\" content=\"Cresswell : \u00ab\u00a0Monaco s&#039;est repos\u00e9 sur ses lauriers\u00a0\u00bb - La Diagonale\" \/>\n<meta property=\"og:description\" content=\"Rejoint pas Toulouse en fin de match, comme la saison pass\u00e9e, l&rsquo;AS Monaco a fait une mauvaise op\u00e9ration au Championnat. Mais les Mon\u00e9gasques ne peuvent s&rsquo;en vouloir qu&rsquo;\u00e0 eux-m\u00eames apr\u00e8s avoir progressivement arr\u00eat\u00e9 de jouer une fois le break fait en premi\u00e8re p\u00e9riode. Une certaine suffisance que les Toulousains ont visiblement per\u00e7ue, comme l&rsquo;a soulign\u00e9 [...]\" \/>\n<meta property=\"og:url\" content=\"https:\/\/www.ladiagonale.net\/index.php\/2026\/04\/26\/cresswell-monaco-sest-repose-sur-ses-lauriers\/\" \/>\n<meta property=\"og:site_name\" content=\"La Diagonale\" \/>\n<meta property=\"article:published_time\" content=\"2026-04-26T19:09:14+00:00\" \/>\n<meta property=\"article:modified_time\" content=\"2026-04-26T19:09:15+00:00\" \/>\n<meta property=\"og:image\" content=\"https:\/\/www.ladiagonale.net\/wp-content\/uploads\/2026\/04\/Cresswell.png\" \/>\n\t<meta property=\"og:image:width\" content=\"1160\" \/>\n\t<meta property=\"og:image:height\" content=\"650\" \/>\n\t<meta property=\"og:image:type\" content=\"image\/png\" \/>\n<meta name=\"author\" content=\"Damien Dellerba\" \/>\n<meta name=\"twitter:card\" content=\"summary_large_image\" \/>\n<meta name=\"twitter:image\" content=\"https:\/\/www.ladiagonale.net\/wp-content\/uploads\/2026\/04\/Cresswell.png\" \/>\n<meta name=\"twitter:label1\" content=\"\u00c9crit par\" \/>\n\t<meta name=\"twitter:data1\" content=\"Damien Dellerba\" \/>\n\t<meta name=\"twitter:label2\" content=\"Dur\u00e9e de lecture estim\u00e9e\" \/>\n\t<meta name=\"twitter:data2\" content=\"1 minute\" \/>\n<script type=\"application\/ld+json\" class=\"yoast-schema-graph\">{\"@context\":\"https:\/\/schema.org\",\"@graph\":[{\"@type\":\"WebPage\",\"@id\":\"https:\/\/www.ladiagonale.net\/index.php\/2026\/04\/26\/cresswell-monaco-sest-repose-sur-ses-lauriers\/\",\"url\":\"https:\/\/www.ladiagonale.net\/index.php\/2026\/04\/26\/cresswell-monaco-sest-repose-sur-ses-lauriers\/\",\"name\":\"Cresswell : \u00ab\u00a0Monaco s'est repos\u00e9 sur ses lauriers\u00a0\u00bb - La Diagonale\",\"isPartOf\":{\"@id\":\"https:\/\/www.ladiagonale.net\/#website\"},\"datePublished\":\"2026-04-26T19:09:14+00:00\",\"dateModified\":\"2026-04-26T19:09:15+00:00\",\"author\":{\"@id\":\"https:\/\/www.ladiagonale.net\/#\/schema\/person\/79ff1e7b0853ed01b2aa26e64ad300bf\"},\"breadcrumb\":{\"@id\":\"https:\/\/www.ladiagonale.net\/index.php\/2026\/04\/26\/cresswell-monaco-sest-repose-sur-ses-lauriers\/#breadcrumb\"},\"inLanguage\":\"fr-FR\",\"potentialAction\":[{\"@type\":\"ReadAction\",\"target\":[\"https:\/\/www.ladiagonale.net\/index.php\/2026\/04\/26\/cresswell-monaco-sest-repose-sur-ses-lauriers\/\"]}]},{\"@type\":\"BreadcrumbList\",\"@id\":\"https:\/\/www.ladiagonale.net\/index.php\/2026\/04\/26\/cresswell-monaco-sest-repose-sur-ses-lauriers\/#breadcrumb\",\"itemListElement\":[{\"@type\":\"ListItem\",\"position\":1,\"name\":\"Accueil\",\"item\":\"https:\/\/www.ladiagonale.net\/\"},{\"@type\":\"ListItem\",\"position\":2,\"name\":\"Cresswell : \u00ab\u00a0Monaco s&rsquo;est repos\u00e9 sur ses lauriers\u00a0\u00bb\"}]},{\"@type\":\"WebSite\",\"@id\":\"https:\/\/www.ladiagonale.net\/#website\",\"url\":\"https:\/\/www.ladiagonale.net\/\",\"name\":\"La Diagonale\",\"description\":\"Le site des supporters de l&#039;AS Monaco FC\",\"potentialAction\":[{\"@type\":\"SearchAction\",\"target\":{\"@type\":\"EntryPoint\",\"urlTemplate\":\"https:\/\/www.ladiagonale.net\/?s={search_term_string}\"},\"query-input\":\"required name=search_term_string\"}],\"inLanguage\":\"fr-FR\"},{\"@type\":\"Person\",\"@id\":\"https:\/\/www.ladiagonale.net\/#\/schema\/person\/79ff1e7b0853ed01b2aa26e64ad300bf\",\"name\":\"Damien Dellerba\",\"image\":{\"@type\":\"ImageObject\",\"inLanguage\":\"fr-FR\",\"@id\":\"https:\/\/www.ladiagonale.net\/#\/schema\/person\/image\/\",\"url\":\"https:\/\/secure.gravatar.com\/avatar\/c7850e06d3ff63cdbaee88b7fc16e2f0?s=96&d=mm&r=g\",\"contentUrl\":\"https:\/\/secure.gravatar.com\/avatar\/c7850e06d3ff63cdbaee88b7fc16e2f0?s=96&d=mm&r=g\",\"caption\":\"Damien Dellerba\"},\"url\":\"https:\/\/www.ladiagonale.net\/index.php\/author\/damien\/\"}]}<\/script>\n<!-- \/ Yoast SEO plugin. -->","yoast_head_json":{"title":"Cresswell : \u00ab\u00a0Monaco s'est repos\u00e9 sur ses lauriers\u00a0\u00bb - La Diagonale","robots":{"index":"index","follow":"follow","max-snippet":"max-snippet:-1","max-image-preview":"max-image-preview:large","max-video-preview":"max-video-preview:-1"},"canonical":"https:\/\/www.ladiagonale.net\/index.php\/2026\/04\/26\/cresswell-monaco-sest-repose-sur-ses-lauriers\/","og_locale":"fr_FR","og_type":"article","og_title":"Cresswell : \u00ab\u00a0Monaco s'est repos\u00e9 sur ses lauriers\u00a0\u00bb - La Diagonale","og_description":"Rejoint pas Toulouse en fin de match, comme la saison pass\u00e9e, l&rsquo;AS Monaco a fait une mauvaise op\u00e9ration au Championnat. Mais les Mon\u00e9gasques ne peuvent s&rsquo;en vouloir qu&rsquo;\u00e0 eux-m\u00eames apr\u00e8s avoir progressivement arr\u00eat\u00e9 de jouer une fois le break fait en premi\u00e8re p\u00e9riode. Une certaine suffisance que les Toulousains ont visiblement per\u00e7ue, comme l&rsquo;a soulign\u00e9 [...]","og_url":"https:\/\/www.ladiagonale.net\/index.php\/2026\/04\/26\/cresswell-monaco-sest-repose-sur-ses-lauriers\/","og_site_name":"La Diagonale","article_published_time":"2026-04-26T19:09:14+00:00","article_modified_time":"2026-04-26T19:09:15+00:00","og_image":[{"width":1160,"height":650,"url":"https:\/\/www.ladiagonale.net\/wp-content\/uploads\/2026\/04\/Cresswell.png","type":"image\/png"}],"author":"Damien Dellerba","twitter_card":"summary_large_image","twitter_image":"https:\/\/www.ladiagonale.net\/wp-content\/uploads\/2026\/04\/Cresswell.png","twitter_misc":{"\u00c9crit par":"Damien Dellerba","Dur\u00e9e de lecture estim\u00e9e":"1 minute"},"schema":{"@context":"https:\/\/schema.org","@graph":[{"@type":"WebPage","@id":"https:\/\/www.ladiagonale.net\/index.php\/2026\/04\/26\/cresswell-monaco-sest-repose-sur-ses-lauriers\/","url":"https:\/\/www.ladiagonale.net\/index.php\/2026\/04\/26\/cresswell-monaco-sest-repose-sur-ses-lauriers\/","name":"Cresswell : \u00ab\u00a0Monaco s'est repos\u00e9 sur ses lauriers\u00a0\u00bb - La Diagonale","isPartOf":{"@id":"https:\/\/www.ladiagonale.net\/#website"},"datePublished":"2026-04-26T19:09:14+00:00","dateModified":"2026-04-26T19:09:15+00:00","author":{"@id":"https:\/\/www.ladiagonale.net\/#\/schema\/person\/79ff1e7b0853ed01b2aa26e64ad300bf"},"breadcrumb":{"@id":"https:\/\/www.ladiagonale.net\/index.php\/2026\/04\/26\/cresswell-monaco-sest-repose-sur-ses-lauriers\/#breadcrumb"},"inLanguage":"fr-FR","potentialAction":[{"@type":"ReadAction","target":["https:\/\/www.ladiagonale.net\/index.php\/2026\/04\/26\/cresswell-monaco-sest-repose-sur-ses-lauriers\/"]}]},{"@type":"BreadcrumbList","@id":"https:\/\/www.ladiagonale.net\/index.php\/2026\/04\/26\/cresswell-monaco-sest-repose-sur-ses-lauriers\/#breadcrumb","itemListElement":[{"@type":"ListItem","position":1,"name":"Accueil","item":"https:\/\/www.ladiagonale.net\/"},{"@type":"ListItem","position":2,"name":"Cresswell : \u00ab\u00a0Monaco s&rsquo;est repos\u00e9 sur ses lauriers\u00a0\u00bb"}]},{"@type":"WebSite","@id":"https:\/\/www.ladiagonale.net\/#website","url":"https:\/\/www.ladiagonale.net\/","name":"La Diagonale","description":"Le site des supporters de l&#039;AS Monaco FC","potentialAction":[{"@type":"SearchAction","target":{"@type":"EntryPoint","urlTemplate":"https:\/\/www.ladiagonale.net\/?s={search_term_string}"},"query-input":"required name=search_term_string"}],"inLanguage":"fr-FR"},{"@type":"Person","@id":"https:\/\/www.ladiagonale.net\/#\/schema\/person\/79ff1e7b0853ed01b2aa26e64ad300bf","name":"Damien Dellerba","image":{"@type":"ImageObject","inLanguage":"fr-FR","@id":"https:\/\/www.ladiagonale.net\/#\/schema\/person\/image\/","url":"https:\/\/secure.gravatar.com\/avatar\/c7850e06d3ff63cdbaee88b7fc16e2f0?s=96&d=mm&r=g","contentUrl":"https:\/\/secure.gravatar.com\/avatar\/c7850e06d3ff63cdbaee88b7fc16e2f0?s=96&d=mm&r=g","caption":"Damien Dellerba"},"url":"https:\/\/www.ladiagonale.net\/index.php\/author\/damien\/"}]}},"_links":{"self":[{"href":"https:\/\/www.ladiagonale.net\/index.php\/wp-json\/wp\/v2\/posts\/37962"}],"collection":[{"href":"https:\/\/www.ladiagonale.net\/index.php\/wp-json\/wp\/v2\/posts"}],"about":[{"href":"https:\/\/www.ladiagonale.net\/index.php\/wp-json\/wp\/v2\/types\/post"}],"author":[{"embeddable":true,"href":"https:\/\/www.ladiagonale.net\/index.php\/wp-json\/wp\/v2\/users\/2"}],"replies":[{"embeddable":true,"href":"https:\/\/www.ladiagonale.net\/index.php\/wp-json\/wp\/v2\/comments?post=37962"}],"version-history":[{"count":1,"href":"https:\/\/www.ladiagonale.net\/index.php\/wp-json\/wp\/v2\/posts\/37962\/revisions"}],"predecessor-version":[{"id":37964,"href":"https:\/\/www.ladiagonale.net\/index.php\/wp-json\/wp\/v2\/posts\/37962\/revisions\/37964"}],"wp:attachment":[{"href":"https:\/\/www.ladiagonale.net\/index.php\/wp-json\/wp\/v2\/media?parent=37962"}],"wp:term":[{"taxonomy":"category","embeddable":true,"href":"https:\/\/www.ladiagonale.net\/index.php\/wp-json\/wp\/v2\/categories?post=37962"},{"taxonomy":"post_tag","embeddable":true,"href":"https:\/\/www.ladiagonale.net\/index.php\/wp-json\/wp\/v2\/tags?post=37962"}],"curies":[{"name":"wp","href":"https:\/\/api.w.org\/{rel}","templated":true}]}}