{"id":37965,"date":"2026-04-27T13:39:06","date_gmt":"2026-04-27T11:39:06","guid":{"rendered":"https:\/\/www.ladiagonale.net\/?p=37965"},"modified":"2026-04-27T13:39:07","modified_gmt":"2026-04-27T11:39:07","slug":"le-clan-fati-veut-rester-a-monaco","status":"publish","type":"post","link":"https:\/\/www.ladiagonale.net\/index.php\/2026\/04\/27\/le-clan-fati-veut-rester-a-monaco\/","title":{"rendered":"Le clan Fati veut rester \u00e0 Monaco"},"content":{"rendered":"\n\n\n<p>Mi-avril, <em>L\u2019\u00c9quipe<\/em> avait indiqu\u00e9 que l\u2019AS Monaco souhaitait <a href=\"https:\/\/www.ladiagonale.net\/index.php\/2026\/04\/11\/monaco-voudrait-lever-loption-dachat-de-fati\/\" target=\"_blank\" rel=\"noreferrer noopener\">lever l\u2019option d\u2019achat d\u2019Ansu Fati<\/a>, estim\u00e9e \u00e0 11 millions d\u2019euros. Si le club de la Principaut\u00e9 d\u00e9sire conserver l\u2019attaquant de 23 ans pr\u00eat\u00e9 par le FC Barcelone, cette envie est partag\u00e9e dans le clan du joueur. Et c\u2019est le p\u00e8re de Fati qui le dit. \u00ab\u00a0<em>Nous aimerions bien qu\u2019il reste \u00e0 Monaco, parce qu\u2019il est heureux l\u00e0-bas<\/em>\u00a0\u00bb, a-t-il d\u00e9clar\u00e9 au m\u00e9dia espagnol <em>WinWin<\/em>.<\/p>\n\n\n\n<p>Mais pour que cela se concr\u00e9tise, Monaco devra trouver un accord financier avec Fati, dont le salaire d\u00e9passe la grille du club. Actuellement, les \u00e9moluments de l\u2019international espagnol sont partag\u00e9s \u00e0 parts \u00e9gales entre l\u2019ASM et le Bar\u00e7a, ce qui ferait 250 000 euros mensuels bruts chacun, pour un total de 500 000 euros, avec un contrat allant jusqu\u2019\u00e0 2028. Le plus haut salaire mon\u00e9gasque, celui d\u2019Eric Dier, serait actuellement estim\u00e9 \u00e0 330 000 euros par mois.<\/p>\n\n\n\n<p>Mais il faudra aussi attendre de savoir quels sont les plans du club catalan concernant le joueur form\u00e9 \u00e0 la Masia. \u00ab\u00a0<em>Cela va d\u00e9pendre de Flick (l&rsquo;entra\u00eeneur du Bar\u00e7a), il n\u2019a pas encore parl\u00e9 avec lui <\/em>\u00bb, a fait savoir Bori Fati. Cette saison, Fati a inscrit dix buts en 27 matches. Il a \u00e9t\u00e9 titularis\u00e9 par S\u00e9bastien Pocognoli lors des trois derni\u00e8res rencontres. <\/p>\n","protected":false},"excerpt":{"rendered":"<p>Mi-avril, L\u2019\u00c9quipe avait indiqu\u00e9 que l\u2019AS Monaco souhaitait lever l\u2019option d\u2019achat d\u2019Ansu Fati, estim\u00e9e \u00e0 11 millions d\u2019euros. Si le club de la Principaut\u00e9 d\u00e9sire conserver l\u2019attaquant de 23 ans pr\u00eat\u00e9 par le FC Barcelone, cette envie est partag\u00e9e dans le clan du joueur. Et c\u2019est le p\u00e8re de Fati qui le dit. \u00ab\u00a0Nous aimerions [&#8230;]\n","protected":false},"author":2,"featured_media":0,"comment_status":"open","ping_status":"open","sticky":false,"template":"","format":"standard","meta":[],"categories":[6,1086],"tags":[1048,86,111,110],"yoast_head":"<!-- This site is optimized with the Yoast SEO plugin v19.8 - https:\/\/yoast.com\/wordpress\/plugins\/seo\/ -->\n<title>Le clan Fati veut rester \u00e0 Monaco - La Diagonale<\/title>\n<meta name=\"robots\" content=\"index, follow, max-snippet:-1, max-image-preview:large, max-video-preview:-1\" \/>\n<link rel=\"canonical\" href=\"https:\/\/www.ladiagonale.net\/index.php\/2026\/04\/27\/le-clan-fati-veut-rester-a-monaco\/\" \/>\n<meta property=\"og:locale\" content=\"fr_FR\" \/>\n<meta property=\"og:type\" content=\"article\" \/>\n<meta property=\"og:title\" content=\"Le clan Fati veut rester \u00e0 Monaco - La Diagonale\" \/>\n<meta property=\"og:description\" content=\"Mi-avril, L\u2019\u00c9quipe avait indiqu\u00e9 que l\u2019AS Monaco souhaitait lever l\u2019option d\u2019achat d\u2019Ansu Fati, estim\u00e9e \u00e0 11 millions d\u2019euros. Si le club de la Principaut\u00e9 d\u00e9sire conserver l\u2019attaquant de 23 ans pr\u00eat\u00e9 par le FC Barcelone, cette envie est partag\u00e9e dans le clan du joueur. Et c\u2019est le p\u00e8re de Fati qui le dit. \u00ab\u00a0Nous aimerions [...]\" \/>\n<meta property=\"og:url\" content=\"https:\/\/www.ladiagonale.net\/index.php\/2026\/04\/27\/le-clan-fati-veut-rester-a-monaco\/\" \/>\n<meta property=\"og:site_name\" content=\"La Diagonale\" \/>\n<meta property=\"article:published_time\" content=\"2026-04-27T11:39:06+00:00\" \/>\n<meta property=\"article:modified_time\" content=\"2026-04-27T11:39:07+00:00\" \/>\n<meta property=\"og:image\" content=\"https:\/\/www.ladiagonale.net\/wp-content\/uploads\/2025\/10\/Fati-nice-1.png\" \/>\n\t<meta property=\"og:image:width\" content=\"1160\" \/>\n\t<meta property=\"og:image:height\" content=\"650\" \/>\n\t<meta property=\"og:image:type\" content=\"image\/png\" \/>\n<meta name=\"author\" content=\"Damien Dellerba\" \/>\n<meta name=\"twitter:card\" content=\"summary_large_image\" \/>\n<meta name=\"twitter:image\" content=\"https:\/\/www.ladiagonale.net\/wp-content\/uploads\/2025\/10\/Fati-nice-1.png\" \/>\n<meta name=\"twitter:label1\" content=\"\u00c9crit par\" \/>\n\t<meta name=\"twitter:data1\" content=\"Damien Dellerba\" \/>\n\t<meta name=\"twitter:label2\" content=\"Dur\u00e9e de lecture estim\u00e9e\" \/>\n\t<meta name=\"twitter:data2\" content=\"2 minutes\" \/>\n<script type=\"application\/ld+json\" class=\"yoast-schema-graph\">{\"@context\":\"https:\/\/schema.org\",\"@graph\":[{\"@type\":\"WebPage\",\"@id\":\"https:\/\/www.ladiagonale.net\/index.php\/2026\/04\/27\/le-clan-fati-veut-rester-a-monaco\/\",\"url\":\"https:\/\/www.ladiagonale.net\/index.php\/2026\/04\/27\/le-clan-fati-veut-rester-a-monaco\/\",\"name\":\"Le clan Fati veut rester \u00e0 Monaco - La Diagonale\",\"isPartOf\":{\"@id\":\"https:\/\/www.ladiagonale.net\/#website\"},\"datePublished\":\"2026-04-27T11:39:06+00:00\",\"dateModified\":\"2026-04-27T11:39:07+00:00\",\"author\":{\"@id\":\"https:\/\/www.ladiagonale.net\/#\/schema\/person\/79ff1e7b0853ed01b2aa26e64ad300bf\"},\"breadcrumb\":{\"@id\":\"https:\/\/www.ladiagonale.net\/index.php\/2026\/04\/27\/le-clan-fati-veut-rester-a-monaco\/#breadcrumb\"},\"inLanguage\":\"fr-FR\",\"potentialAction\":[{\"@type\":\"ReadAction\",\"target\":[\"https:\/\/www.ladiagonale.net\/index.php\/2026\/04\/27\/le-clan-fati-veut-rester-a-monaco\/\"]}]},{\"@type\":\"BreadcrumbList\",\"@id\":\"https:\/\/www.ladiagonale.net\/index.php\/2026\/04\/27\/le-clan-fati-veut-rester-a-monaco\/#breadcrumb\",\"itemListElement\":[{\"@type\":\"ListItem\",\"position\":1,\"name\":\"Accueil\",\"item\":\"https:\/\/www.ladiagonale.net\/\"},{\"@type\":\"ListItem\",\"position\":2,\"name\":\"Le clan Fati veut rester \u00e0 Monaco\"}]},{\"@type\":\"WebSite\",\"@id\":\"https:\/\/www.ladiagonale.net\/#website\",\"url\":\"https:\/\/www.ladiagonale.net\/\",\"name\":\"La Diagonale\",\"description\":\"Le site des supporters de l&#039;AS Monaco FC\",\"potentialAction\":[{\"@type\":\"SearchAction\",\"target\":{\"@type\":\"EntryPoint\",\"urlTemplate\":\"https:\/\/www.ladiagonale.net\/?s={search_term_string}\"},\"query-input\":\"required name=search_term_string\"}],\"inLanguage\":\"fr-FR\"},{\"@type\":\"Person\",\"@id\":\"https:\/\/www.ladiagonale.net\/#\/schema\/person\/79ff1e7b0853ed01b2aa26e64ad300bf\",\"name\":\"Damien Dellerba\",\"image\":{\"@type\":\"ImageObject\",\"inLanguage\":\"fr-FR\",\"@id\":\"https:\/\/www.ladiagonale.net\/#\/schema\/person\/image\/\",\"url\":\"https:\/\/secure.gravatar.com\/avatar\/c7850e06d3ff63cdbaee88b7fc16e2f0?s=96&d=mm&r=g\",\"contentUrl\":\"https:\/\/secure.gravatar.com\/avatar\/c7850e06d3ff63cdbaee88b7fc16e2f0?s=96&d=mm&r=g\",\"caption\":\"Damien Dellerba\"},\"url\":\"https:\/\/www.ladiagonale.net\/index.php\/author\/damien\/\"}]}<\/script>\n<!-- \/ Yoast SEO plugin. -->","yoast_head_json":{"title":"Le clan Fati veut rester \u00e0 Monaco - La Diagonale","robots":{"index":"index","follow":"follow","max-snippet":"max-snippet:-1","max-image-preview":"max-image-preview:large","max-video-preview":"max-video-preview:-1"},"canonical":"https:\/\/www.ladiagonale.net\/index.php\/2026\/04\/27\/le-clan-fati-veut-rester-a-monaco\/","og_locale":"fr_FR","og_type":"article","og_title":"Le clan Fati veut rester \u00e0 Monaco - La Diagonale","og_description":"Mi-avril, L\u2019\u00c9quipe avait indiqu\u00e9 que l\u2019AS Monaco souhaitait lever l\u2019option d\u2019achat d\u2019Ansu Fati, estim\u00e9e \u00e0 11 millions d\u2019euros. Si le club de la Principaut\u00e9 d\u00e9sire conserver l\u2019attaquant de 23 ans pr\u00eat\u00e9 par le FC Barcelone, cette envie est partag\u00e9e dans le clan du joueur. Et c\u2019est le p\u00e8re de Fati qui le dit. \u00ab\u00a0Nous aimerions [...]","og_url":"https:\/\/www.ladiagonale.net\/index.php\/2026\/04\/27\/le-clan-fati-veut-rester-a-monaco\/","og_site_name":"La Diagonale","article_published_time":"2026-04-27T11:39:06+00:00","article_modified_time":"2026-04-27T11:39:07+00:00","og_image":[{"width":1160,"height":650,"url":"https:\/\/www.ladiagonale.net\/wp-content\/uploads\/2025\/10\/Fati-nice-1.png","type":"image\/png"}],"author":"Damien Dellerba","twitter_card":"summary_large_image","twitter_image":"https:\/\/www.ladiagonale.net\/wp-content\/uploads\/2025\/10\/Fati-nice-1.png","twitter_misc":{"\u00c9crit par":"Damien Dellerba","Dur\u00e9e de lecture estim\u00e9e":"2 minutes"},"schema":{"@context":"https:\/\/schema.org","@graph":[{"@type":"WebPage","@id":"https:\/\/www.ladiagonale.net\/index.php\/2026\/04\/27\/le-clan-fati-veut-rester-a-monaco\/","url":"https:\/\/www.ladiagonale.net\/index.php\/2026\/04\/27\/le-clan-fati-veut-rester-a-monaco\/","name":"Le clan Fati veut rester \u00e0 Monaco - La Diagonale","isPartOf":{"@id":"https:\/\/www.ladiagonale.net\/#website"},"datePublished":"2026-04-27T11:39:06+00:00","dateModified":"2026-04-27T11:39:07+00:00","author":{"@id":"https:\/\/www.ladiagonale.net\/#\/schema\/person\/79ff1e7b0853ed01b2aa26e64ad300bf"},"breadcrumb":{"@id":"https:\/\/www.ladiagonale.net\/index.php\/2026\/04\/27\/le-clan-fati-veut-rester-a-monaco\/#breadcrumb"},"inLanguage":"fr-FR","potentialAction":[{"@type":"ReadAction","target":["https:\/\/www.ladiagonale.net\/index.php\/2026\/04\/27\/le-clan-fati-veut-rester-a-monaco\/"]}]},{"@type":"BreadcrumbList","@id":"https:\/\/www.ladiagonale.net\/index.php\/2026\/04\/27\/le-clan-fati-veut-rester-a-monaco\/#breadcrumb","itemListElement":[{"@type":"ListItem","position":1,"name":"Accueil","item":"https:\/\/www.ladiagonale.net\/"},{"@type":"ListItem","position":2,"name":"Le clan Fati veut rester \u00e0 Monaco"}]},{"@type":"WebSite","@id":"https:\/\/www.ladiagonale.net\/#website","url":"https:\/\/www.ladiagonale.net\/","name":"La Diagonale","description":"Le site des supporters de l&#039;AS Monaco FC","potentialAction":[{"@type":"SearchAction","target":{"@type":"EntryPoint","urlTemplate":"https:\/\/www.ladiagonale.net\/?s={search_term_string}"},"query-input":"required name=search_term_string"}],"inLanguage":"fr-FR"},{"@type":"Person","@id":"https:\/\/www.ladiagonale.net\/#\/schema\/person\/79ff1e7b0853ed01b2aa26e64ad300bf","name":"Damien Dellerba","image":{"@type":"ImageObject","inLanguage":"fr-FR","@id":"https:\/\/www.ladiagonale.net\/#\/schema\/person\/image\/","url":"https:\/\/secure.gravatar.com\/avatar\/c7850e06d3ff63cdbaee88b7fc16e2f0?s=96&d=mm&r=g","contentUrl":"https:\/\/secure.gravatar.com\/avatar\/c7850e06d3ff63cdbaee88b7fc16e2f0?s=96&d=mm&r=g","caption":"Damien Dellerba"},"url":"https:\/\/www.ladiagonale.net\/index.php\/author\/damien\/"}]}},"_links":{"self":[{"href":"https:\/\/www.ladiagonale.net\/index.php\/wp-json\/wp\/v2\/posts\/37965"}],"collection":[{"href":"https:\/\/www.ladiagonale.net\/index.php\/wp-json\/wp\/v2\/posts"}],"about":[{"href":"https:\/\/www.ladiagonale.net\/index.php\/wp-json\/wp\/v2\/types\/post"}],"author":[{"embeddable":true,"href":"https:\/\/www.ladiagonale.net\/index.php\/wp-json\/wp\/v2\/users\/2"}],"replies":[{"embeddable":true,"href":"https:\/\/www.ladiagonale.net\/index.php\/wp-json\/wp\/v2\/comments?post=37965"}],"version-history":[{"count":1,"href":"https:\/\/www.ladiagonale.net\/index.php\/wp-json\/wp\/v2\/posts\/37965\/revisions"}],"predecessor-version":[{"id":37966,"href":"https:\/\/www.ladiagonale.net\/index.php\/wp-json\/wp\/v2\/posts\/37965\/revisions\/37966"}],"wp:attachment":[{"href":"https:\/\/www.ladiagonale.net\/index.php\/wp-json\/wp\/v2\/media?parent=37965"}],"wp:term":[{"taxonomy":"category","embeddable":true,"href":"https:\/\/www.ladiagonale.net\/index.php\/wp-json\/wp\/v2\/categories?post=37965"},{"taxonomy":"post_tag","embeddable":true,"href":"https:\/\/www.ladiagonale.net\/index.php\/wp-json\/wp\/v2\/tags?post=37965"}],"curies":[{"name":"wp","href":"https:\/\/api.w.org\/{rel}","templated":true}]}}