{"id":37973,"date":"2026-04-29T19:19:34","date_gmt":"2026-04-29T17:19:34","guid":{"rendered":"https:\/\/www.ladiagonale.net\/?p=37973"},"modified":"2026-04-29T19:19:35","modified_gmt":"2026-04-29T17:19:35","slug":"akliouche-voudrait-aller-au-psg","status":"publish","type":"post","link":"https:\/\/www.ladiagonale.net\/index.php\/2026\/04\/29\/akliouche-voudrait-aller-au-psg\/","title":{"rendered":"Akliouche voudrait aller au PSG"},"content":{"rendered":"\n<p>Les trois derniers matches de la saison, contre Metz, Lille et Strasbourg, seront certainement les derniers de Maghnes Akliouche sous les couleurs de l\u2019AS Monaco. Le milieu offensif de 24 ans devrait conna\u00eetre son premier transfert durant l\u2019\u00e9t\u00e9 mais la destination reste encore tr\u00e8s incertaine. Le Pairs Saint-Germain semble toutefois \u00eatre le plus int\u00e9ress\u00e9 par le joueur form\u00e9 \u00e0 l\u2019ASM, puisque apr\u00e8s des <a href=\"https:\/\/www.ladiagonale.net\/index.php\/2026\/04\/22\/akliouche-serait-toujours-suivi-par-le-psg\/\" target=\"_blank\" rel=\"noreferrer noopener\">rumeurs sur un int\u00e9r\u00eat relanc\u00e9<\/a>, <em>Sky Sport<\/em> indique que les contacts entre l\u2019entourage d\u2019Akliouche et le club de la Capitale auraient repris.<\/p>\n\n\n\n<p>La branche suisse du m\u00e9dia anglais va m\u00eame plus loin en affirmant que le choix du joueur serait de rejoindre le PSG et qu\u2019il \u00ab\u00a0<em>pousserait en interne<\/em>\u00a0\u00bb pour que le transfert ait lieu. L\u2019international fran\u00e7ais, qui pourrait en plus disputer la Coupe du monde au mois de juin, serait emball\u00e9 \u00e0 l\u2019id\u00e9e de travailler sous les ordres de Luis Enrique, qui a remport\u00e9 la Ligue des champions la saison derni\u00e8re et pourrait r\u00e9aliser le doubl\u00e9 cette saison. L\u2019entra\u00eeneur espagnol serait d\u2019ailleurs \u00ab\u00a0<em>impressionn\u00e9<\/em>\u00a0\u00bb par le natif de Tremblay-en-France.<\/p>\n\n\n\n<p>Les trois confrontations entre les deux clubs en d\u00e9but d\u2019ann\u00e9e, o\u00f9 Akliouche s\u2019\u00e9tait montr\u00e9 \u00e0 son avantage, feraient notamment partie des performances qui auraient convaincu le PSG de revenir \u00e0 la charge. Le milieu mon\u00e9gasque avait notamment marqu\u00e9 deux buts et sign\u00e9 deux passes d\u00e9cisives. Au total, cette saison, il a \u00e9t\u00e9 impliqu\u00e9 sur 16 buts (7 buts, 9 passes). Il est sous contrat avec Monaco jusqu\u2019en 2028.<\/p>\n\n\n","protected":false},"excerpt":{"rendered":"<p>Les trois derniers matches de la saison, contre Metz, Lille et Strasbourg, seront certainement les derniers de Maghnes Akliouche sous les couleurs de l\u2019AS Monaco. Le milieu offensif de 24 ans devrait conna\u00eetre son premier transfert durant l\u2019\u00e9t\u00e9 mais la destination reste encore tr\u00e8s incertaine. Le Pairs Saint-Germain semble toutefois \u00eatre le plus int\u00e9ress\u00e9 par [&#8230;]\n","protected":false},"author":2,"featured_media":0,"comment_status":"open","ping_status":"open","sticky":false,"template":"","format":"standard","meta":[],"categories":[6,1086],"tags":[86,190,111,110],"yoast_head":"<!-- This site is optimized with the Yoast SEO plugin v19.8 - https:\/\/yoast.com\/wordpress\/plugins\/seo\/ -->\n<title>Akliouche voudrait aller au PSG - La Diagonale<\/title>\n<meta name=\"robots\" content=\"index, follow, max-snippet:-1, max-image-preview:large, max-video-preview:-1\" \/>\n<link rel=\"canonical\" href=\"https:\/\/www.ladiagonale.net\/index.php\/2026\/04\/29\/akliouche-voudrait-aller-au-psg\/\" \/>\n<meta property=\"og:locale\" content=\"fr_FR\" \/>\n<meta property=\"og:type\" content=\"article\" \/>\n<meta property=\"og:title\" content=\"Akliouche voudrait aller au PSG - La Diagonale\" \/>\n<meta property=\"og:description\" content=\"Les trois derniers matches de la saison, contre Metz, Lille et Strasbourg, seront certainement les derniers de Maghnes Akliouche sous les couleurs de l\u2019AS Monaco. Le milieu offensif de 24 ans devrait conna\u00eetre son premier transfert durant l\u2019\u00e9t\u00e9 mais la destination reste encore tr\u00e8s incertaine. Le Pairs Saint-Germain semble toutefois \u00eatre le plus int\u00e9ress\u00e9 par [...]\" \/>\n<meta property=\"og:url\" content=\"https:\/\/www.ladiagonale.net\/index.php\/2026\/04\/29\/akliouche-voudrait-aller-au-psg\/\" \/>\n<meta property=\"og:site_name\" content=\"La Diagonale\" \/>\n<meta property=\"article:published_time\" content=\"2026-04-29T17:19:34+00:00\" \/>\n<meta property=\"article:modified_time\" content=\"2026-04-29T17:19:35+00:00\" \/>\n<meta property=\"og:image\" content=\"https:\/\/www.ladiagonale.net\/wp-content\/uploads\/2026\/01\/Akliouche-Le-Havre.png\" \/>\n\t<meta property=\"og:image:width\" content=\"1160\" \/>\n\t<meta property=\"og:image:height\" content=\"650\" \/>\n\t<meta property=\"og:image:type\" content=\"image\/png\" \/>\n<meta name=\"author\" content=\"Damien Dellerba\" \/>\n<meta name=\"twitter:card\" content=\"summary_large_image\" \/>\n<meta name=\"twitter:image\" content=\"https:\/\/www.ladiagonale.net\/wp-content\/uploads\/2026\/01\/Akliouche-Le-Havre.png\" \/>\n<meta name=\"twitter:label1\" content=\"\u00c9crit par\" \/>\n\t<meta name=\"twitter:data1\" content=\"Damien Dellerba\" \/>\n\t<meta name=\"twitter:label2\" content=\"Dur\u00e9e de lecture estim\u00e9e\" \/>\n\t<meta name=\"twitter:data2\" content=\"2 minutes\" \/>\n<script type=\"application\/ld+json\" class=\"yoast-schema-graph\">{\"@context\":\"https:\/\/schema.org\",\"@graph\":[{\"@type\":\"WebPage\",\"@id\":\"https:\/\/www.ladiagonale.net\/index.php\/2026\/04\/29\/akliouche-voudrait-aller-au-psg\/\",\"url\":\"https:\/\/www.ladiagonale.net\/index.php\/2026\/04\/29\/akliouche-voudrait-aller-au-psg\/\",\"name\":\"Akliouche voudrait aller au PSG - La Diagonale\",\"isPartOf\":{\"@id\":\"https:\/\/www.ladiagonale.net\/#website\"},\"datePublished\":\"2026-04-29T17:19:34+00:00\",\"dateModified\":\"2026-04-29T17:19:35+00:00\",\"author\":{\"@id\":\"https:\/\/www.ladiagonale.net\/#\/schema\/person\/79ff1e7b0853ed01b2aa26e64ad300bf\"},\"breadcrumb\":{\"@id\":\"https:\/\/www.ladiagonale.net\/index.php\/2026\/04\/29\/akliouche-voudrait-aller-au-psg\/#breadcrumb\"},\"inLanguage\":\"fr-FR\",\"potentialAction\":[{\"@type\":\"ReadAction\",\"target\":[\"https:\/\/www.ladiagonale.net\/index.php\/2026\/04\/29\/akliouche-voudrait-aller-au-psg\/\"]}]},{\"@type\":\"BreadcrumbList\",\"@id\":\"https:\/\/www.ladiagonale.net\/index.php\/2026\/04\/29\/akliouche-voudrait-aller-au-psg\/#breadcrumb\",\"itemListElement\":[{\"@type\":\"ListItem\",\"position\":1,\"name\":\"Accueil\",\"item\":\"https:\/\/www.ladiagonale.net\/\"},{\"@type\":\"ListItem\",\"position\":2,\"name\":\"Akliouche voudrait aller au PSG\"}]},{\"@type\":\"WebSite\",\"@id\":\"https:\/\/www.ladiagonale.net\/#website\",\"url\":\"https:\/\/www.ladiagonale.net\/\",\"name\":\"La Diagonale\",\"description\":\"Le site des supporters de l&#039;AS Monaco FC\",\"potentialAction\":[{\"@type\":\"SearchAction\",\"target\":{\"@type\":\"EntryPoint\",\"urlTemplate\":\"https:\/\/www.ladiagonale.net\/?s={search_term_string}\"},\"query-input\":\"required name=search_term_string\"}],\"inLanguage\":\"fr-FR\"},{\"@type\":\"Person\",\"@id\":\"https:\/\/www.ladiagonale.net\/#\/schema\/person\/79ff1e7b0853ed01b2aa26e64ad300bf\",\"name\":\"Damien Dellerba\",\"image\":{\"@type\":\"ImageObject\",\"inLanguage\":\"fr-FR\",\"@id\":\"https:\/\/www.ladiagonale.net\/#\/schema\/person\/image\/\",\"url\":\"https:\/\/secure.gravatar.com\/avatar\/c7850e06d3ff63cdbaee88b7fc16e2f0?s=96&d=mm&r=g\",\"contentUrl\":\"https:\/\/secure.gravatar.com\/avatar\/c7850e06d3ff63cdbaee88b7fc16e2f0?s=96&d=mm&r=g\",\"caption\":\"Damien Dellerba\"},\"url\":\"https:\/\/www.ladiagonale.net\/index.php\/author\/damien\/\"}]}<\/script>\n<!-- \/ Yoast SEO plugin. -->","yoast_head_json":{"title":"Akliouche voudrait aller au PSG - La Diagonale","robots":{"index":"index","follow":"follow","max-snippet":"max-snippet:-1","max-image-preview":"max-image-preview:large","max-video-preview":"max-video-preview:-1"},"canonical":"https:\/\/www.ladiagonale.net\/index.php\/2026\/04\/29\/akliouche-voudrait-aller-au-psg\/","og_locale":"fr_FR","og_type":"article","og_title":"Akliouche voudrait aller au PSG - La Diagonale","og_description":"Les trois derniers matches de la saison, contre Metz, Lille et Strasbourg, seront certainement les derniers de Maghnes Akliouche sous les couleurs de l\u2019AS Monaco. Le milieu offensif de 24 ans devrait conna\u00eetre son premier transfert durant l\u2019\u00e9t\u00e9 mais la destination reste encore tr\u00e8s incertaine. Le Pairs Saint-Germain semble toutefois \u00eatre le plus int\u00e9ress\u00e9 par [...]","og_url":"https:\/\/www.ladiagonale.net\/index.php\/2026\/04\/29\/akliouche-voudrait-aller-au-psg\/","og_site_name":"La Diagonale","article_published_time":"2026-04-29T17:19:34+00:00","article_modified_time":"2026-04-29T17:19:35+00:00","og_image":[{"width":1160,"height":650,"url":"https:\/\/www.ladiagonale.net\/wp-content\/uploads\/2026\/01\/Akliouche-Le-Havre.png","type":"image\/png"}],"author":"Damien Dellerba","twitter_card":"summary_large_image","twitter_image":"https:\/\/www.ladiagonale.net\/wp-content\/uploads\/2026\/01\/Akliouche-Le-Havre.png","twitter_misc":{"\u00c9crit par":"Damien Dellerba","Dur\u00e9e de lecture estim\u00e9e":"2 minutes"},"schema":{"@context":"https:\/\/schema.org","@graph":[{"@type":"WebPage","@id":"https:\/\/www.ladiagonale.net\/index.php\/2026\/04\/29\/akliouche-voudrait-aller-au-psg\/","url":"https:\/\/www.ladiagonale.net\/index.php\/2026\/04\/29\/akliouche-voudrait-aller-au-psg\/","name":"Akliouche voudrait aller au PSG - La Diagonale","isPartOf":{"@id":"https:\/\/www.ladiagonale.net\/#website"},"datePublished":"2026-04-29T17:19:34+00:00","dateModified":"2026-04-29T17:19:35+00:00","author":{"@id":"https:\/\/www.ladiagonale.net\/#\/schema\/person\/79ff1e7b0853ed01b2aa26e64ad300bf"},"breadcrumb":{"@id":"https:\/\/www.ladiagonale.net\/index.php\/2026\/04\/29\/akliouche-voudrait-aller-au-psg\/#breadcrumb"},"inLanguage":"fr-FR","potentialAction":[{"@type":"ReadAction","target":["https:\/\/www.ladiagonale.net\/index.php\/2026\/04\/29\/akliouche-voudrait-aller-au-psg\/"]}]},{"@type":"BreadcrumbList","@id":"https:\/\/www.ladiagonale.net\/index.php\/2026\/04\/29\/akliouche-voudrait-aller-au-psg\/#breadcrumb","itemListElement":[{"@type":"ListItem","position":1,"name":"Accueil","item":"https:\/\/www.ladiagonale.net\/"},{"@type":"ListItem","position":2,"name":"Akliouche voudrait aller au PSG"}]},{"@type":"WebSite","@id":"https:\/\/www.ladiagonale.net\/#website","url":"https:\/\/www.ladiagonale.net\/","name":"La Diagonale","description":"Le site des supporters de l&#039;AS Monaco FC","potentialAction":[{"@type":"SearchAction","target":{"@type":"EntryPoint","urlTemplate":"https:\/\/www.ladiagonale.net\/?s={search_term_string}"},"query-input":"required name=search_term_string"}],"inLanguage":"fr-FR"},{"@type":"Person","@id":"https:\/\/www.ladiagonale.net\/#\/schema\/person\/79ff1e7b0853ed01b2aa26e64ad300bf","name":"Damien Dellerba","image":{"@type":"ImageObject","inLanguage":"fr-FR","@id":"https:\/\/www.ladiagonale.net\/#\/schema\/person\/image\/","url":"https:\/\/secure.gravatar.com\/avatar\/c7850e06d3ff63cdbaee88b7fc16e2f0?s=96&d=mm&r=g","contentUrl":"https:\/\/secure.gravatar.com\/avatar\/c7850e06d3ff63cdbaee88b7fc16e2f0?s=96&d=mm&r=g","caption":"Damien Dellerba"},"url":"https:\/\/www.ladiagonale.net\/index.php\/author\/damien\/"}]}},"_links":{"self":[{"href":"https:\/\/www.ladiagonale.net\/index.php\/wp-json\/wp\/v2\/posts\/37973"}],"collection":[{"href":"https:\/\/www.ladiagonale.net\/index.php\/wp-json\/wp\/v2\/posts"}],"about":[{"href":"https:\/\/www.ladiagonale.net\/index.php\/wp-json\/wp\/v2\/types\/post"}],"author":[{"embeddable":true,"href":"https:\/\/www.ladiagonale.net\/index.php\/wp-json\/wp\/v2\/users\/2"}],"replies":[{"embeddable":true,"href":"https:\/\/www.ladiagonale.net\/index.php\/wp-json\/wp\/v2\/comments?post=37973"}],"version-history":[{"count":1,"href":"https:\/\/www.ladiagonale.net\/index.php\/wp-json\/wp\/v2\/posts\/37973\/revisions"}],"predecessor-version":[{"id":37974,"href":"https:\/\/www.ladiagonale.net\/index.php\/wp-json\/wp\/v2\/posts\/37973\/revisions\/37974"}],"wp:attachment":[{"href":"https:\/\/www.ladiagonale.net\/index.php\/wp-json\/wp\/v2\/media?parent=37973"}],"wp:term":[{"taxonomy":"category","embeddable":true,"href":"https:\/\/www.ladiagonale.net\/index.php\/wp-json\/wp\/v2\/categories?post=37973"},{"taxonomy":"post_tag","embeddable":true,"href":"https:\/\/www.ladiagonale.net\/index.php\/wp-json\/wp\/v2\/tags?post=37973"}],"curies":[{"name":"wp","href":"https:\/\/api.w.org\/{rel}","templated":true}]}}