{"id":37975,"date":"2026-05-01T17:22:34","date_gmt":"2026-05-01T15:22:34","guid":{"rendered":"https:\/\/www.ladiagonale.net\/?p=37975"},"modified":"2026-05-01T18:05:49","modified_gmt":"2026-05-01T16:05:49","slug":"bamba-bouabre-benama-que-deviennent-les-vainqueurs-de-la-gambardella-2023","status":"publish","type":"post","link":"https:\/\/www.ladiagonale.net\/index.php\/2026\/05\/01\/bamba-bouabre-benama-que-deviennent-les-vainqueurs-de-la-gambardella-2023\/","title":{"rendered":"Bamba, Bouabr\u00e9, Benama\u2026 que deviennent les vainqueurs de la Gambardella 2023 ?"},"content":{"rendered":"\n\n\n<p>Il y a trois ans au Stade de France, le 29 avril 2023, l\u2019AS Monaco remportait la cinqui\u00e8me Coupe Gambardella de son histoire contre Clermont (4-2). Plus d\u2019une vingtaine de jeunes joueurs de la formation mon\u00e9gasque inscrivaient une premi\u00e8re ligne prestigieuse \u00e0 leur palmar\u00e8s, dans l\u2019espoir de voir ce succ\u00e8s comme le premier jalon d\u2019une voie dor\u00e9e vers le monde professionnel.<\/p>\n\n\n\n<p>Mais tous n\u2019ont pas fini comme Aladji Bamba ou Lucas Michal. La liste des joueurs du centre de formation <a href=\"https:\/\/www.ladiagonale.net\/index.php\/2026\/04\/15\/babai-valme-etonde-ces-jeunes-pros-qui-quitteront-lasm-en-fin-de-saison\/\" target=\"_blank\" rel=\"noreferrer noopener\">qui ne seront pas conserv\u00e9s \u00e0 la fin de la saison<\/a>, d\u00e9voil\u00e9e deux semaines plus t\u00f4t et qui compte plusieurs vainqueurs de cette \u00e9dition, ou les r\u00e9cents d\u00e9boires de Mayssam Benama, rappellent toute la fragilit\u00e9 et l\u2019incertitude de cette condition d&rsquo;aspirant et combien il est difficile de r\u00e9ussir au plus haut niveau.<\/p>\n\n\n\n<h3 class=\"has-white-color has-text-color has-background\" style=\"background-color:#c00501\">Ils sont encore au club<\/h3>\n\n\n\n<div class=\"wp-block-media-text alignwide is-stacked-on-mobile\" style=\"grid-template-columns:35% auto\"><figure class=\"wp-block-media-text__media\"><img loading=\"lazy\" width=\"500\" height=\"500\" src=\"https:\/\/www.ladiagonale.net\/wp-content\/uploads\/2026\/04\/Bamba-Gambar-1.png\" alt=\"\" class=\"wp-image-37997 size-full\" srcset=\"https:\/\/www.ladiagonale.net\/wp-content\/uploads\/2026\/04\/Bamba-Gambar-1.png 500w, https:\/\/www.ladiagonale.net\/wp-content\/uploads\/2026\/04\/Bamba-Gambar-1-300x300.png 300w, https:\/\/www.ladiagonale.net\/wp-content\/uploads\/2026\/04\/Bamba-Gambar-1-150x150.png 150w, https:\/\/www.ladiagonale.net\/wp-content\/uploads\/2026\/04\/Bamba-Gambar-1-128x128.png 128w, https:\/\/www.ladiagonale.net\/wp-content\/uploads\/2026\/04\/Bamba-Gambar-1-32x32.png 32w\" sizes=\"(max-width: 500px) 100vw, 500px\" \/><\/figure><div class=\"wp-block-media-text__content\">\n<p style=\"font-size:16px\"><strong>Aladji Bamba (19 ans)<\/strong><\/p>\n\n\n\n<p style=\"font-size:15px\">Apr\u00e8s ce succ\u00e8s en 2023, il a continu\u00e9 son parcours avec les U19 puis le Groupe \u00c9lite lors des deux saisons suivantes et sign\u00e9 son premier contrat professionnel en f\u00e9vrier 2024. La saison en cours l\u2019a fait changer de dimension. En ao\u00fbt dernier, contre Le Havre, Adi H\u00fctter l\u2019a lanc\u00e9 dans le grand bain lors de la premi\u00e8re lev\u00e9e du Championnat. Des d\u00e9buts int\u00e9ressants et de belles promesses qui lui ont permis de prolonger son contrat jusqu\u2019en 2030. Si S\u00e9bastien Pocognoli a d\u2019abord eu du mal \u00e0 discerner tout son potentiel et l\u2019a renvoy\u00e9 \u00e0 ses ch\u00e8res \u00e9tudes en <em>Youth League<\/em>, Bamba a su inverser la tendance et constitue d\u00e9sormais une v\u00e9ritable alternative au milieu. Cette saison, il a disput\u00e9 22 rencontres.<\/p>\n\n\n\n<p style=\"font-size:15px\"><em>Ses stats lors du titre : 6 matches, 1 but<\/em><\/p>\n<\/div><\/div>\n\n\n\n<div style=\"height:40px\" aria-hidden=\"true\" class=\"wp-block-spacer\"><\/div>\n\n\n\n<div class=\"wp-block-media-text alignwide is-stacked-on-mobile\" style=\"grid-template-columns:35% auto\"><figure class=\"wp-block-media-text__media\"><img loading=\"lazy\" width=\"500\" height=\"500\" src=\"https:\/\/www.ladiagonale.net\/wp-content\/uploads\/2026\/04\/Michal-Gambar.png\" alt=\"\" class=\"wp-image-37981 size-full\" srcset=\"https:\/\/www.ladiagonale.net\/wp-content\/uploads\/2026\/04\/Michal-Gambar.png 500w, https:\/\/www.ladiagonale.net\/wp-content\/uploads\/2026\/04\/Michal-Gambar-300x300.png 300w, https:\/\/www.ladiagonale.net\/wp-content\/uploads\/2026\/04\/Michal-Gambar-150x150.png 150w, https:\/\/www.ladiagonale.net\/wp-content\/uploads\/2026\/04\/Michal-Gambar-128x128.png 128w, https:\/\/www.ladiagonale.net\/wp-content\/uploads\/2026\/04\/Michal-Gambar-32x32.png 32w\" sizes=\"(max-width: 500px) 100vw, 500px\" \/><\/figure><div class=\"wp-block-media-text__content\">\n<p style=\"font-size:16px\"><strong>Lucas Michal (20 ans)<\/strong><\/p>\n\n\n\n<p style=\"font-size:15px\">Il est le premier des vainqueurs \u00e0 avoir eu sa chance en match officiel avec les pros. Apr\u00e8s un contrat professionnel sign\u00e9 en mai 2023, l\u2019attaquant a fait ses d\u00e9buts un an plus tard, lors de la derni\u00e8re journ\u00e9e de Ligue 1 de la saison 2023-2024 contre Nantes <em>(4-1, le 19 mai 2024)<\/em>. Plusieurs mois ont ensuite pass\u00e9 avant de le revoir, en d\u00e9cembre de la m\u00eame ann\u00e9e, puis il a pu encha\u00eener une douzaine d\u2019apparitions, int\u00e9ressantes, mais sans toutefois \u00eatre d\u00e9cisif. Mais cela lui a valu une prolongation jusqu\u2019en 2029. Cette saison, il a rarement \u00e9t\u00e9 vu (quatre fois), apr\u00e8s un conflit avec les dirigeants quant \u00e0 la gestion de sa situation personnelle. Depuis cet hiver, il est pr\u00eat\u00e9 \u00e0 Metz.<\/p>\n\n\n\n<p style=\"font-size:15px\"><em>Ses stats lors du titre : 6 matches, 2 buts<\/em><\/p>\n<\/div><\/div>\n\n\n\n<div style=\"height:40px\" aria-hidden=\"true\" class=\"wp-block-spacer\"><\/div>\n\n\n\n<div class=\"wp-block-media-text alignwide is-stacked-on-mobile\" style=\"grid-template-columns:35% auto\"><figure class=\"wp-block-media-text__media\"><img loading=\"lazy\" width=\"500\" height=\"500\" src=\"https:\/\/www.ladiagonale.net\/wp-content\/uploads\/2026\/04\/Cabral-Gambar.png\" alt=\"\" class=\"wp-image-37995 size-full\" srcset=\"https:\/\/www.ladiagonale.net\/wp-content\/uploads\/2026\/04\/Cabral-Gambar.png 500w, https:\/\/www.ladiagonale.net\/wp-content\/uploads\/2026\/04\/Cabral-Gambar-300x300.png 300w, https:\/\/www.ladiagonale.net\/wp-content\/uploads\/2026\/04\/Cabral-Gambar-150x150.png 150w, https:\/\/www.ladiagonale.net\/wp-content\/uploads\/2026\/04\/Cabral-Gambar-128x128.png 128w, https:\/\/www.ladiagonale.net\/wp-content\/uploads\/2026\/04\/Cabral-Gambar-32x32.png 32w\" sizes=\"(max-width: 500px) 100vw, 500px\" \/><\/figure><div class=\"wp-block-media-text__content\">\n<p style=\"font-size:16px\"><strong>Pape Cabral (19 ans)<\/strong><\/p>\n\n\n\n<p style=\"font-size:15px\">Dernier buteur de la finale contre Clermont, c&rsquo;est aussi le troisi\u00e8me et dernier des vainqueurs \u00e0 avoir fait ses d\u00e9buts chez les pros \u00e0 l&rsquo;ASM, avec six apparitions cette saison. Le milieu de terrain, que beaucoup comparent \u00e0 N&rsquo;Golo Kant\u00e9, a rapidement gravi les \u00e9chelons \u00e0 l&rsquo;Academy jusqu&rsquo;\u00e0 arriver \u00e0 l&rsquo;\u00e9quipe premi\u00e8re, o\u00f9 il a s\u00e9duit Pocognoli. Sous contrat jusqu&rsquo;en 2028, il pourrait avoir la chance de s&rsquo;inscrire dans la rotation la saison prochaine.<\/p>\n\n\n\n<p style=\"font-size:15px\"><em>Ses stats lors du titre : 6 matches, 2 buts<\/em><\/p>\n<\/div><\/div>\n\n\n\n<div style=\"height:40px\" aria-hidden=\"true\" class=\"wp-block-spacer\"><\/div>\n\n\n\n<div class=\"wp-block-media-text alignwide is-stacked-on-mobile\" style=\"grid-template-columns:35% auto\"><figure class=\"wp-block-media-text__media\"><img loading=\"lazy\" width=\"500\" height=\"500\" src=\"https:\/\/www.ladiagonale.net\/wp-content\/uploads\/2026\/04\/Toure\u0301-Gambar.png\" alt=\"\" class=\"wp-image-38001 size-full\" srcset=\"https:\/\/www.ladiagonale.net\/wp-content\/uploads\/2026\/04\/Toure\u0301-Gambar.png 500w, https:\/\/www.ladiagonale.net\/wp-content\/uploads\/2026\/04\/Toure\u0301-Gambar-300x300.png 300w, https:\/\/www.ladiagonale.net\/wp-content\/uploads\/2026\/04\/Toure\u0301-Gambar-150x150.png 150w, https:\/\/www.ladiagonale.net\/wp-content\/uploads\/2026\/04\/Toure\u0301-Gambar-128x128.png 128w, https:\/\/www.ladiagonale.net\/wp-content\/uploads\/2026\/04\/Toure\u0301-Gambar-32x32.png 32w\" sizes=\"(max-width: 500px) 100vw, 500px\" \/><\/figure><div class=\"wp-block-media-text__content\">\n<p style=\"font-size:16px\"><strong>Ilane Tour\u00e9 (19 ans)<\/strong><\/p>\n\n\n\n<p style=\"font-size:15px\">Le milieu de terrain, capable de jouer piston et lat\u00e9ral, dispose d&rsquo;un important volume de jeu. Ces qualit\u00e9s ont fait de lui le joueur le plus utilis\u00e9 depuis quatre ans au sein des \u00e9quipes de l&rsquo;Academy. Il a m\u00eame obtenu son premier contrat professionnel en septembre dernier. Depuis, il est aux portes de l&rsquo;\u00e9quipe premi\u00e8re. Gr\u00e2ce aux nombreuses blessures et autres absences, il a \u00e9t\u00e9 r\u00e9guli\u00e8rement incorpor\u00e9 au groupe les jours de matchs. Mais il attend encore de pouvoir honorer sa premi\u00e8re cape avec son club formateur en match officiel.<\/p>\n\n\n\n<p style=\"font-size:15px\"><em>Ses stats lors du titre : 6 matches, 1 but<\/em><\/p>\n<\/div><\/div>\n\n\n\n<div style=\"height:40px\" aria-hidden=\"true\" class=\"wp-block-spacer\"><\/div>\n\n\n\n<div class=\"wp-block-media-text alignwide is-stacked-on-mobile\" style=\"grid-template-columns:35% auto\"><figure class=\"wp-block-media-text__media\"><img loading=\"lazy\" width=\"500\" height=\"500\" src=\"https:\/\/www.ladiagonale.net\/wp-content\/uploads\/2026\/04\/Tincres-Gambar.png\" alt=\"\" class=\"wp-image-37993 size-full\" srcset=\"https:\/\/www.ladiagonale.net\/wp-content\/uploads\/2026\/04\/Tincres-Gambar.png 500w, https:\/\/www.ladiagonale.net\/wp-content\/uploads\/2026\/04\/Tincres-Gambar-300x300.png 300w, https:\/\/www.ladiagonale.net\/wp-content\/uploads\/2026\/04\/Tincres-Gambar-150x150.png 150w, https:\/\/www.ladiagonale.net\/wp-content\/uploads\/2026\/04\/Tincres-Gambar-128x128.png 128w, https:\/\/www.ladiagonale.net\/wp-content\/uploads\/2026\/04\/Tincres-Gambar-32x32.png 32w\" sizes=\"(max-width: 500px) 100vw, 500px\" \/><\/figure><div class=\"wp-block-media-text__content\">\n<p style=\"font-size:16px\"><strong>Joan Tincres (19 ans)<\/strong><\/p>\n\n\n\n<p style=\"font-size:15px\"> <br>V\u00e9ritable goleador lors de ses saisons en jeunes, il a eu l&rsquo;occasion de le d\u00e9montrer lors de cette \u00e9dition, avec un but en finale et trois r\u00e9alisations au total en quatre apparitions. Mais ses qualit\u00e9s de finisseur ne semblent toutefois pas suffire pour lui permettre de franchir le dernier palier du football professionnel, lui qui n&rsquo;a fait que deux feuilles de match chez les pros. La saison derni\u00e8re, il a \u00e9t\u00e9 pr\u00eat\u00e9 \u00e0 Amiens pendant six mois sans que cela ne se montre concluant, avec six bouts de matches. Il est revenu en Principaut\u00e9 cet \u00e9t\u00e9 o\u00f9 il a continu\u00e9 \u00e0 encha\u00eener les buts, dont sept en <em>Youth League<\/em> en six apparitions. Malgr\u00e9 ces belles stats, son avenir semble bouch\u00e9 \u00e0 Monaco. En fin de contrat en 2027, il semble peu probable de le voir incorpor\u00e9 \u00e0 l&rsquo;\u00e9quipe premi\u00e8re d\u00e9sormais.<\/p>\n\n\n\n<p style=\"font-size:15px\"><em>Ses stats lors du titre : 4 matches, 3 buts<\/em><\/p>\n<\/div><\/div>\n\n\n\n<div style=\"height:40px\" aria-hidden=\"true\" class=\"wp-block-spacer\"><\/div>\n\n\n\n<div class=\"wp-block-media-text alignwide is-stacked-on-mobile\" style=\"grid-template-columns:35% auto\"><figure class=\"wp-block-media-text__media\"><img loading=\"lazy\" width=\"500\" height=\"500\" src=\"https:\/\/www.ladiagonale.net\/wp-content\/uploads\/2026\/04\/Dendani-Gambar.png\" alt=\"\" class=\"wp-image-37984 size-full\" srcset=\"https:\/\/www.ladiagonale.net\/wp-content\/uploads\/2026\/04\/Dendani-Gambar.png 500w, https:\/\/www.ladiagonale.net\/wp-content\/uploads\/2026\/04\/Dendani-Gambar-300x300.png 300w, https:\/\/www.ladiagonale.net\/wp-content\/uploads\/2026\/04\/Dendani-Gambar-150x150.png 150w, https:\/\/www.ladiagonale.net\/wp-content\/uploads\/2026\/04\/Dendani-Gambar-128x128.png 128w, https:\/\/www.ladiagonale.net\/wp-content\/uploads\/2026\/04\/Dendani-Gambar-32x32.png 32w\" sizes=\"(max-width: 500px) 100vw, 500px\" \/><\/figure><div class=\"wp-block-media-text__content\">\n<p style=\"font-size:16px\"><strong>Nacim Dendani (20 ans)<\/strong><\/p>\n\n\n\n<p style=\"font-size:15px\">Le titre acquis sur la sc\u00e8ne nationale a consacr\u00e9 une tr\u00e8s belle saison pour Dendani avec les U17. Le Tunisien, plut\u00f4t dribbleur, s&rsquo;\u00e9tait r\u00e9v\u00e9l\u00e9 comme finisseur avec un total de 20 buts. Il ne parviendra pas \u00e0 encha\u00eener une nouvelle saison \u00e0 ce niveau, inscrivant 10 buts la suivante, mais cela convainc tout de m\u00eame l&rsquo;ASM de son potentiel et le fait signer un contrat professionnel en juin 2024. Mais depuis, l&rsquo;international U23 a largement marqu\u00e9 le pas. Avec quatre buts inscrits en deux ans et un temps de jeu qui s&rsquo;\u00e9tiole, il semble illusoire de le voir approcher de l&rsquo;\u00e9quipe premi\u00e8re d&rsquo;ici la fin de son contrat, dans un an.<\/p>\n\n\n\n<p style=\"font-size:15px\"><em>Ses stats lors du titre : 3 matches, 1 but<\/em><\/p>\n<\/div><\/div>\n\n\n\n<div style=\"height:40px\" aria-hidden=\"true\" class=\"wp-block-spacer\"><\/div>\n\n\n\n<div class=\"wp-block-media-text alignwide is-stacked-on-mobile\" style=\"grid-template-columns:35% auto\"><figure class=\"wp-block-media-text__media\"><img loading=\"lazy\" width=\"500\" height=\"500\" src=\"https:\/\/www.ladiagonale.net\/wp-content\/uploads\/2026\/04\/Benchaouch-Gambar.png\" alt=\"\" class=\"wp-image-37999 size-full\" srcset=\"https:\/\/www.ladiagonale.net\/wp-content\/uploads\/2026\/04\/Benchaouch-Gambar.png 500w, https:\/\/www.ladiagonale.net\/wp-content\/uploads\/2026\/04\/Benchaouch-Gambar-300x300.png 300w, https:\/\/www.ladiagonale.net\/wp-content\/uploads\/2026\/04\/Benchaouch-Gambar-150x150.png 150w, https:\/\/www.ladiagonale.net\/wp-content\/uploads\/2026\/04\/Benchaouch-Gambar-128x128.png 128w, https:\/\/www.ladiagonale.net\/wp-content\/uploads\/2026\/04\/Benchaouch-Gambar-32x32.png 32w\" sizes=\"(max-width: 500px) 100vw, 500px\" \/><\/figure><div class=\"wp-block-media-text__content\">\n<p style=\"font-size:16px\"><strong>Yanis Benchaouch (19 ans)<\/strong><\/p>\n\n\n\n<p style=\"font-size:15px\">L&rsquo;aventure a d\u00e9but\u00e9 avec lui dans les buts, contre V\u00e9nissieux <em>(5-0, le 11 d\u00e9cembre 2022)<\/em>, et c&rsquo;est son seul match disput\u00e9. Si le gardien marocain a beaucoup progress\u00e9, au point d&rsquo;\u00eatre devenu le titulaire en s\u00e9lection U20, avec laquelle il a remport\u00e9 le titre mondial en octobre dernier, il est actuellement barr\u00e9 \u00e0 Monaco, o\u00f9 il n&rsquo;a presque pas jou\u00e9 cette saison. S&rsquo;il n&rsquo;\u00e9tait pas dans la liste des joueurs non retenus par l&rsquo;ASM en fin de saison, c&rsquo;est parce que le club de la Principaut\u00e9 lui a propos\u00e9 un contrat professionnel, qu&rsquo;il a refus\u00e9. Benchaouch devrait, selon toute logique, quitter le Rocher cet \u00e9t\u00e9.<\/p>\n\n\n\n<p style=\"font-size:15px\"><em>Ses stats lors du titre : 1 match<\/em><\/p>\n<\/div><\/div>\n\n\n\n<div style=\"height:40px\" aria-hidden=\"true\" class=\"wp-block-spacer\"><\/div>\n\n\n\n<h3 class=\"has-white-color has-text-color has-background\" style=\"background-color:#c00501\">Ils vont partir cet \u00e9t\u00e9<\/h3>\n\n\n\n<div class=\"wp-block-media-text alignwide is-stacked-on-mobile\" style=\"grid-template-columns:35% auto\"><figure class=\"wp-block-media-text__media\"><img loading=\"lazy\" width=\"500\" height=\"500\" src=\"https:\/\/www.ladiagonale.net\/wp-content\/uploads\/2026\/04\/Valme-Gambar.png\" alt=\"\" class=\"wp-image-37980 size-full\" srcset=\"https:\/\/www.ladiagonale.net\/wp-content\/uploads\/2026\/04\/Valme-Gambar.png 500w, https:\/\/www.ladiagonale.net\/wp-content\/uploads\/2026\/04\/Valme-Gambar-300x300.png 300w, https:\/\/www.ladiagonale.net\/wp-content\/uploads\/2026\/04\/Valme-Gambar-150x150.png 150w, https:\/\/www.ladiagonale.net\/wp-content\/uploads\/2026\/04\/Valme-Gambar-128x128.png 128w, https:\/\/www.ladiagonale.net\/wp-content\/uploads\/2026\/04\/Valme-Gambar-32x32.png 32w\" sizes=\"(max-width: 500px) 100vw, 500px\" \/><\/figure><div class=\"wp-block-media-text__content\">\n<p style=\"font-size:16px\"><strong>Ritchy Valme (21 ans)<\/strong><\/p>\n\n\n\n<p style=\"font-size:15px\">Capitaine lors de la finale de la Gambardella, le d\u00e9fenseur central a b\u00e9n\u00e9fici\u00e9 d&rsquo;une large confiance en jeunes de la part des dirigeants. Pass\u00e9 pro quelques mois avant le titre, il avait effectu\u00e9 la pr\u00e9-saison avec les pros et le nouvel entra\u00eeneur Adi H\u00fctter, mais n&rsquo;avait que moyennement convaincu, rejoignant le groupe qu&rsquo;en cas de besoin, sans jamais fouler la pelouse. L&rsquo;an pass\u00e9, il a eu l&rsquo;occasion de s&rsquo;aguerrir en pr\u00eat \u00e0 Annecy, en Ligue 2, mais l&rsquo;exp\u00e9rience a tourn\u00e9 court. Bless\u00e9 \u00e0 un genou et op\u00e9r\u00e9 d&rsquo;un m\u00e9nisque, il est revenu sur le Rocher six mois plus tard. 2025-2026 est une saison blanche et il ne sera pas prolong\u00e9.<\/p>\n\n\n\n<p style=\"font-size:15px\"><em>Ses stats lors du titre : 7 matches<\/em><\/p>\n<\/div><\/div>\n\n\n\n<div style=\"height:40px\" aria-hidden=\"true\" class=\"wp-block-spacer\"><\/div>\n\n\n\n<div class=\"wp-block-media-text alignwide is-stacked-on-mobile\" style=\"grid-template-columns:35% auto\"><figure class=\"wp-block-media-text__media\"><img loading=\"lazy\" width=\"500\" height=\"500\" src=\"https:\/\/www.ladiagonale.net\/wp-content\/uploads\/2026\/05\/schulz-gambar-1.png\" alt=\"\" class=\"wp-image-38023 size-full\" srcset=\"https:\/\/www.ladiagonale.net\/wp-content\/uploads\/2026\/05\/schulz-gambar-1.png 500w, https:\/\/www.ladiagonale.net\/wp-content\/uploads\/2026\/05\/schulz-gambar-1-300x300.png 300w, https:\/\/www.ladiagonale.net\/wp-content\/uploads\/2026\/05\/schulz-gambar-1-150x150.png 150w, https:\/\/www.ladiagonale.net\/wp-content\/uploads\/2026\/05\/schulz-gambar-1-128x128.png 128w, https:\/\/www.ladiagonale.net\/wp-content\/uploads\/2026\/05\/schulz-gambar-1-32x32.png 32w\" sizes=\"(max-width: 500px) 100vw, 500px\" \/><\/figure><div class=\"wp-block-media-text__content\">\n<p style=\"font-size:16px\"><strong>Ethan Schulz (20 ans)<\/strong><\/p>\n\n\n\n<p style=\"font-size:15px\">Le gardien a eu un r\u00f4le important dans le parcours jusqu&rsquo;\u00e0 cette finale, qu&rsquo;il a pu jouer. Sa saison suivante a \u00e9t\u00e9 contrari\u00e9e par les blessures, avant de retrouver une place de titulaire en U19 l&rsquo;an pass\u00e9e. Mais comme Benchaouch, il est d\u00e9sormais barr\u00e9 en Principaut\u00e9 et son passage avec le Groupe \u00c9lite ne lui a pas permis de jouer cette saison.<\/p>\n\n\n\n<p style=\"font-size:15px\"><em>Ses stats lors du titre : 3 matches<\/em><\/p>\n<\/div><\/div>\n\n\n\n<div style=\"height:40px\" aria-hidden=\"true\" class=\"wp-block-spacer\"><\/div>\n\n\n\n<div class=\"wp-block-media-text alignwide is-stacked-on-mobile\" style=\"grid-template-columns:35% auto\"><figure class=\"wp-block-media-text__media\"><img loading=\"lazy\" width=\"500\" height=\"500\" src=\"https:\/\/www.ladiagonale.net\/wp-content\/uploads\/2026\/04\/Coudour-Gambar.png\" alt=\"\" class=\"wp-image-37991 size-full\" srcset=\"https:\/\/www.ladiagonale.net\/wp-content\/uploads\/2026\/04\/Coudour-Gambar.png 500w, https:\/\/www.ladiagonale.net\/wp-content\/uploads\/2026\/04\/Coudour-Gambar-300x300.png 300w, https:\/\/www.ladiagonale.net\/wp-content\/uploads\/2026\/04\/Coudour-Gambar-150x150.png 150w, https:\/\/www.ladiagonale.net\/wp-content\/uploads\/2026\/04\/Coudour-Gambar-128x128.png 128w, https:\/\/www.ladiagonale.net\/wp-content\/uploads\/2026\/04\/Coudour-Gambar-32x32.png 32w\" sizes=\"(max-width: 500px) 100vw, 500px\" \/><\/figure><div class=\"wp-block-media-text__content\">\n<p style=\"font-size:16px\"><strong>Mathis Coudour (20 ans)<\/strong><\/p>\n\n\n\n<p style=\"font-size:15px\">Dans la continuit\u00e9 de cette victoire en Gambardella, le lat\u00e9ral droit a r\u00e9ussi une saison pleine, en 2023-2024, en m\u00eame temps que son passage dans la cat\u00e9gorie U19. Mais alors qu&rsquo;on aurait pu attendre qu&rsquo;il confirme, une longue blessure la saison derni\u00e8re ne lui a pas permis de beaucoup jouer et a entrav\u00e9 sa progression. Cette saison, non plus, il est peu utilis\u00e9. En plus d&rsquo;avoir fait pol\u00e9mique apr\u00e8s une publication <em>Instagram<\/em> qui semblait viser le club au moment du transfert de Bouabr\u00e9 l&rsquo;\u00e9t\u00e9 dernier. Sous contrat aspirant, il ne sera pas conserv\u00e9 par l&rsquo;ASM en fin de saison.<\/p>\n\n\n\n<p style=\"font-size:15px\"><em>Ses stats lors du titre : 5 matches<\/em><\/p>\n<\/div><\/div>\n\n\n\n<div style=\"height:40px\" aria-hidden=\"true\" class=\"wp-block-spacer\"><\/div>\n\n\n\n<div class=\"wp-block-media-text alignwide is-stacked-on-mobile\" style=\"grid-template-columns:35% auto\"><figure class=\"wp-block-media-text__media\"><img loading=\"lazy\" width=\"500\" height=\"500\" src=\"https:\/\/www.ladiagonale.net\/wp-content\/uploads\/2026\/05\/Sitou-Gambar.png\" alt=\"\" class=\"wp-image-38024 size-full\" srcset=\"https:\/\/www.ladiagonale.net\/wp-content\/uploads\/2026\/05\/Sitou-Gambar.png 500w, https:\/\/www.ladiagonale.net\/wp-content\/uploads\/2026\/05\/Sitou-Gambar-300x300.png 300w, https:\/\/www.ladiagonale.net\/wp-content\/uploads\/2026\/05\/Sitou-Gambar-150x150.png 150w, https:\/\/www.ladiagonale.net\/wp-content\/uploads\/2026\/05\/Sitou-Gambar-128x128.png 128w, https:\/\/www.ladiagonale.net\/wp-content\/uploads\/2026\/05\/Sitou-Gambar-32x32.png 32w\" sizes=\"(max-width: 500px) 100vw, 500px\" \/><\/figure><div class=\"wp-block-media-text__content\">\n<p style=\"font-size:16px\"><strong>K\u00e9vin Sitou (20 ans)<\/strong><\/p>\n\n\n\n<p style=\"font-size:15px\">Le d\u00e9fenseur a v\u00e9cu une v\u00e9ritable saison blanche dans la foul\u00e9e de son sacre, plomb\u00e9 par des blessures. Il a pu davantage jouer la saison suivante, sans toutefois convaincre les dirigeants de lui proposer un contrat professionnel. Cette ann\u00e9e, il a jou\u00e9 \u00e0 peine une dizaine de rencontres avec le Groupe \u00c9lite.<\/p>\n\n\n\n<p style=\"font-size:15px\"><em>Ses stats lors du titre : 2 matches<\/em><\/p>\n<\/div><\/div>\n\n\n\n<div style=\"height:40px\" aria-hidden=\"true\" class=\"wp-block-spacer\"><\/div>\n\n\n\n<h3 class=\"has-white-color has-text-color has-background\" style=\"background-color:#c00501\">Ils ont rebondi ailleurs<\/h3>\n\n\n\n<div class=\"wp-block-media-text alignwide is-stacked-on-mobile\" style=\"grid-template-columns:35% auto\"><figure class=\"wp-block-media-text__media\"><img loading=\"lazy\" width=\"500\" height=\"500\" src=\"https:\/\/www.ladiagonale.net\/wp-content\/uploads\/2026\/04\/Bouabre\u0301-Gambar.png\" alt=\"\" class=\"wp-image-37992 size-full\" srcset=\"https:\/\/www.ladiagonale.net\/wp-content\/uploads\/2026\/04\/Bouabre\u0301-Gambar.png 500w, https:\/\/www.ladiagonale.net\/wp-content\/uploads\/2026\/04\/Bouabre\u0301-Gambar-300x300.png 300w, https:\/\/www.ladiagonale.net\/wp-content\/uploads\/2026\/04\/Bouabre\u0301-Gambar-150x150.png 150w, https:\/\/www.ladiagonale.net\/wp-content\/uploads\/2026\/04\/Bouabre\u0301-Gambar-128x128.png 128w, https:\/\/www.ladiagonale.net\/wp-content\/uploads\/2026\/04\/Bouabre\u0301-Gambar-32x32.png 32w\" sizes=\"(max-width: 500px) 100vw, 500px\" \/><\/figure><div class=\"wp-block-media-text__content\">\n<p style=\"font-size:16px\"><strong>Sa\u00efmon Bouabr\u00e9 (19 ans)<\/strong><\/p>\n\n\n\n<p style=\"font-size:15px\">Son cas a fait couler beaucoup d\u2019encre \u00e0 l\u2019occasion du dernier mercato estival. Pr\u00e9sent\u00e9 comme l\u2019un des joueurs les plus talentueux de sa g\u00e9n\u00e9ration, Sa\u00efmon Bouabr\u00e9 aurait pu suivre la trajectoire d\u2019un Maghnes Akliouche ou d&rsquo;un Eliesse Ben Seghir. Mais le milieu offensif, buteur en finale, a eu les yeux plus gros que le ventre. Car si l&rsquo;ASM lui a fait signer son premier contrat pro en juin 2023, lui a refus\u00e9 de prolonger l&rsquo;\u00e9t\u00e9 dernier, estimant que les promesses de temps de jeu n&rsquo;avaient pas \u00e9t\u00e9 respect\u00e9es, et il a pr\u00e9f\u00e9r\u00e9 accepter le pont d&rsquo;or propos\u00e9 par l&rsquo;Arabie saoudite, o\u00f9 il a ensuite connu un second transfert au bout de quelques mois, passant de Neom \u00e0 Al-Hilal. Ses cinq apparitions en pro n&rsquo;avaient pourtant jamais convaincu.<\/p>\n\n\n\n<p style=\"font-size:15px\"><em>Ses stats lors du titre : 7 matches, 4 buts<\/em><\/p>\n<\/div><\/div>\n\n\n\n<div style=\"height:40px\" aria-hidden=\"true\" class=\"wp-block-spacer\"><\/div>\n\n\n\n<div class=\"wp-block-media-text alignwide is-stacked-on-mobile\" style=\"grid-template-columns:35% auto\"><figure class=\"wp-block-media-text__media\"><img loading=\"lazy\" width=\"500\" height=\"500\" src=\"https:\/\/www.ladiagonale.net\/wp-content\/uploads\/2026\/04\/Olmeta-Gambar.png\" alt=\"\" class=\"wp-image-38000 size-full\" srcset=\"https:\/\/www.ladiagonale.net\/wp-content\/uploads\/2026\/04\/Olmeta-Gambar.png 500w, https:\/\/www.ladiagonale.net\/wp-content\/uploads\/2026\/04\/Olmeta-Gambar-300x300.png 300w, https:\/\/www.ladiagonale.net\/wp-content\/uploads\/2026\/04\/Olmeta-Gambar-150x150.png 150w, https:\/\/www.ladiagonale.net\/wp-content\/uploads\/2026\/04\/Olmeta-Gambar-128x128.png 128w, https:\/\/www.ladiagonale.net\/wp-content\/uploads\/2026\/04\/Olmeta-Gambar-32x32.png 32w\" sizes=\"(max-width: 500px) 100vw, 500px\" \/><\/figure><div class=\"wp-block-media-text__content\">\n<p style=\"font-size:16px\"><strong>Lisandru Olmeta (20 ans)<\/strong><\/p>\n\n\n\n<p style=\"font-size:15px\">Pour le fils de Pascal Olmeta, la Gambardella aura \u00e9t\u00e9 le second sacre, apr\u00e8s l&rsquo;Euro U17 avec l&rsquo;\u00e9quipe de France, o\u00f9 il avait \u00e9t\u00e9 d\u00e9cisif. Persuad\u00e9 de son potentiel, Monaco souhaitait le s\u00e9curiser avec un contrat professionnel, mais le projet mon\u00e9gasque, jug\u00e9 flou, l&rsquo;avait pouss\u00e9 \u00e0 refuser. Il signe \u00e0 Lille en juillet 2023 mais comme troisi\u00e8me gardien et ne joue pas. Cette saison, il est pr\u00eat\u00e9 \u00e0 Bastia, en Ligue 2, o\u00f9 il assume un r\u00f4le de doublure de Johnny Placide. Mais il profite de la blessure de ce dernier pour encha\u00eener les matches (11).<\/p>\n\n\n\n<p style=\"font-size:15px\"><em>Ses stats lors du titre : 3 matches<\/em><\/p>\n<\/div><\/div>\n\n\n\n<div style=\"height:40px\" aria-hidden=\"true\" class=\"wp-block-spacer\"><\/div>\n\n\n\n<div class=\"wp-block-media-text alignwide is-stacked-on-mobile\" style=\"grid-template-columns:35% auto\"><figure class=\"wp-block-media-text__media\"><img loading=\"lazy\" width=\"500\" height=\"500\" src=\"https:\/\/www.ladiagonale.net\/wp-content\/uploads\/2026\/04\/Sinate\u0301-Gambar.png\" alt=\"\" class=\"wp-image-38002 size-full\" srcset=\"https:\/\/www.ladiagonale.net\/wp-content\/uploads\/2026\/04\/Sinate\u0301-Gambar.png 500w, https:\/\/www.ladiagonale.net\/wp-content\/uploads\/2026\/04\/Sinate\u0301-Gambar-300x300.png 300w, https:\/\/www.ladiagonale.net\/wp-content\/uploads\/2026\/04\/Sinate\u0301-Gambar-150x150.png 150w, https:\/\/www.ladiagonale.net\/wp-content\/uploads\/2026\/04\/Sinate\u0301-Gambar-128x128.png 128w, https:\/\/www.ladiagonale.net\/wp-content\/uploads\/2026\/04\/Sinate\u0301-Gambar-32x32.png 32w\" sizes=\"(max-width: 500px) 100vw, 500px\" \/><\/figure><div class=\"wp-block-media-text__content\">\n<p style=\"font-size:16px\"><strong>Dan Sinat\u00e9 (19 ans)<\/strong><\/p>\n\n\n\n<p style=\"font-size:15px\">Vu comme une belle promesse, le lat\u00e9ral gauche avait sign\u00e9 un contrat professionnel en f\u00e9vrier 2024. Mais quelques mois plus tard, pour des raisons de comportement, son contrat est r\u00e9sili\u00e9. Apr\u00e8s des essais non concluants, notamment \u00e0 Toulouse, Sinat\u00e9 rebondit dans un premier temps \u00e0 Alav\u00e8s, o\u00f9 il passe quelques mois. \u00c0 l&rsquo;hiver 2025, il s\u2019engage au Angers SCO. D\u2019abord avec une licence amateur, en r\u00e9serve, avant de se voir proposer un contrat professionnel. Il est d\u00e9sormais int\u00e9gr\u00e9 \u00e0 la rotation de l\u2019\u00e9quipe premi\u00e8re et a fait ses d\u00e9buts en Ligue 1 cette ann\u00e9e (3 apparitions).<\/p>\n\n\n\n<p style=\"font-size:15px\"><em>Ses stats lors du titre : 6 matches<\/em><\/p>\n<\/div><\/div>\n\n\n\n<div style=\"height:40px\" aria-hidden=\"true\" class=\"wp-block-spacer\"><\/div>\n\n\n\n<div class=\"wp-block-media-text alignwide is-stacked-on-mobile\" style=\"grid-template-columns:35% auto\"><figure class=\"wp-block-media-text__media\"><img loading=\"lazy\" width=\"500\" height=\"500\" src=\"https:\/\/www.ladiagonale.net\/wp-content\/uploads\/2026\/04\/Awragh-Gambar.png\" alt=\"\" class=\"wp-image-37998 size-full\" srcset=\"https:\/\/www.ladiagonale.net\/wp-content\/uploads\/2026\/04\/Awragh-Gambar.png 500w, https:\/\/www.ladiagonale.net\/wp-content\/uploads\/2026\/04\/Awragh-Gambar-300x300.png 300w, https:\/\/www.ladiagonale.net\/wp-content\/uploads\/2026\/04\/Awragh-Gambar-150x150.png 150w, https:\/\/www.ladiagonale.net\/wp-content\/uploads\/2026\/04\/Awragh-Gambar-128x128.png 128w, https:\/\/www.ladiagonale.net\/wp-content\/uploads\/2026\/04\/Awragh-Gambar-32x32.png 32w\" sizes=\"(max-width: 500px) 100vw, 500px\" \/><\/figure><div class=\"wp-block-media-text__content\">\n<p style=\"font-size:16px\"><strong>Soufian Awragh (21 ans)<\/strong><\/p>\n\n\n\n<p style=\"font-size:15px\">Polyvalent, Fr\u00e9d\u00e9ric Barilaro s&rsquo;est beaucoup appuy\u00e9 sur lui par la suite, m\u00eame s&rsquo;il n&rsquo;a pas toujours \u00e9t\u00e9 un titulaire indiscutable. Il lui a manqu\u00e9 le petit truc en plus pour aller plus haut. Lib\u00e9r\u00e9 par l&rsquo;ASM l&rsquo;\u00e9t\u00e9 dernier, il a mis six mois avant de retrouver un club, un des voisins, le Riviera FC. Depuis f\u00e9vrier, il s&rsquo;\u00e9panouit d\u00e9sormais aux Sables Vend\u00e9e Football, en National 3, auteur de trois buts en dix rencontres.<\/p>\n\n\n\n<p style=\"font-size:15px\"><em>Ses stats lors du titre : 3 matches<\/em><\/p>\n<\/div><\/div>\n\n\n\n<div style=\"height:40px\" aria-hidden=\"true\" class=\"wp-block-spacer\"><\/div>\n\n\n\n<h3>Et aussi\u2026<\/h3>\n\n\n\n<p><strong>Noa Olivon<\/strong> (20 ans, 1 match) : Il n&rsquo;a jou\u00e9 que sept matches cette saison, mais avait pu entrer en jeu lors du premier tour contre V\u00e9nissieux. Lib\u00e9r\u00e9 d\u00e8s la fin de saison, il a trouv\u00e9 refuge \u00e0 Villefranche-Saint-Jean-Beaulieu, devenu le Riviera FC. Cette saison, il a pu jouer quelques rencontres de National 3 (11).<\/p>\n\n\n\n<p><strong>Chris-Rayan Tohouli <\/strong>(21 ans, 0 match) : Lib\u00e9r\u00e9 \u00e0 l&rsquo;issue de la saison, l&rsquo;arri\u00e8re gauche a rejoint le SC Air Bel en U19, puis Aubagne. Le Marseillais de naissance est rest\u00e9 attach\u00e9 \u00e0 son d\u00e9partement puisqu&rsquo;il \u00e9volue d\u00e9sormais en National 3 avec le FC Carnoux depuis l&rsquo;\u00e9t\u00e9 dernier (13 apparitions).<\/p>\n\n\n\n<h3 class=\"has-white-color has-text-color has-background\" style=\"background-color:#c00501\">Ils sont sans club ou \u00e9voluent au niveau r\u00e9gional<\/h3>\n\n\n\n<div class=\"wp-block-media-text alignwide is-stacked-on-mobile\" style=\"grid-template-columns:35% auto\"><figure class=\"wp-block-media-text__media\"><img loading=\"lazy\" width=\"500\" height=\"500\" src=\"https:\/\/www.ladiagonale.net\/wp-content\/uploads\/2026\/04\/Benama-Gambar.png\" alt=\"\" class=\"wp-image-37994 size-full\" srcset=\"https:\/\/www.ladiagonale.net\/wp-content\/uploads\/2026\/04\/Benama-Gambar.png 500w, https:\/\/www.ladiagonale.net\/wp-content\/uploads\/2026\/04\/Benama-Gambar-300x300.png 300w, https:\/\/www.ladiagonale.net\/wp-content\/uploads\/2026\/04\/Benama-Gambar-150x150.png 150w, https:\/\/www.ladiagonale.net\/wp-content\/uploads\/2026\/04\/Benama-Gambar-128x128.png 128w, https:\/\/www.ladiagonale.net\/wp-content\/uploads\/2026\/04\/Benama-Gambar-32x32.png 32w\" sizes=\"(max-width: 500px) 100vw, 500px\" \/><\/figure><div class=\"wp-block-media-text__content\">\n<p style=\"font-size:16px\"><strong>Mayssam Benama (21 ans)<\/strong><\/p>\n\n\n\n<p style=\"font-size:15px\">Une technique soyeuse, de l\u2019intelligence de jeu, ce n&rsquo;\u00e9taient pas les superlatifs qui manquaient pour le <em>regista<\/em> des U18, qui avait m\u00eame r\u00e9ussi \u00e0 finir meilleur buteur de l&rsquo;\u00e9quipe dans la comp\u00e9tition, dont une r\u00e9alisation lors de la finale. Des promesses qui ne se v\u00e9rifieront jamais en \u00e9quipe premi\u00e8re, o\u00f9 il n&rsquo;aura jamais sa chance. Une question de profil, sans doute, mais pas seulement. La suite de son parcours tend \u00e0 d\u00e9montrer ce qu&rsquo;il manquait \u00e0 l&rsquo;international U20, vainqueur du tournoi Maurice-Revello avant son d\u00e9part l&rsquo;\u00e9t\u00e9 dernier. Il s&rsquo;engage \u00e0 Annecy en Ligue 2, o\u00f9 il ne joue que 8 minutes en Coupe de France, puis s&rsquo;exile \u00e0 Valence en janvier, pour jouer avec la r\u00e9serve. Mais une affaire de violences conjugales et un accident de voiture qui lui vaut de se retrouver en soins intensifs pendant plusieurs semaines, actent la fin de l&rsquo;aventure avec le club espagnol, qui r\u00e9silie son contrat fin avril.<\/p>\n\n\n\n<p style=\"font-size:15px\"><em>Ses stats lors du titre : 7 matches, 5 buts<\/em><\/p>\n<\/div><\/div>\n\n\n\n<div style=\"height:40px\" aria-hidden=\"true\" class=\"wp-block-spacer\"><\/div>\n\n\n\n<div class=\"wp-block-media-text alignwide is-stacked-on-mobile\" style=\"grid-template-columns:35% auto\"><figure class=\"wp-block-media-text__media\"><img loading=\"lazy\" width=\"500\" height=\"500\" src=\"https:\/\/www.ladiagonale.net\/wp-content\/uploads\/2026\/04\/Bertolucci-gambar.png\" alt=\"\" class=\"wp-image-37987 size-full\" srcset=\"https:\/\/www.ladiagonale.net\/wp-content\/uploads\/2026\/04\/Bertolucci-gambar.png 500w, https:\/\/www.ladiagonale.net\/wp-content\/uploads\/2026\/04\/Bertolucci-gambar-300x300.png 300w, https:\/\/www.ladiagonale.net\/wp-content\/uploads\/2026\/04\/Bertolucci-gambar-150x150.png 150w, https:\/\/www.ladiagonale.net\/wp-content\/uploads\/2026\/04\/Bertolucci-gambar-128x128.png 128w, https:\/\/www.ladiagonale.net\/wp-content\/uploads\/2026\/04\/Bertolucci-gambar-32x32.png 32w\" sizes=\"(max-width: 500px) 100vw, 500px\" \/><\/figure><div class=\"wp-block-media-text__content\">\n<p style=\"font-size:16px\"><strong>Sandro Bertolucci (20 ans)<\/strong><\/p>\n\n\n\n<p style=\"font-size:15px\">Successeur d&rsquo;Enzo Baglieri chez les U19, son talent de buteur a surtout fait des \u00e9tincelles la saison suivante, avec le Groupe \u00c9lite, o\u00f9 il a inscrit 18 buts au total. Des bonnes performances qui n&rsquo;ont pas pu \u00eatre confirm\u00e9es en Principaut\u00e9 puisque apr\u00e8s un match amical disput\u00e9 le d\u00e9but de saison suivant, il a finalement quitt\u00e9 l&rsquo;ASM pour rejoindre Lecce dans son pays d&rsquo;origine, l&rsquo;Italie. Le natif de La Seyne-sur-Mer a pass\u00e9 une saison au sein de la <em>Primavera<\/em> (r\u00e9serve), inscrivant 13 buts en 37 rencontres. Mais l&rsquo;aventure s&rsquo;est arr\u00eat\u00e9e apr\u00e8s un an et il est d\u00e9sormais sans club.<\/p>\n\n\n\n<p style=\"font-size:15px\"><em>Ses stats lors du titre : 3 matches, 1 but<\/em><\/p>\n<\/div><\/div>\n\n\n\n<div style=\"height:40px\" aria-hidden=\"true\" class=\"wp-block-spacer\"><\/div>\n\n\n\n<div class=\"wp-block-media-text alignwide is-stacked-on-mobile\" style=\"grid-template-columns:35% auto\"><figure class=\"wp-block-media-text__media\"><img loading=\"lazy\" width=\"500\" height=\"500\" src=\"https:\/\/www.ladiagonale.net\/wp-content\/uploads\/2026\/05\/Sow-Gambar.png\" alt=\"\" class=\"wp-image-38028 size-full\" srcset=\"https:\/\/www.ladiagonale.net\/wp-content\/uploads\/2026\/05\/Sow-Gambar.png 500w, https:\/\/www.ladiagonale.net\/wp-content\/uploads\/2026\/05\/Sow-Gambar-300x300.png 300w, https:\/\/www.ladiagonale.net\/wp-content\/uploads\/2026\/05\/Sow-Gambar-150x150.png 150w, https:\/\/www.ladiagonale.net\/wp-content\/uploads\/2026\/05\/Sow-Gambar-128x128.png 128w, https:\/\/www.ladiagonale.net\/wp-content\/uploads\/2026\/05\/Sow-Gambar-32x32.png 32w\" sizes=\"(max-width: 500px) 100vw, 500px\" \/><\/figure><div class=\"wp-block-media-text__content\">\n<p style=\"font-size:16px\"><strong>Abdoulaye Sow (21 ans)<\/strong><\/p>\n\n\n\n<p style=\"font-size:15px\">D\u00e9fenseur central, capable d&rsquo;\u00e9voluer aussi dans l&rsquo;entrejeu, il a \u00e9t\u00e9 r\u00e9guli\u00e8rement utilis\u00e9 par Barilaro pendant deux saisons, m\u00eame si celui-ci n&rsquo;en a pas toujours fait un titulaire. Mais comme beaucoup de ses co\u00e9quipiers, il s&rsquo;est heurt\u00e9 \u00e0 une concurrence accrue au moment d&rsquo;aller plus haut, avec le Groupe \u00c9lite, m\u00eame s&rsquo;il a contribu\u00e9 au parcours jusqu&rsquo;en finale de celui-ci dans le Challenge Espoirs la saison pass\u00e9e. Il a \u00e9t\u00e9 lib\u00e9r\u00e9 l&rsquo;\u00e9t\u00e9 dernier et a mis quelques mois \u00e0 retrouver un projet. Il a sign\u00e9 \u00e0 l&rsquo;Aris Limassol, \u00e0 Chypre, en septembre 2025, mais tout s&rsquo;est arr\u00eat\u00e9 en janvier 2026, apr\u00e8s une seule pr\u00e9sence sur une feuille de match.<\/p>\n\n\n\n<p style=\"font-size:15px\"><em>Ses stats lors du titre : 5 matches<\/em><\/p>\n<\/div><\/div>\n\n\n\n<div style=\"height:40px\" aria-hidden=\"true\" class=\"wp-block-spacer\"><\/div>\n\n\n\n<div class=\"wp-block-media-text alignwide is-stacked-on-mobile\" style=\"grid-template-columns:35% auto\"><figure class=\"wp-block-media-text__media\"><img loading=\"lazy\" width=\"500\" height=\"500\" src=\"https:\/\/www.ladiagonale.net\/wp-content\/uploads\/2026\/05\/Gesan-Gambar.png\" alt=\"\" class=\"wp-image-38026 size-full\" srcset=\"https:\/\/www.ladiagonale.net\/wp-content\/uploads\/2026\/05\/Gesan-Gambar.png 500w, https:\/\/www.ladiagonale.net\/wp-content\/uploads\/2026\/05\/Gesan-Gambar-300x300.png 300w, https:\/\/www.ladiagonale.net\/wp-content\/uploads\/2026\/05\/Gesan-Gambar-150x150.png 150w, https:\/\/www.ladiagonale.net\/wp-content\/uploads\/2026\/05\/Gesan-Gambar-128x128.png 128w, https:\/\/www.ladiagonale.net\/wp-content\/uploads\/2026\/05\/Gesan-Gambar-32x32.png 32w\" sizes=\"(max-width: 500px) 100vw, 500px\" \/><\/figure><div class=\"wp-block-media-text__content\">\n<p style=\"font-size:16px\"><strong>Yannick Gesan (20 ans)<\/strong> <\/p>\n\n\n\n<p style=\"font-size:15px\">Le milieu de terrain a jou\u00e9 son seul match lors de la finale, en entrant \u00e0 la place de Bamba. Lors de la saison suivante, il a davantage jou\u00e9 avec le Groupe \u00c9lite, avant de conna\u00eetre une saison blanche l&rsquo;an pass\u00e9. Sous contrat stagiaire, il ne s&rsquo;est logiquement pas vu proposer de contrat pro et avait \u00e9t\u00e9 lib\u00e9r\u00e9 l&rsquo;\u00e9t\u00e9 dernier. Malgr\u00e9 un essai du c\u00f4t\u00e9 du Stade Brestois, il n&rsquo;a pas retrouv\u00e9 de club.<\/p>\n\n\n\n<p style=\"font-size:15px\"><em>Ses stats lors du titre : 1 match<\/em><\/p>\n<\/div><\/div>\n\n\n\n<div style=\"height:40px\" aria-hidden=\"true\" class=\"wp-block-spacer\"><\/div>\n\n\n\n<div class=\"wp-block-media-text alignwide is-stacked-on-mobile\" style=\"grid-template-columns:35% auto\"><figure class=\"wp-block-media-text__media\"><img loading=\"lazy\" width=\"500\" height=\"500\" src=\"https:\/\/www.ladiagonale.net\/wp-content\/uploads\/2026\/05\/Eser-Gambar.png\" alt=\"\" class=\"wp-image-38025 size-full\" srcset=\"https:\/\/www.ladiagonale.net\/wp-content\/uploads\/2026\/05\/Eser-Gambar.png 500w, https:\/\/www.ladiagonale.net\/wp-content\/uploads\/2026\/05\/Eser-Gambar-300x300.png 300w, https:\/\/www.ladiagonale.net\/wp-content\/uploads\/2026\/05\/Eser-Gambar-150x150.png 150w, https:\/\/www.ladiagonale.net\/wp-content\/uploads\/2026\/05\/Eser-Gambar-128x128.png 128w, https:\/\/www.ladiagonale.net\/wp-content\/uploads\/2026\/05\/Eser-Gambar-32x32.png 32w\" sizes=\"(max-width: 500px) 100vw, 500px\" \/><\/figure><div class=\"wp-block-media-text__content\">\n<p style=\"font-size:16px\"><strong>Allan Eser (20 ans)<\/strong><\/p>\n\n\n\n<p style=\"font-size:15px\">Lat\u00e9ral gauche ou central, le d\u00e9fenseur a \u00e9t\u00e9 l&rsquo;un des hommes de base de Fr\u00e9d\u00e9ric Barilaro pendant deux saisons avec les U19. Mais son passage avec le Groupe \u00c9lite l&rsquo;an pass\u00e9 n&rsquo;a pas permis de confirmer cette tendance. Il a \u00e9t\u00e9 lib\u00e9r\u00e9 l&rsquo;\u00e9t\u00e9 dernier et avait lui aussi particip\u00e9 \u00e0 un essai avec le Stade Brestois en compagnie de Yannick Gesan. Lui aussi n&rsquo;a pas r\u00e9ussi \u00e0 rebondir. <\/p>\n\n\n\n<p style=\"font-size:15px\"><em>Ses stats lors du titre : 4 matches<\/em><\/p>\n<\/div><\/div>\n\n\n\n<div style=\"height:40px\" aria-hidden=\"true\" class=\"wp-block-spacer\"><\/div>\n\n\n\n<h3>Et aussi\u2026<\/h3>\n\n\n\n<p><strong>Matteo Minguzzi<\/strong> (21 ans, 0 match) : Il n&rsquo;a disput\u00e9 qu&rsquo;une poign\u00e9e de matches lors de son passage \u00e0 la formation et aucun lors du parcours en 2023, m\u00eame s&rsquo;il a \u00e9t\u00e9 incoropor\u00e9 au groupe. Lib\u00e9r\u00e9 fin 2024, il s&rsquo;est engag\u00e9 \u00e0 Citta Sant&rsquo;Agata, en Serie D, o\u00f9 il a jou\u00e9 quinze matches. Mais son passage n&rsquo;a dur\u00e9 qu&rsquo;un an.<\/p>\n\n\n\n<p><strong>Esteban Monetto<\/strong> (21 ans, 2 matches) : Le milieu de terrain n&rsquo;a jou\u00e9 que trois rencontres cette saison, dont deux en Gambardella. Son aventure s&rsquo;est termin\u00e9e quelques mois apr\u00e8s et il a sign\u00e9 au SC Air Bel, en U19. Apr\u00e8s un an et sept matches, il n&rsquo;a pas poursuivi avec le club marseillais.<\/p>\n\n\n\n<p><strong>Ilan Sebbag<\/strong> (20 ans, 0 match) : Il a \u00e9t\u00e9 incorpor\u00e9 au groupe de la finale mais n&rsquo;a jamais jou\u00e9 dans la comp\u00e9tition. Davantage utilis\u00e9 la saison suivante, il n&rsquo;a pas convaincu l&rsquo;ASM d&rsquo;aller plus loin et a \u00e9t\u00e9 lib\u00e9r\u00e9 \u00e0 l&rsquo;\u00e9t\u00e9 2024. L&rsquo;arri\u00e8re droit ne semble pas avoir retrouv\u00e9 de club depuis.<\/p>\n\n\n\n<p><strong>Tristan Masenello<\/strong> (20 ans, 0 match) : Le meneur de jeu a \u00e9t\u00e9 utilis\u00e9 avec parcimonie en deux saisons (9 matches) et pas durant cette \u00e9pop\u00e9e. Laiss\u00e9 libre \u00e0 l&rsquo;\u00e9t\u00e9 2024, il a rebondi \u00e0 Beausoleil, o\u00f9 il \u00e9volue en R\u00e9gional 1, contre l&rsquo;\u00e9quipe amateur de l&rsquo;ASM.<\/p>\n\n\n\n<p class=\"has-text-align-right\">Cr\u00e9dits photos : AS Monaco, <a href=\"https:\/\/www.estrepublicain.fr\/sport\/2023\/01\/29\/coupe-gambardella-fin-de-parcours-pour-l-as-nancy-lorraine-eliminee-en-16e-de-finale-par-l-as-monaco\" target=\"_blank\" rel=\"noreferrer noopener\">Florian Baumer<\/a>, <a href=\"https:\/\/www.larepubliquedespyrenees.fr\/sport\/football\/pau-fc\/football-pau-fc-monaco-revivez-en-images-la-demi-finale-de-coupe-gambardella-14753031.php\" target=\"_blank\" rel=\"noreferrer noopener\">Marc Zirnheld<\/a>, <a href=\"https:\/\/laurafoot.fff.fr\/simple\/retour-sur-le-week-end-de-coupes-8\/nggallery\/thumbnails\" target=\"_blank\" rel=\"noreferrer noopener\">Alain Chenevi\u00e8re<\/a><\/p>\n","protected":false},"excerpt":{"rendered":"<p>Il y a trois ans au Stade de France, le 29 avril 2023, l\u2019AS Monaco remportait la cinqui\u00e8me Coupe Gambardella de son histoire contre Clermont (4-2). Plus d\u2019une vingtaine de jeunes joueurs de la formation mon\u00e9gasque inscrivaient une premi\u00e8re ligne prestigieuse \u00e0 leur palmar\u00e8s, dans l\u2019espoir de voir ce succ\u00e8s comme le premier jalon d\u2019une [&#8230;]\n","protected":false},"author":2,"featured_media":18443,"comment_status":"open","ping_status":"open","sticky":false,"template":"","format":"standard","meta":[],"categories":[1110,5,6],"tags":[76,86,321,247],"yoast_head":"<!-- This site is optimized with the Yoast SEO plugin v19.8 - https:\/\/yoast.com\/wordpress\/plugins\/seo\/ -->\n<title>Bamba, Bouabr\u00e9, Benama\u2026 que deviennent les vainqueurs de la Gambardella 2023 ? - La Diagonale<\/title>\n<meta name=\"robots\" content=\"index, follow, max-snippet:-1, max-image-preview:large, max-video-preview:-1\" \/>\n<link rel=\"canonical\" href=\"https:\/\/www.ladiagonale.net\/index.php\/2026\/05\/01\/bamba-bouabre-benama-que-deviennent-les-vainqueurs-de-la-gambardella-2023\/\" \/>\n<meta property=\"og:locale\" content=\"fr_FR\" \/>\n<meta property=\"og:type\" content=\"article\" \/>\n<meta property=\"og:title\" content=\"Bamba, Bouabr\u00e9, Benama\u2026 que deviennent les vainqueurs de la Gambardella 2023 ? - La Diagonale\" \/>\n<meta property=\"og:description\" content=\"Il y a trois ans au Stade de France, le 29 avril 2023, l\u2019AS Monaco remportait la cinqui\u00e8me Coupe Gambardella de son histoire contre Clermont (4-2). Plus d\u2019une vingtaine de jeunes joueurs de la formation mon\u00e9gasque inscrivaient une premi\u00e8re ligne prestigieuse \u00e0 leur palmar\u00e8s, dans l\u2019espoir de voir ce succ\u00e8s comme le premier jalon d\u2019une [...]\" \/>\n<meta property=\"og:url\" content=\"https:\/\/www.ladiagonale.net\/index.php\/2026\/05\/01\/bamba-bouabre-benama-que-deviennent-les-vainqueurs-de-la-gambardella-2023\/\" \/>\n<meta property=\"og:site_name\" content=\"La Diagonale\" \/>\n<meta property=\"article:published_time\" content=\"2026-05-01T15:22:34+00:00\" \/>\n<meta property=\"article:modified_time\" content=\"2026-05-01T16:05:49+00:00\" \/>\n<meta property=\"og:image\" content=\"https:\/\/www.ladiagonale.net\/wp-content\/uploads\/2023\/11\/gambardella.png\" \/>\n\t<meta property=\"og:image:width\" content=\"1160\" \/>\n\t<meta property=\"og:image:height\" content=\"650\" \/>\n\t<meta property=\"og:image:type\" content=\"image\/png\" \/>\n<meta name=\"author\" content=\"Damien Dellerba\" \/>\n<meta name=\"twitter:card\" content=\"summary_large_image\" \/>\n<meta name=\"twitter:image\" content=\"https:\/\/www.ladiagonale.net\/wp-content\/uploads\/2023\/11\/gambardella.png\" \/>\n<meta name=\"twitter:label1\" content=\"\u00c9crit par\" \/>\n\t<meta name=\"twitter:data1\" content=\"Damien Dellerba\" \/>\n\t<meta name=\"twitter:label2\" content=\"Dur\u00e9e de lecture estim\u00e9e\" \/>\n\t<meta name=\"twitter:data2\" content=\"18 minutes\" \/>\n<script type=\"application\/ld+json\" class=\"yoast-schema-graph\">{\"@context\":\"https:\/\/schema.org\",\"@graph\":[{\"@type\":\"WebPage\",\"@id\":\"https:\/\/www.ladiagonale.net\/index.php\/2026\/05\/01\/bamba-bouabre-benama-que-deviennent-les-vainqueurs-de-la-gambardella-2023\/\",\"url\":\"https:\/\/www.ladiagonale.net\/index.php\/2026\/05\/01\/bamba-bouabre-benama-que-deviennent-les-vainqueurs-de-la-gambardella-2023\/\",\"name\":\"Bamba, Bouabr\u00e9, Benama\u2026 que deviennent les vainqueurs de la Gambardella 2023 ? - La Diagonale\",\"isPartOf\":{\"@id\":\"https:\/\/www.ladiagonale.net\/#website\"},\"datePublished\":\"2026-05-01T15:22:34+00:00\",\"dateModified\":\"2026-05-01T16:05:49+00:00\",\"author\":{\"@id\":\"https:\/\/www.ladiagonale.net\/#\/schema\/person\/79ff1e7b0853ed01b2aa26e64ad300bf\"},\"breadcrumb\":{\"@id\":\"https:\/\/www.ladiagonale.net\/index.php\/2026\/05\/01\/bamba-bouabre-benama-que-deviennent-les-vainqueurs-de-la-gambardella-2023\/#breadcrumb\"},\"inLanguage\":\"fr-FR\",\"potentialAction\":[{\"@type\":\"ReadAction\",\"target\":[\"https:\/\/www.ladiagonale.net\/index.php\/2026\/05\/01\/bamba-bouabre-benama-que-deviennent-les-vainqueurs-de-la-gambardella-2023\/\"]}]},{\"@type\":\"BreadcrumbList\",\"@id\":\"https:\/\/www.ladiagonale.net\/index.php\/2026\/05\/01\/bamba-bouabre-benama-que-deviennent-les-vainqueurs-de-la-gambardella-2023\/#breadcrumb\",\"itemListElement\":[{\"@type\":\"ListItem\",\"position\":1,\"name\":\"Accueil\",\"item\":\"https:\/\/www.ladiagonale.net\/\"},{\"@type\":\"ListItem\",\"position\":2,\"name\":\"Bamba, Bouabr\u00e9, Benama\u2026 que deviennent les vainqueurs de la Gambardella 2023 ?\"}]},{\"@type\":\"WebSite\",\"@id\":\"https:\/\/www.ladiagonale.net\/#website\",\"url\":\"https:\/\/www.ladiagonale.net\/\",\"name\":\"La Diagonale\",\"description\":\"Le site des supporters de l&#039;AS Monaco FC\",\"potentialAction\":[{\"@type\":\"SearchAction\",\"target\":{\"@type\":\"EntryPoint\",\"urlTemplate\":\"https:\/\/www.ladiagonale.net\/?s={search_term_string}\"},\"query-input\":\"required name=search_term_string\"}],\"inLanguage\":\"fr-FR\"},{\"@type\":\"Person\",\"@id\":\"https:\/\/www.ladiagonale.net\/#\/schema\/person\/79ff1e7b0853ed01b2aa26e64ad300bf\",\"name\":\"Damien Dellerba\",\"image\":{\"@type\":\"ImageObject\",\"inLanguage\":\"fr-FR\",\"@id\":\"https:\/\/www.ladiagonale.net\/#\/schema\/person\/image\/\",\"url\":\"https:\/\/secure.gravatar.com\/avatar\/c7850e06d3ff63cdbaee88b7fc16e2f0?s=96&d=mm&r=g\",\"contentUrl\":\"https:\/\/secure.gravatar.com\/avatar\/c7850e06d3ff63cdbaee88b7fc16e2f0?s=96&d=mm&r=g\",\"caption\":\"Damien Dellerba\"},\"url\":\"https:\/\/www.ladiagonale.net\/index.php\/author\/damien\/\"}]}<\/script>\n<!-- \/ Yoast SEO plugin. -->","yoast_head_json":{"title":"Bamba, Bouabr\u00e9, Benama\u2026 que deviennent les vainqueurs de la Gambardella 2023 ? - La Diagonale","robots":{"index":"index","follow":"follow","max-snippet":"max-snippet:-1","max-image-preview":"max-image-preview:large","max-video-preview":"max-video-preview:-1"},"canonical":"https:\/\/www.ladiagonale.net\/index.php\/2026\/05\/01\/bamba-bouabre-benama-que-deviennent-les-vainqueurs-de-la-gambardella-2023\/","og_locale":"fr_FR","og_type":"article","og_title":"Bamba, Bouabr\u00e9, Benama\u2026 que deviennent les vainqueurs de la Gambardella 2023 ? - La Diagonale","og_description":"Il y a trois ans au Stade de France, le 29 avril 2023, l\u2019AS Monaco remportait la cinqui\u00e8me Coupe Gambardella de son histoire contre Clermont (4-2). Plus d\u2019une vingtaine de jeunes joueurs de la formation mon\u00e9gasque inscrivaient une premi\u00e8re ligne prestigieuse \u00e0 leur palmar\u00e8s, dans l\u2019espoir de voir ce succ\u00e8s comme le premier jalon d\u2019une [...]","og_url":"https:\/\/www.ladiagonale.net\/index.php\/2026\/05\/01\/bamba-bouabre-benama-que-deviennent-les-vainqueurs-de-la-gambardella-2023\/","og_site_name":"La Diagonale","article_published_time":"2026-05-01T15:22:34+00:00","article_modified_time":"2026-05-01T16:05:49+00:00","og_image":[{"width":1160,"height":650,"url":"https:\/\/www.ladiagonale.net\/wp-content\/uploads\/2023\/11\/gambardella.png","type":"image\/png"}],"author":"Damien Dellerba","twitter_card":"summary_large_image","twitter_image":"https:\/\/www.ladiagonale.net\/wp-content\/uploads\/2023\/11\/gambardella.png","twitter_misc":{"\u00c9crit par":"Damien Dellerba","Dur\u00e9e de lecture estim\u00e9e":"18 minutes"},"schema":{"@context":"https:\/\/schema.org","@graph":[{"@type":"WebPage","@id":"https:\/\/www.ladiagonale.net\/index.php\/2026\/05\/01\/bamba-bouabre-benama-que-deviennent-les-vainqueurs-de-la-gambardella-2023\/","url":"https:\/\/www.ladiagonale.net\/index.php\/2026\/05\/01\/bamba-bouabre-benama-que-deviennent-les-vainqueurs-de-la-gambardella-2023\/","name":"Bamba, Bouabr\u00e9, Benama\u2026 que deviennent les vainqueurs de la Gambardella 2023 ? - La Diagonale","isPartOf":{"@id":"https:\/\/www.ladiagonale.net\/#website"},"datePublished":"2026-05-01T15:22:34+00:00","dateModified":"2026-05-01T16:05:49+00:00","author":{"@id":"https:\/\/www.ladiagonale.net\/#\/schema\/person\/79ff1e7b0853ed01b2aa26e64ad300bf"},"breadcrumb":{"@id":"https:\/\/www.ladiagonale.net\/index.php\/2026\/05\/01\/bamba-bouabre-benama-que-deviennent-les-vainqueurs-de-la-gambardella-2023\/#breadcrumb"},"inLanguage":"fr-FR","potentialAction":[{"@type":"ReadAction","target":["https:\/\/www.ladiagonale.net\/index.php\/2026\/05\/01\/bamba-bouabre-benama-que-deviennent-les-vainqueurs-de-la-gambardella-2023\/"]}]},{"@type":"BreadcrumbList","@id":"https:\/\/www.ladiagonale.net\/index.php\/2026\/05\/01\/bamba-bouabre-benama-que-deviennent-les-vainqueurs-de-la-gambardella-2023\/#breadcrumb","itemListElement":[{"@type":"ListItem","position":1,"name":"Accueil","item":"https:\/\/www.ladiagonale.net\/"},{"@type":"ListItem","position":2,"name":"Bamba, Bouabr\u00e9, Benama\u2026 que deviennent les vainqueurs de la Gambardella 2023 ?"}]},{"@type":"WebSite","@id":"https:\/\/www.ladiagonale.net\/#website","url":"https:\/\/www.ladiagonale.net\/","name":"La Diagonale","description":"Le site des supporters de l&#039;AS Monaco FC","potentialAction":[{"@type":"SearchAction","target":{"@type":"EntryPoint","urlTemplate":"https:\/\/www.ladiagonale.net\/?s={search_term_string}"},"query-input":"required name=search_term_string"}],"inLanguage":"fr-FR"},{"@type":"Person","@id":"https:\/\/www.ladiagonale.net\/#\/schema\/person\/79ff1e7b0853ed01b2aa26e64ad300bf","name":"Damien Dellerba","image":{"@type":"ImageObject","inLanguage":"fr-FR","@id":"https:\/\/www.ladiagonale.net\/#\/schema\/person\/image\/","url":"https:\/\/secure.gravatar.com\/avatar\/c7850e06d3ff63cdbaee88b7fc16e2f0?s=96&d=mm&r=g","contentUrl":"https:\/\/secure.gravatar.com\/avatar\/c7850e06d3ff63cdbaee88b7fc16e2f0?s=96&d=mm&r=g","caption":"Damien Dellerba"},"url":"https:\/\/www.ladiagonale.net\/index.php\/author\/damien\/"}]}},"_links":{"self":[{"href":"https:\/\/www.ladiagonale.net\/index.php\/wp-json\/wp\/v2\/posts\/37975"}],"collection":[{"href":"https:\/\/www.ladiagonale.net\/index.php\/wp-json\/wp\/v2\/posts"}],"about":[{"href":"https:\/\/www.ladiagonale.net\/index.php\/wp-json\/wp\/v2\/types\/post"}],"author":[{"embeddable":true,"href":"https:\/\/www.ladiagonale.net\/index.php\/wp-json\/wp\/v2\/users\/2"}],"replies":[{"embeddable":true,"href":"https:\/\/www.ladiagonale.net\/index.php\/wp-json\/wp\/v2\/comments?post=37975"}],"version-history":[{"count":16,"href":"https:\/\/www.ladiagonale.net\/index.php\/wp-json\/wp\/v2\/posts\/37975\/revisions"}],"predecessor-version":[{"id":38034,"href":"https:\/\/www.ladiagonale.net\/index.php\/wp-json\/wp\/v2\/posts\/37975\/revisions\/38034"}],"wp:featuredmedia":[{"embeddable":true,"href":"https:\/\/www.ladiagonale.net\/index.php\/wp-json\/wp\/v2\/media\/18443"}],"wp:attachment":[{"href":"https:\/\/www.ladiagonale.net\/index.php\/wp-json\/wp\/v2\/media?parent=37975"}],"wp:term":[{"taxonomy":"category","embeddable":true,"href":"https:\/\/www.ladiagonale.net\/index.php\/wp-json\/wp\/v2\/categories?post=37975"},{"taxonomy":"post_tag","embeddable":true,"href":"https:\/\/www.ladiagonale.net\/index.php\/wp-json\/wp\/v2\/tags?post=37975"}],"curies":[{"name":"wp","href":"https:\/\/api.w.org\/{rel}","templated":true}]}}