{"id":38007,"date":"2026-04-30T23:46:50","date_gmt":"2026-04-30T21:46:50","guid":{"rendered":"https:\/\/www.ladiagonale.net\/?p=38007"},"modified":"2026-04-30T23:46:51","modified_gmt":"2026-04-30T21:46:51","slug":"rybolovlev-a-convoque-une-reunion-durgence","status":"publish","type":"post","link":"https:\/\/www.ladiagonale.net\/index.php\/2026\/04\/30\/rybolovlev-a-convoque-une-reunion-durgence\/","title":{"rendered":"Rybolovlev a convoqu\u00e9 une r\u00e9union d\u2019urgence"},"content":{"rendered":"\n<p>L\u2019AS Monaco a un besoin vital d\u2019aller en Ligue des champions, et le pr\u00e9sident et actionnaire Dmitry Rybolovlev est le mieux plac\u00e9 pour le savoir, lui qui est oblig\u00e9 de renflouer les caisses du club \u00e0 chaque fin d\u2019exercice. Si les carottes sont presque cuites pour les Mon\u00e9gasques, qui accusent six points de retard sur les troisi\u00e8me et quatri\u00e8me places, et qu\u2019il en reste neuf \u00e0 prendre, le Russe n\u2019est pas du genre \u00e0 renoncer aussi facilement. Ce jeudi, il a organis\u00e9 une r\u00e9union d\u2019urgence devant la direction sportive compos\u00e9e de Thiago Scuro et Carlos Avina, une partie du staff dont l\u2019entra\u00eeneur S\u00e9bastien Pocognoli, ainsi qu\u2019une dizaine de cadres de l\u2019effectif.<\/p>\n\n\n\n<p>Selon l\u2019<em>AFP<\/em>, qui a r\u00e9v\u00e9l\u00e9 cette information, le pr\u00e9sident de l\u2019ASM aurait exhort\u00e9 ses troupes \u00e0 ne rien l\u00e2cher dans ces derniers matches, qui verront les Rouge et Blanc affronter Metz, Lille et Strasbourg, pour tenter co\u00fbte que co\u00fbte d\u2019aller en C1 la saison prochaine. M\u00eame si les chances d\u2019atteindre cet objectif apparaissent comme relativement minces d\u00e9sormais, Rybolovlev aurait exig\u00e9 une qualification europ\u00e9enne dans tous les cas. Samedi, contre la formation lorraine, il aura l\u2019occasion de v\u00e9rifier si son message a bien \u00e9t\u00e9 entendu.<\/p>\n\n\n","protected":false},"excerpt":{"rendered":"<p>L\u2019AS Monaco a un besoin vital d\u2019aller en Ligue des champions, et le pr\u00e9sident et actionnaire Dmitry Rybolovlev est le mieux plac\u00e9 pour le savoir, lui qui est oblig\u00e9 de renflouer les caisses du club \u00e0 chaque fin d\u2019exercice. Si les carottes sont presque cuites pour les Mon\u00e9gasques, qui accusent six points de retard sur [&#8230;]\n","protected":false},"author":2,"featured_media":0,"comment_status":"open","ping_status":"open","sticky":false,"template":"","format":"standard","meta":[],"categories":[6,1000],"tags":[86,296,94,794],"yoast_head":"<!-- This site is optimized with the Yoast SEO plugin v19.8 - https:\/\/yoast.com\/wordpress\/plugins\/seo\/ -->\n<title>Rybolovlev a convoqu\u00e9 une r\u00e9union d\u2019urgence - La Diagonale<\/title>\n<meta name=\"robots\" content=\"index, follow, max-snippet:-1, max-image-preview:large, max-video-preview:-1\" \/>\n<link rel=\"canonical\" href=\"https:\/\/www.ladiagonale.net\/index.php\/2026\/04\/30\/rybolovlev-a-convoque-une-reunion-durgence\/\" \/>\n<meta property=\"og:locale\" content=\"fr_FR\" \/>\n<meta property=\"og:type\" content=\"article\" \/>\n<meta property=\"og:title\" content=\"Rybolovlev a convoqu\u00e9 une r\u00e9union d\u2019urgence - La Diagonale\" \/>\n<meta property=\"og:description\" content=\"L\u2019AS Monaco a un besoin vital d\u2019aller en Ligue des champions, et le pr\u00e9sident et actionnaire Dmitry Rybolovlev est le mieux plac\u00e9 pour le savoir, lui qui est oblig\u00e9 de renflouer les caisses du club \u00e0 chaque fin d\u2019exercice. Si les carottes sont presque cuites pour les Mon\u00e9gasques, qui accusent six points de retard sur [...]\" \/>\n<meta property=\"og:url\" content=\"https:\/\/www.ladiagonale.net\/index.php\/2026\/04\/30\/rybolovlev-a-convoque-une-reunion-durgence\/\" \/>\n<meta property=\"og:site_name\" content=\"La Diagonale\" \/>\n<meta property=\"article:published_time\" content=\"2026-04-30T21:46:50+00:00\" \/>\n<meta property=\"article:modified_time\" content=\"2026-04-30T21:46:51+00:00\" \/>\n<meta property=\"og:image\" content=\"https:\/\/www.ladiagonale.net\/wp-content\/uploads\/2025\/04\/Rybo-Turbie.png\" \/>\n\t<meta property=\"og:image:width\" content=\"1160\" \/>\n\t<meta property=\"og:image:height\" content=\"650\" \/>\n\t<meta property=\"og:image:type\" content=\"image\/png\" \/>\n<meta name=\"author\" content=\"Damien Dellerba\" \/>\n<meta name=\"twitter:card\" content=\"summary_large_image\" \/>\n<meta name=\"twitter:image\" content=\"https:\/\/www.ladiagonale.net\/wp-content\/uploads\/2025\/04\/Rybo-Turbie.png\" \/>\n<meta name=\"twitter:label1\" content=\"\u00c9crit par\" \/>\n\t<meta name=\"twitter:data1\" content=\"Damien Dellerba\" \/>\n\t<meta name=\"twitter:label2\" content=\"Dur\u00e9e de lecture estim\u00e9e\" \/>\n\t<meta name=\"twitter:data2\" content=\"2 minutes\" \/>\n<script type=\"application\/ld+json\" class=\"yoast-schema-graph\">{\"@context\":\"https:\/\/schema.org\",\"@graph\":[{\"@type\":\"WebPage\",\"@id\":\"https:\/\/www.ladiagonale.net\/index.php\/2026\/04\/30\/rybolovlev-a-convoque-une-reunion-durgence\/\",\"url\":\"https:\/\/www.ladiagonale.net\/index.php\/2026\/04\/30\/rybolovlev-a-convoque-une-reunion-durgence\/\",\"name\":\"Rybolovlev a convoqu\u00e9 une r\u00e9union d\u2019urgence - La Diagonale\",\"isPartOf\":{\"@id\":\"https:\/\/www.ladiagonale.net\/#website\"},\"datePublished\":\"2026-04-30T21:46:50+00:00\",\"dateModified\":\"2026-04-30T21:46:51+00:00\",\"author\":{\"@id\":\"https:\/\/www.ladiagonale.net\/#\/schema\/person\/79ff1e7b0853ed01b2aa26e64ad300bf\"},\"breadcrumb\":{\"@id\":\"https:\/\/www.ladiagonale.net\/index.php\/2026\/04\/30\/rybolovlev-a-convoque-une-reunion-durgence\/#breadcrumb\"},\"inLanguage\":\"fr-FR\",\"potentialAction\":[{\"@type\":\"ReadAction\",\"target\":[\"https:\/\/www.ladiagonale.net\/index.php\/2026\/04\/30\/rybolovlev-a-convoque-une-reunion-durgence\/\"]}]},{\"@type\":\"BreadcrumbList\",\"@id\":\"https:\/\/www.ladiagonale.net\/index.php\/2026\/04\/30\/rybolovlev-a-convoque-une-reunion-durgence\/#breadcrumb\",\"itemListElement\":[{\"@type\":\"ListItem\",\"position\":1,\"name\":\"Accueil\",\"item\":\"https:\/\/www.ladiagonale.net\/\"},{\"@type\":\"ListItem\",\"position\":2,\"name\":\"Rybolovlev a convoqu\u00e9 une r\u00e9union d\u2019urgence\"}]},{\"@type\":\"WebSite\",\"@id\":\"https:\/\/www.ladiagonale.net\/#website\",\"url\":\"https:\/\/www.ladiagonale.net\/\",\"name\":\"La Diagonale\",\"description\":\"Le site des supporters de l&#039;AS Monaco FC\",\"potentialAction\":[{\"@type\":\"SearchAction\",\"target\":{\"@type\":\"EntryPoint\",\"urlTemplate\":\"https:\/\/www.ladiagonale.net\/?s={search_term_string}\"},\"query-input\":\"required name=search_term_string\"}],\"inLanguage\":\"fr-FR\"},{\"@type\":\"Person\",\"@id\":\"https:\/\/www.ladiagonale.net\/#\/schema\/person\/79ff1e7b0853ed01b2aa26e64ad300bf\",\"name\":\"Damien Dellerba\",\"image\":{\"@type\":\"ImageObject\",\"inLanguage\":\"fr-FR\",\"@id\":\"https:\/\/www.ladiagonale.net\/#\/schema\/person\/image\/\",\"url\":\"https:\/\/secure.gravatar.com\/avatar\/c7850e06d3ff63cdbaee88b7fc16e2f0?s=96&d=mm&r=g\",\"contentUrl\":\"https:\/\/secure.gravatar.com\/avatar\/c7850e06d3ff63cdbaee88b7fc16e2f0?s=96&d=mm&r=g\",\"caption\":\"Damien Dellerba\"},\"url\":\"https:\/\/www.ladiagonale.net\/index.php\/author\/damien\/\"}]}<\/script>\n<!-- \/ Yoast SEO plugin. -->","yoast_head_json":{"title":"Rybolovlev a convoqu\u00e9 une r\u00e9union d\u2019urgence - La Diagonale","robots":{"index":"index","follow":"follow","max-snippet":"max-snippet:-1","max-image-preview":"max-image-preview:large","max-video-preview":"max-video-preview:-1"},"canonical":"https:\/\/www.ladiagonale.net\/index.php\/2026\/04\/30\/rybolovlev-a-convoque-une-reunion-durgence\/","og_locale":"fr_FR","og_type":"article","og_title":"Rybolovlev a convoqu\u00e9 une r\u00e9union d\u2019urgence - La Diagonale","og_description":"L\u2019AS Monaco a un besoin vital d\u2019aller en Ligue des champions, et le pr\u00e9sident et actionnaire Dmitry Rybolovlev est le mieux plac\u00e9 pour le savoir, lui qui est oblig\u00e9 de renflouer les caisses du club \u00e0 chaque fin d\u2019exercice. Si les carottes sont presque cuites pour les Mon\u00e9gasques, qui accusent six points de retard sur [...]","og_url":"https:\/\/www.ladiagonale.net\/index.php\/2026\/04\/30\/rybolovlev-a-convoque-une-reunion-durgence\/","og_site_name":"La Diagonale","article_published_time":"2026-04-30T21:46:50+00:00","article_modified_time":"2026-04-30T21:46:51+00:00","og_image":[{"width":1160,"height":650,"url":"https:\/\/www.ladiagonale.net\/wp-content\/uploads\/2025\/04\/Rybo-Turbie.png","type":"image\/png"}],"author":"Damien Dellerba","twitter_card":"summary_large_image","twitter_image":"https:\/\/www.ladiagonale.net\/wp-content\/uploads\/2025\/04\/Rybo-Turbie.png","twitter_misc":{"\u00c9crit par":"Damien Dellerba","Dur\u00e9e de lecture estim\u00e9e":"2 minutes"},"schema":{"@context":"https:\/\/schema.org","@graph":[{"@type":"WebPage","@id":"https:\/\/www.ladiagonale.net\/index.php\/2026\/04\/30\/rybolovlev-a-convoque-une-reunion-durgence\/","url":"https:\/\/www.ladiagonale.net\/index.php\/2026\/04\/30\/rybolovlev-a-convoque-une-reunion-durgence\/","name":"Rybolovlev a convoqu\u00e9 une r\u00e9union d\u2019urgence - La Diagonale","isPartOf":{"@id":"https:\/\/www.ladiagonale.net\/#website"},"datePublished":"2026-04-30T21:46:50+00:00","dateModified":"2026-04-30T21:46:51+00:00","author":{"@id":"https:\/\/www.ladiagonale.net\/#\/schema\/person\/79ff1e7b0853ed01b2aa26e64ad300bf"},"breadcrumb":{"@id":"https:\/\/www.ladiagonale.net\/index.php\/2026\/04\/30\/rybolovlev-a-convoque-une-reunion-durgence\/#breadcrumb"},"inLanguage":"fr-FR","potentialAction":[{"@type":"ReadAction","target":["https:\/\/www.ladiagonale.net\/index.php\/2026\/04\/30\/rybolovlev-a-convoque-une-reunion-durgence\/"]}]},{"@type":"BreadcrumbList","@id":"https:\/\/www.ladiagonale.net\/index.php\/2026\/04\/30\/rybolovlev-a-convoque-une-reunion-durgence\/#breadcrumb","itemListElement":[{"@type":"ListItem","position":1,"name":"Accueil","item":"https:\/\/www.ladiagonale.net\/"},{"@type":"ListItem","position":2,"name":"Rybolovlev a convoqu\u00e9 une r\u00e9union d\u2019urgence"}]},{"@type":"WebSite","@id":"https:\/\/www.ladiagonale.net\/#website","url":"https:\/\/www.ladiagonale.net\/","name":"La Diagonale","description":"Le site des supporters de l&#039;AS Monaco FC","potentialAction":[{"@type":"SearchAction","target":{"@type":"EntryPoint","urlTemplate":"https:\/\/www.ladiagonale.net\/?s={search_term_string}"},"query-input":"required name=search_term_string"}],"inLanguage":"fr-FR"},{"@type":"Person","@id":"https:\/\/www.ladiagonale.net\/#\/schema\/person\/79ff1e7b0853ed01b2aa26e64ad300bf","name":"Damien Dellerba","image":{"@type":"ImageObject","inLanguage":"fr-FR","@id":"https:\/\/www.ladiagonale.net\/#\/schema\/person\/image\/","url":"https:\/\/secure.gravatar.com\/avatar\/c7850e06d3ff63cdbaee88b7fc16e2f0?s=96&d=mm&r=g","contentUrl":"https:\/\/secure.gravatar.com\/avatar\/c7850e06d3ff63cdbaee88b7fc16e2f0?s=96&d=mm&r=g","caption":"Damien Dellerba"},"url":"https:\/\/www.ladiagonale.net\/index.php\/author\/damien\/"}]}},"_links":{"self":[{"href":"https:\/\/www.ladiagonale.net\/index.php\/wp-json\/wp\/v2\/posts\/38007"}],"collection":[{"href":"https:\/\/www.ladiagonale.net\/index.php\/wp-json\/wp\/v2\/posts"}],"about":[{"href":"https:\/\/www.ladiagonale.net\/index.php\/wp-json\/wp\/v2\/types\/post"}],"author":[{"embeddable":true,"href":"https:\/\/www.ladiagonale.net\/index.php\/wp-json\/wp\/v2\/users\/2"}],"replies":[{"embeddable":true,"href":"https:\/\/www.ladiagonale.net\/index.php\/wp-json\/wp\/v2\/comments?post=38007"}],"version-history":[{"count":1,"href":"https:\/\/www.ladiagonale.net\/index.php\/wp-json\/wp\/v2\/posts\/38007\/revisions"}],"predecessor-version":[{"id":38008,"href":"https:\/\/www.ladiagonale.net\/index.php\/wp-json\/wp\/v2\/posts\/38007\/revisions\/38008"}],"wp:attachment":[{"href":"https:\/\/www.ladiagonale.net\/index.php\/wp-json\/wp\/v2\/media?parent=38007"}],"wp:term":[{"taxonomy":"category","embeddable":true,"href":"https:\/\/www.ladiagonale.net\/index.php\/wp-json\/wp\/v2\/categories?post=38007"},{"taxonomy":"post_tag","embeddable":true,"href":"https:\/\/www.ladiagonale.net\/index.php\/wp-json\/wp\/v2\/tags?post=38007"}],"curies":[{"name":"wp","href":"https:\/\/api.w.org\/{rel}","templated":true}]}}