{"id":38009,"date":"2026-05-01T01:17:54","date_gmt":"2026-04-30T23:17:54","guid":{"rendered":"https:\/\/www.ladiagonale.net\/?p=38009"},"modified":"2026-05-01T01:17:54","modified_gmt":"2026-04-30T23:17:54","slug":"moulangou-et-sylla-a-lessai-au-psg","status":"publish","type":"post","link":"https:\/\/www.ladiagonale.net\/index.php\/2026\/05\/01\/moulangou-et-sylla-a-lessai-au-psg\/","title":{"rendered":"Moulangou et Sylla \u00e0 l\u2019essai au PSG"},"content":{"rendered":"\n<p>Alors que l\u2019AS Monaco a dans le viseur <a href=\"https:\/\/www.ladiagonale.net\/index.php\/2026\/04\/11\/monaco-viserait-plusieurs-jeunes-du-psg\/\" target=\"_blank\" rel=\"noreferrer noopener\">plusieurs joueurs de la formation du Paris Saint-Germain<\/a>, et notamment Aymen Assab, le club parisien est \u00e9galement \u00e0 l\u2019aff\u00fbt concernant de deux jeunes Rouge et Blanc. Le club parisien fait actuellement passer des essais \u00e0 Kenan Moulangou (18 ans) et Malick Sylla (20 ans) au sein de son groupe \u00e9lite, alors que les deux milieux offensifs <a href=\"https:\/\/www.ladiagonale.net\/index.php\/2026\/04\/15\/babai-valme-etonde-ces-jeunes-pros-qui-quitteront-lasm-en-fin-de-saison\/\" target=\"_blank\" rel=\"noreferrer noopener\">ne seront pas conserv\u00e9s par l\u2019ASM<\/a> \u00e0 la fin de la saison.<\/p>\n\n\n\n<p>Les deux Mon\u00e9gasques, pour encore quelques mois, ont particip\u00e9 au match amical de la r\u00e9serve du PSG contre celle du Club Bruges <em>(d\u00e9faite 4-5)<\/em>, finaliste de <em>Youth League<\/em> et que l\u2019ASM avait affront\u00e9 \u00e0 deux reprises cette saison, pour autant de d\u00e9faites et une \u00e9limination en 16<sup>es<\/sup> de finale. Et ils ont peut-\u00eatre marqu\u00e9 des points : Sylla s\u2019est offert un doubl\u00e9, tandis que Moulangou a \u00e9t\u00e9 \u00e0 l&rsquo;avant-derni\u00e8re passe sur le troisi\u00e8me but, et \u00e0 la r\u00e9cup\u00e9ration sur le quatri\u00e8me.<\/p>\n\n\n\n<blockquote class=\"tiktok-embed\" cite=\"https:\/\/www.tiktok.com\/@footstreet2k\/video\/7634232545583828246\" data-video-id=\"7634232545583828246\" style=\"max-width: 605px;min-width: 325px;\" > <section> <a target=\"_blank\" title=\"@footstreet2k\" href=\"https:\/\/www.tiktok.com\/@footstreet2k?refer=embed\" rel=\"noopener\">@footstreet2k<\/a> \u2694\ufe0f R\u00c9SUM\u00c9 DU MATCH | PSG \ud83c\udd9a Club Bruges | Amical Espoir au Campus | \ud83c\udfdf\ufe0f \u2694\ufe0f \u26bd Match tr\u00e8s rythm\u00e9 avec une grosse intensit\u00e9 du d\u00e9but \u00e0 la fin. \ud83c\udfaf Beaucoup d\u2019occasions cr\u00e9\u00e9es et plusieurs situations dangereuses durant la rencontre. \u2694\ufe0f Les deux \u00e9quipes se sont rendues coup pour coup dans un duel totalement ouvert. \ud83d\udd25 Un match port\u00e9 vers l\u2019attaque avec \u00e9norm\u00e9ment d\u2019espaces et de transitions rapides. \ud83d\udc40 Restez jusqu\u2019\u00e0 la fin pour revivre cette rencontre spectaculaire jusqu\u2019au dernier instant. \ud83c\udfc6 Une rencontre pleine de suspense et d\u2019\u00e9motions. <a title=\"psg\" target=\"_blank\" href=\"https:\/\/www.tiktok.com\/tag\/psg?refer=embed\" rel=\"noopener\">#psg<\/a> <a title=\"clubbrugge\" target=\"_blank\" href=\"https:\/\/www.tiktok.com\/tag\/clubbrugge?refer=embed\" rel=\"noopener\">#clubbrugge<\/a> <a title=\"espoirs\" target=\"_blank\" href=\"https:\/\/www.tiktok.com\/tag\/espoirs?refer=embed\" rel=\"noopener\">#espoirs<\/a> <a title=\"brugge\" target=\"_blank\" href=\"https:\/\/www.tiktok.com\/tag\/brugge?refer=embed\" rel=\"noopener\">#brugge<\/a> <a title=\"crack\" target=\"_blank\" href=\"https:\/\/www.tiktok.com\/tag\/crack?refer=embed\" rel=\"noopener\">#crack<\/a> <a target=\"_blank\" title=\"\u266c son original - footstreet2k\" href=\"https:\/\/www.tiktok.com\/music\/son-original-7634232748572740374?refer=embed\" rel=\"noopener\">\u266c son original &#8211; footstreet2k<\/a> <\/section> <\/blockquote> <script async src=\"https:\/\/www.tiktok.com\/embed.js\"><\/script>\n","protected":false},"excerpt":{"rendered":"<p>Alors que l\u2019AS Monaco a dans le viseur plusieurs joueurs de la formation du Paris Saint-Germain, et notamment Aymen Assab, le club parisien est \u00e9galement \u00e0 l\u2019aff\u00fbt concernant de deux jeunes Rouge et Blanc. Le club parisien fait actuellement passer des essais \u00e0 Kenan Moulangou (18 ans) et Malick Sylla (20 ans) au sein de [&#8230;]\n","protected":false},"author":2,"featured_media":0,"comment_status":"open","ping_status":"open","sticky":false,"template":"","format":"standard","meta":[],"categories":[6],"tags":[76,86,1234,1235],"yoast_head":"<!-- This site is optimized with the Yoast SEO plugin v19.8 - https:\/\/yoast.com\/wordpress\/plugins\/seo\/ -->\n<title>Moulangou et Sylla \u00e0 l\u2019essai au PSG - La Diagonale<\/title>\n<meta name=\"robots\" content=\"index, follow, max-snippet:-1, max-image-preview:large, max-video-preview:-1\" \/>\n<link rel=\"canonical\" href=\"https:\/\/www.ladiagonale.net\/index.php\/2026\/05\/01\/moulangou-et-sylla-a-lessai-au-psg\/\" \/>\n<meta property=\"og:locale\" content=\"fr_FR\" \/>\n<meta property=\"og:type\" content=\"article\" \/>\n<meta property=\"og:title\" content=\"Moulangou et Sylla \u00e0 l\u2019essai au PSG - La Diagonale\" \/>\n<meta property=\"og:description\" content=\"Alors que l\u2019AS Monaco a dans le viseur plusieurs joueurs de la formation du Paris Saint-Germain, et notamment Aymen Assab, le club parisien est \u00e9galement \u00e0 l\u2019aff\u00fbt concernant de deux jeunes Rouge et Blanc. Le club parisien fait actuellement passer des essais \u00e0 Kenan Moulangou (18 ans) et Malick Sylla (20 ans) au sein de [...]\" \/>\n<meta property=\"og:url\" content=\"https:\/\/www.ladiagonale.net\/index.php\/2026\/05\/01\/moulangou-et-sylla-a-lessai-au-psg\/\" \/>\n<meta property=\"og:site_name\" content=\"La Diagonale\" \/>\n<meta property=\"article:published_time\" content=\"2026-04-30T23:17:54+00:00\" \/>\n<meta property=\"og:image\" content=\"https:\/\/www.ladiagonale.net\/wp-content\/uploads\/2026\/05\/Moulangou.png\" \/>\n\t<meta property=\"og:image:width\" content=\"1160\" \/>\n\t<meta property=\"og:image:height\" content=\"650\" \/>\n\t<meta property=\"og:image:type\" content=\"image\/png\" \/>\n<meta name=\"author\" content=\"Damien Dellerba\" \/>\n<meta name=\"twitter:card\" content=\"summary_large_image\" \/>\n<meta name=\"twitter:image\" content=\"https:\/\/www.ladiagonale.net\/wp-content\/uploads\/2026\/05\/Moulangou.png\" \/>\n<meta name=\"twitter:label1\" content=\"\u00c9crit par\" \/>\n\t<meta name=\"twitter:data1\" content=\"Damien Dellerba\" \/>\n\t<meta name=\"twitter:label2\" content=\"Dur\u00e9e de lecture estim\u00e9e\" \/>\n\t<meta name=\"twitter:data2\" content=\"2 minutes\" \/>\n<script type=\"application\/ld+json\" class=\"yoast-schema-graph\">{\"@context\":\"https:\/\/schema.org\",\"@graph\":[{\"@type\":\"WebPage\",\"@id\":\"https:\/\/www.ladiagonale.net\/index.php\/2026\/05\/01\/moulangou-et-sylla-a-lessai-au-psg\/\",\"url\":\"https:\/\/www.ladiagonale.net\/index.php\/2026\/05\/01\/moulangou-et-sylla-a-lessai-au-psg\/\",\"name\":\"Moulangou et Sylla \u00e0 l\u2019essai au PSG - La Diagonale\",\"isPartOf\":{\"@id\":\"https:\/\/www.ladiagonale.net\/#website\"},\"datePublished\":\"2026-04-30T23:17:54+00:00\",\"dateModified\":\"2026-04-30T23:17:54+00:00\",\"author\":{\"@id\":\"https:\/\/www.ladiagonale.net\/#\/schema\/person\/79ff1e7b0853ed01b2aa26e64ad300bf\"},\"breadcrumb\":{\"@id\":\"https:\/\/www.ladiagonale.net\/index.php\/2026\/05\/01\/moulangou-et-sylla-a-lessai-au-psg\/#breadcrumb\"},\"inLanguage\":\"fr-FR\",\"potentialAction\":[{\"@type\":\"ReadAction\",\"target\":[\"https:\/\/www.ladiagonale.net\/index.php\/2026\/05\/01\/moulangou-et-sylla-a-lessai-au-psg\/\"]}]},{\"@type\":\"BreadcrumbList\",\"@id\":\"https:\/\/www.ladiagonale.net\/index.php\/2026\/05\/01\/moulangou-et-sylla-a-lessai-au-psg\/#breadcrumb\",\"itemListElement\":[{\"@type\":\"ListItem\",\"position\":1,\"name\":\"Accueil\",\"item\":\"https:\/\/www.ladiagonale.net\/\"},{\"@type\":\"ListItem\",\"position\":2,\"name\":\"Moulangou et Sylla \u00e0 l\u2019essai au PSG\"}]},{\"@type\":\"WebSite\",\"@id\":\"https:\/\/www.ladiagonale.net\/#website\",\"url\":\"https:\/\/www.ladiagonale.net\/\",\"name\":\"La Diagonale\",\"description\":\"Le site des supporters de l&#039;AS Monaco FC\",\"potentialAction\":[{\"@type\":\"SearchAction\",\"target\":{\"@type\":\"EntryPoint\",\"urlTemplate\":\"https:\/\/www.ladiagonale.net\/?s={search_term_string}\"},\"query-input\":\"required name=search_term_string\"}],\"inLanguage\":\"fr-FR\"},{\"@type\":\"Person\",\"@id\":\"https:\/\/www.ladiagonale.net\/#\/schema\/person\/79ff1e7b0853ed01b2aa26e64ad300bf\",\"name\":\"Damien Dellerba\",\"image\":{\"@type\":\"ImageObject\",\"inLanguage\":\"fr-FR\",\"@id\":\"https:\/\/www.ladiagonale.net\/#\/schema\/person\/image\/\",\"url\":\"https:\/\/secure.gravatar.com\/avatar\/c7850e06d3ff63cdbaee88b7fc16e2f0?s=96&d=mm&r=g\",\"contentUrl\":\"https:\/\/secure.gravatar.com\/avatar\/c7850e06d3ff63cdbaee88b7fc16e2f0?s=96&d=mm&r=g\",\"caption\":\"Damien Dellerba\"},\"url\":\"https:\/\/www.ladiagonale.net\/index.php\/author\/damien\/\"}]}<\/script>\n<!-- \/ Yoast SEO plugin. -->","yoast_head_json":{"title":"Moulangou et Sylla \u00e0 l\u2019essai au PSG - La Diagonale","robots":{"index":"index","follow":"follow","max-snippet":"max-snippet:-1","max-image-preview":"max-image-preview:large","max-video-preview":"max-video-preview:-1"},"canonical":"https:\/\/www.ladiagonale.net\/index.php\/2026\/05\/01\/moulangou-et-sylla-a-lessai-au-psg\/","og_locale":"fr_FR","og_type":"article","og_title":"Moulangou et Sylla \u00e0 l\u2019essai au PSG - La Diagonale","og_description":"Alors que l\u2019AS Monaco a dans le viseur plusieurs joueurs de la formation du Paris Saint-Germain, et notamment Aymen Assab, le club parisien est \u00e9galement \u00e0 l\u2019aff\u00fbt concernant de deux jeunes Rouge et Blanc. Le club parisien fait actuellement passer des essais \u00e0 Kenan Moulangou (18 ans) et Malick Sylla (20 ans) au sein de [...]","og_url":"https:\/\/www.ladiagonale.net\/index.php\/2026\/05\/01\/moulangou-et-sylla-a-lessai-au-psg\/","og_site_name":"La Diagonale","article_published_time":"2026-04-30T23:17:54+00:00","og_image":[{"width":1160,"height":650,"url":"https:\/\/www.ladiagonale.net\/wp-content\/uploads\/2026\/05\/Moulangou.png","type":"image\/png"}],"author":"Damien Dellerba","twitter_card":"summary_large_image","twitter_image":"https:\/\/www.ladiagonale.net\/wp-content\/uploads\/2026\/05\/Moulangou.png","twitter_misc":{"\u00c9crit par":"Damien Dellerba","Dur\u00e9e de lecture estim\u00e9e":"2 minutes"},"schema":{"@context":"https:\/\/schema.org","@graph":[{"@type":"WebPage","@id":"https:\/\/www.ladiagonale.net\/index.php\/2026\/05\/01\/moulangou-et-sylla-a-lessai-au-psg\/","url":"https:\/\/www.ladiagonale.net\/index.php\/2026\/05\/01\/moulangou-et-sylla-a-lessai-au-psg\/","name":"Moulangou et Sylla \u00e0 l\u2019essai au PSG - La Diagonale","isPartOf":{"@id":"https:\/\/www.ladiagonale.net\/#website"},"datePublished":"2026-04-30T23:17:54+00:00","dateModified":"2026-04-30T23:17:54+00:00","author":{"@id":"https:\/\/www.ladiagonale.net\/#\/schema\/person\/79ff1e7b0853ed01b2aa26e64ad300bf"},"breadcrumb":{"@id":"https:\/\/www.ladiagonale.net\/index.php\/2026\/05\/01\/moulangou-et-sylla-a-lessai-au-psg\/#breadcrumb"},"inLanguage":"fr-FR","potentialAction":[{"@type":"ReadAction","target":["https:\/\/www.ladiagonale.net\/index.php\/2026\/05\/01\/moulangou-et-sylla-a-lessai-au-psg\/"]}]},{"@type":"BreadcrumbList","@id":"https:\/\/www.ladiagonale.net\/index.php\/2026\/05\/01\/moulangou-et-sylla-a-lessai-au-psg\/#breadcrumb","itemListElement":[{"@type":"ListItem","position":1,"name":"Accueil","item":"https:\/\/www.ladiagonale.net\/"},{"@type":"ListItem","position":2,"name":"Moulangou et Sylla \u00e0 l\u2019essai au PSG"}]},{"@type":"WebSite","@id":"https:\/\/www.ladiagonale.net\/#website","url":"https:\/\/www.ladiagonale.net\/","name":"La Diagonale","description":"Le site des supporters de l&#039;AS Monaco FC","potentialAction":[{"@type":"SearchAction","target":{"@type":"EntryPoint","urlTemplate":"https:\/\/www.ladiagonale.net\/?s={search_term_string}"},"query-input":"required name=search_term_string"}],"inLanguage":"fr-FR"},{"@type":"Person","@id":"https:\/\/www.ladiagonale.net\/#\/schema\/person\/79ff1e7b0853ed01b2aa26e64ad300bf","name":"Damien Dellerba","image":{"@type":"ImageObject","inLanguage":"fr-FR","@id":"https:\/\/www.ladiagonale.net\/#\/schema\/person\/image\/","url":"https:\/\/secure.gravatar.com\/avatar\/c7850e06d3ff63cdbaee88b7fc16e2f0?s=96&d=mm&r=g","contentUrl":"https:\/\/secure.gravatar.com\/avatar\/c7850e06d3ff63cdbaee88b7fc16e2f0?s=96&d=mm&r=g","caption":"Damien Dellerba"},"url":"https:\/\/www.ladiagonale.net\/index.php\/author\/damien\/"}]}},"_links":{"self":[{"href":"https:\/\/www.ladiagonale.net\/index.php\/wp-json\/wp\/v2\/posts\/38009"}],"collection":[{"href":"https:\/\/www.ladiagonale.net\/index.php\/wp-json\/wp\/v2\/posts"}],"about":[{"href":"https:\/\/www.ladiagonale.net\/index.php\/wp-json\/wp\/v2\/types\/post"}],"author":[{"embeddable":true,"href":"https:\/\/www.ladiagonale.net\/index.php\/wp-json\/wp\/v2\/users\/2"}],"replies":[{"embeddable":true,"href":"https:\/\/www.ladiagonale.net\/index.php\/wp-json\/wp\/v2\/comments?post=38009"}],"version-history":[{"count":1,"href":"https:\/\/www.ladiagonale.net\/index.php\/wp-json\/wp\/v2\/posts\/38009\/revisions"}],"predecessor-version":[{"id":38012,"href":"https:\/\/www.ladiagonale.net\/index.php\/wp-json\/wp\/v2\/posts\/38009\/revisions\/38012"}],"wp:attachment":[{"href":"https:\/\/www.ladiagonale.net\/index.php\/wp-json\/wp\/v2\/media?parent=38009"}],"wp:term":[{"taxonomy":"category","embeddable":true,"href":"https:\/\/www.ladiagonale.net\/index.php\/wp-json\/wp\/v2\/categories?post=38009"},{"taxonomy":"post_tag","embeddable":true,"href":"https:\/\/www.ladiagonale.net\/index.php\/wp-json\/wp\/v2\/tags?post=38009"}],"curies":[{"name":"wp","href":"https:\/\/api.w.org\/{rel}","templated":true}]}}