{"id":38013,"date":"2026-05-01T14:59:22","date_gmt":"2026-05-01T12:59:22","guid":{"rendered":"https:\/\/www.ladiagonale.net\/?p=38013"},"modified":"2026-05-01T14:59:23","modified_gmt":"2026-05-01T12:59:23","slug":"camara-on-croit-toujours-que-lon-peut-remonter","status":"publish","type":"post","link":"https:\/\/www.ladiagonale.net\/index.php\/2026\/05\/01\/camara-on-croit-toujours-que-lon-peut-remonter\/","title":{"rendered":"Camara : \u00ab&nbsp;On croit toujours que l\u2019on peut remonter&nbsp;\u00bb"},"content":{"rendered":"\n<p>L\u2019AS Monaco est bien mal embarqu\u00e9e dans cette fin de saison et ses chances de retrouver la Ligue des champions la saison prochaine sont faibles. Alors que le pr\u00e9sident Dmitry Rybolovlev <a href=\"https:\/\/www.ladiagonale.net\/index.php\/2026\/04\/30\/rybolovlev-a-convoque-une-reunion-durgence\/\" target=\"_blank\" rel=\"noreferrer noopener\">a convoqu\u00e9 une r\u00e9union en urgence<\/a> pour faire passer un message au groupe, Lamine Camara veut le retranscrire sur le terrain : \u00ab\u00a0<em>On croit toujours que l\u2019on peut remonter au classement. La saison n\u2019est pas encore termin\u00e9e, il reste trois matches. On sait que rien n\u2019est encore jou\u00e9, les prochaines \u00e9ch\u00e9ances vont \u00eatre importantes, on va les prendre au s\u00e9rieux pour gagner et recoller au haut du tableau. Nous avons eu des moments difficiles cette saison, ce n\u2019est pas le moment de l\u00e2cher et d\u2019abandonner.<\/em>\u00a0\u00bb<\/p>\n\n\n\n<p>Pour le champion d\u2019Afrique, la fatigue qui se fait ressentir en cette fin de saison est peut-\u00eatre une des raisons qui explique cette baisse de forme : \u00ab <em>Contre Toulouse, on a bien commenc\u00e9 en jouant \u00e0 un tr\u00e8s haut niveau dans les 30 premi\u00e8res minutes et on a r\u00e9ussi \u00e0 marquer deux fois. Derri\u00e8re, nous avons un peu l\u00e2ch\u00e9 car nous \u00e9tions peut-\u00eatre un peu fatigu\u00e9s. (\u2026) Je pense que la fatigue a un peu jou\u00e9 parce qu\u2019on a beaucoup donn\u00e9 pour remonter dans le haut du classement. On a jou\u00e9 et gagn\u00e9 des matches difficiles comme \u00e0 Lyon, Lens ou Paris sur cette p\u00e9riode. C\u2019est la fin de saison, \u00e7a peut compter mais tout le monde doit \u00eatre concentr\u00e9 et concern\u00e9 pour r\u00e9ussir le carton plein.\u00a0<\/em>\u00bb<\/p>\n\n\n\n<p>Ce samedi, Monaco se d\u00e9place \u00e0 Metz, l\u2019occasion pour Camara de retourner sur la pelouse qui l\u2019a vu faire ses d\u00e9buts en France. Mais ce sera une rencontre contre un mal class\u00e9, et l\u2019ASM a du mal face \u00e0 ce genre d\u2019\u00e9quipes : \u00ab\u00a0<em>C\u2019est difficile de jouer des \u00e9quipes qui se battent pour leur maintien car ils laissent moins d\u2019espaces, au contraire des formations de haut de tableau comme Marseille ou Paris, o\u00f9 le match est plut\u00f4t ouvert. On sait qu\u2019\u00e0 Metz, ce sera une rencontre ferm\u00e9e. Ce sera donc \u00e0 nous de travailler, bien respecter les consignes du coach et tout donner.<\/em>\u00a0\u00bb<\/p>\n\n\n\n<p>Le S\u00e9n\u00e9galais pense que les coups de pied arr\u00eat\u00e9s peuvent \u00eatre une arme dans ce contexte : \u00ab\u00a0<em>C\u2019est vrai que j\u2019ai cet atout et qu\u2019il est parfois difficile de marquer dans le jeu dans ce type de match. Je dois amener mon savoir-faire dans ce domaine.<\/em>\u00a0\u00bb Comme la frappe de loin, gr\u00e2ce \u00e0 laquelle il a marqu\u00e9 un superbe but contre Toulouse : \u00ab\u00a0<em>Je l\u2019ai beaucoup travaill\u00e9e \u00e0 l\u2019entra\u00eenement car je sais que j\u2019ai des qualit\u00e9s pour marquer. Certains de mes co\u00e9quipiers comme Paul (Pogba) me r\u00e9p\u00e8tent souvent que j\u2019ai une belle frappe et que je pouvais aider l\u2019\u00e9quipe de cette mani\u00e8re. (\u2026) Je ne marque pas souvent mais quand c\u2019est le cas, ce sont des beaux buts. Je sais que je peux marquer \u00e0 tout moment.<\/em>\u00a0\u00bb<\/p>\n\n\n","protected":false},"excerpt":{"rendered":"<p>L\u2019AS Monaco est bien mal embarqu\u00e9e dans cette fin de saison et ses chances de retrouver la Ligue des champions la saison prochaine sont faibles. Alors que le pr\u00e9sident Dmitry Rybolovlev a convoqu\u00e9 une r\u00e9union en urgence pour faire passer un message au groupe, Lamine Camara veut le retranscrire sur le terrain : \u00ab\u00a0On croit [&#8230;]\n","protected":false},"author":2,"featured_media":0,"comment_status":"open","ping_status":"open","sticky":false,"template":"","format":"standard","meta":[],"categories":[6,1000],"tags":[86,894,94,794],"yoast_head":"<!-- This site is optimized with the Yoast SEO plugin v19.8 - https:\/\/yoast.com\/wordpress\/plugins\/seo\/ -->\n<title>Camara : \u00ab&nbsp;On croit toujours que l\u2019on peut remonter&nbsp;\u00bb - La Diagonale<\/title>\n<meta name=\"robots\" content=\"index, follow, max-snippet:-1, max-image-preview:large, max-video-preview:-1\" \/>\n<link rel=\"canonical\" href=\"https:\/\/www.ladiagonale.net\/index.php\/2026\/05\/01\/camara-on-croit-toujours-que-lon-peut-remonter\/\" \/>\n<meta property=\"og:locale\" content=\"fr_FR\" \/>\n<meta property=\"og:type\" content=\"article\" \/>\n<meta property=\"og:title\" content=\"Camara : \u00ab&nbsp;On croit toujours que l\u2019on peut remonter&nbsp;\u00bb - La Diagonale\" \/>\n<meta property=\"og:description\" content=\"L\u2019AS Monaco est bien mal embarqu\u00e9e dans cette fin de saison et ses chances de retrouver la Ligue des champions la saison prochaine sont faibles. Alors que le pr\u00e9sident Dmitry Rybolovlev a convoqu\u00e9 une r\u00e9union en urgence pour faire passer un message au groupe, Lamine Camara veut le retranscrire sur le terrain : \u00ab\u00a0On croit [...]\" \/>\n<meta property=\"og:url\" content=\"https:\/\/www.ladiagonale.net\/index.php\/2026\/05\/01\/camara-on-croit-toujours-que-lon-peut-remonter\/\" \/>\n<meta property=\"og:site_name\" content=\"La Diagonale\" \/>\n<meta property=\"article:published_time\" content=\"2026-05-01T12:59:22+00:00\" \/>\n<meta property=\"article:modified_time\" content=\"2026-05-01T12:59:23+00:00\" \/>\n<meta property=\"og:image\" content=\"https:\/\/www.ladiagonale.net\/wp-content\/uploads\/2025\/12\/Camara-OM.png\" \/>\n\t<meta property=\"og:image:width\" content=\"1160\" \/>\n\t<meta property=\"og:image:height\" content=\"650\" \/>\n\t<meta property=\"og:image:type\" content=\"image\/png\" \/>\n<meta name=\"author\" content=\"Damien Dellerba\" \/>\n<meta name=\"twitter:card\" content=\"summary_large_image\" \/>\n<meta name=\"twitter:image\" content=\"https:\/\/www.ladiagonale.net\/wp-content\/uploads\/2025\/12\/Camara-OM.png\" \/>\n<meta name=\"twitter:label1\" content=\"\u00c9crit par\" \/>\n\t<meta name=\"twitter:data1\" content=\"Damien Dellerba\" \/>\n\t<meta name=\"twitter:label2\" content=\"Dur\u00e9e de lecture estim\u00e9e\" \/>\n\t<meta name=\"twitter:data2\" content=\"3 minutes\" \/>\n<script type=\"application\/ld+json\" class=\"yoast-schema-graph\">{\"@context\":\"https:\/\/schema.org\",\"@graph\":[{\"@type\":\"WebPage\",\"@id\":\"https:\/\/www.ladiagonale.net\/index.php\/2026\/05\/01\/camara-on-croit-toujours-que-lon-peut-remonter\/\",\"url\":\"https:\/\/www.ladiagonale.net\/index.php\/2026\/05\/01\/camara-on-croit-toujours-que-lon-peut-remonter\/\",\"name\":\"Camara : \u00ab&nbsp;On croit toujours que l\u2019on peut remonter&nbsp;\u00bb - La Diagonale\",\"isPartOf\":{\"@id\":\"https:\/\/www.ladiagonale.net\/#website\"},\"datePublished\":\"2026-05-01T12:59:22+00:00\",\"dateModified\":\"2026-05-01T12:59:23+00:00\",\"author\":{\"@id\":\"https:\/\/www.ladiagonale.net\/#\/schema\/person\/79ff1e7b0853ed01b2aa26e64ad300bf\"},\"breadcrumb\":{\"@id\":\"https:\/\/www.ladiagonale.net\/index.php\/2026\/05\/01\/camara-on-croit-toujours-que-lon-peut-remonter\/#breadcrumb\"},\"inLanguage\":\"fr-FR\",\"potentialAction\":[{\"@type\":\"ReadAction\",\"target\":[\"https:\/\/www.ladiagonale.net\/index.php\/2026\/05\/01\/camara-on-croit-toujours-que-lon-peut-remonter\/\"]}]},{\"@type\":\"BreadcrumbList\",\"@id\":\"https:\/\/www.ladiagonale.net\/index.php\/2026\/05\/01\/camara-on-croit-toujours-que-lon-peut-remonter\/#breadcrumb\",\"itemListElement\":[{\"@type\":\"ListItem\",\"position\":1,\"name\":\"Accueil\",\"item\":\"https:\/\/www.ladiagonale.net\/\"},{\"@type\":\"ListItem\",\"position\":2,\"name\":\"Camara : \u00ab&nbsp;On croit toujours que l\u2019on peut remonter&nbsp;\u00bb\"}]},{\"@type\":\"WebSite\",\"@id\":\"https:\/\/www.ladiagonale.net\/#website\",\"url\":\"https:\/\/www.ladiagonale.net\/\",\"name\":\"La Diagonale\",\"description\":\"Le site des supporters de l&#039;AS Monaco FC\",\"potentialAction\":[{\"@type\":\"SearchAction\",\"target\":{\"@type\":\"EntryPoint\",\"urlTemplate\":\"https:\/\/www.ladiagonale.net\/?s={search_term_string}\"},\"query-input\":\"required name=search_term_string\"}],\"inLanguage\":\"fr-FR\"},{\"@type\":\"Person\",\"@id\":\"https:\/\/www.ladiagonale.net\/#\/schema\/person\/79ff1e7b0853ed01b2aa26e64ad300bf\",\"name\":\"Damien Dellerba\",\"image\":{\"@type\":\"ImageObject\",\"inLanguage\":\"fr-FR\",\"@id\":\"https:\/\/www.ladiagonale.net\/#\/schema\/person\/image\/\",\"url\":\"https:\/\/secure.gravatar.com\/avatar\/c7850e06d3ff63cdbaee88b7fc16e2f0?s=96&d=mm&r=g\",\"contentUrl\":\"https:\/\/secure.gravatar.com\/avatar\/c7850e06d3ff63cdbaee88b7fc16e2f0?s=96&d=mm&r=g\",\"caption\":\"Damien Dellerba\"},\"url\":\"https:\/\/www.ladiagonale.net\/index.php\/author\/damien\/\"}]}<\/script>\n<!-- \/ Yoast SEO plugin. -->","yoast_head_json":{"title":"Camara : \u00ab&nbsp;On croit toujours que l\u2019on peut remonter&nbsp;\u00bb - La Diagonale","robots":{"index":"index","follow":"follow","max-snippet":"max-snippet:-1","max-image-preview":"max-image-preview:large","max-video-preview":"max-video-preview:-1"},"canonical":"https:\/\/www.ladiagonale.net\/index.php\/2026\/05\/01\/camara-on-croit-toujours-que-lon-peut-remonter\/","og_locale":"fr_FR","og_type":"article","og_title":"Camara : \u00ab&nbsp;On croit toujours que l\u2019on peut remonter&nbsp;\u00bb - La Diagonale","og_description":"L\u2019AS Monaco est bien mal embarqu\u00e9e dans cette fin de saison et ses chances de retrouver la Ligue des champions la saison prochaine sont faibles. Alors que le pr\u00e9sident Dmitry Rybolovlev a convoqu\u00e9 une r\u00e9union en urgence pour faire passer un message au groupe, Lamine Camara veut le retranscrire sur le terrain : \u00ab\u00a0On croit [...]","og_url":"https:\/\/www.ladiagonale.net\/index.php\/2026\/05\/01\/camara-on-croit-toujours-que-lon-peut-remonter\/","og_site_name":"La Diagonale","article_published_time":"2026-05-01T12:59:22+00:00","article_modified_time":"2026-05-01T12:59:23+00:00","og_image":[{"width":1160,"height":650,"url":"https:\/\/www.ladiagonale.net\/wp-content\/uploads\/2025\/12\/Camara-OM.png","type":"image\/png"}],"author":"Damien Dellerba","twitter_card":"summary_large_image","twitter_image":"https:\/\/www.ladiagonale.net\/wp-content\/uploads\/2025\/12\/Camara-OM.png","twitter_misc":{"\u00c9crit par":"Damien Dellerba","Dur\u00e9e de lecture estim\u00e9e":"3 minutes"},"schema":{"@context":"https:\/\/schema.org","@graph":[{"@type":"WebPage","@id":"https:\/\/www.ladiagonale.net\/index.php\/2026\/05\/01\/camara-on-croit-toujours-que-lon-peut-remonter\/","url":"https:\/\/www.ladiagonale.net\/index.php\/2026\/05\/01\/camara-on-croit-toujours-que-lon-peut-remonter\/","name":"Camara : \u00ab&nbsp;On croit toujours que l\u2019on peut remonter&nbsp;\u00bb - La Diagonale","isPartOf":{"@id":"https:\/\/www.ladiagonale.net\/#website"},"datePublished":"2026-05-01T12:59:22+00:00","dateModified":"2026-05-01T12:59:23+00:00","author":{"@id":"https:\/\/www.ladiagonale.net\/#\/schema\/person\/79ff1e7b0853ed01b2aa26e64ad300bf"},"breadcrumb":{"@id":"https:\/\/www.ladiagonale.net\/index.php\/2026\/05\/01\/camara-on-croit-toujours-que-lon-peut-remonter\/#breadcrumb"},"inLanguage":"fr-FR","potentialAction":[{"@type":"ReadAction","target":["https:\/\/www.ladiagonale.net\/index.php\/2026\/05\/01\/camara-on-croit-toujours-que-lon-peut-remonter\/"]}]},{"@type":"BreadcrumbList","@id":"https:\/\/www.ladiagonale.net\/index.php\/2026\/05\/01\/camara-on-croit-toujours-que-lon-peut-remonter\/#breadcrumb","itemListElement":[{"@type":"ListItem","position":1,"name":"Accueil","item":"https:\/\/www.ladiagonale.net\/"},{"@type":"ListItem","position":2,"name":"Camara : \u00ab&nbsp;On croit toujours que l\u2019on peut remonter&nbsp;\u00bb"}]},{"@type":"WebSite","@id":"https:\/\/www.ladiagonale.net\/#website","url":"https:\/\/www.ladiagonale.net\/","name":"La Diagonale","description":"Le site des supporters de l&#039;AS Monaco FC","potentialAction":[{"@type":"SearchAction","target":{"@type":"EntryPoint","urlTemplate":"https:\/\/www.ladiagonale.net\/?s={search_term_string}"},"query-input":"required name=search_term_string"}],"inLanguage":"fr-FR"},{"@type":"Person","@id":"https:\/\/www.ladiagonale.net\/#\/schema\/person\/79ff1e7b0853ed01b2aa26e64ad300bf","name":"Damien Dellerba","image":{"@type":"ImageObject","inLanguage":"fr-FR","@id":"https:\/\/www.ladiagonale.net\/#\/schema\/person\/image\/","url":"https:\/\/secure.gravatar.com\/avatar\/c7850e06d3ff63cdbaee88b7fc16e2f0?s=96&d=mm&r=g","contentUrl":"https:\/\/secure.gravatar.com\/avatar\/c7850e06d3ff63cdbaee88b7fc16e2f0?s=96&d=mm&r=g","caption":"Damien Dellerba"},"url":"https:\/\/www.ladiagonale.net\/index.php\/author\/damien\/"}]}},"_links":{"self":[{"href":"https:\/\/www.ladiagonale.net\/index.php\/wp-json\/wp\/v2\/posts\/38013"}],"collection":[{"href":"https:\/\/www.ladiagonale.net\/index.php\/wp-json\/wp\/v2\/posts"}],"about":[{"href":"https:\/\/www.ladiagonale.net\/index.php\/wp-json\/wp\/v2\/types\/post"}],"author":[{"embeddable":true,"href":"https:\/\/www.ladiagonale.net\/index.php\/wp-json\/wp\/v2\/users\/2"}],"replies":[{"embeddable":true,"href":"https:\/\/www.ladiagonale.net\/index.php\/wp-json\/wp\/v2\/comments?post=38013"}],"version-history":[{"count":1,"href":"https:\/\/www.ladiagonale.net\/index.php\/wp-json\/wp\/v2\/posts\/38013\/revisions"}],"predecessor-version":[{"id":38014,"href":"https:\/\/www.ladiagonale.net\/index.php\/wp-json\/wp\/v2\/posts\/38013\/revisions\/38014"}],"wp:attachment":[{"href":"https:\/\/www.ladiagonale.net\/index.php\/wp-json\/wp\/v2\/media?parent=38013"}],"wp:term":[{"taxonomy":"category","embeddable":true,"href":"https:\/\/www.ladiagonale.net\/index.php\/wp-json\/wp\/v2\/categories?post=38013"},{"taxonomy":"post_tag","embeddable":true,"href":"https:\/\/www.ladiagonale.net\/index.php\/wp-json\/wp\/v2\/tags?post=38013"}],"curies":[{"name":"wp","href":"https:\/\/api.w.org\/{rel}","templated":true}]}}