{"id":38015,"date":"2026-05-01T15:29:31","date_gmt":"2026-05-01T13:29:31","guid":{"rendered":"https:\/\/www.ladiagonale.net\/?p=38015"},"modified":"2026-05-01T15:29:32","modified_gmt":"2026-05-01T13:29:32","slug":"pas-de-monegasques-aux-trophees-unfp-de-la-saison","status":"publish","type":"post","link":"https:\/\/www.ladiagonale.net\/index.php\/2026\/05\/01\/pas-de-monegasques-aux-trophees-unfp-de-la-saison\/","title":{"rendered":"Pas de Mon\u00e9gasques aux Troph\u00e9es UNFP de la saison"},"content":{"rendered":"\n<p>Contrairement aux <em>Global Soccer Awards<\/em>, les Troph\u00e9es UNFP ne proposent pas de prix pour le <em>come-back<\/em> de l\u2019ann\u00e9e, ce qui aurait pu faire <a href=\"https:\/\/www.ladiagonale.net\/index.php\/2025\/12\/29\/un-trophee-pour-pogba\/\" target=\"_blank\" rel=\"noreferrer noopener\">une nouvelle r\u00e9compense pour Paul Pogba<\/a> cette ann\u00e9e. Et pour un Mon\u00e9gasque en g\u00e9n\u00e9ral, puisque les listes des joueurs nomm\u00e9s dans les diff\u00e9rentes cat\u00e9gories, r\u00e9v\u00e9l\u00e9es jeudi, n\u2019en comportent aucun.\u00a0<\/p>\n\n\n\n<p>Quatre cat\u00e9gories pouvaient potentiellement concerner les Rouge et Blanc : le troph\u00e9e du meilleur joueur de Ligue 1, celui du meilleur gardien, du meilleur entra\u00eeneur ainsi que celui du meilleur espoir. L\u2019an dernier, Maghnes Akliouche, Eliesse Ben Seghir et Adi H\u00fctter avaient \u00e9t\u00e9 nomm\u00e9s dans diff\u00e9rentes cat\u00e9gories.<\/p>\n\n\n\n<p>Le premier avait \u00e9t\u00e9 d\u00e9sign\u00e9 dans le cat\u00e9gorie du plus beau but de Ligue 1, dont on ne conna\u00eet pas encore la liste. Avec le onze type de la saison, c\u2019est l\u2019une des maigres r\u00e9compenses encore envisageables pour des Mon\u00e9gasques qui ont de toute fa\u00e7on \u00e9t\u00e9 trop irr\u00e9guliers pour esp\u00e9rer mieux.<\/p>\n\n\n","protected":false},"excerpt":{"rendered":"<p>Contrairement aux Global Soccer Awards, les Troph\u00e9es UNFP ne proposent pas de prix pour le come-back de l\u2019ann\u00e9e, ce qui aurait pu faire une nouvelle r\u00e9compense pour Paul Pogba cette ann\u00e9e. Et pour un Mon\u00e9gasque en g\u00e9n\u00e9ral, puisque les listes des joueurs nomm\u00e9s dans les diff\u00e9rentes cat\u00e9gories, r\u00e9v\u00e9l\u00e9es jeudi, n\u2019en comportent aucun.\u00a0 Quatre cat\u00e9gories pouvaient [&#8230;]\n","protected":false},"author":2,"featured_media":0,"comment_status":"open","ping_status":"open","sticky":false,"template":"","format":"standard","meta":[],"categories":[6,1000],"tags":[86,94,535],"yoast_head":"<!-- This site is optimized with the Yoast SEO plugin v19.8 - https:\/\/yoast.com\/wordpress\/plugins\/seo\/ -->\n<title>Pas de Mon\u00e9gasques aux Troph\u00e9es UNFP de la saison - La Diagonale<\/title>\n<meta name=\"robots\" content=\"index, follow, max-snippet:-1, max-image-preview:large, max-video-preview:-1\" \/>\n<link rel=\"canonical\" href=\"https:\/\/www.ladiagonale.net\/index.php\/2026\/05\/01\/pas-de-monegasques-aux-trophees-unfp-de-la-saison\/\" \/>\n<meta property=\"og:locale\" content=\"fr_FR\" \/>\n<meta property=\"og:type\" content=\"article\" \/>\n<meta property=\"og:title\" content=\"Pas de Mon\u00e9gasques aux Troph\u00e9es UNFP de la saison - La Diagonale\" \/>\n<meta property=\"og:description\" content=\"Contrairement aux Global Soccer Awards, les Troph\u00e9es UNFP ne proposent pas de prix pour le come-back de l\u2019ann\u00e9e, ce qui aurait pu faire une nouvelle r\u00e9compense pour Paul Pogba cette ann\u00e9e. Et pour un Mon\u00e9gasque en g\u00e9n\u00e9ral, puisque les listes des joueurs nomm\u00e9s dans les diff\u00e9rentes cat\u00e9gories, r\u00e9v\u00e9l\u00e9es jeudi, n\u2019en comportent aucun.\u00a0 Quatre cat\u00e9gories pouvaient [...]\" \/>\n<meta property=\"og:url\" content=\"https:\/\/www.ladiagonale.net\/index.php\/2026\/05\/01\/pas-de-monegasques-aux-trophees-unfp-de-la-saison\/\" \/>\n<meta property=\"og:site_name\" content=\"La Diagonale\" \/>\n<meta property=\"article:published_time\" content=\"2026-05-01T13:29:31+00:00\" \/>\n<meta property=\"article:modified_time\" content=\"2026-05-01T13:29:32+00:00\" \/>\n<meta property=\"og:image\" content=\"https:\/\/www.ladiagonale.net\/wp-content\/uploads\/2025\/11\/Akliouche-PFC.png\" \/>\n\t<meta property=\"og:image:width\" content=\"1160\" \/>\n\t<meta property=\"og:image:height\" content=\"650\" \/>\n\t<meta property=\"og:image:type\" content=\"image\/png\" \/>\n<meta name=\"author\" content=\"Damien Dellerba\" \/>\n<meta name=\"twitter:card\" content=\"summary_large_image\" \/>\n<meta name=\"twitter:image\" content=\"https:\/\/www.ladiagonale.net\/wp-content\/uploads\/2025\/11\/Akliouche-PFC.png\" \/>\n<meta name=\"twitter:label1\" content=\"\u00c9crit par\" \/>\n\t<meta name=\"twitter:data1\" content=\"Damien Dellerba\" \/>\n\t<meta name=\"twitter:label2\" content=\"Dur\u00e9e de lecture estim\u00e9e\" \/>\n\t<meta name=\"twitter:data2\" content=\"1 minute\" \/>\n<script type=\"application\/ld+json\" class=\"yoast-schema-graph\">{\"@context\":\"https:\/\/schema.org\",\"@graph\":[{\"@type\":\"WebPage\",\"@id\":\"https:\/\/www.ladiagonale.net\/index.php\/2026\/05\/01\/pas-de-monegasques-aux-trophees-unfp-de-la-saison\/\",\"url\":\"https:\/\/www.ladiagonale.net\/index.php\/2026\/05\/01\/pas-de-monegasques-aux-trophees-unfp-de-la-saison\/\",\"name\":\"Pas de Mon\u00e9gasques aux Troph\u00e9es UNFP de la saison - La Diagonale\",\"isPartOf\":{\"@id\":\"https:\/\/www.ladiagonale.net\/#website\"},\"datePublished\":\"2026-05-01T13:29:31+00:00\",\"dateModified\":\"2026-05-01T13:29:32+00:00\",\"author\":{\"@id\":\"https:\/\/www.ladiagonale.net\/#\/schema\/person\/79ff1e7b0853ed01b2aa26e64ad300bf\"},\"breadcrumb\":{\"@id\":\"https:\/\/www.ladiagonale.net\/index.php\/2026\/05\/01\/pas-de-monegasques-aux-trophees-unfp-de-la-saison\/#breadcrumb\"},\"inLanguage\":\"fr-FR\",\"potentialAction\":[{\"@type\":\"ReadAction\",\"target\":[\"https:\/\/www.ladiagonale.net\/index.php\/2026\/05\/01\/pas-de-monegasques-aux-trophees-unfp-de-la-saison\/\"]}]},{\"@type\":\"BreadcrumbList\",\"@id\":\"https:\/\/www.ladiagonale.net\/index.php\/2026\/05\/01\/pas-de-monegasques-aux-trophees-unfp-de-la-saison\/#breadcrumb\",\"itemListElement\":[{\"@type\":\"ListItem\",\"position\":1,\"name\":\"Accueil\",\"item\":\"https:\/\/www.ladiagonale.net\/\"},{\"@type\":\"ListItem\",\"position\":2,\"name\":\"Pas de Mon\u00e9gasques aux Troph\u00e9es UNFP de la saison\"}]},{\"@type\":\"WebSite\",\"@id\":\"https:\/\/www.ladiagonale.net\/#website\",\"url\":\"https:\/\/www.ladiagonale.net\/\",\"name\":\"La Diagonale\",\"description\":\"Le site des supporters de l&#039;AS Monaco FC\",\"potentialAction\":[{\"@type\":\"SearchAction\",\"target\":{\"@type\":\"EntryPoint\",\"urlTemplate\":\"https:\/\/www.ladiagonale.net\/?s={search_term_string}\"},\"query-input\":\"required name=search_term_string\"}],\"inLanguage\":\"fr-FR\"},{\"@type\":\"Person\",\"@id\":\"https:\/\/www.ladiagonale.net\/#\/schema\/person\/79ff1e7b0853ed01b2aa26e64ad300bf\",\"name\":\"Damien Dellerba\",\"image\":{\"@type\":\"ImageObject\",\"inLanguage\":\"fr-FR\",\"@id\":\"https:\/\/www.ladiagonale.net\/#\/schema\/person\/image\/\",\"url\":\"https:\/\/secure.gravatar.com\/avatar\/c7850e06d3ff63cdbaee88b7fc16e2f0?s=96&d=mm&r=g\",\"contentUrl\":\"https:\/\/secure.gravatar.com\/avatar\/c7850e06d3ff63cdbaee88b7fc16e2f0?s=96&d=mm&r=g\",\"caption\":\"Damien Dellerba\"},\"url\":\"https:\/\/www.ladiagonale.net\/index.php\/author\/damien\/\"}]}<\/script>\n<!-- \/ Yoast SEO plugin. -->","yoast_head_json":{"title":"Pas de Mon\u00e9gasques aux Troph\u00e9es UNFP de la saison - La Diagonale","robots":{"index":"index","follow":"follow","max-snippet":"max-snippet:-1","max-image-preview":"max-image-preview:large","max-video-preview":"max-video-preview:-1"},"canonical":"https:\/\/www.ladiagonale.net\/index.php\/2026\/05\/01\/pas-de-monegasques-aux-trophees-unfp-de-la-saison\/","og_locale":"fr_FR","og_type":"article","og_title":"Pas de Mon\u00e9gasques aux Troph\u00e9es UNFP de la saison - La Diagonale","og_description":"Contrairement aux Global Soccer Awards, les Troph\u00e9es UNFP ne proposent pas de prix pour le come-back de l\u2019ann\u00e9e, ce qui aurait pu faire une nouvelle r\u00e9compense pour Paul Pogba cette ann\u00e9e. Et pour un Mon\u00e9gasque en g\u00e9n\u00e9ral, puisque les listes des joueurs nomm\u00e9s dans les diff\u00e9rentes cat\u00e9gories, r\u00e9v\u00e9l\u00e9es jeudi, n\u2019en comportent aucun.\u00a0 Quatre cat\u00e9gories pouvaient [...]","og_url":"https:\/\/www.ladiagonale.net\/index.php\/2026\/05\/01\/pas-de-monegasques-aux-trophees-unfp-de-la-saison\/","og_site_name":"La Diagonale","article_published_time":"2026-05-01T13:29:31+00:00","article_modified_time":"2026-05-01T13:29:32+00:00","og_image":[{"width":1160,"height":650,"url":"https:\/\/www.ladiagonale.net\/wp-content\/uploads\/2025\/11\/Akliouche-PFC.png","type":"image\/png"}],"author":"Damien Dellerba","twitter_card":"summary_large_image","twitter_image":"https:\/\/www.ladiagonale.net\/wp-content\/uploads\/2025\/11\/Akliouche-PFC.png","twitter_misc":{"\u00c9crit par":"Damien Dellerba","Dur\u00e9e de lecture estim\u00e9e":"1 minute"},"schema":{"@context":"https:\/\/schema.org","@graph":[{"@type":"WebPage","@id":"https:\/\/www.ladiagonale.net\/index.php\/2026\/05\/01\/pas-de-monegasques-aux-trophees-unfp-de-la-saison\/","url":"https:\/\/www.ladiagonale.net\/index.php\/2026\/05\/01\/pas-de-monegasques-aux-trophees-unfp-de-la-saison\/","name":"Pas de Mon\u00e9gasques aux Troph\u00e9es UNFP de la saison - La Diagonale","isPartOf":{"@id":"https:\/\/www.ladiagonale.net\/#website"},"datePublished":"2026-05-01T13:29:31+00:00","dateModified":"2026-05-01T13:29:32+00:00","author":{"@id":"https:\/\/www.ladiagonale.net\/#\/schema\/person\/79ff1e7b0853ed01b2aa26e64ad300bf"},"breadcrumb":{"@id":"https:\/\/www.ladiagonale.net\/index.php\/2026\/05\/01\/pas-de-monegasques-aux-trophees-unfp-de-la-saison\/#breadcrumb"},"inLanguage":"fr-FR","potentialAction":[{"@type":"ReadAction","target":["https:\/\/www.ladiagonale.net\/index.php\/2026\/05\/01\/pas-de-monegasques-aux-trophees-unfp-de-la-saison\/"]}]},{"@type":"BreadcrumbList","@id":"https:\/\/www.ladiagonale.net\/index.php\/2026\/05\/01\/pas-de-monegasques-aux-trophees-unfp-de-la-saison\/#breadcrumb","itemListElement":[{"@type":"ListItem","position":1,"name":"Accueil","item":"https:\/\/www.ladiagonale.net\/"},{"@type":"ListItem","position":2,"name":"Pas de Mon\u00e9gasques aux Troph\u00e9es UNFP de la saison"}]},{"@type":"WebSite","@id":"https:\/\/www.ladiagonale.net\/#website","url":"https:\/\/www.ladiagonale.net\/","name":"La Diagonale","description":"Le site des supporters de l&#039;AS Monaco FC","potentialAction":[{"@type":"SearchAction","target":{"@type":"EntryPoint","urlTemplate":"https:\/\/www.ladiagonale.net\/?s={search_term_string}"},"query-input":"required name=search_term_string"}],"inLanguage":"fr-FR"},{"@type":"Person","@id":"https:\/\/www.ladiagonale.net\/#\/schema\/person\/79ff1e7b0853ed01b2aa26e64ad300bf","name":"Damien Dellerba","image":{"@type":"ImageObject","inLanguage":"fr-FR","@id":"https:\/\/www.ladiagonale.net\/#\/schema\/person\/image\/","url":"https:\/\/secure.gravatar.com\/avatar\/c7850e06d3ff63cdbaee88b7fc16e2f0?s=96&d=mm&r=g","contentUrl":"https:\/\/secure.gravatar.com\/avatar\/c7850e06d3ff63cdbaee88b7fc16e2f0?s=96&d=mm&r=g","caption":"Damien Dellerba"},"url":"https:\/\/www.ladiagonale.net\/index.php\/author\/damien\/"}]}},"_links":{"self":[{"href":"https:\/\/www.ladiagonale.net\/index.php\/wp-json\/wp\/v2\/posts\/38015"}],"collection":[{"href":"https:\/\/www.ladiagonale.net\/index.php\/wp-json\/wp\/v2\/posts"}],"about":[{"href":"https:\/\/www.ladiagonale.net\/index.php\/wp-json\/wp\/v2\/types\/post"}],"author":[{"embeddable":true,"href":"https:\/\/www.ladiagonale.net\/index.php\/wp-json\/wp\/v2\/users\/2"}],"replies":[{"embeddable":true,"href":"https:\/\/www.ladiagonale.net\/index.php\/wp-json\/wp\/v2\/comments?post=38015"}],"version-history":[{"count":1,"href":"https:\/\/www.ladiagonale.net\/index.php\/wp-json\/wp\/v2\/posts\/38015\/revisions"}],"predecessor-version":[{"id":38016,"href":"https:\/\/www.ladiagonale.net\/index.php\/wp-json\/wp\/v2\/posts\/38015\/revisions\/38016"}],"wp:attachment":[{"href":"https:\/\/www.ladiagonale.net\/index.php\/wp-json\/wp\/v2\/media?parent=38015"}],"wp:term":[{"taxonomy":"category","embeddable":true,"href":"https:\/\/www.ladiagonale.net\/index.php\/wp-json\/wp\/v2\/categories?post=38015"},{"taxonomy":"post_tag","embeddable":true,"href":"https:\/\/www.ladiagonale.net\/index.php\/wp-json\/wp\/v2\/tags?post=38015"}],"curies":[{"name":"wp","href":"https:\/\/api.w.org\/{rel}","templated":true}]}}